{"id":38849,"date":"2023-03-09T18:58:29","date_gmt":"2023-03-09T18:58:29","guid":{"rendered":"https:\/\/www.africa-press.net\/cameroun\/politique\/derniere-minute-bruno-bidjang-encore-convoque-au-sed-ce-jour"},"modified":"2023-03-09T19:22:46","modified_gmt":"2023-03-09T19:22:46","slug":"derniere-minute-bruno-bidjang-encore-convoque-au-sed-ce-jour","status":"publish","type":"post","link":"https:\/\/www.africa-press.net\/cameroun\/toutes-les-actualites\/derniere-minute-bruno-bidjang-encore-convoque-au-sed-ce-jour","title":{"rendered":"Derni\u00e8re minute : Bruno Bidjang encore convoqu\u00e9 au SED ce jour"},"content":{"rendered":"<p><span style=\"color: #ff6600\"><strong>Africa-Press &#8211; Cameroun. <\/strong><\/span>Bruno Bidjang a de nouveau re\u0301apparu sur les radars du Secre\u0301tariat d&rsquo;Etat a\u0300 la De\u0301fense toujours dans le cadre des enque\u0302tes sur la disparition macabre de Martinez Zogo. En effet, Boris Bertolt indique que le journaliste libe\u0301re\u0301 il y a quelques jours e\u0301tait de nouveau pre\u0301sent en compagnie des gendarmes du SED ce jour.<\/p>\n<p>Ce jeudi en question, une perquisition devrait avoir lieu dans l&rsquo;immeuble Ekang a-t-on appris depuis quelques jours. Les enque\u0302teurs continuent de re\u0301unir les indices ne\u0301cessaires a\u0300 la inculpation de\u0301finitive des suspects de l&rsquo;assassinat de Journaliste en janvier dernier.<\/p>\n<p>Pour ce faire, la commission mixte police gendarmerie a perquisitionne\u0301 l&rsquo;ISSAM, l&rsquo;institut fonde\u0301 par Jean-Pierre Amougou Belinga, patron du groupe l&rsquo;Anecdote. Une seconde perquisition devrait avoir lieu mais les enque\u0302teurs y ont renonce\u0301 finalement a-t-on appris.<\/p>\n<p>\u00ab Pour ce qui est de la perquisition, apre\u0300s ISSAM, les gendarmes devaient se rendre au groupe l\u2019Anecdote mais ont annule\u0301 a\u0300 la dernie\u0300re minute sans expliquer les raisons et sont retourne\u0301s au SED. Elle s\u2019est de\u0301roule\u0301e e\u0301galement en pre\u0301sence de Bruno Bidjang \u00bb indique Boris Bertolt.<\/p>\n<p>\u00abAffaire Martinez Zogo : probable requalification des faits contre Amougou Belinga et coaccuse\u0301s \u00bb<\/p>\n<p>Les avis continuent d&rsquo;e\u0302tre donne\u0301s dans le cadre du verdict donne\u0301 par le Commissaire du gouvernement au tribunal militaire dans le cadre de l&rsquo;assassinat de Martinez Zogo. Le motif de la de\u0301tention provisoire des accuse\u0301s restent flous jusqu&rsquo;a\u0300 pre\u0301sent pour les uns et les autres. La complicite\u0301 de torture par aide reste \u00ab\u00a0le\u0301ger\u00a0\u00bb pour des avis.<\/p>\n<p>C&rsquo;est le cas du journal Kalara qui indique que plusieurs auraient souhaite\u0301 que le commissaire du gouvernement choisisse l\u2019infraction d\u2019assassinat, qui traduit mieux, selon eux, le caracte\u0300re horrible des se\u0301vices qu\u2019aurait subi l\u2019animateur vedette d\u2019Amplitude FM avant sa mort, en tout cas tel que le laissent croire les images de sa de\u0301pouille mortuaire lorsqu\u2019elle a e\u0301te\u0301 retrouve\u0301e.<\/p>\n<p>Plus loin, le journal cite Me Assira Engoute\u0301 avocat et enseignant d\u2019universite\u0301 qui donne d&rsquo;amples informations sur les motifs pour lesquels les accuse\u0301s ont e\u0301te\u0301 inculpe\u0301s.<\/p>\n<p>\u00ab la torture telle qu\u2019elle a e\u0301te\u0301 pre\u0301vue, aboutit a\u0300 une qualification induisant le fait que la mort n\u2019e\u0301tait pas volontaire&#8230; Moi, je pense que la mort e\u0301tait voulue, depuis le de\u0301but. Il n\u2019y a qu\u2019a\u0300 voir d\u2019abord le nombre des personnes qui ont e\u0301te\u0301 mobilise\u0301es pour cela. Quand on veut faire peur a\u0300 quelqu\u2019un, on utilise souvent des moyens a\u0300 distance, des messages ou des menaces&#8230; Mais, en l\u2019occurrence, mobiliser autant de personnes et les tortures qu\u2019on lui a fait subir sont des tortures le\u0301tales, qui devrait conduire a\u0300 la mort&#8230; Par ailleurs, quand on a tue\u0301 sans l\u2019avoir voulu, en ge\u0301ne\u0301ral on s\u2019empresse de cacher le corps. Or, la\u0300, on a voulu exposer le corps pour dire que voici ce qu\u2019on voulait. On l\u2019assume. Je ne suis donc pas su\u0302r que la mort ait e\u0301te\u0301 accidentelle.<\/p>\n<p>La deuxie\u0300me chose pour laquelle je ne suis pas d\u2019accord avec les qualifications, c\u2019est pour la complicite\u0301. Je conside\u0300re que la complicite\u0301 est une infraction qui aurait pu e\u0302tre libelle\u0301e de fac\u0327on plus large, en parlant comme toujours de complicite\u0301 tout court. Mais la\u0300, on a tellement cisele\u0301 l\u2019infraction. On l\u2019a libelle\u0301e pour ne retenir que la complicite\u0301 par aide. Et c\u0327a m\u2019ennuie un peu parce que la complicite\u0301 est souvent plus large que c\u0327a. C\u0327a peut e\u0302tre la complicite\u0301 par instruction ou par don&#8230; J\u2019ai donc l\u2019impression que c\u2019est une fac\u0327on d\u2019e\u0301liminer toute recherche autour, c\u2019est-a\u0300-dire qu\u2019en dehors des personnes qu\u2019on a limitativement retenues dans la proce\u0301dure, il ne faut pas aller chercher au-dela\u0300, parce que les autres personnes n\u2019ont pas donne\u0301 d\u2019aide, alors que dans la coulisse, elles ont du\u0302 donner des instructions, ou autre chose. \u00bb indique l&rsquo;avocat.<\/p>\n<p>Assisterons nous a\u0300 une requalification des faits contre les pre\u0301venus ?<\/p>\n<p><strong>Pour plus d&rsquo;informations et d&rsquo;analyses sur la <a href=\"https:\/\/www.africa-press.net\/cameroun\">Cameroun<\/a>, suivez <a href=\"https:\/\/www.africa-press.net\/\">Africa-Press<\/a><\/strong><\/p>\n","protected":false},"excerpt":{"rendered":"<p>Africa-Press &#8211; Cameroun. Bruno Bidjang a de nouveau re\u0301apparu sur les radars du Secre\u0301tariat d&rsquo;Etat a\u0300 la De\u0301fense toujours dans le cadre des enque\u0302tes sur la disparition macabre de Martinez Zogo. En effet, Boris Bertolt indique que le journaliste libe\u0301re\u0301 il y a quelques jours e\u0301tait de nouveau pre\u0301sent en compagnie des gendarmes du SED [&hellip;]<\/p>\n","protected":false},"author":82,"featured_media":38847,"comment_status":"open","ping_status":"closed","sticky":false,"template":"","format":"standard","meta":{"footnotes":""},"categories":[21,10],"tags":[36,50,49],"class_list":["post-38849","post","type-post","status-publish","format-standard","has-post-thumbnail","hentry","category-communaute","category-toutes-les-actualites","tag-africa-press","tag-africa-press-cameroun","tag-cameroun"],"yoast_head":"<!-- This site is optimized with the Yoast SEO Premium plugin v26.1 (Yoast SEO v27.0) - https:\/\/yoast.com\/product\/yoast-seo-premium-wordpress\/ -->\n<title>Derni\u00e8re minute : Bruno Bidjang encore convoqu\u00e9 au SED ce jour - Cameroun<\/title>\n<meta name=\"description\" content=\"Bruno Bidjang a de nouveau re\u0301apparu sur les radars du Secre\u0301tariat d&#039;Etat a\u0300 la De\u0301fense toujours dans le cadre des enq ...\" \/>\n<meta name=\"robots\" content=\"index, follow, max-snippet:-1, max-image-preview:large, max-video-preview:-1\" \/>\n<link rel=\"canonical\" href=\"https:\/\/www.africa-press.net\/cameroun\/toutes-les-actualites\/derniere-minute-bruno-bidjang-encore-convoque-au-sed-ce-jour\" \/>\n<meta property=\"og:locale\" content=\"fr_FR\" \/>\n<meta property=\"og:type\" content=\"article\" \/>\n<meta property=\"og:title\" content=\"Derni\u00e8re minute : Bruno Bidjang encore convoqu\u00e9 au SED ce jour\" \/>\n<meta property=\"og:description\" content=\"Bruno Bidjang a de nouveau re\u0301apparu sur les radars du Secre\u0301tariat d&#039;Etat a\u0300 la De\u0301fense toujours dans le cadre des enq ...\" \/>\n<meta property=\"og:url\" content=\"https:\/\/www.africa-press.net\/cameroun\/toutes-les-actualites\/derniere-minute-bruno-bidjang-encore-convoque-au-sed-ce-jour\" \/>\n<meta property=\"og:site_name\" content=\"Cameroun\" \/>\n<meta property=\"article:published_time\" content=\"2023-03-09T18:58:29+00:00\" \/>\n<meta property=\"article:modified_time\" content=\"2023-03-09T19:22:46+00:00\" \/>\n<meta property=\"og:image\" content=\"https:\/\/static.africa-press.net\/cameroun\/sites\/57\/2023\/03\/postQueueImg_1678375714.07.jpg\" \/>\n\t<meta property=\"og:image:width\" content=\"720\" \/>\n\t<meta property=\"og:image:height\" content=\"396\" \/>\n\t<meta property=\"og:image:type\" content=\"image\/jpeg\" \/>\n<meta name=\"author\" content=\"cfeditorfr\" \/>\n<meta name=\"twitter:card\" content=\"summary_large_image\" \/>\n<meta name=\"twitter:label1\" content=\"\u00c9crit par\" \/>\n\t<meta name=\"twitter:data1\" content=\"cfeditorfr\" \/>\n\t<meta name=\"twitter:label2\" content=\"Dur\u00e9e de lecture estim\u00e9e\" \/>\n\t<meta name=\"twitter:data2\" content=\"4 minutes\" \/>\n<script type=\"application\/ld+json\" class=\"yoast-schema-graph\">{\"@context\":\"https:\/\/schema.org\",\"@graph\":[{\"@type\":\"Article\",\"@id\":\"https:\/\/www.africa-press.net\/cameroun\/toutes-les-actualites\/derniere-minute-bruno-bidjang-encore-convoque-au-sed-ce-jour#article\",\"isPartOf\":{\"@id\":\"https:\/\/www.africa-press.net\/cameroun\/toutes-les-actualites\/derniere-minute-bruno-bidjang-encore-convoque-au-sed-ce-jour\"},\"author\":{\"name\":\"cfeditorfr\",\"@id\":\"https:\/\/www.africa-press.net\/cameroun\/#\/schema\/person\/2b1cf3cd81a31e3cd26889ca66d677f1\"},\"headline\":\"Derni\u00e8re minute : Bruno Bidjang encore convoqu\u00e9 au SED ce jour\",\"datePublished\":\"2023-03-09T18:58:29+00:00\",\"dateModified\":\"2023-03-09T19:22:46+00:00\",\"mainEntityOfPage\":{\"@id\":\"https:\/\/www.africa-press.net\/cameroun\/toutes-les-actualites\/derniere-minute-bruno-bidjang-encore-convoque-au-sed-ce-jour\"},\"wordCount\":745,\"commentCount\":0,\"image\":{\"@id\":\"https:\/\/www.africa-press.net\/cameroun\/toutes-les-actualites\/derniere-minute-bruno-bidjang-encore-convoque-au-sed-ce-jour#primaryimage\"},\"thumbnailUrl\":\"https:\/\/static.africa-press.net\/cameroun\/sites\/57\/2023\/03\/postQueueImg_1678375714.07.jpg\",\"keywords\":[\"Africa Press\",\"Africa Press-Cameroun\",\"Cameroun\"],\"articleSection\":[\"Communaut\u00e9\",\"Toutes les actualit\u00e9s\"],\"inLanguage\":\"fr-FR\",\"potentialAction\":[{\"@type\":\"CommentAction\",\"name\":\"Comment\",\"target\":[\"https:\/\/www.africa-press.net\/cameroun\/toutes-les-actualites\/derniere-minute-bruno-bidjang-encore-convoque-au-sed-ce-jour#respond\"]}]},{\"@type\":\"WebPage\",\"@id\":\"https:\/\/www.africa-press.net\/cameroun\/toutes-les-actualites\/derniere-minute-bruno-bidjang-encore-convoque-au-sed-ce-jour\",\"url\":\"https:\/\/www.africa-press.net\/cameroun\/toutes-les-actualites\/derniere-minute-bruno-bidjang-encore-convoque-au-sed-ce-jour\",\"name\":\"Derni\u00e8re minute : Bruno Bidjang encore convoqu\u00e9 au SED ce jour - Cameroun\",\"isPartOf\":{\"@id\":\"https:\/\/www.africa-press.net\/cameroun\/#website\"},\"primaryImageOfPage\":{\"@id\":\"https:\/\/www.africa-press.net\/cameroun\/toutes-les-actualites\/derniere-minute-bruno-bidjang-encore-convoque-au-sed-ce-jour#primaryimage\"},\"image\":{\"@id\":\"https:\/\/www.africa-press.net\/cameroun\/toutes-les-actualites\/derniere-minute-bruno-bidjang-encore-convoque-au-sed-ce-jour#primaryimage\"},\"thumbnailUrl\":\"https:\/\/static.africa-press.net\/cameroun\/sites\/57\/2023\/03\/postQueueImg_1678375714.07.jpg\",\"datePublished\":\"2023-03-09T18:58:29+00:00\",\"dateModified\":\"2023-03-09T19:22:46+00:00\",\"author\":{\"@id\":\"https:\/\/www.africa-press.net\/cameroun\/#\/schema\/person\/2b1cf3cd81a31e3cd26889ca66d677f1\"},\"description\":\"Bruno Bidjang a de nouveau re\u0301apparu sur les radars du Secre\u0301tariat d'Etat a\u0300 la De\u0301fense toujours dans le cadre des enq ...\",\"breadcrumb\":{\"@id\":\"https:\/\/www.africa-press.net\/cameroun\/toutes-les-actualites\/derniere-minute-bruno-bidjang-encore-convoque-au-sed-ce-jour#breadcrumb\"},\"inLanguage\":\"fr-FR\",\"potentialAction\":[{\"@type\":\"ReadAction\",\"target\":[\"https:\/\/www.africa-press.net\/cameroun\/toutes-les-actualites\/derniere-minute-bruno-bidjang-encore-convoque-au-sed-ce-jour\"]}]},{\"@type\":\"ImageObject\",\"inLanguage\":\"fr-FR\",\"@id\":\"https:\/\/www.africa-press.net\/cameroun\/toutes-les-actualites\/derniere-minute-bruno-bidjang-encore-convoque-au-sed-ce-jour#primaryimage\",\"url\":\"https:\/\/static.africa-press.net\/cameroun\/sites\/57\/2023\/03\/postQueueImg_1678375714.07.jpg\",\"contentUrl\":\"https:\/\/static.africa-press.net\/cameroun\/sites\/57\/2023\/03\/postQueueImg_1678375714.07.jpg\",\"width\":720,\"height\":396,\"caption\":\"Derni\u00e8re minute : Bruno Bidjang encore convoqu\u00e9 au SED ce jour\"},{\"@type\":\"BreadcrumbList\",\"@id\":\"https:\/\/www.africa-press.net\/cameroun\/toutes-les-actualites\/derniere-minute-bruno-bidjang-encore-convoque-au-sed-ce-jour#breadcrumb\",\"itemListElement\":[{\"@type\":\"ListItem\",\"position\":1,\"name\":\"Accueil\",\"item\":\"https:\/\/www.africa-press.net\/cameroun\/\"},{\"@type\":\"ListItem\",\"position\":2,\"name\":\"Derni\u00e8re minute : Bruno Bidjang encore convoqu\u00e9 au SED ce jour\"}]},{\"@type\":\"WebSite\",\"@id\":\"https:\/\/www.africa-press.net\/cameroun\/#website\",\"url\":\"https:\/\/www.africa-press.net\/cameroun\/\",\"name\":\"Cameroun\",\"description\":\"Just another Africa News Agency Sites site\",\"potentialAction\":[{\"@type\":\"SearchAction\",\"target\":{\"@type\":\"EntryPoint\",\"urlTemplate\":\"https:\/\/www.africa-press.net\/cameroun\/?s={search_term_string}\"},\"query-input\":{\"@type\":\"PropertyValueSpecification\",\"valueRequired\":true,\"valueName\":\"search_term_string\"}}],\"inLanguage\":\"fr-FR\"},{\"@type\":\"Person\",\"@id\":\"https:\/\/www.africa-press.net\/cameroun\/#\/schema\/person\/2b1cf3cd81a31e3cd26889ca66d677f1\",\"name\":\"cfeditorfr\"}]}<\/script>\n<!-- \/ Yoast SEO Premium plugin. -->","yoast_head_json":{"title":"Derni\u00e8re minute : Bruno Bidjang encore convoqu\u00e9 au SED ce jour - Cameroun","description":"Bruno Bidjang a de nouveau re\u0301apparu sur les radars du Secre\u0301tariat d'Etat a\u0300 la De\u0301fense toujours dans le cadre des enq ...","robots":{"index":"index","follow":"follow","max-snippet":"max-snippet:-1","max-image-preview":"max-image-preview:large","max-video-preview":"max-video-preview:-1"},"canonical":"https:\/\/www.africa-press.net\/cameroun\/toutes-les-actualites\/derniere-minute-bruno-bidjang-encore-convoque-au-sed-ce-jour","og_locale":"fr_FR","og_type":"article","og_title":"Derni\u00e8re minute : Bruno Bidjang encore convoqu\u00e9 au SED ce jour","og_description":"Bruno Bidjang a de nouveau re\u0301apparu sur les radars du Secre\u0301tariat d'Etat a\u0300 la De\u0301fense toujours dans le cadre des enq ...","og_url":"https:\/\/www.africa-press.net\/cameroun\/toutes-les-actualites\/derniere-minute-bruno-bidjang-encore-convoque-au-sed-ce-jour","og_site_name":"Cameroun","article_published_time":"2023-03-09T18:58:29+00:00","article_modified_time":"2023-03-09T19:22:46+00:00","og_image":[{"width":720,"height":396,"url":"https:\/\/static.africa-press.net\/cameroun\/sites\/57\/2023\/03\/postQueueImg_1678375714.07.jpg","type":"image\/jpeg"}],"author":"cfeditorfr","twitter_card":"summary_large_image","twitter_misc":{"\u00c9crit par":"cfeditorfr","Dur\u00e9e de lecture estim\u00e9e":"4 minutes"},"schema":{"@context":"https:\/\/schema.org","@graph":[{"@type":"Article","@id":"https:\/\/www.africa-press.net\/cameroun\/toutes-les-actualites\/derniere-minute-bruno-bidjang-encore-convoque-au-sed-ce-jour#article","isPartOf":{"@id":"https:\/\/www.africa-press.net\/cameroun\/toutes-les-actualites\/derniere-minute-bruno-bidjang-encore-convoque-au-sed-ce-jour"},"author":{"name":"cfeditorfr","@id":"https:\/\/www.africa-press.net\/cameroun\/#\/schema\/person\/2b1cf3cd81a31e3cd26889ca66d677f1"},"headline":"Derni\u00e8re minute : Bruno Bidjang encore convoqu\u00e9 au SED ce jour","datePublished":"2023-03-09T18:58:29+00:00","dateModified":"2023-03-09T19:22:46+00:00","mainEntityOfPage":{"@id":"https:\/\/www.africa-press.net\/cameroun\/toutes-les-actualites\/derniere-minute-bruno-bidjang-encore-convoque-au-sed-ce-jour"},"wordCount":745,"commentCount":0,"image":{"@id":"https:\/\/www.africa-press.net\/cameroun\/toutes-les-actualites\/derniere-minute-bruno-bidjang-encore-convoque-au-sed-ce-jour#primaryimage"},"thumbnailUrl":"https:\/\/static.africa-press.net\/cameroun\/sites\/57\/2023\/03\/postQueueImg_1678375714.07.jpg","keywords":["Africa Press","Africa Press-Cameroun","Cameroun"],"articleSection":["Communaut\u00e9","Toutes les actualit\u00e9s"],"inLanguage":"fr-FR","potentialAction":[{"@type":"CommentAction","name":"Comment","target":["https:\/\/www.africa-press.net\/cameroun\/toutes-les-actualites\/derniere-minute-bruno-bidjang-encore-convoque-au-sed-ce-jour#respond"]}]},{"@type":"WebPage","@id":"https:\/\/www.africa-press.net\/cameroun\/toutes-les-actualites\/derniere-minute-bruno-bidjang-encore-convoque-au-sed-ce-jour","url":"https:\/\/www.africa-press.net\/cameroun\/toutes-les-actualites\/derniere-minute-bruno-bidjang-encore-convoque-au-sed-ce-jour","name":"Derni\u00e8re minute : Bruno Bidjang encore convoqu\u00e9 au SED ce jour - Cameroun","isPartOf":{"@id":"https:\/\/www.africa-press.net\/cameroun\/#website"},"primaryImageOfPage":{"@id":"https:\/\/www.africa-press.net\/cameroun\/toutes-les-actualites\/derniere-minute-bruno-bidjang-encore-convoque-au-sed-ce-jour#primaryimage"},"image":{"@id":"https:\/\/www.africa-press.net\/cameroun\/toutes-les-actualites\/derniere-minute-bruno-bidjang-encore-convoque-au-sed-ce-jour#primaryimage"},"thumbnailUrl":"https:\/\/static.africa-press.net\/cameroun\/sites\/57\/2023\/03\/postQueueImg_1678375714.07.jpg","datePublished":"2023-03-09T18:58:29+00:00","dateModified":"2023-03-09T19:22:46+00:00","author":{"@id":"https:\/\/www.africa-press.net\/cameroun\/#\/schema\/person\/2b1cf3cd81a31e3cd26889ca66d677f1"},"description":"Bruno Bidjang a de nouveau re\u0301apparu sur les radars du Secre\u0301tariat d'Etat a\u0300 la De\u0301fense toujours dans le cadre des enq ...","breadcrumb":{"@id":"https:\/\/www.africa-press.net\/cameroun\/toutes-les-actualites\/derniere-minute-bruno-bidjang-encore-convoque-au-sed-ce-jour#breadcrumb"},"inLanguage":"fr-FR","potentialAction":[{"@type":"ReadAction","target":["https:\/\/www.africa-press.net\/cameroun\/toutes-les-actualites\/derniere-minute-bruno-bidjang-encore-convoque-au-sed-ce-jour"]}]},{"@type":"ImageObject","inLanguage":"fr-FR","@id":"https:\/\/www.africa-press.net\/cameroun\/toutes-les-actualites\/derniere-minute-bruno-bidjang-encore-convoque-au-sed-ce-jour#primaryimage","url":"https:\/\/static.africa-press.net\/cameroun\/sites\/57\/2023\/03\/postQueueImg_1678375714.07.jpg","contentUrl":"https:\/\/static.africa-press.net\/cameroun\/sites\/57\/2023\/03\/postQueueImg_1678375714.07.jpg","width":720,"height":396,"caption":"Derni\u00e8re minute : Bruno Bidjang encore convoqu\u00e9 au SED ce jour"},{"@type":"BreadcrumbList","@id":"https:\/\/www.africa-press.net\/cameroun\/toutes-les-actualites\/derniere-minute-bruno-bidjang-encore-convoque-au-sed-ce-jour#breadcrumb","itemListElement":[{"@type":"ListItem","position":1,"name":"Accueil","item":"https:\/\/www.africa-press.net\/cameroun\/"},{"@type":"ListItem","position":2,"name":"Derni\u00e8re minute : Bruno Bidjang encore convoqu\u00e9 au SED ce jour"}]},{"@type":"WebSite","@id":"https:\/\/www.africa-press.net\/cameroun\/#website","url":"https:\/\/www.africa-press.net\/cameroun\/","name":"Cameroun","description":"Just another Africa News Agency Sites site","potentialAction":[{"@type":"SearchAction","target":{"@type":"EntryPoint","urlTemplate":"https:\/\/www.africa-press.net\/cameroun\/?s={search_term_string}"},"query-input":{"@type":"PropertyValueSpecification","valueRequired":true,"valueName":"search_term_string"}}],"inLanguage":"fr-FR"},{"@type":"Person","@id":"https:\/\/www.africa-press.net\/cameroun\/#\/schema\/person\/2b1cf3cd81a31e3cd26889ca66d677f1","name":"cfeditorfr"}]}},"_links":{"self":[{"href":"https:\/\/www.africa-press.net\/cameroun\/wp-json\/wp\/v2\/posts\/38849","targetHints":{"allow":["GET"]}}],"collection":[{"href":"https:\/\/www.africa-press.net\/cameroun\/wp-json\/wp\/v2\/posts"}],"about":[{"href":"https:\/\/www.africa-press.net\/cameroun\/wp-json\/wp\/v2\/types\/post"}],"author":[{"embeddable":true,"href":"https:\/\/www.africa-press.net\/cameroun\/wp-json\/wp\/v2\/users\/82"}],"replies":[{"embeddable":true,"href":"https:\/\/www.africa-press.net\/cameroun\/wp-json\/wp\/v2\/comments?post=38849"}],"version-history":[{"count":0,"href":"https:\/\/www.africa-press.net\/cameroun\/wp-json\/wp\/v2\/posts\/38849\/revisions"}],"wp:featuredmedia":[{"embeddable":true,"href":"https:\/\/www.africa-press.net\/cameroun\/wp-json\/wp\/v2\/media\/38847"}],"wp:attachment":[{"href":"https:\/\/www.africa-press.net\/cameroun\/wp-json\/wp\/v2\/media?parent=38849"}],"wp:term":[{"taxonomy":"category","embeddable":true,"href":"https:\/\/www.africa-press.net\/cameroun\/wp-json\/wp\/v2\/categories?post=38849"},{"taxonomy":"post_tag","embeddable":true,"href":"https:\/\/www.africa-press.net\/cameroun\/wp-json\/wp\/v2\/tags?post=38849"}],"curies":[{"name":"wp","href":"https:\/\/api.w.org\/{rel}","templated":true}]}}