{"id":38855,"date":"2023-03-09T18:58:57","date_gmt":"2023-03-09T18:58:57","guid":{"rendered":"https:\/\/www.africa-press.net\/cameroun\/politique\/cameroun-512-jeunes-a-former-dans-le-domaine-de-lagro-industrie"},"modified":"2023-03-09T19:23:55","modified_gmt":"2023-03-09T19:23:55","slug":"cameroun-512-jeunes-a-former-dans-le-domaine-de-lagro-industrie","status":"publish","type":"post","link":"https:\/\/www.africa-press.net\/cameroun\/economie\/cameroun-512-jeunes-a-former-dans-le-domaine-de-lagro-industrie","title":{"rendered":"Cameroun\u00a0: 512 jeunes \u00e0 former dans le domaine de l\u2019agro-industrie"},"content":{"rendered":"<p><span style=\"color: #ff6600\"><strong>Africa-Press &#8211; Cameroun. <\/strong><\/span>La formation est pre\u0301vue pour un an d\u2019incubation, de mai 2023 a\u0300 mai 2024.<\/p>\n<p>L\u2019IITA va incuber 512 Agripreneurs a\u0300 travers le programme Enable youth Cameroun.<\/p>\n<p>Les pre\u0301tendants a\u0300 cette formation doivent justifier d\u2019une \u00ab expe\u0301rience professionnelle ave\u0301re\u0301e dans le secteur agropastoral et agroalimentaire, notamment en agri-buisines \u00bb. Aussi, e\u0302tre a\u0302ge\u0301s de 18 a\u0300 35 ans. Une quinzaine de centres d\u2019incubation ont e\u0301te\u0301 retenus dans les re\u0301gions du Centre, de l\u2019Est, du Littoral et du Sud. Il s\u2019agit par exemple de l\u2019Institut agricole d\u2019Obala, de l\u2019E\u0301cole technique d\u2019agriculture d\u2019Abong-Mbang, de l\u2019E\u0301cole technique d\u2019agriculture de Dibombari ou encore du Colle\u0300ge re\u0301gional d\u2019agriculture d\u2019Ebolowa.<\/p>\n<p>Le processus de recrutement se fera selon plusieurs e\u0301tapes. La re\u0301ception des candidatures se fera du le 1er au 24 mars 2023, le test entrepreneurial dont le lien sera envoye\u0301 aux candidats qui auront transmis leur dossier conforme\u0301ment a\u0300 l\u2019appel d\u2019offres se fera du 25 au 31 mars 2023. Les entrevues orales sont pre\u0301vues du 1er au 14 avril 2023, tandis que la communication des re\u0301sultats et les conditions de l\u2019incubation sont pre\u0301vues du 17 au 24 avril 2023.<\/p>\n<p>Entre le 25 et le 30 avril 2023, les candidats seront fixe\u0301s sur la confirmation d\u2019inte\u0301re\u0302t et du 1er au 07 mai 2023, le programme pre\u0301voit l\u2019affectation des candidats aux centres d\u2019incubation. Le de\u0301but de l\u2019incubation qui va durer 1 an, est lui pre\u0301vu le 15 mai 2023 dans les centres d\u2019Incubation des Jeunes Agro-industriels (Yabic).<\/p>\n<p>Enable Youth Cameroon est un programme d\u2019incubateur mis en \u0153uvre par Iita Youth Agripreneurs et Pdcva. Il vise a\u0300 soutenir la cre\u0301ation des emplois de\u0301cents et des opportunite\u0301s d\u2019affaires pour les jeunes aspirants entrepreneurs, tout au long des chai\u0302nes de valeurs agricoles au Cameroun.<\/p>\n<p><strong>Pour plus d&rsquo;informations et d&rsquo;analyses sur la <a href=\"https:\/\/www.africa-press.net\/cameroun\">Cameroun<\/a>, suivez <a href=\"https:\/\/www.africa-press.net\/\">Africa-Press<\/a><\/strong><\/p>\n","protected":false},"excerpt":{"rendered":"<p>Africa-Press &#8211; Cameroun. La formation est pre\u0301vue pour un an d\u2019incubation, de mai 2023 a\u0300 mai 2024. L\u2019IITA va incuber 512 Agripreneurs a\u0300 travers le programme Enable youth Cameroun. Les pre\u0301tendants a\u0300 cette formation doivent justifier d\u2019une \u00ab expe\u0301rience professionnelle ave\u0301re\u0301e dans le secteur agropastoral et agroalimentaire, notamment en agri-buisines \u00bb. Aussi, e\u0302tre a\u0302ge\u0301s de [&hellip;]<\/p>\n","protected":false},"author":82,"featured_media":38853,"comment_status":"open","ping_status":"closed","sticky":false,"template":"","format":"standard","meta":{"footnotes":""},"categories":[3,10],"tags":[36,50,49],"class_list":["post-38855","post","type-post","status-publish","format-standard","has-post-thumbnail","hentry","category-economie","category-toutes-les-actualites","tag-africa-press","tag-africa-press-cameroun","tag-cameroun"],"yoast_head":"<!-- This site is optimized with the Yoast SEO Premium plugin v26.1 (Yoast SEO v27.0) - https:\/\/yoast.com\/product\/yoast-seo-premium-wordpress\/ -->\n<title>Cameroun\u00a0: 512 jeunes \u00e0 former dans le domaine de l\u2019agro-industrie - Cameroun<\/title>\n<meta name=\"description\" content=\"La formation est pre\u0301vue pour un an d\u2019incubation, de mai 2023 a\u0300 mai 2024. L\u2019IITA va incuber 512 Agripreneurs a\u0300 traver ...\" \/>\n<meta name=\"robots\" content=\"index, follow, max-snippet:-1, max-image-preview:large, max-video-preview:-1\" \/>\n<link rel=\"canonical\" href=\"https:\/\/www.africa-press.net\/cameroun\/economie\/cameroun-512-jeunes-a-former-dans-le-domaine-de-lagro-industrie\" \/>\n<meta property=\"og:locale\" content=\"fr_FR\" \/>\n<meta property=\"og:type\" content=\"article\" \/>\n<meta property=\"og:title\" content=\"Cameroun\u00a0: 512 jeunes \u00e0 former dans le domaine de l\u2019agro-industrie\" \/>\n<meta property=\"og:description\" content=\"La formation est pre\u0301vue pour un an d\u2019incubation, de mai 2023 a\u0300 mai 2024. L\u2019IITA va incuber 512 Agripreneurs a\u0300 traver ...\" \/>\n<meta property=\"og:url\" content=\"https:\/\/www.africa-press.net\/cameroun\/economie\/cameroun-512-jeunes-a-former-dans-le-domaine-de-lagro-industrie\" \/>\n<meta property=\"og:site_name\" content=\"Cameroun\" \/>\n<meta property=\"article:published_time\" content=\"2023-03-09T18:58:57+00:00\" \/>\n<meta property=\"article:modified_time\" content=\"2023-03-09T19:23:55+00:00\" \/>\n<meta property=\"og:image\" content=\"https:\/\/static.africa-press.net\/cameroun\/sites\/57\/2023\/03\/postQueueImg_1678375739.29.jpg\" \/>\n\t<meta property=\"og:image:width\" content=\"900\" \/>\n\t<meta property=\"og:image:height\" content=\"506\" \/>\n\t<meta property=\"og:image:type\" content=\"image\/jpeg\" \/>\n<meta name=\"author\" content=\"cfeditorfr\" \/>\n<meta name=\"twitter:card\" content=\"summary_large_image\" \/>\n<meta name=\"twitter:label1\" content=\"\u00c9crit par\" \/>\n\t<meta name=\"twitter:data1\" content=\"cfeditorfr\" \/>\n\t<meta name=\"twitter:label2\" content=\"Dur\u00e9e de lecture estim\u00e9e\" \/>\n\t<meta name=\"twitter:data2\" content=\"2 minutes\" \/>\n<script type=\"application\/ld+json\" class=\"yoast-schema-graph\">{\"@context\":\"https:\/\/schema.org\",\"@graph\":[{\"@type\":\"Article\",\"@id\":\"https:\/\/www.africa-press.net\/cameroun\/economie\/cameroun-512-jeunes-a-former-dans-le-domaine-de-lagro-industrie#article\",\"isPartOf\":{\"@id\":\"https:\/\/www.africa-press.net\/cameroun\/economie\/cameroun-512-jeunes-a-former-dans-le-domaine-de-lagro-industrie\"},\"author\":{\"name\":\"cfeditorfr\",\"@id\":\"https:\/\/www.africa-press.net\/cameroun\/#\/schema\/person\/2b1cf3cd81a31e3cd26889ca66d677f1\"},\"headline\":\"Cameroun\u00a0: 512 jeunes \u00e0 former dans le domaine de l\u2019agro-industrie\",\"datePublished\":\"2023-03-09T18:58:57+00:00\",\"dateModified\":\"2023-03-09T19:23:55+00:00\",\"mainEntityOfPage\":{\"@id\":\"https:\/\/www.africa-press.net\/cameroun\/economie\/cameroun-512-jeunes-a-former-dans-le-domaine-de-lagro-industrie\"},\"wordCount\":335,\"commentCount\":0,\"image\":{\"@id\":\"https:\/\/www.africa-press.net\/cameroun\/economie\/cameroun-512-jeunes-a-former-dans-le-domaine-de-lagro-industrie#primaryimage\"},\"thumbnailUrl\":\"https:\/\/static.africa-press.net\/cameroun\/sites\/57\/2023\/03\/postQueueImg_1678375739.29.jpg\",\"keywords\":[\"Africa Press\",\"Africa Press-Cameroun\",\"Cameroun\"],\"articleSection\":[\"\u00c9conomie\",\"Toutes les actualit\u00e9s\"],\"inLanguage\":\"fr-FR\",\"potentialAction\":[{\"@type\":\"CommentAction\",\"name\":\"Comment\",\"target\":[\"https:\/\/www.africa-press.net\/cameroun\/economie\/cameroun-512-jeunes-a-former-dans-le-domaine-de-lagro-industrie#respond\"]}]},{\"@type\":\"WebPage\",\"@id\":\"https:\/\/www.africa-press.net\/cameroun\/economie\/cameroun-512-jeunes-a-former-dans-le-domaine-de-lagro-industrie\",\"url\":\"https:\/\/www.africa-press.net\/cameroun\/economie\/cameroun-512-jeunes-a-former-dans-le-domaine-de-lagro-industrie\",\"name\":\"Cameroun\u00a0: 512 jeunes \u00e0 former dans le domaine de l\u2019agro-industrie - Cameroun\",\"isPartOf\":{\"@id\":\"https:\/\/www.africa-press.net\/cameroun\/#website\"},\"primaryImageOfPage\":{\"@id\":\"https:\/\/www.africa-press.net\/cameroun\/economie\/cameroun-512-jeunes-a-former-dans-le-domaine-de-lagro-industrie#primaryimage\"},\"image\":{\"@id\":\"https:\/\/www.africa-press.net\/cameroun\/economie\/cameroun-512-jeunes-a-former-dans-le-domaine-de-lagro-industrie#primaryimage\"},\"thumbnailUrl\":\"https:\/\/static.africa-press.net\/cameroun\/sites\/57\/2023\/03\/postQueueImg_1678375739.29.jpg\",\"datePublished\":\"2023-03-09T18:58:57+00:00\",\"dateModified\":\"2023-03-09T19:23:55+00:00\",\"author\":{\"@id\":\"https:\/\/www.africa-press.net\/cameroun\/#\/schema\/person\/2b1cf3cd81a31e3cd26889ca66d677f1\"},\"description\":\"La formation est pre\u0301vue pour un an d\u2019incubation, de mai 2023 a\u0300 mai 2024. L\u2019IITA va incuber 512 Agripreneurs a\u0300 traver ...\",\"breadcrumb\":{\"@id\":\"https:\/\/www.africa-press.net\/cameroun\/economie\/cameroun-512-jeunes-a-former-dans-le-domaine-de-lagro-industrie#breadcrumb\"},\"inLanguage\":\"fr-FR\",\"potentialAction\":[{\"@type\":\"ReadAction\",\"target\":[\"https:\/\/www.africa-press.net\/cameroun\/economie\/cameroun-512-jeunes-a-former-dans-le-domaine-de-lagro-industrie\"]}]},{\"@type\":\"ImageObject\",\"inLanguage\":\"fr-FR\",\"@id\":\"https:\/\/www.africa-press.net\/cameroun\/economie\/cameroun-512-jeunes-a-former-dans-le-domaine-de-lagro-industrie#primaryimage\",\"url\":\"https:\/\/static.africa-press.net\/cameroun\/sites\/57\/2023\/03\/postQueueImg_1678375739.29.jpg\",\"contentUrl\":\"https:\/\/static.africa-press.net\/cameroun\/sites\/57\/2023\/03\/postQueueImg_1678375739.29.jpg\",\"width\":900,\"height\":506,\"caption\":\"Cameroun\u00a0: 512 jeunes \u00e0 former dans le domaine de l\u2019agro-industrie\"},{\"@type\":\"BreadcrumbList\",\"@id\":\"https:\/\/www.africa-press.net\/cameroun\/economie\/cameroun-512-jeunes-a-former-dans-le-domaine-de-lagro-industrie#breadcrumb\",\"itemListElement\":[{\"@type\":\"ListItem\",\"position\":1,\"name\":\"Accueil\",\"item\":\"https:\/\/www.africa-press.net\/cameroun\/\"},{\"@type\":\"ListItem\",\"position\":2,\"name\":\"Cameroun\u00a0: 512 jeunes \u00e0 former dans le domaine de l\u2019agro-industrie\"}]},{\"@type\":\"WebSite\",\"@id\":\"https:\/\/www.africa-press.net\/cameroun\/#website\",\"url\":\"https:\/\/www.africa-press.net\/cameroun\/\",\"name\":\"Cameroun\",\"description\":\"Just another Africa News Agency Sites site\",\"potentialAction\":[{\"@type\":\"SearchAction\",\"target\":{\"@type\":\"EntryPoint\",\"urlTemplate\":\"https:\/\/www.africa-press.net\/cameroun\/?s={search_term_string}\"},\"query-input\":{\"@type\":\"PropertyValueSpecification\",\"valueRequired\":true,\"valueName\":\"search_term_string\"}}],\"inLanguage\":\"fr-FR\"},{\"@type\":\"Person\",\"@id\":\"https:\/\/www.africa-press.net\/cameroun\/#\/schema\/person\/2b1cf3cd81a31e3cd26889ca66d677f1\",\"name\":\"cfeditorfr\"}]}<\/script>\n<!-- \/ Yoast SEO Premium plugin. -->","yoast_head_json":{"title":"Cameroun\u00a0: 512 jeunes \u00e0 former dans le domaine de l\u2019agro-industrie - Cameroun","description":"La formation est pre\u0301vue pour un an d\u2019incubation, de mai 2023 a\u0300 mai 2024. L\u2019IITA va incuber 512 Agripreneurs a\u0300 traver ...","robots":{"index":"index","follow":"follow","max-snippet":"max-snippet:-1","max-image-preview":"max-image-preview:large","max-video-preview":"max-video-preview:-1"},"canonical":"https:\/\/www.africa-press.net\/cameroun\/economie\/cameroun-512-jeunes-a-former-dans-le-domaine-de-lagro-industrie","og_locale":"fr_FR","og_type":"article","og_title":"Cameroun\u00a0: 512 jeunes \u00e0 former dans le domaine de l\u2019agro-industrie","og_description":"La formation est pre\u0301vue pour un an d\u2019incubation, de mai 2023 a\u0300 mai 2024. L\u2019IITA va incuber 512 Agripreneurs a\u0300 traver ...","og_url":"https:\/\/www.africa-press.net\/cameroun\/economie\/cameroun-512-jeunes-a-former-dans-le-domaine-de-lagro-industrie","og_site_name":"Cameroun","article_published_time":"2023-03-09T18:58:57+00:00","article_modified_time":"2023-03-09T19:23:55+00:00","og_image":[{"width":900,"height":506,"url":"https:\/\/static.africa-press.net\/cameroun\/sites\/57\/2023\/03\/postQueueImg_1678375739.29.jpg","type":"image\/jpeg"}],"author":"cfeditorfr","twitter_card":"summary_large_image","twitter_misc":{"\u00c9crit par":"cfeditorfr","Dur\u00e9e de lecture estim\u00e9e":"2 minutes"},"schema":{"@context":"https:\/\/schema.org","@graph":[{"@type":"Article","@id":"https:\/\/www.africa-press.net\/cameroun\/economie\/cameroun-512-jeunes-a-former-dans-le-domaine-de-lagro-industrie#article","isPartOf":{"@id":"https:\/\/www.africa-press.net\/cameroun\/economie\/cameroun-512-jeunes-a-former-dans-le-domaine-de-lagro-industrie"},"author":{"name":"cfeditorfr","@id":"https:\/\/www.africa-press.net\/cameroun\/#\/schema\/person\/2b1cf3cd81a31e3cd26889ca66d677f1"},"headline":"Cameroun\u00a0: 512 jeunes \u00e0 former dans le domaine de l\u2019agro-industrie","datePublished":"2023-03-09T18:58:57+00:00","dateModified":"2023-03-09T19:23:55+00:00","mainEntityOfPage":{"@id":"https:\/\/www.africa-press.net\/cameroun\/economie\/cameroun-512-jeunes-a-former-dans-le-domaine-de-lagro-industrie"},"wordCount":335,"commentCount":0,"image":{"@id":"https:\/\/www.africa-press.net\/cameroun\/economie\/cameroun-512-jeunes-a-former-dans-le-domaine-de-lagro-industrie#primaryimage"},"thumbnailUrl":"https:\/\/static.africa-press.net\/cameroun\/sites\/57\/2023\/03\/postQueueImg_1678375739.29.jpg","keywords":["Africa Press","Africa Press-Cameroun","Cameroun"],"articleSection":["\u00c9conomie","Toutes les actualit\u00e9s"],"inLanguage":"fr-FR","potentialAction":[{"@type":"CommentAction","name":"Comment","target":["https:\/\/www.africa-press.net\/cameroun\/economie\/cameroun-512-jeunes-a-former-dans-le-domaine-de-lagro-industrie#respond"]}]},{"@type":"WebPage","@id":"https:\/\/www.africa-press.net\/cameroun\/economie\/cameroun-512-jeunes-a-former-dans-le-domaine-de-lagro-industrie","url":"https:\/\/www.africa-press.net\/cameroun\/economie\/cameroun-512-jeunes-a-former-dans-le-domaine-de-lagro-industrie","name":"Cameroun\u00a0: 512 jeunes \u00e0 former dans le domaine de l\u2019agro-industrie - Cameroun","isPartOf":{"@id":"https:\/\/www.africa-press.net\/cameroun\/#website"},"primaryImageOfPage":{"@id":"https:\/\/www.africa-press.net\/cameroun\/economie\/cameroun-512-jeunes-a-former-dans-le-domaine-de-lagro-industrie#primaryimage"},"image":{"@id":"https:\/\/www.africa-press.net\/cameroun\/economie\/cameroun-512-jeunes-a-former-dans-le-domaine-de-lagro-industrie#primaryimage"},"thumbnailUrl":"https:\/\/static.africa-press.net\/cameroun\/sites\/57\/2023\/03\/postQueueImg_1678375739.29.jpg","datePublished":"2023-03-09T18:58:57+00:00","dateModified":"2023-03-09T19:23:55+00:00","author":{"@id":"https:\/\/www.africa-press.net\/cameroun\/#\/schema\/person\/2b1cf3cd81a31e3cd26889ca66d677f1"},"description":"La formation est pre\u0301vue pour un an d\u2019incubation, de mai 2023 a\u0300 mai 2024. L\u2019IITA va incuber 512 Agripreneurs a\u0300 traver ...","breadcrumb":{"@id":"https:\/\/www.africa-press.net\/cameroun\/economie\/cameroun-512-jeunes-a-former-dans-le-domaine-de-lagro-industrie#breadcrumb"},"inLanguage":"fr-FR","potentialAction":[{"@type":"ReadAction","target":["https:\/\/www.africa-press.net\/cameroun\/economie\/cameroun-512-jeunes-a-former-dans-le-domaine-de-lagro-industrie"]}]},{"@type":"ImageObject","inLanguage":"fr-FR","@id":"https:\/\/www.africa-press.net\/cameroun\/economie\/cameroun-512-jeunes-a-former-dans-le-domaine-de-lagro-industrie#primaryimage","url":"https:\/\/static.africa-press.net\/cameroun\/sites\/57\/2023\/03\/postQueueImg_1678375739.29.jpg","contentUrl":"https:\/\/static.africa-press.net\/cameroun\/sites\/57\/2023\/03\/postQueueImg_1678375739.29.jpg","width":900,"height":506,"caption":"Cameroun\u00a0: 512 jeunes \u00e0 former dans le domaine de l\u2019agro-industrie"},{"@type":"BreadcrumbList","@id":"https:\/\/www.africa-press.net\/cameroun\/economie\/cameroun-512-jeunes-a-former-dans-le-domaine-de-lagro-industrie#breadcrumb","itemListElement":[{"@type":"ListItem","position":1,"name":"Accueil","item":"https:\/\/www.africa-press.net\/cameroun\/"},{"@type":"ListItem","position":2,"name":"Cameroun\u00a0: 512 jeunes \u00e0 former dans le domaine de l\u2019agro-industrie"}]},{"@type":"WebSite","@id":"https:\/\/www.africa-press.net\/cameroun\/#website","url":"https:\/\/www.africa-press.net\/cameroun\/","name":"Cameroun","description":"Just another Africa News Agency Sites site","potentialAction":[{"@type":"SearchAction","target":{"@type":"EntryPoint","urlTemplate":"https:\/\/www.africa-press.net\/cameroun\/?s={search_term_string}"},"query-input":{"@type":"PropertyValueSpecification","valueRequired":true,"valueName":"search_term_string"}}],"inLanguage":"fr-FR"},{"@type":"Person","@id":"https:\/\/www.africa-press.net\/cameroun\/#\/schema\/person\/2b1cf3cd81a31e3cd26889ca66d677f1","name":"cfeditorfr"}]}},"_links":{"self":[{"href":"https:\/\/www.africa-press.net\/cameroun\/wp-json\/wp\/v2\/posts\/38855","targetHints":{"allow":["GET"]}}],"collection":[{"href":"https:\/\/www.africa-press.net\/cameroun\/wp-json\/wp\/v2\/posts"}],"about":[{"href":"https:\/\/www.africa-press.net\/cameroun\/wp-json\/wp\/v2\/types\/post"}],"author":[{"embeddable":true,"href":"https:\/\/www.africa-press.net\/cameroun\/wp-json\/wp\/v2\/users\/82"}],"replies":[{"embeddable":true,"href":"https:\/\/www.africa-press.net\/cameroun\/wp-json\/wp\/v2\/comments?post=38855"}],"version-history":[{"count":0,"href":"https:\/\/www.africa-press.net\/cameroun\/wp-json\/wp\/v2\/posts\/38855\/revisions"}],"wp:featuredmedia":[{"embeddable":true,"href":"https:\/\/www.africa-press.net\/cameroun\/wp-json\/wp\/v2\/media\/38853"}],"wp:attachment":[{"href":"https:\/\/www.africa-press.net\/cameroun\/wp-json\/wp\/v2\/media?parent=38855"}],"wp:term":[{"taxonomy":"category","embeddable":true,"href":"https:\/\/www.africa-press.net\/cameroun\/wp-json\/wp\/v2\/categories?post=38855"},{"taxonomy":"post_tag","embeddable":true,"href":"https:\/\/www.africa-press.net\/cameroun\/wp-json\/wp\/v2\/tags?post=38855"}],"curies":[{"name":"wp","href":"https:\/\/api.w.org\/{rel}","templated":true}]}}