{"id":38867,"date":"2023-03-09T18:59:42","date_gmt":"2023-03-09T18:59:42","guid":{"rendered":"https:\/\/www.africa-press.net\/cameroun\/politique\/electricite-lapplication-des-tarifs-revalorises-divise-eneo-larsel-et-les-transformateurs-de-lacier"},"modified":"2023-03-09T19:27:32","modified_gmt":"2023-03-09T19:27:32","slug":"electricite-lapplication-des-tarifs-revalorises-divise-eneo-larsel-et-les-transformateurs-de-lacier","status":"publish","type":"post","link":"https:\/\/www.africa-press.net\/cameroun\/economie\/electricite-lapplication-des-tarifs-revalorises-divise-eneo-larsel-et-les-transformateurs-de-lacier","title":{"rendered":"\u00c9lectricit\u00e9\u00a0: l\u2019application des tarifs revaloris\u00e9s divise Eneo, l\u2019Arsel et les transformateurs de l\u2019acier"},"content":{"rendered":"<p><span style=\"color: #ff6600\"><strong>Africa-Press &#8211; Cameroun. <\/strong><\/span>Investir au Cameroun) &#8211; Comme ce fut de\u0301ja\u0300 le cas pour les consommations du mois de janvier 2023, l\u2019e\u0301lectricien Eneo a servi il y a quelques jours aux industries de transformation de l\u2019acier, leurs factures d\u2019e\u0301lectricite\u0301 du mois de fe\u0301vrier 2023, avec les tarifs revus a\u0300 la hausse, conforme\u0301ment a\u0300 la de\u0301cision prise par l\u2019Agence de re\u0301gulation du secteur de l\u2019e\u0301lectricite\u0301 (Arsel). Et comme ce fut de\u0301ja\u0300 le cas pour les factures de janvier, les industriels de l\u2019acier pourraient une nouvelle fois payer ces factures de fe\u0301vrier sur la base de l\u2019ancienne tarification, c\u2019est-a\u0300-dire sans tenir compte de l\u2019augmentation des prix.<\/p>\n<p>C\u2019est que, depuis la fuite de la de\u0301cision d\u2019augmentation des tarifs de l\u2019e\u0301lectricite\u0301, prise le 12 de\u0301cembre 2022 par l\u2019Arsel, et applicable a\u0300 compter du 1er janvier 2023, les industries de transformation de l\u2019acier ont fait savoir leur opposition a\u0300 cette mesure. Dans une correspondance adresse\u0301e le 6 janvier 2023 au DG de l\u2019Arsel, l\u2019Organisation camerounaise des industries de transformation de l\u2019acier (Ocita) sollicite d\u2019ailleurs le retrait pur et simple de cette de\u0301cision par le re\u0301gulateur.<\/p>\n<p>Cette opposition des plus grands consommateurs d\u2019e\u0301lectricite\u0301 au Cameroun parvient jusqu\u2019aux oreilles du ministre de l\u2019Eau et de l\u2019E\u0301nergie, Gaston Eloundou Essomba, qui pre\u0301side une re\u0301union de crise sur le sujet le 19 janvier 2023, entre l\u2019Ocita, le producteur d\u2019e\u0301lectricite\u0301 Eneo, la Socie\u0301te\u0301 nationale de transport de l\u2019e\u0301lectricite\u0301 (Sonatrel) et l\u2019Arsel. Selon les termes d\u2019une nouvelle correspondance adresse\u0301e au ministre le 2 mars 2023 par l\u2019Ocita, au cours de la re\u0301union du 19 janvier 2023, le membre du gouvernement a instruit l\u2019ouverture des ne\u0301gociations entre les parties, et le retour vers lui pour la validation des conclusions prises d\u2019un commun accord.<\/p>\n<p>Conforme\u0301ment a\u0300 ces instructions, apprend-on de sources proches du dossier, en date du 20 janvier 2023, une premie\u0300re se\u0301ance de travail a e\u0301te\u0301 organise\u0301e a\u0300 l\u2019Arsel, au terme de laquelle les parties de\u0301cideront d\u2019effectuer ensemble une descente dans les industries de transformation de l\u2019acier a\u0300 Douala, pour mieux cerner les enjeux e\u0301nerge\u0301tiques autour de cette activite\u0301. \u00ab Au terme de cette descente, les options relatives a\u0300 l\u2019optimisation et la performance de la qualite\u0301 de la fourniture e\u0301nerge\u0301tique ont e\u0301te\u0301 e\u0301voque\u0301es, sans aucune validation sur la question des prix, mais en identifiant les investissements a\u0300 re\u0301aliser pour une bonne continuite\u0301 de la fourniture en quantite\u0301 et en qualite\u0301 de l\u2019e\u0301nergie aux industries ; investissements pour lesquels la participation financie\u0300re des industries contre compensation a e\u0301te\u0301 explore\u0301e. Nous avions alors convenu d\u2019avancer sur le prix uniquement apre\u0300s e\u0301valuation du budget des investissements, la viabilite\u0301 e\u0301conomique des prix applique\u0301s, en respectant la contrainte le\u0301gale d\u2019homologation du prix final au consommateur a\u0300 laquelle sont assujetties les industries de notre secteur \u00bb, re\u0301sume l\u2019Ocita dans la lettre adresse\u0301e au ministre Eloundou Essomba.<\/p>\n<p><b>Le quitus de l\u2019Arsel<\/b><\/p>\n<p>Et l\u2019interprofession des producteurs de fer a\u0300 be\u0301ton et autres mate\u0301riaux de construction et agricoles a\u0300 base de fer, de poursuivre : \u00ab alors me\u0302me que les ne\u0301gociations restent pendantes, nous avons e\u0301te\u0301 surpris par l\u2019e\u0301mission par la socie\u0301te\u0301 Eneo, pourtant participante active aux ne\u0301gociations en cours, des factures a\u0300 nos entreprises aux tarifs conteste\u0301s. Nos industries ont alors, en vertu de leur sens de respect des engagements, proce\u0301de\u0301 au re\u0300glement sur la base tarifaire encore en vigueur, pour rester en cohe\u0301rence avec vos instructions&#8230; \u00bb. Mais, avant de re\u0301gler les factures du mois de janvier 2023 au tarif ne tenant pas compte de l\u2019augmentation des prix, l\u2019Ocita a d\u2019abord saisi la socie\u0301te\u0301 Eneo, pour demander le retrait des factures inte\u0301grant la hausse des tarifs.<\/p>\n<p>\u00ab Nous ne saurions retirer les factures de consommation concerne\u0301es, qui vous ont e\u0301te\u0301 servies, pour y appliquer les pre\u0301ce\u0301dents tarifs en lieu et place de ceux applicables depuis le 1er janvier 2023, par de\u0301cision signe\u0301e de l\u2019Agence de re\u0301gulation du secteur de l\u2019e\u0301lectricite\u0301. Nous n\u2019avons dans le secteur de l\u2019e\u0301lectricite\u0301 ni les responsabilite\u0301s sur la fixation des prix ni l\u2019autorite\u0301 d\u2019aller a\u0300 l\u2019encontre d\u2019une de\u0301cision gouvernementale. Nous vous demanderons pour celles-ci de vous rapprocher de l\u2019Arsel, qui dispose de toutes les pre\u0301rogatives a\u0300 cet effet. Toute de\u0301cision qu\u2019elle amendera ou actera nous parviendra par voie officielle pour application \u00bb, re\u0301pond Patrick Eeckelers, le DG d\u2019Eneo, dans une correspondance adresse\u0301e au coordonnateur de l\u2019Ocita le 14 fe\u0301vrier 2023.<\/p>\n<p>Retour de l\u2019Ocita a\u0300 l\u2019Arsel, puis re\u0301ponse du re\u0301gulateur au DG d\u2019Eneo, le 20 fe\u0301vrier 2023. \u00ab Faisant suite a\u0300 plusieurs correspondances des industries de transformation de l\u2019acier, dont l\u2019Arsel a e\u0301te\u0301 mise en copie et dans lesquelles les industries contestent les factures du mois de janvier 2023 e\u0301mises sur la base de la nouvelle grille tarifaire, j\u2019ai l\u2019honneur de vous pre\u0301ciser les points suivants qui avaient e\u0301te\u0301 discute\u0301s lors des diffe\u0301rentes concertations tenues jusqu\u2019ici : la de\u0301cision (&#8230;) du 12 de\u0301cembre 2022 fixant les tarifs de vente hors taxe pour les clients grands comptes (&#8230;), pour la pe\u0301riode 2023-2025, est en vigueur depuis le 1er janvier 2023 ; l\u2019e\u0301mission des factures sur la base de la nouvelle grille tarifaire est conforme a\u0300 la re\u0301glementation en vigueur&#8230; ; de fac\u0327on transitoire, des mesures d\u2019assouplissement dans l\u2019imple\u0301mentation de la nouvelle grille tarifaire (&#8230;) ont e\u0301te\u0301 arre\u0302te\u0301es par l\u2019ensemble des parties prenantes et devront e\u0302tre prises en compte dans la facturation et transcrites dans les diffe\u0301rents contrats&#8230; \u00bb, e\u0301crit Jean Pascal Nkou, le DG de l\u2019Arsel.<\/p>\n<p><b>Hausse des prix du fer a\u0300 be\u0301ton en perspective ?<\/b><\/p>\n<p>Ce dernier demande cependant a\u0300 la socie\u0301te\u0301 Eneo d\u2019assouplir les mesures de recouvrement, et de transmettre au re\u0301gulateur les factures du mois de janvier 2023 adresse\u0301es aux industriels de l\u2019acier, \u00ab pour examen et ve\u0301rification de la conformite\u0301 avec les conclusions des concertations \u00bb. Cette re\u0301ponse du re\u0301gulateur, qui conforte Eneo dans sa position, semble avoir aggrave\u0301 la grogne des industries de transformation de l\u2019acier. \u00ab Nous avons e\u0301te\u0301 surpris de recevoir copie de la lettre de l\u2019Arsel confirmant a\u0300 Eneo cette pratique des prix pourtant conteste\u0301s et inopposables a\u0300 nos industries, en posture violation de vos instructions et de l\u2019esprit de la ne\u0301gociation engage\u0301e sur vos instructions \u00bb, e\u0301ructe l\u2019Ocita dans sa lettre au ministre du 2 mars 2023.<\/p>\n<p>Face a\u0300 ce qu\u2019elle conside\u0300re comme \u00ab une de\u0301marche de\u0301loyale, abusive et dictatoriale (&#8230;), alors me\u0302me que la de\u0301termination des prix aux autres acteurs et corporations, dont les cimentiers, a fait l\u2019objet de concertations pre\u0301alables \u00bb, l\u2019Ocita sollicite un \u00ab ultime arbitrage \u00bb du ministre de l\u2019Eau et de l\u2019E\u0301nergie, en collaboration avec son colle\u0300gue du ministe\u0300re du Commerce, charge\u0301 de la re\u0301gulation des prix aux consommateurs. Ceci afin que, apprend-on, \u00ab la sauvegarde du secteur de l\u2019e\u0301lectricite\u0301 n\u2019impacte pas la survie des entreprises et l\u2019augmentation des prix aux consommateurs \u00bb.<\/p>\n<p>\u00ab Sur la seule anne\u0301e 2023, les industries de transformation de l\u2019acier subissent la hausse des tarifs de l\u2019e\u0301lectricite\u0301, du gasoil et du gaz industriel, a\u0300 cause de l\u2019extension de la taxe spe\u0301ciale sur les produits pe\u0301troliers a\u0300 ce produit. Si le gouvernement ne souhaite faire aucune concession malgre\u0301 nos multiples sollicitations, qu\u2019il consente a\u0300 nous laisser re\u0301percuter nos surcou\u0302ts sur les prix du fer a\u0300 be\u0301ton, qui sont bloque\u0301s depuis plus de 10 ans, alors que les prix sortie-usine ne cessent d\u2019augmenter, a\u0300 cause des cou\u0302ts de production qui s\u2019envolent. C\u2019est la raison pour laquelle nous sollicitons de\u0301sormais l\u2019implication du ministe\u0300re du Commerce dans les concertations \u00bb, pre\u0301cise Patrice Yantho, le coordonnateur de l\u2019Ocita.<\/p>\n<p><b>Brice R. Mbodiam<\/b><\/p>\n<p><strong>Pour plus d&rsquo;informations et d&rsquo;analyses sur la <a href=\"https:\/\/www.africa-press.net\/cameroun\">Cameroun<\/a>, suivez <a href=\"https:\/\/www.africa-press.net\/\">Africa-Press<\/a><\/strong><\/p>\n","protected":false},"excerpt":{"rendered":"<p>Africa-Press &#8211; Cameroun. Investir au Cameroun) &#8211; Comme ce fut de\u0301ja\u0300 le cas pour les consommations du mois de janvier 2023, l\u2019e\u0301lectricien Eneo a servi il y a quelques jours aux industries de transformation de l\u2019acier, leurs factures d\u2019e\u0301lectricite\u0301 du mois de fe\u0301vrier 2023, avec les tarifs revus a\u0300 la hausse, conforme\u0301ment a\u0300 la de\u0301cision [&hellip;]<\/p>\n","protected":false},"author":82,"featured_media":38865,"comment_status":"open","ping_status":"closed","sticky":false,"template":"","format":"standard","meta":{"footnotes":""},"categories":[3,10],"tags":[36,50,49],"class_list":["post-38867","post","type-post","status-publish","format-standard","has-post-thumbnail","hentry","category-economie","category-toutes-les-actualites","tag-africa-press","tag-africa-press-cameroun","tag-cameroun"],"yoast_head":"<!-- This site is optimized with the Yoast SEO Premium plugin v26.1 (Yoast SEO v27.0) - https:\/\/yoast.com\/product\/yoast-seo-premium-wordpress\/ -->\n<title>\u00c9lectricit\u00e9\u00a0: l\u2019application des tarifs revaloris\u00e9s divise Eneo, l\u2019Arsel et les transformateurs de l\u2019acier - Cameroun<\/title>\n<meta name=\"description\" content=\"Investir au Cameroun) - Comme ce fut de\u0301ja\u0300 le cas pour les consommations du mois de janvier 2023, l\u2019e\u0301lectricien Eneo a ...\" \/>\n<meta name=\"robots\" content=\"index, follow, max-snippet:-1, max-image-preview:large, max-video-preview:-1\" \/>\n<link rel=\"canonical\" href=\"https:\/\/www.africa-press.net\/cameroun\/economie\/electricite-lapplication-des-tarifs-revalorises-divise-eneo-larsel-et-les-transformateurs-de-lacier\" \/>\n<meta property=\"og:locale\" content=\"fr_FR\" \/>\n<meta property=\"og:type\" content=\"article\" \/>\n<meta property=\"og:title\" content=\"\u00c9lectricit\u00e9\u00a0: l\u2019application des tarifs revaloris\u00e9s divise Eneo, l\u2019Arsel et les transformateurs de l\u2019acier\" \/>\n<meta property=\"og:description\" content=\"Investir au Cameroun) - Comme ce fut de\u0301ja\u0300 le cas pour les consommations du mois de janvier 2023, l\u2019e\u0301lectricien Eneo a ...\" \/>\n<meta property=\"og:url\" content=\"https:\/\/www.africa-press.net\/cameroun\/economie\/electricite-lapplication-des-tarifs-revalorises-divise-eneo-larsel-et-les-transformateurs-de-lacier\" \/>\n<meta property=\"og:site_name\" content=\"Cameroun\" \/>\n<meta property=\"article:published_time\" content=\"2023-03-09T18:59:42+00:00\" \/>\n<meta property=\"article:modified_time\" content=\"2023-03-09T19:27:32+00:00\" \/>\n<meta property=\"og:image\" content=\"https:\/\/static.africa-press.net\/cameroun\/sites\/57\/2023\/03\/postQueueImg_1678375788.02.jpg\" \/>\n\t<meta property=\"og:image:width\" content=\"720\" \/>\n\t<meta property=\"og:image:height\" content=\"472\" \/>\n\t<meta property=\"og:image:type\" content=\"image\/jpeg\" \/>\n<meta name=\"author\" content=\"cfeditorfr\" \/>\n<meta name=\"twitter:card\" content=\"summary_large_image\" \/>\n<meta name=\"twitter:label1\" content=\"\u00c9crit par\" \/>\n\t<meta name=\"twitter:data1\" content=\"cfeditorfr\" \/>\n\t<meta name=\"twitter:label2\" content=\"Dur\u00e9e de lecture estim\u00e9e\" \/>\n\t<meta name=\"twitter:data2\" content=\"7 minutes\" \/>\n<script type=\"application\/ld+json\" class=\"yoast-schema-graph\">{\"@context\":\"https:\/\/schema.org\",\"@graph\":[{\"@type\":\"Article\",\"@id\":\"https:\/\/www.africa-press.net\/cameroun\/economie\/electricite-lapplication-des-tarifs-revalorises-divise-eneo-larsel-et-les-transformateurs-de-lacier#article\",\"isPartOf\":{\"@id\":\"https:\/\/www.africa-press.net\/cameroun\/economie\/electricite-lapplication-des-tarifs-revalorises-divise-eneo-larsel-et-les-transformateurs-de-lacier\"},\"author\":{\"name\":\"cfeditorfr\",\"@id\":\"https:\/\/www.africa-press.net\/cameroun\/#\/schema\/person\/2b1cf3cd81a31e3cd26889ca66d677f1\"},\"headline\":\"\u00c9lectricit\u00e9\u00a0: l\u2019application des tarifs revaloris\u00e9s divise Eneo, l\u2019Arsel et les transformateurs de l\u2019acier\",\"datePublished\":\"2023-03-09T18:59:42+00:00\",\"dateModified\":\"2023-03-09T19:27:32+00:00\",\"mainEntityOfPage\":{\"@id\":\"https:\/\/www.africa-press.net\/cameroun\/economie\/electricite-lapplication-des-tarifs-revalorises-divise-eneo-larsel-et-les-transformateurs-de-lacier\"},\"wordCount\":1419,\"commentCount\":0,\"image\":{\"@id\":\"https:\/\/www.africa-press.net\/cameroun\/economie\/electricite-lapplication-des-tarifs-revalorises-divise-eneo-larsel-et-les-transformateurs-de-lacier#primaryimage\"},\"thumbnailUrl\":\"https:\/\/static.africa-press.net\/cameroun\/sites\/57\/2023\/03\/postQueueImg_1678375788.02.jpg\",\"keywords\":[\"Africa Press\",\"Africa Press-Cameroun\",\"Cameroun\"],\"articleSection\":[\"\u00c9conomie\",\"Toutes les actualit\u00e9s\"],\"inLanguage\":\"fr-FR\",\"potentialAction\":[{\"@type\":\"CommentAction\",\"name\":\"Comment\",\"target\":[\"https:\/\/www.africa-press.net\/cameroun\/economie\/electricite-lapplication-des-tarifs-revalorises-divise-eneo-larsel-et-les-transformateurs-de-lacier#respond\"]}]},{\"@type\":\"WebPage\",\"@id\":\"https:\/\/www.africa-press.net\/cameroun\/economie\/electricite-lapplication-des-tarifs-revalorises-divise-eneo-larsel-et-les-transformateurs-de-lacier\",\"url\":\"https:\/\/www.africa-press.net\/cameroun\/economie\/electricite-lapplication-des-tarifs-revalorises-divise-eneo-larsel-et-les-transformateurs-de-lacier\",\"name\":\"\u00c9lectricit\u00e9\u00a0: l\u2019application des tarifs revaloris\u00e9s divise Eneo, l\u2019Arsel et les transformateurs de l\u2019acier - Cameroun\",\"isPartOf\":{\"@id\":\"https:\/\/www.africa-press.net\/cameroun\/#website\"},\"primaryImageOfPage\":{\"@id\":\"https:\/\/www.africa-press.net\/cameroun\/economie\/electricite-lapplication-des-tarifs-revalorises-divise-eneo-larsel-et-les-transformateurs-de-lacier#primaryimage\"},\"image\":{\"@id\":\"https:\/\/www.africa-press.net\/cameroun\/economie\/electricite-lapplication-des-tarifs-revalorises-divise-eneo-larsel-et-les-transformateurs-de-lacier#primaryimage\"},\"thumbnailUrl\":\"https:\/\/static.africa-press.net\/cameroun\/sites\/57\/2023\/03\/postQueueImg_1678375788.02.jpg\",\"datePublished\":\"2023-03-09T18:59:42+00:00\",\"dateModified\":\"2023-03-09T19:27:32+00:00\",\"author\":{\"@id\":\"https:\/\/www.africa-press.net\/cameroun\/#\/schema\/person\/2b1cf3cd81a31e3cd26889ca66d677f1\"},\"description\":\"Investir au Cameroun) - Comme ce fut de\u0301ja\u0300 le cas pour les consommations du mois de janvier 2023, l\u2019e\u0301lectricien Eneo a ...\",\"breadcrumb\":{\"@id\":\"https:\/\/www.africa-press.net\/cameroun\/economie\/electricite-lapplication-des-tarifs-revalorises-divise-eneo-larsel-et-les-transformateurs-de-lacier#breadcrumb\"},\"inLanguage\":\"fr-FR\",\"potentialAction\":[{\"@type\":\"ReadAction\",\"target\":[\"https:\/\/www.africa-press.net\/cameroun\/economie\/electricite-lapplication-des-tarifs-revalorises-divise-eneo-larsel-et-les-transformateurs-de-lacier\"]}]},{\"@type\":\"ImageObject\",\"inLanguage\":\"fr-FR\",\"@id\":\"https:\/\/www.africa-press.net\/cameroun\/economie\/electricite-lapplication-des-tarifs-revalorises-divise-eneo-larsel-et-les-transformateurs-de-lacier#primaryimage\",\"url\":\"https:\/\/static.africa-press.net\/cameroun\/sites\/57\/2023\/03\/postQueueImg_1678375788.02.jpg\",\"contentUrl\":\"https:\/\/static.africa-press.net\/cameroun\/sites\/57\/2023\/03\/postQueueImg_1678375788.02.jpg\",\"width\":720,\"height\":472,\"caption\":\"\u00c9lectricit\u00e9\u00a0: l\u2019application des tarifs revaloris\u00e9s divise Eneo, l\u2019Arsel et les transformateurs de l\u2019acier\"},{\"@type\":\"BreadcrumbList\",\"@id\":\"https:\/\/www.africa-press.net\/cameroun\/economie\/electricite-lapplication-des-tarifs-revalorises-divise-eneo-larsel-et-les-transformateurs-de-lacier#breadcrumb\",\"itemListElement\":[{\"@type\":\"ListItem\",\"position\":1,\"name\":\"Accueil\",\"item\":\"https:\/\/www.africa-press.net\/cameroun\/\"},{\"@type\":\"ListItem\",\"position\":2,\"name\":\"\u00c9lectricit\u00e9\u00a0: l\u2019application des tarifs revaloris\u00e9s divise Eneo, l\u2019Arsel et les transformateurs de l\u2019acier\"}]},{\"@type\":\"WebSite\",\"@id\":\"https:\/\/www.africa-press.net\/cameroun\/#website\",\"url\":\"https:\/\/www.africa-press.net\/cameroun\/\",\"name\":\"Cameroun\",\"description\":\"Just another Africa News Agency Sites site\",\"potentialAction\":[{\"@type\":\"SearchAction\",\"target\":{\"@type\":\"EntryPoint\",\"urlTemplate\":\"https:\/\/www.africa-press.net\/cameroun\/?s={search_term_string}\"},\"query-input\":{\"@type\":\"PropertyValueSpecification\",\"valueRequired\":true,\"valueName\":\"search_term_string\"}}],\"inLanguage\":\"fr-FR\"},{\"@type\":\"Person\",\"@id\":\"https:\/\/www.africa-press.net\/cameroun\/#\/schema\/person\/2b1cf3cd81a31e3cd26889ca66d677f1\",\"name\":\"cfeditorfr\"}]}<\/script>\n<!-- \/ Yoast SEO Premium plugin. -->","yoast_head_json":{"title":"\u00c9lectricit\u00e9\u00a0: l\u2019application des tarifs revaloris\u00e9s divise Eneo, l\u2019Arsel et les transformateurs de l\u2019acier - Cameroun","description":"Investir au Cameroun) - Comme ce fut de\u0301ja\u0300 le cas pour les consommations du mois de janvier 2023, l\u2019e\u0301lectricien Eneo a ...","robots":{"index":"index","follow":"follow","max-snippet":"max-snippet:-1","max-image-preview":"max-image-preview:large","max-video-preview":"max-video-preview:-1"},"canonical":"https:\/\/www.africa-press.net\/cameroun\/economie\/electricite-lapplication-des-tarifs-revalorises-divise-eneo-larsel-et-les-transformateurs-de-lacier","og_locale":"fr_FR","og_type":"article","og_title":"\u00c9lectricit\u00e9\u00a0: l\u2019application des tarifs revaloris\u00e9s divise Eneo, l\u2019Arsel et les transformateurs de l\u2019acier","og_description":"Investir au Cameroun) - Comme ce fut de\u0301ja\u0300 le cas pour les consommations du mois de janvier 2023, l\u2019e\u0301lectricien Eneo a ...","og_url":"https:\/\/www.africa-press.net\/cameroun\/economie\/electricite-lapplication-des-tarifs-revalorises-divise-eneo-larsel-et-les-transformateurs-de-lacier","og_site_name":"Cameroun","article_published_time":"2023-03-09T18:59:42+00:00","article_modified_time":"2023-03-09T19:27:32+00:00","og_image":[{"width":720,"height":472,"url":"https:\/\/static.africa-press.net\/cameroun\/sites\/57\/2023\/03\/postQueueImg_1678375788.02.jpg","type":"image\/jpeg"}],"author":"cfeditorfr","twitter_card":"summary_large_image","twitter_misc":{"\u00c9crit par":"cfeditorfr","Dur\u00e9e de lecture estim\u00e9e":"7 minutes"},"schema":{"@context":"https:\/\/schema.org","@graph":[{"@type":"Article","@id":"https:\/\/www.africa-press.net\/cameroun\/economie\/electricite-lapplication-des-tarifs-revalorises-divise-eneo-larsel-et-les-transformateurs-de-lacier#article","isPartOf":{"@id":"https:\/\/www.africa-press.net\/cameroun\/economie\/electricite-lapplication-des-tarifs-revalorises-divise-eneo-larsel-et-les-transformateurs-de-lacier"},"author":{"name":"cfeditorfr","@id":"https:\/\/www.africa-press.net\/cameroun\/#\/schema\/person\/2b1cf3cd81a31e3cd26889ca66d677f1"},"headline":"\u00c9lectricit\u00e9\u00a0: l\u2019application des tarifs revaloris\u00e9s divise Eneo, l\u2019Arsel et les transformateurs de l\u2019acier","datePublished":"2023-03-09T18:59:42+00:00","dateModified":"2023-03-09T19:27:32+00:00","mainEntityOfPage":{"@id":"https:\/\/www.africa-press.net\/cameroun\/economie\/electricite-lapplication-des-tarifs-revalorises-divise-eneo-larsel-et-les-transformateurs-de-lacier"},"wordCount":1419,"commentCount":0,"image":{"@id":"https:\/\/www.africa-press.net\/cameroun\/economie\/electricite-lapplication-des-tarifs-revalorises-divise-eneo-larsel-et-les-transformateurs-de-lacier#primaryimage"},"thumbnailUrl":"https:\/\/static.africa-press.net\/cameroun\/sites\/57\/2023\/03\/postQueueImg_1678375788.02.jpg","keywords":["Africa Press","Africa Press-Cameroun","Cameroun"],"articleSection":["\u00c9conomie","Toutes les actualit\u00e9s"],"inLanguage":"fr-FR","potentialAction":[{"@type":"CommentAction","name":"Comment","target":["https:\/\/www.africa-press.net\/cameroun\/economie\/electricite-lapplication-des-tarifs-revalorises-divise-eneo-larsel-et-les-transformateurs-de-lacier#respond"]}]},{"@type":"WebPage","@id":"https:\/\/www.africa-press.net\/cameroun\/economie\/electricite-lapplication-des-tarifs-revalorises-divise-eneo-larsel-et-les-transformateurs-de-lacier","url":"https:\/\/www.africa-press.net\/cameroun\/economie\/electricite-lapplication-des-tarifs-revalorises-divise-eneo-larsel-et-les-transformateurs-de-lacier","name":"\u00c9lectricit\u00e9\u00a0: l\u2019application des tarifs revaloris\u00e9s divise Eneo, l\u2019Arsel et les transformateurs de l\u2019acier - Cameroun","isPartOf":{"@id":"https:\/\/www.africa-press.net\/cameroun\/#website"},"primaryImageOfPage":{"@id":"https:\/\/www.africa-press.net\/cameroun\/economie\/electricite-lapplication-des-tarifs-revalorises-divise-eneo-larsel-et-les-transformateurs-de-lacier#primaryimage"},"image":{"@id":"https:\/\/www.africa-press.net\/cameroun\/economie\/electricite-lapplication-des-tarifs-revalorises-divise-eneo-larsel-et-les-transformateurs-de-lacier#primaryimage"},"thumbnailUrl":"https:\/\/static.africa-press.net\/cameroun\/sites\/57\/2023\/03\/postQueueImg_1678375788.02.jpg","datePublished":"2023-03-09T18:59:42+00:00","dateModified":"2023-03-09T19:27:32+00:00","author":{"@id":"https:\/\/www.africa-press.net\/cameroun\/#\/schema\/person\/2b1cf3cd81a31e3cd26889ca66d677f1"},"description":"Investir au Cameroun) - Comme ce fut de\u0301ja\u0300 le cas pour les consommations du mois de janvier 2023, l\u2019e\u0301lectricien Eneo a ...","breadcrumb":{"@id":"https:\/\/www.africa-press.net\/cameroun\/economie\/electricite-lapplication-des-tarifs-revalorises-divise-eneo-larsel-et-les-transformateurs-de-lacier#breadcrumb"},"inLanguage":"fr-FR","potentialAction":[{"@type":"ReadAction","target":["https:\/\/www.africa-press.net\/cameroun\/economie\/electricite-lapplication-des-tarifs-revalorises-divise-eneo-larsel-et-les-transformateurs-de-lacier"]}]},{"@type":"ImageObject","inLanguage":"fr-FR","@id":"https:\/\/www.africa-press.net\/cameroun\/economie\/electricite-lapplication-des-tarifs-revalorises-divise-eneo-larsel-et-les-transformateurs-de-lacier#primaryimage","url":"https:\/\/static.africa-press.net\/cameroun\/sites\/57\/2023\/03\/postQueueImg_1678375788.02.jpg","contentUrl":"https:\/\/static.africa-press.net\/cameroun\/sites\/57\/2023\/03\/postQueueImg_1678375788.02.jpg","width":720,"height":472,"caption":"\u00c9lectricit\u00e9\u00a0: l\u2019application des tarifs revaloris\u00e9s divise Eneo, l\u2019Arsel et les transformateurs de l\u2019acier"},{"@type":"BreadcrumbList","@id":"https:\/\/www.africa-press.net\/cameroun\/economie\/electricite-lapplication-des-tarifs-revalorises-divise-eneo-larsel-et-les-transformateurs-de-lacier#breadcrumb","itemListElement":[{"@type":"ListItem","position":1,"name":"Accueil","item":"https:\/\/www.africa-press.net\/cameroun\/"},{"@type":"ListItem","position":2,"name":"\u00c9lectricit\u00e9\u00a0: l\u2019application des tarifs revaloris\u00e9s divise Eneo, l\u2019Arsel et les transformateurs de l\u2019acier"}]},{"@type":"WebSite","@id":"https:\/\/www.africa-press.net\/cameroun\/#website","url":"https:\/\/www.africa-press.net\/cameroun\/","name":"Cameroun","description":"Just another Africa News Agency Sites site","potentialAction":[{"@type":"SearchAction","target":{"@type":"EntryPoint","urlTemplate":"https:\/\/www.africa-press.net\/cameroun\/?s={search_term_string}"},"query-input":{"@type":"PropertyValueSpecification","valueRequired":true,"valueName":"search_term_string"}}],"inLanguage":"fr-FR"},{"@type":"Person","@id":"https:\/\/www.africa-press.net\/cameroun\/#\/schema\/person\/2b1cf3cd81a31e3cd26889ca66d677f1","name":"cfeditorfr"}]}},"_links":{"self":[{"href":"https:\/\/www.africa-press.net\/cameroun\/wp-json\/wp\/v2\/posts\/38867","targetHints":{"allow":["GET"]}}],"collection":[{"href":"https:\/\/www.africa-press.net\/cameroun\/wp-json\/wp\/v2\/posts"}],"about":[{"href":"https:\/\/www.africa-press.net\/cameroun\/wp-json\/wp\/v2\/types\/post"}],"author":[{"embeddable":true,"href":"https:\/\/www.africa-press.net\/cameroun\/wp-json\/wp\/v2\/users\/82"}],"replies":[{"embeddable":true,"href":"https:\/\/www.africa-press.net\/cameroun\/wp-json\/wp\/v2\/comments?post=38867"}],"version-history":[{"count":0,"href":"https:\/\/www.africa-press.net\/cameroun\/wp-json\/wp\/v2\/posts\/38867\/revisions"}],"wp:featuredmedia":[{"embeddable":true,"href":"https:\/\/www.africa-press.net\/cameroun\/wp-json\/wp\/v2\/media\/38865"}],"wp:attachment":[{"href":"https:\/\/www.africa-press.net\/cameroun\/wp-json\/wp\/v2\/media?parent=38867"}],"wp:term":[{"taxonomy":"category","embeddable":true,"href":"https:\/\/www.africa-press.net\/cameroun\/wp-json\/wp\/v2\/categories?post=38867"},{"taxonomy":"post_tag","embeddable":true,"href":"https:\/\/www.africa-press.net\/cameroun\/wp-json\/wp\/v2\/tags?post=38867"}],"curies":[{"name":"wp","href":"https:\/\/api.w.org\/{rel}","templated":true}]}}