{"id":38887,"date":"2023-03-10T12:35:44","date_gmt":"2023-03-10T12:35:44","guid":{"rendered":"https:\/\/www.africa-press.net\/cameroun\/politique\/dictature-le-vrai-visage-de-paul-biya-mis-a-nu"},"modified":"2023-03-10T12:58:08","modified_gmt":"2023-03-10T12:58:08","slug":"dictature-le-vrai-visage-de-paul-biya-mis-a-nu","status":"publish","type":"post","link":"https:\/\/www.africa-press.net\/cameroun\/politique\/dictature-le-vrai-visage-de-paul-biya-mis-a-nu","title":{"rendered":"Dictature : le vrai visage de Paul Biya mis \u00e0 nu"},"content":{"rendered":"<p><span style=\"color: #ff6600\"><strong>Africa-Press &#8211; Cameroun. <\/strong><\/span>Arlette Framboise Doumbe Ding dans une tribune a de\u0301crypte\u0301 la nature dictatoriale du re\u0301gime de Paul Biya et a prouve\u0301 pourquoi les 40 ans de re\u0300gne du successeur d\u2019Ahidjo ont e\u0301te\u0301 un e\u0301chec.<\/p>\n<p>Tout ce qui arrive au Cameroun aujourd&rsquo;hui est lie\u0301 au moins en partie a\u0300 longe\u0301vite\u0301 du Pre\u0301sident Paul Biya au pouvoir. Tout se passe comme si le Pre\u0301sident Biya est arrive\u0301 au pouvoir en 1982 pour un mandat de 40 ans renouvelable.<\/p>\n<p>Or le mandat de 40 ans n&rsquo;existe pas en de\u0301mocratie.<\/p>\n<p>Certains me diront qu&rsquo;il a remporte\u0301 plusieurs e\u0301lections qui le permettent de se maintenir au pouvoir. Sauf que vous parlez de quelles e\u0301lections remporte\u0301es ?<\/p>\n<p>Les e\u0301lections frauduleuses qui ont permis de voler la victoire de Fru Ndi en 1992 et celle de Maurice Kamto en 2018 ? C&rsquo;est c\u0327a que vous appelez e\u0301lections remporte\u0301es ?<\/p>\n<p>Le Cameroun est une dictature ou\u0300 un homme semble e\u0302tre arrive\u0301 au pouvoir en 1982 pour un mandat de 40 ans renouvelable.<\/p>\n<p>Quand je parle de dictature, je partage la de\u0301finition du dictionnaire wikipe\u0301dia qui la de\u0301finit comme suit : on appelle dictature un re\u0301gime dans lequel une personne (dictateur), ou un groupe de personnes, disposant d&rsquo;un pouvoir absolu, s&rsquo;y maintient de manie\u0300re autoritaire et l&rsquo;exerce de fac\u0327on arbitraire.<\/p>\n<p>Au Cameroun quand Yaounde\u0301 de\u0301cide d&rsquo;envoyer ses opposants arbitrairement en prison, il n&rsquo;y a aucune institutions capable d&rsquo;interroger la dimension arbitraire de la de\u0301cision. C&rsquo;est cela la dictature.<\/p>\n<p>Au Cameroun me\u0302me quand la cour constitutionnelle constate les fraudes e\u0301lectorales a\u0300 la pre\u0301sidentielle, elle oblige\u0301e de publier les re\u0301sultats frauduleux au me\u0301pris des exigences de l&rsquo;honne\u0302tete\u0301 et de la de\u0301mocratie. Il n&rsquo;y a en effet aucune institutions capable d&rsquo;imposer un nouveau de\u0301compte des bulletins de vote pour faire triompher la ve\u0301rite\u0301 des urnes. C&rsquo;est cela la dictature.<\/p>\n<p>Au Cameroun quand younde de\u0301cide de confier 70% de nos Ambassades aux ressortissants de l&rsquo;aire culturelle a\u0300 laquelle appartient le Pre\u0301sident de la Re\u0301publique, il n&rsquo;y a aucune institutions capable d&rsquo;exiger l&rsquo;application de la politique de l&rsquo;e\u0301quilibre re\u0301gionale. C&rsquo;est cela la dictature . Le pouvoir est exerce\u0301 au Cameroun par re\u0301gime qui a un pouvoir absolu, incontro\u0302lable. Le parlement n&rsquo;y est qu&rsquo;un de\u0301cor pose\u0301 pour parai\u0302tre comme un pays de\u0301mocratique. De me\u0302me que le se\u0301nat.<\/p>\n<p>Aucun proble\u0300me se\u0301rieux du Cameroun ne peut e\u0302tre re\u0301solu dans le fond si ont n&rsquo;interroge pas la responsabilite\u0301 de la dictature. La dictature a\u0300 une grande part de responsabilite\u0301 dans la plupart des proble\u0300mes de ce pays.<\/p>\n<p>Si vous examine\u0301s honne\u0302tement ces proble\u0300mes vous verrez que la longe\u0301vite\u0301 du re\u0301gime Biya et le sentiment d&rsquo;impunite\u0301 que cela confe\u0300re aux siens sont pour beaucoup dans les de\u0301tournements massifs des fonds publics. Vous verrez e\u0301galement que c&rsquo;est la dictature et la soif du pouvoir qui ont facilite\u0301 la guerre du noso. Car l&rsquo;acceptation du fe\u0301de\u0301ralisme de\u0300s le de\u0301but de la crise anglophone aurait e\u0301teint certainement cette crise de fac\u0327on de\u0301finitive. Or qui dit fe\u0301de\u0301ralisme dit partage du pouvoir. Ce qui tombe mal parceque la dictature ne partage pas le pouvoir. Il exerce le pouvoir de fac\u0327on absolue. De fac\u0327on autoritaire.<\/p>\n<p>Ce qui pre\u0301ce\u0300de permet de dire que l&rsquo;essentiel des proble\u0300mes du Cameroun vient de la nature dictatoriale du re\u0301gime de Yaounde\u0301. Et on ne peut re\u0301soudre aucun proble\u0300me durablement dans ce pays si on n&rsquo;inte\u0300gre pas ce proble\u0300me de dictature dans l&rsquo;analyse.<\/p>\n<p>Je vous dis ce que je pense de fac\u0327on honne\u0302te. Je peux me tromper de bonne fois. Mais je n&rsquo;e\u0301cris ni pour nuire ni pour plaire. Je ne crois pas a\u0300 toutes ces re\u0301flexions sur les proble\u0300mes du Cameroun qui n&rsquo;inte\u0300grent pas le proble\u0300me de la dictature. C&rsquo;est de l&rsquo;hypocrisie car le plus grand proble\u0300me du Cameroun de tous les temps c&rsquo;est la dictature.<\/p>\n<p>Ce qui veut dire que la fin de la dictature sera e\u0301galement le de\u0301but de la solution a\u0300 tous les proble\u0300me du Cameroun en commenc\u0327ant par la guerre du noso jusqu&rsquo;a\u0300 nos difficulte\u0301s e\u0301conomiques en passant le tribalisme qui est nourrit aujourd&rsquo;hui par le fait de la dictature.<\/p>\n<p>En plus de 60 ans de dictature, le Cameroun est demeure\u0301 un pays pauvre ou\u0300 re\u0300gne le tribalisme et les assassinats. Essayons la de\u0301mocratie. La vraie, celle dont le syste\u0300me e\u0301lectoral est le fruit d&rsquo;un consensus entre les diffe\u0301rents acteurs politiques.<\/p>\n<p>Imaginez un syste\u0300me e\u0301lectoral consensuel qui pre\u0301voit un mandat pre\u0301sidentiel de 4 ou 5 ans renouvelable une seule fois, des e\u0301lections a\u0300 deux tours avec bulletins uniques et qui pre\u0301voit aussi la rotation du pouvoir entre les diffe\u0301rentes aires culturelles du Cameroun . Imaginez qu&rsquo;a\u0300 cela on ajoute le fe\u0301de\u0301ralisme a\u0300 4 ou 5 E\u0301tats par exemple.<\/p>\n<p>Rien qu&rsquo;avec cet approche, les proble\u0300mes du Cameroun seront re\u0301solu a\u0300 70% sur les 10 premie\u0300res anne\u0301es. Le Cameroun sera e\u0301mergent en 30 ans maximum et sera l&rsquo;une des locomotives e\u0301conomiques de l&rsquo;Afrique noire au regard de la qualite\u0301 de sa ressource humaine et de ses richesses naturelles.<\/p>\n<p>Mais avec la dictature actuelle et son mode de fonctionnement chaotique, me\u0302me en 200 ans le Cameroun sera toujours un pays pauvre ou\u0300 on emprisonne et assassine les gens pour leurs ide\u0301es.<\/p>\n<p><strong>Pour plus d&rsquo;informations et d&rsquo;analyses sur la <a href=\"https:\/\/www.africa-press.net\/cameroun\">Cameroun<\/a>, suivez <a href=\"https:\/\/www.africa-press.net\/\">Africa-Press<\/a><\/strong><\/p>\n","protected":false},"excerpt":{"rendered":"<p>Africa-Press &#8211; Cameroun. Arlette Framboise Doumbe Ding dans une tribune a de\u0301crypte\u0301 la nature dictatoriale du re\u0301gime de Paul Biya et a prouve\u0301 pourquoi les 40 ans de re\u0300gne du successeur d\u2019Ahidjo ont e\u0301te\u0301 un e\u0301chec. Tout ce qui arrive au Cameroun aujourd&rsquo;hui est lie\u0301 au moins en partie a\u0300 longe\u0301vite\u0301 du Pre\u0301sident Paul Biya [&hellip;]<\/p>\n","protected":false},"author":82,"featured_media":38886,"comment_status":"open","ping_status":"closed","sticky":false,"template":"","format":"standard","meta":{"footnotes":""},"categories":[2,10],"tags":[36,50,49],"class_list":["post-38887","post","type-post","status-publish","format-standard","has-post-thumbnail","hentry","category-politique","category-toutes-les-actualites","tag-africa-press","tag-africa-press-cameroun","tag-cameroun"],"yoast_head":"<!-- This site is optimized with the Yoast SEO Premium plugin v26.1 (Yoast SEO v27.0) - https:\/\/yoast.com\/product\/yoast-seo-premium-wordpress\/ -->\n<title>Dictature : le vrai visage de Paul Biya mis \u00e0 nu - Cameroun<\/title>\n<meta name=\"description\" content=\"Arlette Framboise Doumbe Ding dans une tribune a de\u0301crypte\u0301 la nature dictatoriale du re\u0301gime de Paul Biya et a prouve\u0301 ...\" \/>\n<meta name=\"robots\" content=\"index, follow, max-snippet:-1, max-image-preview:large, max-video-preview:-1\" \/>\n<link rel=\"canonical\" href=\"https:\/\/www.africa-press.net\/cameroun\/politique\/dictature-le-vrai-visage-de-paul-biya-mis-a-nu\" \/>\n<meta property=\"og:locale\" content=\"fr_FR\" \/>\n<meta property=\"og:type\" content=\"article\" \/>\n<meta property=\"og:title\" content=\"Dictature : le vrai visage de Paul Biya mis \u00e0 nu\" \/>\n<meta property=\"og:description\" content=\"Arlette Framboise Doumbe Ding dans une tribune a de\u0301crypte\u0301 la nature dictatoriale du re\u0301gime de Paul Biya et a prouve\u0301 ...\" \/>\n<meta property=\"og:url\" content=\"https:\/\/www.africa-press.net\/cameroun\/politique\/dictature-le-vrai-visage-de-paul-biya-mis-a-nu\" \/>\n<meta property=\"og:site_name\" content=\"Cameroun\" \/>\n<meta property=\"article:published_time\" content=\"2023-03-10T12:35:44+00:00\" \/>\n<meta property=\"article:modified_time\" content=\"2023-03-10T12:58:08+00:00\" \/>\n<meta property=\"og:image\" content=\"https:\/\/static.africa-press.net\/cameroun\/sites\/57\/2023\/03\/postQueueImg_1678439152.40.jpg\" \/>\n\t<meta property=\"og:image:width\" content=\"720\" \/>\n\t<meta property=\"og:image:height\" content=\"440\" \/>\n\t<meta property=\"og:image:type\" content=\"image\/jpeg\" \/>\n<meta name=\"author\" content=\"cfeditorfr\" \/>\n<meta name=\"twitter:card\" content=\"summary_large_image\" \/>\n<meta name=\"twitter:label1\" content=\"\u00c9crit par\" \/>\n\t<meta name=\"twitter:data1\" content=\"cfeditorfr\" \/>\n\t<meta name=\"twitter:label2\" content=\"Dur\u00e9e de lecture estim\u00e9e\" \/>\n\t<meta name=\"twitter:data2\" content=\"5 minutes\" \/>\n<script type=\"application\/ld+json\" class=\"yoast-schema-graph\">{\"@context\":\"https:\/\/schema.org\",\"@graph\":[{\"@type\":\"Article\",\"@id\":\"https:\/\/www.africa-press.net\/cameroun\/politique\/dictature-le-vrai-visage-de-paul-biya-mis-a-nu#article\",\"isPartOf\":{\"@id\":\"https:\/\/www.africa-press.net\/cameroun\/politique\/dictature-le-vrai-visage-de-paul-biya-mis-a-nu\"},\"author\":{\"name\":\"cfeditorfr\",\"@id\":\"https:\/\/www.africa-press.net\/cameroun\/#\/schema\/person\/2b1cf3cd81a31e3cd26889ca66d677f1\"},\"headline\":\"Dictature : le vrai visage de Paul Biya mis \u00e0 nu\",\"datePublished\":\"2023-03-10T12:35:44+00:00\",\"dateModified\":\"2023-03-10T12:58:08+00:00\",\"mainEntityOfPage\":{\"@id\":\"https:\/\/www.africa-press.net\/cameroun\/politique\/dictature-le-vrai-visage-de-paul-biya-mis-a-nu\"},\"wordCount\":1000,\"commentCount\":0,\"image\":{\"@id\":\"https:\/\/www.africa-press.net\/cameroun\/politique\/dictature-le-vrai-visage-de-paul-biya-mis-a-nu#primaryimage\"},\"thumbnailUrl\":\"https:\/\/static.africa-press.net\/cameroun\/sites\/57\/2023\/03\/postQueueImg_1678439152.40.jpg\",\"keywords\":[\"Africa Press\",\"Africa Press-Cameroun\",\"Cameroun\"],\"articleSection\":[\"Politique\",\"Toutes les actualit\u00e9s\"],\"inLanguage\":\"fr-FR\",\"potentialAction\":[{\"@type\":\"CommentAction\",\"name\":\"Comment\",\"target\":[\"https:\/\/www.africa-press.net\/cameroun\/politique\/dictature-le-vrai-visage-de-paul-biya-mis-a-nu#respond\"]}]},{\"@type\":\"WebPage\",\"@id\":\"https:\/\/www.africa-press.net\/cameroun\/politique\/dictature-le-vrai-visage-de-paul-biya-mis-a-nu\",\"url\":\"https:\/\/www.africa-press.net\/cameroun\/politique\/dictature-le-vrai-visage-de-paul-biya-mis-a-nu\",\"name\":\"Dictature : le vrai visage de Paul Biya mis \u00e0 nu - Cameroun\",\"isPartOf\":{\"@id\":\"https:\/\/www.africa-press.net\/cameroun\/#website\"},\"primaryImageOfPage\":{\"@id\":\"https:\/\/www.africa-press.net\/cameroun\/politique\/dictature-le-vrai-visage-de-paul-biya-mis-a-nu#primaryimage\"},\"image\":{\"@id\":\"https:\/\/www.africa-press.net\/cameroun\/politique\/dictature-le-vrai-visage-de-paul-biya-mis-a-nu#primaryimage\"},\"thumbnailUrl\":\"https:\/\/static.africa-press.net\/cameroun\/sites\/57\/2023\/03\/postQueueImg_1678439152.40.jpg\",\"datePublished\":\"2023-03-10T12:35:44+00:00\",\"dateModified\":\"2023-03-10T12:58:08+00:00\",\"author\":{\"@id\":\"https:\/\/www.africa-press.net\/cameroun\/#\/schema\/person\/2b1cf3cd81a31e3cd26889ca66d677f1\"},\"description\":\"Arlette Framboise Doumbe Ding dans une tribune a de\u0301crypte\u0301 la nature dictatoriale du re\u0301gime de Paul Biya et a prouve\u0301 ...\",\"breadcrumb\":{\"@id\":\"https:\/\/www.africa-press.net\/cameroun\/politique\/dictature-le-vrai-visage-de-paul-biya-mis-a-nu#breadcrumb\"},\"inLanguage\":\"fr-FR\",\"potentialAction\":[{\"@type\":\"ReadAction\",\"target\":[\"https:\/\/www.africa-press.net\/cameroun\/politique\/dictature-le-vrai-visage-de-paul-biya-mis-a-nu\"]}]},{\"@type\":\"ImageObject\",\"inLanguage\":\"fr-FR\",\"@id\":\"https:\/\/www.africa-press.net\/cameroun\/politique\/dictature-le-vrai-visage-de-paul-biya-mis-a-nu#primaryimage\",\"url\":\"https:\/\/static.africa-press.net\/cameroun\/sites\/57\/2023\/03\/postQueueImg_1678439152.40.jpg\",\"contentUrl\":\"https:\/\/static.africa-press.net\/cameroun\/sites\/57\/2023\/03\/postQueueImg_1678439152.40.jpg\",\"width\":720,\"height\":440,\"caption\":\"Dictature : le vrai visage de Paul Biya mis \u00e0 nu\"},{\"@type\":\"BreadcrumbList\",\"@id\":\"https:\/\/www.africa-press.net\/cameroun\/politique\/dictature-le-vrai-visage-de-paul-biya-mis-a-nu#breadcrumb\",\"itemListElement\":[{\"@type\":\"ListItem\",\"position\":1,\"name\":\"Accueil\",\"item\":\"https:\/\/www.africa-press.net\/cameroun\/\"},{\"@type\":\"ListItem\",\"position\":2,\"name\":\"Dictature : le vrai visage de Paul Biya mis \u00e0 nu\"}]},{\"@type\":\"WebSite\",\"@id\":\"https:\/\/www.africa-press.net\/cameroun\/#website\",\"url\":\"https:\/\/www.africa-press.net\/cameroun\/\",\"name\":\"Cameroun\",\"description\":\"Just another Africa News Agency Sites site\",\"potentialAction\":[{\"@type\":\"SearchAction\",\"target\":{\"@type\":\"EntryPoint\",\"urlTemplate\":\"https:\/\/www.africa-press.net\/cameroun\/?s={search_term_string}\"},\"query-input\":{\"@type\":\"PropertyValueSpecification\",\"valueRequired\":true,\"valueName\":\"search_term_string\"}}],\"inLanguage\":\"fr-FR\"},{\"@type\":\"Person\",\"@id\":\"https:\/\/www.africa-press.net\/cameroun\/#\/schema\/person\/2b1cf3cd81a31e3cd26889ca66d677f1\",\"name\":\"cfeditorfr\"}]}<\/script>\n<!-- \/ Yoast SEO Premium plugin. -->","yoast_head_json":{"title":"Dictature : le vrai visage de Paul Biya mis \u00e0 nu - Cameroun","description":"Arlette Framboise Doumbe Ding dans une tribune a de\u0301crypte\u0301 la nature dictatoriale du re\u0301gime de Paul Biya et a prouve\u0301 ...","robots":{"index":"index","follow":"follow","max-snippet":"max-snippet:-1","max-image-preview":"max-image-preview:large","max-video-preview":"max-video-preview:-1"},"canonical":"https:\/\/www.africa-press.net\/cameroun\/politique\/dictature-le-vrai-visage-de-paul-biya-mis-a-nu","og_locale":"fr_FR","og_type":"article","og_title":"Dictature : le vrai visage de Paul Biya mis \u00e0 nu","og_description":"Arlette Framboise Doumbe Ding dans une tribune a de\u0301crypte\u0301 la nature dictatoriale du re\u0301gime de Paul Biya et a prouve\u0301 ...","og_url":"https:\/\/www.africa-press.net\/cameroun\/politique\/dictature-le-vrai-visage-de-paul-biya-mis-a-nu","og_site_name":"Cameroun","article_published_time":"2023-03-10T12:35:44+00:00","article_modified_time":"2023-03-10T12:58:08+00:00","og_image":[{"width":720,"height":440,"url":"https:\/\/static.africa-press.net\/cameroun\/sites\/57\/2023\/03\/postQueueImg_1678439152.40.jpg","type":"image\/jpeg"}],"author":"cfeditorfr","twitter_card":"summary_large_image","twitter_misc":{"\u00c9crit par":"cfeditorfr","Dur\u00e9e de lecture estim\u00e9e":"5 minutes"},"schema":{"@context":"https:\/\/schema.org","@graph":[{"@type":"Article","@id":"https:\/\/www.africa-press.net\/cameroun\/politique\/dictature-le-vrai-visage-de-paul-biya-mis-a-nu#article","isPartOf":{"@id":"https:\/\/www.africa-press.net\/cameroun\/politique\/dictature-le-vrai-visage-de-paul-biya-mis-a-nu"},"author":{"name":"cfeditorfr","@id":"https:\/\/www.africa-press.net\/cameroun\/#\/schema\/person\/2b1cf3cd81a31e3cd26889ca66d677f1"},"headline":"Dictature : le vrai visage de Paul Biya mis \u00e0 nu","datePublished":"2023-03-10T12:35:44+00:00","dateModified":"2023-03-10T12:58:08+00:00","mainEntityOfPage":{"@id":"https:\/\/www.africa-press.net\/cameroun\/politique\/dictature-le-vrai-visage-de-paul-biya-mis-a-nu"},"wordCount":1000,"commentCount":0,"image":{"@id":"https:\/\/www.africa-press.net\/cameroun\/politique\/dictature-le-vrai-visage-de-paul-biya-mis-a-nu#primaryimage"},"thumbnailUrl":"https:\/\/static.africa-press.net\/cameroun\/sites\/57\/2023\/03\/postQueueImg_1678439152.40.jpg","keywords":["Africa Press","Africa Press-Cameroun","Cameroun"],"articleSection":["Politique","Toutes les actualit\u00e9s"],"inLanguage":"fr-FR","potentialAction":[{"@type":"CommentAction","name":"Comment","target":["https:\/\/www.africa-press.net\/cameroun\/politique\/dictature-le-vrai-visage-de-paul-biya-mis-a-nu#respond"]}]},{"@type":"WebPage","@id":"https:\/\/www.africa-press.net\/cameroun\/politique\/dictature-le-vrai-visage-de-paul-biya-mis-a-nu","url":"https:\/\/www.africa-press.net\/cameroun\/politique\/dictature-le-vrai-visage-de-paul-biya-mis-a-nu","name":"Dictature : le vrai visage de Paul Biya mis \u00e0 nu - Cameroun","isPartOf":{"@id":"https:\/\/www.africa-press.net\/cameroun\/#website"},"primaryImageOfPage":{"@id":"https:\/\/www.africa-press.net\/cameroun\/politique\/dictature-le-vrai-visage-de-paul-biya-mis-a-nu#primaryimage"},"image":{"@id":"https:\/\/www.africa-press.net\/cameroun\/politique\/dictature-le-vrai-visage-de-paul-biya-mis-a-nu#primaryimage"},"thumbnailUrl":"https:\/\/static.africa-press.net\/cameroun\/sites\/57\/2023\/03\/postQueueImg_1678439152.40.jpg","datePublished":"2023-03-10T12:35:44+00:00","dateModified":"2023-03-10T12:58:08+00:00","author":{"@id":"https:\/\/www.africa-press.net\/cameroun\/#\/schema\/person\/2b1cf3cd81a31e3cd26889ca66d677f1"},"description":"Arlette Framboise Doumbe Ding dans une tribune a de\u0301crypte\u0301 la nature dictatoriale du re\u0301gime de Paul Biya et a prouve\u0301 ...","breadcrumb":{"@id":"https:\/\/www.africa-press.net\/cameroun\/politique\/dictature-le-vrai-visage-de-paul-biya-mis-a-nu#breadcrumb"},"inLanguage":"fr-FR","potentialAction":[{"@type":"ReadAction","target":["https:\/\/www.africa-press.net\/cameroun\/politique\/dictature-le-vrai-visage-de-paul-biya-mis-a-nu"]}]},{"@type":"ImageObject","inLanguage":"fr-FR","@id":"https:\/\/www.africa-press.net\/cameroun\/politique\/dictature-le-vrai-visage-de-paul-biya-mis-a-nu#primaryimage","url":"https:\/\/static.africa-press.net\/cameroun\/sites\/57\/2023\/03\/postQueueImg_1678439152.40.jpg","contentUrl":"https:\/\/static.africa-press.net\/cameroun\/sites\/57\/2023\/03\/postQueueImg_1678439152.40.jpg","width":720,"height":440,"caption":"Dictature : le vrai visage de Paul Biya mis \u00e0 nu"},{"@type":"BreadcrumbList","@id":"https:\/\/www.africa-press.net\/cameroun\/politique\/dictature-le-vrai-visage-de-paul-biya-mis-a-nu#breadcrumb","itemListElement":[{"@type":"ListItem","position":1,"name":"Accueil","item":"https:\/\/www.africa-press.net\/cameroun\/"},{"@type":"ListItem","position":2,"name":"Dictature : le vrai visage de Paul Biya mis \u00e0 nu"}]},{"@type":"WebSite","@id":"https:\/\/www.africa-press.net\/cameroun\/#website","url":"https:\/\/www.africa-press.net\/cameroun\/","name":"Cameroun","description":"Just another Africa News Agency Sites site","potentialAction":[{"@type":"SearchAction","target":{"@type":"EntryPoint","urlTemplate":"https:\/\/www.africa-press.net\/cameroun\/?s={search_term_string}"},"query-input":{"@type":"PropertyValueSpecification","valueRequired":true,"valueName":"search_term_string"}}],"inLanguage":"fr-FR"},{"@type":"Person","@id":"https:\/\/www.africa-press.net\/cameroun\/#\/schema\/person\/2b1cf3cd81a31e3cd26889ca66d677f1","name":"cfeditorfr"}]}},"_links":{"self":[{"href":"https:\/\/www.africa-press.net\/cameroun\/wp-json\/wp\/v2\/posts\/38887","targetHints":{"allow":["GET"]}}],"collection":[{"href":"https:\/\/www.africa-press.net\/cameroun\/wp-json\/wp\/v2\/posts"}],"about":[{"href":"https:\/\/www.africa-press.net\/cameroun\/wp-json\/wp\/v2\/types\/post"}],"author":[{"embeddable":true,"href":"https:\/\/www.africa-press.net\/cameroun\/wp-json\/wp\/v2\/users\/82"}],"replies":[{"embeddable":true,"href":"https:\/\/www.africa-press.net\/cameroun\/wp-json\/wp\/v2\/comments?post=38887"}],"version-history":[{"count":0,"href":"https:\/\/www.africa-press.net\/cameroun\/wp-json\/wp\/v2\/posts\/38887\/revisions"}],"wp:featuredmedia":[{"embeddable":true,"href":"https:\/\/www.africa-press.net\/cameroun\/wp-json\/wp\/v2\/media\/38886"}],"wp:attachment":[{"href":"https:\/\/www.africa-press.net\/cameroun\/wp-json\/wp\/v2\/media?parent=38887"}],"wp:term":[{"taxonomy":"category","embeddable":true,"href":"https:\/\/www.africa-press.net\/cameroun\/wp-json\/wp\/v2\/categories?post=38887"},{"taxonomy":"post_tag","embeddable":true,"href":"https:\/\/www.africa-press.net\/cameroun\/wp-json\/wp\/v2\/tags?post=38887"}],"curies":[{"name":"wp","href":"https:\/\/api.w.org\/{rel}","templated":true}]}}