{"id":38890,"date":"2023-03-10T12:36:12","date_gmt":"2023-03-10T12:36:12","guid":{"rendered":"https:\/\/www.africa-press.net\/cameroun\/politique\/la-sante-mentale-damougou-belinga-inquiete-le-commissaire-du-gouvernement-prend-une-ferme-decision"},"modified":"2023-03-10T12:58:57","modified_gmt":"2023-03-10T12:58:57","slug":"la-sante-mentale-damougou-belinga-inquiete-le-commissaire-du-gouvernement-prend-une-ferme-decision","status":"publish","type":"post","link":"https:\/\/www.africa-press.net\/cameroun\/politique\/la-sante-mentale-damougou-belinga-inquiete-le-commissaire-du-gouvernement-prend-une-ferme-decision","title":{"rendered":"La sant\u00e9 mentale d\u2019Amougou Belinga inqui\u00e8te : le commissaire du gouvernement prend une ferme d\u00e9cision"},"content":{"rendered":"<p><span style=\"color: #ff6600\"><strong>Africa-Press &#8211; Cameroun. <\/strong><\/span>Il y avait de quoi craindre le pire pour Jean Pierre Amougou Belinga. Dans une correspondance adresse\u0301e au commissaire du gouvernement, le re\u0301gisseur de la prison avait demande\u0301 que l\u2019homme d\u2019affaires soit rec\u0327u ce 09 mars 2023 au Centre hospitalier(CHU) par le Docteur Ntone expert en sante\u0301 mentale sur instruction du Me\u0301decin pe\u0301nitentiaire, Administrateur ge\u0301ne\u0301ral des prisons Nkem Efon Kevin.<\/p>\n<p>Mais, aux dernie\u0300res nouvelles, le commissaire du gouvernement n\u2019aurait pas donne\u0301 de suites favorables a\u0300 cette correspondance. Tout d\u2019abord, il s\u2019est oppose\u0301 a\u0300 cette extraction d\u2019urgence. Ensuite, ce dernier a fait de\u0301pe\u0302cher de toute urgence un me\u0301decin a\u0300 la prison pour constater si sa sortie de la prison e\u0301tait vraiment ne\u0301cessaire.<\/p>\n<p>Et, apre\u0300s les analyses, le me\u0301decin a conclu que faire sortir Amougou Belinga de la prison n\u2019e\u0301tait pas ne\u0301cessaire.<\/p>\n<p>L\u2019on retient qu\u2019avant cette de\u0301cision du commissaire du gouvernement, Amougou Belinga ne be\u0301ne\u0301ficiait plus des traitements de faveur qui lui e\u0301taient re\u0301serve\u0301s a\u0300 Kondengui de\u0300s son arrive\u0301e.<\/p>\n<p>Le PDG du groupe l\u2019Anecdote avait droit, en effet, a\u0300 un certain nombre de choses qui faisaient parler les autres de\u0301tenus de la prison. Il pouvait recevoir en toute quie\u0301tude de la visite dans sa cellule, passer des appels comme bon lui semblait. De plus, sa cellule allait e\u0302tre ame\u0301nage\u0301e a\u0300 sa guise : grand matelas, e\u0301cran plat, re\u0301frige\u0301rateur, nouveaux carreaux etc.<\/p>\n<p>Mais tout c\u0327a a e\u0301te\u0301 stoppe\u0301 par le commissaire du gouvernement. Celui-ci a mis imme\u0301diatement fin aux travaux de la cellule qui allait e\u0302tre transforme\u0301e en VIP puis, il a fait retirer de force le te\u0301le\u0301phone du Zomloa.<\/p>\n<p><strong>Pour plus d&rsquo;informations et d&rsquo;analyses sur la <a href=\"https:\/\/www.africa-press.net\/cameroun\">Cameroun<\/a>, suivez <a href=\"https:\/\/www.africa-press.net\/\">Africa-Press<\/a><\/strong><\/p>\n","protected":false},"excerpt":{"rendered":"<p>Africa-Press &#8211; Cameroun. Il y avait de quoi craindre le pire pour Jean Pierre Amougou Belinga. Dans une correspondance adresse\u0301e au commissaire du gouvernement, le re\u0301gisseur de la prison avait demande\u0301 que l\u2019homme d\u2019affaires soit rec\u0327u ce 09 mars 2023 au Centre hospitalier(CHU) par le Docteur Ntone expert en sante\u0301 mentale sur instruction du Me\u0301decin [&hellip;]<\/p>\n","protected":false},"author":82,"featured_media":38888,"comment_status":"open","ping_status":"closed","sticky":false,"template":"","format":"standard","meta":{"footnotes":""},"categories":[2,10],"tags":[36,50,49],"class_list":["post-38890","post","type-post","status-publish","format-standard","has-post-thumbnail","hentry","category-politique","category-toutes-les-actualites","tag-africa-press","tag-africa-press-cameroun","tag-cameroun"],"yoast_head":"<!-- This site is optimized with the Yoast SEO Premium plugin v26.1 (Yoast SEO v27.0) - https:\/\/yoast.com\/product\/yoast-seo-premium-wordpress\/ -->\n<title>La sant\u00e9 mentale d\u2019Amougou Belinga inqui\u00e8te : le commissaire du gouvernement prend une ferme d\u00e9cision - Cameroun<\/title>\n<meta name=\"description\" content=\"Il y avait de quoi craindre le pire pour Jean Pierre Amougou Belinga. Dans une correspondance adresse\u0301e au commissaire d ...\" \/>\n<meta name=\"robots\" content=\"index, follow, max-snippet:-1, max-image-preview:large, max-video-preview:-1\" \/>\n<link rel=\"canonical\" href=\"https:\/\/www.africa-press.net\/cameroun\/politique\/la-sante-mentale-damougou-belinga-inquiete-le-commissaire-du-gouvernement-prend-une-ferme-decision\" \/>\n<meta property=\"og:locale\" content=\"fr_FR\" \/>\n<meta property=\"og:type\" content=\"article\" \/>\n<meta property=\"og:title\" content=\"La sant\u00e9 mentale d\u2019Amougou Belinga inqui\u00e8te : le commissaire du gouvernement prend une ferme d\u00e9cision\" \/>\n<meta property=\"og:description\" content=\"Il y avait de quoi craindre le pire pour Jean Pierre Amougou Belinga. Dans une correspondance adresse\u0301e au commissaire d ...\" \/>\n<meta property=\"og:url\" content=\"https:\/\/www.africa-press.net\/cameroun\/politique\/la-sante-mentale-damougou-belinga-inquiete-le-commissaire-du-gouvernement-prend-une-ferme-decision\" \/>\n<meta property=\"og:site_name\" content=\"Cameroun\" \/>\n<meta property=\"article:published_time\" content=\"2023-03-10T12:36:12+00:00\" \/>\n<meta property=\"article:modified_time\" content=\"2023-03-10T12:58:57+00:00\" \/>\n<meta property=\"og:image\" content=\"https:\/\/static.africa-press.net\/cameroun\/sites\/57\/2023\/03\/postQueueImg_1678439202.27.jpg\" \/>\n\t<meta property=\"og:image:width\" content=\"720\" \/>\n\t<meta property=\"og:image:height\" content=\"360\" \/>\n\t<meta property=\"og:image:type\" content=\"image\/jpeg\" \/>\n<meta name=\"author\" content=\"cfeditorfr\" \/>\n<meta name=\"twitter:card\" content=\"summary_large_image\" \/>\n<meta name=\"twitter:label1\" content=\"\u00c9crit par\" \/>\n\t<meta name=\"twitter:data1\" content=\"cfeditorfr\" \/>\n\t<meta name=\"twitter:label2\" content=\"Dur\u00e9e de lecture estim\u00e9e\" \/>\n\t<meta name=\"twitter:data2\" content=\"2 minutes\" \/>\n<script type=\"application\/ld+json\" class=\"yoast-schema-graph\">{\"@context\":\"https:\/\/schema.org\",\"@graph\":[{\"@type\":\"Article\",\"@id\":\"https:\/\/www.africa-press.net\/cameroun\/politique\/la-sante-mentale-damougou-belinga-inquiete-le-commissaire-du-gouvernement-prend-une-ferme-decision#article\",\"isPartOf\":{\"@id\":\"https:\/\/www.africa-press.net\/cameroun\/politique\/la-sante-mentale-damougou-belinga-inquiete-le-commissaire-du-gouvernement-prend-une-ferme-decision\"},\"author\":{\"name\":\"cfeditorfr\",\"@id\":\"https:\/\/www.africa-press.net\/cameroun\/#\/schema\/person\/2b1cf3cd81a31e3cd26889ca66d677f1\"},\"headline\":\"La sant\u00e9 mentale d\u2019Amougou Belinga inqui\u00e8te : le commissaire du gouvernement prend une ferme d\u00e9cision\",\"datePublished\":\"2023-03-10T12:36:12+00:00\",\"dateModified\":\"2023-03-10T12:58:57+00:00\",\"mainEntityOfPage\":{\"@id\":\"https:\/\/www.africa-press.net\/cameroun\/politique\/la-sante-mentale-damougou-belinga-inquiete-le-commissaire-du-gouvernement-prend-une-ferme-decision\"},\"wordCount\":337,\"commentCount\":0,\"image\":{\"@id\":\"https:\/\/www.africa-press.net\/cameroun\/politique\/la-sante-mentale-damougou-belinga-inquiete-le-commissaire-du-gouvernement-prend-une-ferme-decision#primaryimage\"},\"thumbnailUrl\":\"https:\/\/static.africa-press.net\/cameroun\/sites\/57\/2023\/03\/postQueueImg_1678439202.27.jpg\",\"keywords\":[\"Africa Press\",\"Africa Press-Cameroun\",\"Cameroun\"],\"articleSection\":[\"Politique\",\"Toutes les actualit\u00e9s\"],\"inLanguage\":\"fr-FR\",\"potentialAction\":[{\"@type\":\"CommentAction\",\"name\":\"Comment\",\"target\":[\"https:\/\/www.africa-press.net\/cameroun\/politique\/la-sante-mentale-damougou-belinga-inquiete-le-commissaire-du-gouvernement-prend-une-ferme-decision#respond\"]}]},{\"@type\":\"WebPage\",\"@id\":\"https:\/\/www.africa-press.net\/cameroun\/politique\/la-sante-mentale-damougou-belinga-inquiete-le-commissaire-du-gouvernement-prend-une-ferme-decision\",\"url\":\"https:\/\/www.africa-press.net\/cameroun\/politique\/la-sante-mentale-damougou-belinga-inquiete-le-commissaire-du-gouvernement-prend-une-ferme-decision\",\"name\":\"La sant\u00e9 mentale d\u2019Amougou Belinga inqui\u00e8te : le commissaire du gouvernement prend une ferme d\u00e9cision - Cameroun\",\"isPartOf\":{\"@id\":\"https:\/\/www.africa-press.net\/cameroun\/#website\"},\"primaryImageOfPage\":{\"@id\":\"https:\/\/www.africa-press.net\/cameroun\/politique\/la-sante-mentale-damougou-belinga-inquiete-le-commissaire-du-gouvernement-prend-une-ferme-decision#primaryimage\"},\"image\":{\"@id\":\"https:\/\/www.africa-press.net\/cameroun\/politique\/la-sante-mentale-damougou-belinga-inquiete-le-commissaire-du-gouvernement-prend-une-ferme-decision#primaryimage\"},\"thumbnailUrl\":\"https:\/\/static.africa-press.net\/cameroun\/sites\/57\/2023\/03\/postQueueImg_1678439202.27.jpg\",\"datePublished\":\"2023-03-10T12:36:12+00:00\",\"dateModified\":\"2023-03-10T12:58:57+00:00\",\"author\":{\"@id\":\"https:\/\/www.africa-press.net\/cameroun\/#\/schema\/person\/2b1cf3cd81a31e3cd26889ca66d677f1\"},\"description\":\"Il y avait de quoi craindre le pire pour Jean Pierre Amougou Belinga. Dans une correspondance adresse\u0301e au commissaire d ...\",\"breadcrumb\":{\"@id\":\"https:\/\/www.africa-press.net\/cameroun\/politique\/la-sante-mentale-damougou-belinga-inquiete-le-commissaire-du-gouvernement-prend-une-ferme-decision#breadcrumb\"},\"inLanguage\":\"fr-FR\",\"potentialAction\":[{\"@type\":\"ReadAction\",\"target\":[\"https:\/\/www.africa-press.net\/cameroun\/politique\/la-sante-mentale-damougou-belinga-inquiete-le-commissaire-du-gouvernement-prend-une-ferme-decision\"]}]},{\"@type\":\"ImageObject\",\"inLanguage\":\"fr-FR\",\"@id\":\"https:\/\/www.africa-press.net\/cameroun\/politique\/la-sante-mentale-damougou-belinga-inquiete-le-commissaire-du-gouvernement-prend-une-ferme-decision#primaryimage\",\"url\":\"https:\/\/static.africa-press.net\/cameroun\/sites\/57\/2023\/03\/postQueueImg_1678439202.27.jpg\",\"contentUrl\":\"https:\/\/static.africa-press.net\/cameroun\/sites\/57\/2023\/03\/postQueueImg_1678439202.27.jpg\",\"width\":720,\"height\":360,\"caption\":\"La sant\u00e9 mentale d\u2019Amougou Belinga inqui\u00e8te : le commissaire du gouvernement prend une ferme d\u00e9cision\"},{\"@type\":\"BreadcrumbList\",\"@id\":\"https:\/\/www.africa-press.net\/cameroun\/politique\/la-sante-mentale-damougou-belinga-inquiete-le-commissaire-du-gouvernement-prend-une-ferme-decision#breadcrumb\",\"itemListElement\":[{\"@type\":\"ListItem\",\"position\":1,\"name\":\"Accueil\",\"item\":\"https:\/\/www.africa-press.net\/cameroun\/\"},{\"@type\":\"ListItem\",\"position\":2,\"name\":\"La sant\u00e9 mentale d\u2019Amougou Belinga inqui\u00e8te : le commissaire du gouvernement prend une ferme d\u00e9cision\"}]},{\"@type\":\"WebSite\",\"@id\":\"https:\/\/www.africa-press.net\/cameroun\/#website\",\"url\":\"https:\/\/www.africa-press.net\/cameroun\/\",\"name\":\"Cameroun\",\"description\":\"Just another Africa News Agency Sites site\",\"potentialAction\":[{\"@type\":\"SearchAction\",\"target\":{\"@type\":\"EntryPoint\",\"urlTemplate\":\"https:\/\/www.africa-press.net\/cameroun\/?s={search_term_string}\"},\"query-input\":{\"@type\":\"PropertyValueSpecification\",\"valueRequired\":true,\"valueName\":\"search_term_string\"}}],\"inLanguage\":\"fr-FR\"},{\"@type\":\"Person\",\"@id\":\"https:\/\/www.africa-press.net\/cameroun\/#\/schema\/person\/2b1cf3cd81a31e3cd26889ca66d677f1\",\"name\":\"cfeditorfr\"}]}<\/script>\n<!-- \/ Yoast SEO Premium plugin. -->","yoast_head_json":{"title":"La sant\u00e9 mentale d\u2019Amougou Belinga inqui\u00e8te : le commissaire du gouvernement prend une ferme d\u00e9cision - Cameroun","description":"Il y avait de quoi craindre le pire pour Jean Pierre Amougou Belinga. Dans une correspondance adresse\u0301e au commissaire d ...","robots":{"index":"index","follow":"follow","max-snippet":"max-snippet:-1","max-image-preview":"max-image-preview:large","max-video-preview":"max-video-preview:-1"},"canonical":"https:\/\/www.africa-press.net\/cameroun\/politique\/la-sante-mentale-damougou-belinga-inquiete-le-commissaire-du-gouvernement-prend-une-ferme-decision","og_locale":"fr_FR","og_type":"article","og_title":"La sant\u00e9 mentale d\u2019Amougou Belinga inqui\u00e8te : le commissaire du gouvernement prend une ferme d\u00e9cision","og_description":"Il y avait de quoi craindre le pire pour Jean Pierre Amougou Belinga. Dans une correspondance adresse\u0301e au commissaire d ...","og_url":"https:\/\/www.africa-press.net\/cameroun\/politique\/la-sante-mentale-damougou-belinga-inquiete-le-commissaire-du-gouvernement-prend-une-ferme-decision","og_site_name":"Cameroun","article_published_time":"2023-03-10T12:36:12+00:00","article_modified_time":"2023-03-10T12:58:57+00:00","og_image":[{"width":720,"height":360,"url":"https:\/\/static.africa-press.net\/cameroun\/sites\/57\/2023\/03\/postQueueImg_1678439202.27.jpg","type":"image\/jpeg"}],"author":"cfeditorfr","twitter_card":"summary_large_image","twitter_misc":{"\u00c9crit par":"cfeditorfr","Dur\u00e9e de lecture estim\u00e9e":"2 minutes"},"schema":{"@context":"https:\/\/schema.org","@graph":[{"@type":"Article","@id":"https:\/\/www.africa-press.net\/cameroun\/politique\/la-sante-mentale-damougou-belinga-inquiete-le-commissaire-du-gouvernement-prend-une-ferme-decision#article","isPartOf":{"@id":"https:\/\/www.africa-press.net\/cameroun\/politique\/la-sante-mentale-damougou-belinga-inquiete-le-commissaire-du-gouvernement-prend-une-ferme-decision"},"author":{"name":"cfeditorfr","@id":"https:\/\/www.africa-press.net\/cameroun\/#\/schema\/person\/2b1cf3cd81a31e3cd26889ca66d677f1"},"headline":"La sant\u00e9 mentale d\u2019Amougou Belinga inqui\u00e8te : le commissaire du gouvernement prend une ferme d\u00e9cision","datePublished":"2023-03-10T12:36:12+00:00","dateModified":"2023-03-10T12:58:57+00:00","mainEntityOfPage":{"@id":"https:\/\/www.africa-press.net\/cameroun\/politique\/la-sante-mentale-damougou-belinga-inquiete-le-commissaire-du-gouvernement-prend-une-ferme-decision"},"wordCount":337,"commentCount":0,"image":{"@id":"https:\/\/www.africa-press.net\/cameroun\/politique\/la-sante-mentale-damougou-belinga-inquiete-le-commissaire-du-gouvernement-prend-une-ferme-decision#primaryimage"},"thumbnailUrl":"https:\/\/static.africa-press.net\/cameroun\/sites\/57\/2023\/03\/postQueueImg_1678439202.27.jpg","keywords":["Africa Press","Africa Press-Cameroun","Cameroun"],"articleSection":["Politique","Toutes les actualit\u00e9s"],"inLanguage":"fr-FR","potentialAction":[{"@type":"CommentAction","name":"Comment","target":["https:\/\/www.africa-press.net\/cameroun\/politique\/la-sante-mentale-damougou-belinga-inquiete-le-commissaire-du-gouvernement-prend-une-ferme-decision#respond"]}]},{"@type":"WebPage","@id":"https:\/\/www.africa-press.net\/cameroun\/politique\/la-sante-mentale-damougou-belinga-inquiete-le-commissaire-du-gouvernement-prend-une-ferme-decision","url":"https:\/\/www.africa-press.net\/cameroun\/politique\/la-sante-mentale-damougou-belinga-inquiete-le-commissaire-du-gouvernement-prend-une-ferme-decision","name":"La sant\u00e9 mentale d\u2019Amougou Belinga inqui\u00e8te : le commissaire du gouvernement prend une ferme d\u00e9cision - Cameroun","isPartOf":{"@id":"https:\/\/www.africa-press.net\/cameroun\/#website"},"primaryImageOfPage":{"@id":"https:\/\/www.africa-press.net\/cameroun\/politique\/la-sante-mentale-damougou-belinga-inquiete-le-commissaire-du-gouvernement-prend-une-ferme-decision#primaryimage"},"image":{"@id":"https:\/\/www.africa-press.net\/cameroun\/politique\/la-sante-mentale-damougou-belinga-inquiete-le-commissaire-du-gouvernement-prend-une-ferme-decision#primaryimage"},"thumbnailUrl":"https:\/\/static.africa-press.net\/cameroun\/sites\/57\/2023\/03\/postQueueImg_1678439202.27.jpg","datePublished":"2023-03-10T12:36:12+00:00","dateModified":"2023-03-10T12:58:57+00:00","author":{"@id":"https:\/\/www.africa-press.net\/cameroun\/#\/schema\/person\/2b1cf3cd81a31e3cd26889ca66d677f1"},"description":"Il y avait de quoi craindre le pire pour Jean Pierre Amougou Belinga. Dans une correspondance adresse\u0301e au commissaire d ...","breadcrumb":{"@id":"https:\/\/www.africa-press.net\/cameroun\/politique\/la-sante-mentale-damougou-belinga-inquiete-le-commissaire-du-gouvernement-prend-une-ferme-decision#breadcrumb"},"inLanguage":"fr-FR","potentialAction":[{"@type":"ReadAction","target":["https:\/\/www.africa-press.net\/cameroun\/politique\/la-sante-mentale-damougou-belinga-inquiete-le-commissaire-du-gouvernement-prend-une-ferme-decision"]}]},{"@type":"ImageObject","inLanguage":"fr-FR","@id":"https:\/\/www.africa-press.net\/cameroun\/politique\/la-sante-mentale-damougou-belinga-inquiete-le-commissaire-du-gouvernement-prend-une-ferme-decision#primaryimage","url":"https:\/\/static.africa-press.net\/cameroun\/sites\/57\/2023\/03\/postQueueImg_1678439202.27.jpg","contentUrl":"https:\/\/static.africa-press.net\/cameroun\/sites\/57\/2023\/03\/postQueueImg_1678439202.27.jpg","width":720,"height":360,"caption":"La sant\u00e9 mentale d\u2019Amougou Belinga inqui\u00e8te : le commissaire du gouvernement prend une ferme d\u00e9cision"},{"@type":"BreadcrumbList","@id":"https:\/\/www.africa-press.net\/cameroun\/politique\/la-sante-mentale-damougou-belinga-inquiete-le-commissaire-du-gouvernement-prend-une-ferme-decision#breadcrumb","itemListElement":[{"@type":"ListItem","position":1,"name":"Accueil","item":"https:\/\/www.africa-press.net\/cameroun\/"},{"@type":"ListItem","position":2,"name":"La sant\u00e9 mentale d\u2019Amougou Belinga inqui\u00e8te : le commissaire du gouvernement prend une ferme d\u00e9cision"}]},{"@type":"WebSite","@id":"https:\/\/www.africa-press.net\/cameroun\/#website","url":"https:\/\/www.africa-press.net\/cameroun\/","name":"Cameroun","description":"Just another Africa News Agency Sites site","potentialAction":[{"@type":"SearchAction","target":{"@type":"EntryPoint","urlTemplate":"https:\/\/www.africa-press.net\/cameroun\/?s={search_term_string}"},"query-input":{"@type":"PropertyValueSpecification","valueRequired":true,"valueName":"search_term_string"}}],"inLanguage":"fr-FR"},{"@type":"Person","@id":"https:\/\/www.africa-press.net\/cameroun\/#\/schema\/person\/2b1cf3cd81a31e3cd26889ca66d677f1","name":"cfeditorfr"}]}},"_links":{"self":[{"href":"https:\/\/www.africa-press.net\/cameroun\/wp-json\/wp\/v2\/posts\/38890","targetHints":{"allow":["GET"]}}],"collection":[{"href":"https:\/\/www.africa-press.net\/cameroun\/wp-json\/wp\/v2\/posts"}],"about":[{"href":"https:\/\/www.africa-press.net\/cameroun\/wp-json\/wp\/v2\/types\/post"}],"author":[{"embeddable":true,"href":"https:\/\/www.africa-press.net\/cameroun\/wp-json\/wp\/v2\/users\/82"}],"replies":[{"embeddable":true,"href":"https:\/\/www.africa-press.net\/cameroun\/wp-json\/wp\/v2\/comments?post=38890"}],"version-history":[{"count":0,"href":"https:\/\/www.africa-press.net\/cameroun\/wp-json\/wp\/v2\/posts\/38890\/revisions"}],"wp:featuredmedia":[{"embeddable":true,"href":"https:\/\/www.africa-press.net\/cameroun\/wp-json\/wp\/v2\/media\/38888"}],"wp:attachment":[{"href":"https:\/\/www.africa-press.net\/cameroun\/wp-json\/wp\/v2\/media?parent=38890"}],"wp:term":[{"taxonomy":"category","embeddable":true,"href":"https:\/\/www.africa-press.net\/cameroun\/wp-json\/wp\/v2\/categories?post=38890"},{"taxonomy":"post_tag","embeddable":true,"href":"https:\/\/www.africa-press.net\/cameroun\/wp-json\/wp\/v2\/tags?post=38890"}],"curies":[{"name":"wp","href":"https:\/\/api.w.org\/{rel}","templated":true}]}}