{"id":38894,"date":"2023-03-10T12:36:47","date_gmt":"2023-03-10T12:36:47","guid":{"rendered":"https:\/\/www.africa-press.net\/cameroun\/politique\/vous-avez-pousse-ce-garcon-a-faire-betises-sur-betises-a-la-fecafoot"},"modified":"2023-03-10T12:59:42","modified_gmt":"2023-03-10T12:59:42","slug":"vous-avez-pousse-ce-garcon-a-faire-betises-sur-betises-a-la-fecafoot","status":"publish","type":"post","link":"https:\/\/www.africa-press.net\/cameroun\/sports\/vous-avez-pousse-ce-garcon-a-faire-betises-sur-betises-a-la-fecafoot","title":{"rendered":"&lsquo;Vous avez pouss\u00e9 ce gar\u00e7on \u00e0 faire b\u00eatises sur b\u00eatises \u00e0 la F\u00e9cafoot&rsquo;"},"content":{"rendered":"<p><span style=\"color: #ff6600\"><strong>Africa-Press &#8211; Cameroun. <\/strong><\/span>Samuel Eto&rsquo;o souffle une bougie de plus ce vendredi 10 mars 2023. C&rsquo;est sans doute le moment ide\u0301al pour les bilans personnels.<\/p>\n<p>Mais il n&rsquo;est pas question de bilan, pour certains soutiens de Samuel Eto&rsquo;o, qui voient en son anniversaire, l&rsquo;occasion de le couvrir d&rsquo;e\u0301loges. C&rsquo;est le cas de Martin Camus Mimb. Dans une publication, l&rsquo;ancien DG de RSI FM a qualifie\u0301 Eto&rsquo;o de \u00ab\u00a0meilleur footballeur africain de l\u2019histoire\u00a0\u00bb.<\/p>\n<p>\u00ab\u00a0JOYEUX ANNIVERSAIRE au meilleur footballeur africain de l\u2019histoire. Samuel Eto&rsquo;o. Respect . Que Dieu te be\u0301nisse abondamment et veille e\u0301ternellement sur toi\u00a0\u00bb, a e\u0301crit Mimb.<\/p>\n<p>Cette publication a courrouce\u0301 Benjamin Zebaze qui a aussito\u0302t re\u0301agi.<\/p>\n<p>\u00ab\u00a0Voici le genre de choses qui amoindrissent ta cre\u0301dibilite\u0301. Eto&rsquo;o a e\u0301te\u0301 un tre\u0300s grand footballeur et personne ne peut le contester. Pour son anniversaire, a-t-il besoin de paroles d&rsquo;une telle flagornerie ? Quels sont les crite\u0300res qui font de lui ce que tu pre\u0301tends ? Qui dans ma ge\u0301ne\u0301ration peut le placer devant Milla ?<\/p>\n<p>Vous faites tre\u0300s mal a\u0300 ce garc\u0327on en racontant n&rsquo;importe quoi. Vous l&rsquo;avez pousse\u0301 a\u0300 faire be\u0302tises sur be\u0302tises a\u0300 la Fe\u0301cafoot et maintenant il rase les murs. Malgre\u0301 c\u0327a, vous continuez\u00a0\u00bb, e\u0301crit Zebaze.<\/p>\n<p>On le sait de\u0301ja\u0300, Armand Noutack II n&rsquo;est pas d&rsquo;accord avec Zebaze. Pour lui, si Samuel Eto&rsquo;o est critique\u0301, c&rsquo;est parce qu&rsquo;il brille pluto\u0302t pas son travail et est jalouse\u0301.<\/p>\n<p>\u00ab\u00a0Une tempe\u0302te de RIGUEUR s&rsquo;abat sur Tsinga, je comprends les grincements de dents, mais d&rsquo;ici l&rsquo;anne\u0301e prochaine tout le monde sera au pas. La re\u0301adaptation est toujours difficile, surtout si on sort d&rsquo;une longue pe\u0301riode\/tradition d&rsquo;inertie, et d&rsquo;absence d&rsquo;obligation de rendre compte. Samuel Eto&rsquo;o le vrai peuple du changement sait ou\u0300 tu veux aller et il te soutient\u00a0\u00bb, e\u0301crit-il dans une publication ce jeudi.<\/p>\n<p><strong>Pour plus d&rsquo;informations et d&rsquo;analyses sur la <a href=\"https:\/\/www.africa-press.net\/cameroun\">Cameroun<\/a>, suivez <a href=\"https:\/\/www.africa-press.net\/\">Africa-Press<\/a><\/strong><\/p>\n","protected":false},"excerpt":{"rendered":"<p>Africa-Press &#8211; Cameroun. Samuel Eto&rsquo;o souffle une bougie de plus ce vendredi 10 mars 2023. C&rsquo;est sans doute le moment ide\u0301al pour les bilans personnels. Mais il n&rsquo;est pas question de bilan, pour certains soutiens de Samuel Eto&rsquo;o, qui voient en son anniversaire, l&rsquo;occasion de le couvrir d&rsquo;e\u0301loges. C&rsquo;est le cas de Martin Camus Mimb. [&hellip;]<\/p>\n","protected":false},"author":82,"featured_media":38892,"comment_status":"open","ping_status":"closed","sticky":false,"template":"","format":"standard","meta":{"footnotes":""},"categories":[6],"tags":[36,50,49],"class_list":["post-38894","post","type-post","status-publish","format-standard","has-post-thumbnail","hentry","category-sports","tag-africa-press","tag-africa-press-cameroun","tag-cameroun"],"yoast_head":"<!-- This site is optimized with the Yoast SEO Premium plugin v26.1 (Yoast SEO v27.0) - https:\/\/yoast.com\/product\/yoast-seo-premium-wordpress\/ -->\n<title>&#039;Vous avez pouss\u00e9 ce gar\u00e7on \u00e0 faire b\u00eatises sur b\u00eatises \u00e0 la F\u00e9cafoot&#039; - Cameroun<\/title>\n<meta name=\"description\" content=\"Samuel Eto&#039;o souffle une bougie de plus ce vendredi 10 mars 2023. C&#039;est sans doute le moment ide\u0301al pour les bilans pers ...\" \/>\n<meta name=\"robots\" content=\"index, follow, max-snippet:-1, max-image-preview:large, max-video-preview:-1\" \/>\n<link rel=\"canonical\" href=\"https:\/\/www.africa-press.net\/cameroun\/sports\/vous-avez-pousse-ce-garcon-a-faire-betises-sur-betises-a-la-fecafoot\" \/>\n<meta property=\"og:locale\" content=\"fr_FR\" \/>\n<meta property=\"og:type\" content=\"article\" \/>\n<meta property=\"og:title\" content=\"&#039;Vous avez pouss\u00e9 ce gar\u00e7on \u00e0 faire b\u00eatises sur b\u00eatises \u00e0 la F\u00e9cafoot&#039;\" \/>\n<meta property=\"og:description\" content=\"Samuel Eto&#039;o souffle une bougie de plus ce vendredi 10 mars 2023. C&#039;est sans doute le moment ide\u0301al pour les bilans pers ...\" \/>\n<meta property=\"og:url\" content=\"https:\/\/www.africa-press.net\/cameroun\/sports\/vous-avez-pousse-ce-garcon-a-faire-betises-sur-betises-a-la-fecafoot\" \/>\n<meta property=\"og:site_name\" content=\"Cameroun\" \/>\n<meta property=\"article:published_time\" content=\"2023-03-10T12:36:47+00:00\" \/>\n<meta property=\"article:modified_time\" content=\"2023-03-10T12:59:42+00:00\" \/>\n<meta property=\"og:image\" content=\"https:\/\/static.africa-press.net\/cameroun\/sites\/57\/2023\/03\/postQueueImg_1678439212.46.jpg\" \/>\n\t<meta property=\"og:image:width\" content=\"720\" \/>\n\t<meta property=\"og:image:height\" content=\"456\" \/>\n\t<meta property=\"og:image:type\" content=\"image\/jpeg\" \/>\n<meta name=\"author\" content=\"cfeditorfr\" \/>\n<meta name=\"twitter:card\" content=\"summary_large_image\" \/>\n<meta name=\"twitter:label1\" content=\"\u00c9crit par\" \/>\n\t<meta name=\"twitter:data1\" content=\"cfeditorfr\" \/>\n\t<meta name=\"twitter:label2\" content=\"Dur\u00e9e de lecture estim\u00e9e\" \/>\n\t<meta name=\"twitter:data2\" content=\"2 minutes\" \/>\n<script type=\"application\/ld+json\" class=\"yoast-schema-graph\">{\"@context\":\"https:\/\/schema.org\",\"@graph\":[{\"@type\":\"Article\",\"@id\":\"https:\/\/www.africa-press.net\/cameroun\/sports\/vous-avez-pousse-ce-garcon-a-faire-betises-sur-betises-a-la-fecafoot#article\",\"isPartOf\":{\"@id\":\"https:\/\/www.africa-press.net\/cameroun\/sports\/vous-avez-pousse-ce-garcon-a-faire-betises-sur-betises-a-la-fecafoot\"},\"author\":{\"name\":\"cfeditorfr\",\"@id\":\"https:\/\/www.africa-press.net\/cameroun\/#\/schema\/person\/2b1cf3cd81a31e3cd26889ca66d677f1\"},\"headline\":\"&lsquo;Vous avez pouss\u00e9 ce gar\u00e7on \u00e0 faire b\u00eatises sur b\u00eatises \u00e0 la F\u00e9cafoot&rsquo;\",\"datePublished\":\"2023-03-10T12:36:47+00:00\",\"dateModified\":\"2023-03-10T12:59:42+00:00\",\"mainEntityOfPage\":{\"@id\":\"https:\/\/www.africa-press.net\/cameroun\/sports\/vous-avez-pousse-ce-garcon-a-faire-betises-sur-betises-a-la-fecafoot\"},\"wordCount\":370,\"commentCount\":0,\"image\":{\"@id\":\"https:\/\/www.africa-press.net\/cameroun\/sports\/vous-avez-pousse-ce-garcon-a-faire-betises-sur-betises-a-la-fecafoot#primaryimage\"},\"thumbnailUrl\":\"https:\/\/static.africa-press.net\/cameroun\/sites\/57\/2023\/03\/postQueueImg_1678439212.46.jpg\",\"keywords\":[\"Africa Press\",\"Africa Press-Cameroun\",\"Cameroun\"],\"articleSection\":[\"Sports\"],\"inLanguage\":\"fr-FR\",\"potentialAction\":[{\"@type\":\"CommentAction\",\"name\":\"Comment\",\"target\":[\"https:\/\/www.africa-press.net\/cameroun\/sports\/vous-avez-pousse-ce-garcon-a-faire-betises-sur-betises-a-la-fecafoot#respond\"]}]},{\"@type\":\"WebPage\",\"@id\":\"https:\/\/www.africa-press.net\/cameroun\/sports\/vous-avez-pousse-ce-garcon-a-faire-betises-sur-betises-a-la-fecafoot\",\"url\":\"https:\/\/www.africa-press.net\/cameroun\/sports\/vous-avez-pousse-ce-garcon-a-faire-betises-sur-betises-a-la-fecafoot\",\"name\":\"'Vous avez pouss\u00e9 ce gar\u00e7on \u00e0 faire b\u00eatises sur b\u00eatises \u00e0 la F\u00e9cafoot' - Cameroun\",\"isPartOf\":{\"@id\":\"https:\/\/www.africa-press.net\/cameroun\/#website\"},\"primaryImageOfPage\":{\"@id\":\"https:\/\/www.africa-press.net\/cameroun\/sports\/vous-avez-pousse-ce-garcon-a-faire-betises-sur-betises-a-la-fecafoot#primaryimage\"},\"image\":{\"@id\":\"https:\/\/www.africa-press.net\/cameroun\/sports\/vous-avez-pousse-ce-garcon-a-faire-betises-sur-betises-a-la-fecafoot#primaryimage\"},\"thumbnailUrl\":\"https:\/\/static.africa-press.net\/cameroun\/sites\/57\/2023\/03\/postQueueImg_1678439212.46.jpg\",\"datePublished\":\"2023-03-10T12:36:47+00:00\",\"dateModified\":\"2023-03-10T12:59:42+00:00\",\"author\":{\"@id\":\"https:\/\/www.africa-press.net\/cameroun\/#\/schema\/person\/2b1cf3cd81a31e3cd26889ca66d677f1\"},\"description\":\"Samuel Eto'o souffle une bougie de plus ce vendredi 10 mars 2023. C'est sans doute le moment ide\u0301al pour les bilans pers ...\",\"breadcrumb\":{\"@id\":\"https:\/\/www.africa-press.net\/cameroun\/sports\/vous-avez-pousse-ce-garcon-a-faire-betises-sur-betises-a-la-fecafoot#breadcrumb\"},\"inLanguage\":\"fr-FR\",\"potentialAction\":[{\"@type\":\"ReadAction\",\"target\":[\"https:\/\/www.africa-press.net\/cameroun\/sports\/vous-avez-pousse-ce-garcon-a-faire-betises-sur-betises-a-la-fecafoot\"]}]},{\"@type\":\"ImageObject\",\"inLanguage\":\"fr-FR\",\"@id\":\"https:\/\/www.africa-press.net\/cameroun\/sports\/vous-avez-pousse-ce-garcon-a-faire-betises-sur-betises-a-la-fecafoot#primaryimage\",\"url\":\"https:\/\/static.africa-press.net\/cameroun\/sites\/57\/2023\/03\/postQueueImg_1678439212.46.jpg\",\"contentUrl\":\"https:\/\/static.africa-press.net\/cameroun\/sites\/57\/2023\/03\/postQueueImg_1678439212.46.jpg\",\"width\":720,\"height\":456,\"caption\":\"'Vous avez pouss\u00e9 ce gar\u00e7on \u00e0 faire b\u00eatises sur b\u00eatises \u00e0 la F\u00e9cafoot'\"},{\"@type\":\"BreadcrumbList\",\"@id\":\"https:\/\/www.africa-press.net\/cameroun\/sports\/vous-avez-pousse-ce-garcon-a-faire-betises-sur-betises-a-la-fecafoot#breadcrumb\",\"itemListElement\":[{\"@type\":\"ListItem\",\"position\":1,\"name\":\"Accueil\",\"item\":\"https:\/\/www.africa-press.net\/cameroun\/\"},{\"@type\":\"ListItem\",\"position\":2,\"name\":\"&lsquo;Vous avez pouss\u00e9 ce gar\u00e7on \u00e0 faire b\u00eatises sur b\u00eatises \u00e0 la F\u00e9cafoot&rsquo;\"}]},{\"@type\":\"WebSite\",\"@id\":\"https:\/\/www.africa-press.net\/cameroun\/#website\",\"url\":\"https:\/\/www.africa-press.net\/cameroun\/\",\"name\":\"Cameroun\",\"description\":\"Just another Africa News Agency Sites site\",\"potentialAction\":[{\"@type\":\"SearchAction\",\"target\":{\"@type\":\"EntryPoint\",\"urlTemplate\":\"https:\/\/www.africa-press.net\/cameroun\/?s={search_term_string}\"},\"query-input\":{\"@type\":\"PropertyValueSpecification\",\"valueRequired\":true,\"valueName\":\"search_term_string\"}}],\"inLanguage\":\"fr-FR\"},{\"@type\":\"Person\",\"@id\":\"https:\/\/www.africa-press.net\/cameroun\/#\/schema\/person\/2b1cf3cd81a31e3cd26889ca66d677f1\",\"name\":\"cfeditorfr\"}]}<\/script>\n<!-- \/ Yoast SEO Premium plugin. -->","yoast_head_json":{"title":"'Vous avez pouss\u00e9 ce gar\u00e7on \u00e0 faire b\u00eatises sur b\u00eatises \u00e0 la F\u00e9cafoot' - Cameroun","description":"Samuel Eto'o souffle une bougie de plus ce vendredi 10 mars 2023. C'est sans doute le moment ide\u0301al pour les bilans pers ...","robots":{"index":"index","follow":"follow","max-snippet":"max-snippet:-1","max-image-preview":"max-image-preview:large","max-video-preview":"max-video-preview:-1"},"canonical":"https:\/\/www.africa-press.net\/cameroun\/sports\/vous-avez-pousse-ce-garcon-a-faire-betises-sur-betises-a-la-fecafoot","og_locale":"fr_FR","og_type":"article","og_title":"'Vous avez pouss\u00e9 ce gar\u00e7on \u00e0 faire b\u00eatises sur b\u00eatises \u00e0 la F\u00e9cafoot'","og_description":"Samuel Eto'o souffle une bougie de plus ce vendredi 10 mars 2023. C'est sans doute le moment ide\u0301al pour les bilans pers ...","og_url":"https:\/\/www.africa-press.net\/cameroun\/sports\/vous-avez-pousse-ce-garcon-a-faire-betises-sur-betises-a-la-fecafoot","og_site_name":"Cameroun","article_published_time":"2023-03-10T12:36:47+00:00","article_modified_time":"2023-03-10T12:59:42+00:00","og_image":[{"width":720,"height":456,"url":"https:\/\/static.africa-press.net\/cameroun\/sites\/57\/2023\/03\/postQueueImg_1678439212.46.jpg","type":"image\/jpeg"}],"author":"cfeditorfr","twitter_card":"summary_large_image","twitter_misc":{"\u00c9crit par":"cfeditorfr","Dur\u00e9e de lecture estim\u00e9e":"2 minutes"},"schema":{"@context":"https:\/\/schema.org","@graph":[{"@type":"Article","@id":"https:\/\/www.africa-press.net\/cameroun\/sports\/vous-avez-pousse-ce-garcon-a-faire-betises-sur-betises-a-la-fecafoot#article","isPartOf":{"@id":"https:\/\/www.africa-press.net\/cameroun\/sports\/vous-avez-pousse-ce-garcon-a-faire-betises-sur-betises-a-la-fecafoot"},"author":{"name":"cfeditorfr","@id":"https:\/\/www.africa-press.net\/cameroun\/#\/schema\/person\/2b1cf3cd81a31e3cd26889ca66d677f1"},"headline":"&lsquo;Vous avez pouss\u00e9 ce gar\u00e7on \u00e0 faire b\u00eatises sur b\u00eatises \u00e0 la F\u00e9cafoot&rsquo;","datePublished":"2023-03-10T12:36:47+00:00","dateModified":"2023-03-10T12:59:42+00:00","mainEntityOfPage":{"@id":"https:\/\/www.africa-press.net\/cameroun\/sports\/vous-avez-pousse-ce-garcon-a-faire-betises-sur-betises-a-la-fecafoot"},"wordCount":370,"commentCount":0,"image":{"@id":"https:\/\/www.africa-press.net\/cameroun\/sports\/vous-avez-pousse-ce-garcon-a-faire-betises-sur-betises-a-la-fecafoot#primaryimage"},"thumbnailUrl":"https:\/\/static.africa-press.net\/cameroun\/sites\/57\/2023\/03\/postQueueImg_1678439212.46.jpg","keywords":["Africa Press","Africa Press-Cameroun","Cameroun"],"articleSection":["Sports"],"inLanguage":"fr-FR","potentialAction":[{"@type":"CommentAction","name":"Comment","target":["https:\/\/www.africa-press.net\/cameroun\/sports\/vous-avez-pousse-ce-garcon-a-faire-betises-sur-betises-a-la-fecafoot#respond"]}]},{"@type":"WebPage","@id":"https:\/\/www.africa-press.net\/cameroun\/sports\/vous-avez-pousse-ce-garcon-a-faire-betises-sur-betises-a-la-fecafoot","url":"https:\/\/www.africa-press.net\/cameroun\/sports\/vous-avez-pousse-ce-garcon-a-faire-betises-sur-betises-a-la-fecafoot","name":"'Vous avez pouss\u00e9 ce gar\u00e7on \u00e0 faire b\u00eatises sur b\u00eatises \u00e0 la F\u00e9cafoot' - Cameroun","isPartOf":{"@id":"https:\/\/www.africa-press.net\/cameroun\/#website"},"primaryImageOfPage":{"@id":"https:\/\/www.africa-press.net\/cameroun\/sports\/vous-avez-pousse-ce-garcon-a-faire-betises-sur-betises-a-la-fecafoot#primaryimage"},"image":{"@id":"https:\/\/www.africa-press.net\/cameroun\/sports\/vous-avez-pousse-ce-garcon-a-faire-betises-sur-betises-a-la-fecafoot#primaryimage"},"thumbnailUrl":"https:\/\/static.africa-press.net\/cameroun\/sites\/57\/2023\/03\/postQueueImg_1678439212.46.jpg","datePublished":"2023-03-10T12:36:47+00:00","dateModified":"2023-03-10T12:59:42+00:00","author":{"@id":"https:\/\/www.africa-press.net\/cameroun\/#\/schema\/person\/2b1cf3cd81a31e3cd26889ca66d677f1"},"description":"Samuel Eto'o souffle une bougie de plus ce vendredi 10 mars 2023. C'est sans doute le moment ide\u0301al pour les bilans pers ...","breadcrumb":{"@id":"https:\/\/www.africa-press.net\/cameroun\/sports\/vous-avez-pousse-ce-garcon-a-faire-betises-sur-betises-a-la-fecafoot#breadcrumb"},"inLanguage":"fr-FR","potentialAction":[{"@type":"ReadAction","target":["https:\/\/www.africa-press.net\/cameroun\/sports\/vous-avez-pousse-ce-garcon-a-faire-betises-sur-betises-a-la-fecafoot"]}]},{"@type":"ImageObject","inLanguage":"fr-FR","@id":"https:\/\/www.africa-press.net\/cameroun\/sports\/vous-avez-pousse-ce-garcon-a-faire-betises-sur-betises-a-la-fecafoot#primaryimage","url":"https:\/\/static.africa-press.net\/cameroun\/sites\/57\/2023\/03\/postQueueImg_1678439212.46.jpg","contentUrl":"https:\/\/static.africa-press.net\/cameroun\/sites\/57\/2023\/03\/postQueueImg_1678439212.46.jpg","width":720,"height":456,"caption":"'Vous avez pouss\u00e9 ce gar\u00e7on \u00e0 faire b\u00eatises sur b\u00eatises \u00e0 la F\u00e9cafoot'"},{"@type":"BreadcrumbList","@id":"https:\/\/www.africa-press.net\/cameroun\/sports\/vous-avez-pousse-ce-garcon-a-faire-betises-sur-betises-a-la-fecafoot#breadcrumb","itemListElement":[{"@type":"ListItem","position":1,"name":"Accueil","item":"https:\/\/www.africa-press.net\/cameroun\/"},{"@type":"ListItem","position":2,"name":"&lsquo;Vous avez pouss\u00e9 ce gar\u00e7on \u00e0 faire b\u00eatises sur b\u00eatises \u00e0 la F\u00e9cafoot&rsquo;"}]},{"@type":"WebSite","@id":"https:\/\/www.africa-press.net\/cameroun\/#website","url":"https:\/\/www.africa-press.net\/cameroun\/","name":"Cameroun","description":"Just another Africa News Agency Sites site","potentialAction":[{"@type":"SearchAction","target":{"@type":"EntryPoint","urlTemplate":"https:\/\/www.africa-press.net\/cameroun\/?s={search_term_string}"},"query-input":{"@type":"PropertyValueSpecification","valueRequired":true,"valueName":"search_term_string"}}],"inLanguage":"fr-FR"},{"@type":"Person","@id":"https:\/\/www.africa-press.net\/cameroun\/#\/schema\/person\/2b1cf3cd81a31e3cd26889ca66d677f1","name":"cfeditorfr"}]}},"_links":{"self":[{"href":"https:\/\/www.africa-press.net\/cameroun\/wp-json\/wp\/v2\/posts\/38894","targetHints":{"allow":["GET"]}}],"collection":[{"href":"https:\/\/www.africa-press.net\/cameroun\/wp-json\/wp\/v2\/posts"}],"about":[{"href":"https:\/\/www.africa-press.net\/cameroun\/wp-json\/wp\/v2\/types\/post"}],"author":[{"embeddable":true,"href":"https:\/\/www.africa-press.net\/cameroun\/wp-json\/wp\/v2\/users\/82"}],"replies":[{"embeddable":true,"href":"https:\/\/www.africa-press.net\/cameroun\/wp-json\/wp\/v2\/comments?post=38894"}],"version-history":[{"count":0,"href":"https:\/\/www.africa-press.net\/cameroun\/wp-json\/wp\/v2\/posts\/38894\/revisions"}],"wp:featuredmedia":[{"embeddable":true,"href":"https:\/\/www.africa-press.net\/cameroun\/wp-json\/wp\/v2\/media\/38892"}],"wp:attachment":[{"href":"https:\/\/www.africa-press.net\/cameroun\/wp-json\/wp\/v2\/media?parent=38894"}],"wp:term":[{"taxonomy":"category","embeddable":true,"href":"https:\/\/www.africa-press.net\/cameroun\/wp-json\/wp\/v2\/categories?post=38894"},{"taxonomy":"post_tag","embeddable":true,"href":"https:\/\/www.africa-press.net\/cameroun\/wp-json\/wp\/v2\/tags?post=38894"}],"curies":[{"name":"wp","href":"https:\/\/api.w.org\/{rel}","templated":true}]}}