{"id":38898,"date":"2023-03-10T12:36:54","date_gmt":"2023-03-10T12:36:54","guid":{"rendered":"https:\/\/www.africa-press.net\/cameroun\/politique\/succession-cest-officiel-enfin-la-fin-de-mandat-de-paul-biya"},"modified":"2023-03-10T13:00:35","modified_gmt":"2023-03-10T13:00:35","slug":"succession-cest-officiel-enfin-la-fin-de-mandat-de-paul-biya","status":"publish","type":"post","link":"https:\/\/www.africa-press.net\/cameroun\/politique\/succession-cest-officiel-enfin-la-fin-de-mandat-de-paul-biya","title":{"rendered":"Succession : c&rsquo;est officiel, enfin la fin de mandat de Paul Biya"},"content":{"rendered":"<p><span style=\"color: #ff6600\"><strong>Africa-Press &#8211; Cameroun. <\/strong><\/span>La succession de Paul Biya est enfin officiellement lance\u0301e et les hostilite\u0301s peuvent commencer dans les prochains jours. Les chefs d\u2019E\u0301tat de la Communaute\u0301 e\u0301conomique et mone\u0301taire de l\u2019Afrique centrale (Cemac) sont convoque\u0301s a\u0300 Yaounde\u0301 le 17 mars 2023 par le pre\u0301sident de l&rsquo;organisation sous-re\u0301gionale depuis trop longtemps Paul Biya.<\/p>\n<p>A en croire des sources me\u0301diatiques telles que le Journal du Cameroun par exemple, cette rencontre des chefs d\u2019Etats de la Cemac sera l\u2019occasion pour les acteurs d\u2019aborder plusieurs sujets importants. Parmi ceux-ci, les chefs d\u2019Etat parleront des reformes e\u0301conomiques, de la cryptomonnaies, etc mais surtout la question de la fin de son mandat sera aborde\u0301e.<\/p>\n<p>\u00ab Conforme\u0301ment au principe de rotation alphabe\u0301tique des postes adopte\u0301 par la communaute\u0301 le 17 janvier 2010, Paul Biya, Pre\u0301sident du Cameroun doit ce\u0301der la place au pre\u0301sident centrafricain Faustin Archange Touadera. Le chef d\u2019Etat camerounais assure ce poste depuis mars 2019 \u00bb e\u0301crit le confre\u0300re.<\/p>\n<p>Poursuivant, le confre\u0300re estime que ce changement a\u0300 la te\u0302te de la Cemac pourrait tre\u0300s certainement entrainer d\u2019autres changements de leaders au sommet de plusieurs institutions de la sous-re\u0301gion. Entre autres la Cosumaf tenue actuellement par le Tchadien Nagoum Yamassoum va en principe e\u0302tre dirige\u0301e de\u0301sormais par un camerounais. Aussi, la Commission de la Cemac actuellement dirige\u0301e par le Gabonais Daniel Ona Ondo va revenir a\u0300 un e\u0301quato-guine\u0301en, Nous y reviendrons.<\/p>\n<p><strong>Pour plus d&rsquo;informations et d&rsquo;analyses sur la <a href=\"https:\/\/www.africa-press.net\/cameroun\">Cameroun<\/a>, suivez <a href=\"https:\/\/www.africa-press.net\/\">Africa-Press<\/a><\/strong><\/p>\n","protected":false},"excerpt":{"rendered":"<p>Africa-Press &#8211; Cameroun. La succession de Paul Biya est enfin officiellement lance\u0301e et les hostilite\u0301s peuvent commencer dans les prochains jours. Les chefs d\u2019E\u0301tat de la Communaute\u0301 e\u0301conomique et mone\u0301taire de l\u2019Afrique centrale (Cemac) sont convoque\u0301s a\u0300 Yaounde\u0301 le 17 mars 2023 par le pre\u0301sident de l&rsquo;organisation sous-re\u0301gionale depuis trop longtemps Paul Biya. A en [&hellip;]<\/p>\n","protected":false},"author":82,"featured_media":38896,"comment_status":"open","ping_status":"closed","sticky":false,"template":"","format":"standard","meta":{"footnotes":""},"categories":[2,10],"tags":[36,50,49],"class_list":["post-38898","post","type-post","status-publish","format-standard","has-post-thumbnail","hentry","category-politique","category-toutes-les-actualites","tag-africa-press","tag-africa-press-cameroun","tag-cameroun"],"yoast_head":"<!-- This site is optimized with the Yoast SEO Premium plugin v26.1 (Yoast SEO v27.0) - https:\/\/yoast.com\/product\/yoast-seo-premium-wordpress\/ -->\n<title>Succession : c&#039;est officiel, enfin la fin de mandat de Paul Biya - Cameroun<\/title>\n<meta name=\"description\" content=\"La succession de Paul Biya est enfin officiellement lance\u0301e et les hostilite\u0301s peuvent commencer dans les prochains jour ...\" \/>\n<meta name=\"robots\" content=\"index, follow, max-snippet:-1, max-image-preview:large, max-video-preview:-1\" \/>\n<link rel=\"canonical\" href=\"https:\/\/www.africa-press.net\/cameroun\/politique\/succession-cest-officiel-enfin-la-fin-de-mandat-de-paul-biya\" \/>\n<meta property=\"og:locale\" content=\"fr_FR\" \/>\n<meta property=\"og:type\" content=\"article\" \/>\n<meta property=\"og:title\" content=\"Succession : c&#039;est officiel, enfin la fin de mandat de Paul Biya\" \/>\n<meta property=\"og:description\" content=\"La succession de Paul Biya est enfin officiellement lance\u0301e et les hostilite\u0301s peuvent commencer dans les prochains jour ...\" \/>\n<meta property=\"og:url\" content=\"https:\/\/www.africa-press.net\/cameroun\/politique\/succession-cest-officiel-enfin-la-fin-de-mandat-de-paul-biya\" \/>\n<meta property=\"og:site_name\" content=\"Cameroun\" \/>\n<meta property=\"article:published_time\" content=\"2023-03-10T12:36:54+00:00\" \/>\n<meta property=\"article:modified_time\" content=\"2023-03-10T13:00:35+00:00\" \/>\n<meta property=\"og:image\" content=\"https:\/\/static.africa-press.net\/cameroun\/sites\/57\/2023\/03\/postQueueImg_1678439217.91.jpg\" \/>\n\t<meta property=\"og:image:width\" content=\"720\" \/>\n\t<meta property=\"og:image:height\" content=\"480\" \/>\n\t<meta property=\"og:image:type\" content=\"image\/jpeg\" \/>\n<meta name=\"author\" content=\"cfeditorfr\" \/>\n<meta name=\"twitter:card\" content=\"summary_large_image\" \/>\n<meta name=\"twitter:label1\" content=\"\u00c9crit par\" \/>\n\t<meta name=\"twitter:data1\" content=\"cfeditorfr\" \/>\n\t<meta name=\"twitter:label2\" content=\"Dur\u00e9e de lecture estim\u00e9e\" \/>\n\t<meta name=\"twitter:data2\" content=\"1 minute\" \/>\n<script type=\"application\/ld+json\" class=\"yoast-schema-graph\">{\"@context\":\"https:\/\/schema.org\",\"@graph\":[{\"@type\":\"Article\",\"@id\":\"https:\/\/www.africa-press.net\/cameroun\/politique\/succession-cest-officiel-enfin-la-fin-de-mandat-de-paul-biya#article\",\"isPartOf\":{\"@id\":\"https:\/\/www.africa-press.net\/cameroun\/politique\/succession-cest-officiel-enfin-la-fin-de-mandat-de-paul-biya\"},\"author\":{\"name\":\"cfeditorfr\",\"@id\":\"https:\/\/www.africa-press.net\/cameroun\/#\/schema\/person\/2b1cf3cd81a31e3cd26889ca66d677f1\"},\"headline\":\"Succession : c&rsquo;est officiel, enfin la fin de mandat de Paul Biya\",\"datePublished\":\"2023-03-10T12:36:54+00:00\",\"dateModified\":\"2023-03-10T13:00:35+00:00\",\"mainEntityOfPage\":{\"@id\":\"https:\/\/www.africa-press.net\/cameroun\/politique\/succession-cest-officiel-enfin-la-fin-de-mandat-de-paul-biya\"},\"wordCount\":280,\"commentCount\":0,\"image\":{\"@id\":\"https:\/\/www.africa-press.net\/cameroun\/politique\/succession-cest-officiel-enfin-la-fin-de-mandat-de-paul-biya#primaryimage\"},\"thumbnailUrl\":\"https:\/\/static.africa-press.net\/cameroun\/sites\/57\/2023\/03\/postQueueImg_1678439217.91.jpg\",\"keywords\":[\"Africa Press\",\"Africa Press-Cameroun\",\"Cameroun\"],\"articleSection\":[\"Politique\",\"Toutes les actualit\u00e9s\"],\"inLanguage\":\"fr-FR\",\"potentialAction\":[{\"@type\":\"CommentAction\",\"name\":\"Comment\",\"target\":[\"https:\/\/www.africa-press.net\/cameroun\/politique\/succession-cest-officiel-enfin-la-fin-de-mandat-de-paul-biya#respond\"]}]},{\"@type\":\"WebPage\",\"@id\":\"https:\/\/www.africa-press.net\/cameroun\/politique\/succession-cest-officiel-enfin-la-fin-de-mandat-de-paul-biya\",\"url\":\"https:\/\/www.africa-press.net\/cameroun\/politique\/succession-cest-officiel-enfin-la-fin-de-mandat-de-paul-biya\",\"name\":\"Succession : c'est officiel, enfin la fin de mandat de Paul Biya - Cameroun\",\"isPartOf\":{\"@id\":\"https:\/\/www.africa-press.net\/cameroun\/#website\"},\"primaryImageOfPage\":{\"@id\":\"https:\/\/www.africa-press.net\/cameroun\/politique\/succession-cest-officiel-enfin-la-fin-de-mandat-de-paul-biya#primaryimage\"},\"image\":{\"@id\":\"https:\/\/www.africa-press.net\/cameroun\/politique\/succession-cest-officiel-enfin-la-fin-de-mandat-de-paul-biya#primaryimage\"},\"thumbnailUrl\":\"https:\/\/static.africa-press.net\/cameroun\/sites\/57\/2023\/03\/postQueueImg_1678439217.91.jpg\",\"datePublished\":\"2023-03-10T12:36:54+00:00\",\"dateModified\":\"2023-03-10T13:00:35+00:00\",\"author\":{\"@id\":\"https:\/\/www.africa-press.net\/cameroun\/#\/schema\/person\/2b1cf3cd81a31e3cd26889ca66d677f1\"},\"description\":\"La succession de Paul Biya est enfin officiellement lance\u0301e et les hostilite\u0301s peuvent commencer dans les prochains jour ...\",\"breadcrumb\":{\"@id\":\"https:\/\/www.africa-press.net\/cameroun\/politique\/succession-cest-officiel-enfin-la-fin-de-mandat-de-paul-biya#breadcrumb\"},\"inLanguage\":\"fr-FR\",\"potentialAction\":[{\"@type\":\"ReadAction\",\"target\":[\"https:\/\/www.africa-press.net\/cameroun\/politique\/succession-cest-officiel-enfin-la-fin-de-mandat-de-paul-biya\"]}]},{\"@type\":\"ImageObject\",\"inLanguage\":\"fr-FR\",\"@id\":\"https:\/\/www.africa-press.net\/cameroun\/politique\/succession-cest-officiel-enfin-la-fin-de-mandat-de-paul-biya#primaryimage\",\"url\":\"https:\/\/static.africa-press.net\/cameroun\/sites\/57\/2023\/03\/postQueueImg_1678439217.91.jpg\",\"contentUrl\":\"https:\/\/static.africa-press.net\/cameroun\/sites\/57\/2023\/03\/postQueueImg_1678439217.91.jpg\",\"width\":720,\"height\":480,\"caption\":\"Succession : c'est officiel, enfin la fin de mandat de Paul Biya\"},{\"@type\":\"BreadcrumbList\",\"@id\":\"https:\/\/www.africa-press.net\/cameroun\/politique\/succession-cest-officiel-enfin-la-fin-de-mandat-de-paul-biya#breadcrumb\",\"itemListElement\":[{\"@type\":\"ListItem\",\"position\":1,\"name\":\"Accueil\",\"item\":\"https:\/\/www.africa-press.net\/cameroun\/\"},{\"@type\":\"ListItem\",\"position\":2,\"name\":\"Succession : c&rsquo;est officiel, enfin la fin de mandat de Paul Biya\"}]},{\"@type\":\"WebSite\",\"@id\":\"https:\/\/www.africa-press.net\/cameroun\/#website\",\"url\":\"https:\/\/www.africa-press.net\/cameroun\/\",\"name\":\"Cameroun\",\"description\":\"Just another Africa News Agency Sites site\",\"potentialAction\":[{\"@type\":\"SearchAction\",\"target\":{\"@type\":\"EntryPoint\",\"urlTemplate\":\"https:\/\/www.africa-press.net\/cameroun\/?s={search_term_string}\"},\"query-input\":{\"@type\":\"PropertyValueSpecification\",\"valueRequired\":true,\"valueName\":\"search_term_string\"}}],\"inLanguage\":\"fr-FR\"},{\"@type\":\"Person\",\"@id\":\"https:\/\/www.africa-press.net\/cameroun\/#\/schema\/person\/2b1cf3cd81a31e3cd26889ca66d677f1\",\"name\":\"cfeditorfr\"}]}<\/script>\n<!-- \/ Yoast SEO Premium plugin. -->","yoast_head_json":{"title":"Succession : c'est officiel, enfin la fin de mandat de Paul Biya - Cameroun","description":"La succession de Paul Biya est enfin officiellement lance\u0301e et les hostilite\u0301s peuvent commencer dans les prochains jour ...","robots":{"index":"index","follow":"follow","max-snippet":"max-snippet:-1","max-image-preview":"max-image-preview:large","max-video-preview":"max-video-preview:-1"},"canonical":"https:\/\/www.africa-press.net\/cameroun\/politique\/succession-cest-officiel-enfin-la-fin-de-mandat-de-paul-biya","og_locale":"fr_FR","og_type":"article","og_title":"Succession : c'est officiel, enfin la fin de mandat de Paul Biya","og_description":"La succession de Paul Biya est enfin officiellement lance\u0301e et les hostilite\u0301s peuvent commencer dans les prochains jour ...","og_url":"https:\/\/www.africa-press.net\/cameroun\/politique\/succession-cest-officiel-enfin-la-fin-de-mandat-de-paul-biya","og_site_name":"Cameroun","article_published_time":"2023-03-10T12:36:54+00:00","article_modified_time":"2023-03-10T13:00:35+00:00","og_image":[{"width":720,"height":480,"url":"https:\/\/static.africa-press.net\/cameroun\/sites\/57\/2023\/03\/postQueueImg_1678439217.91.jpg","type":"image\/jpeg"}],"author":"cfeditorfr","twitter_card":"summary_large_image","twitter_misc":{"\u00c9crit par":"cfeditorfr","Dur\u00e9e de lecture estim\u00e9e":"1 minute"},"schema":{"@context":"https:\/\/schema.org","@graph":[{"@type":"Article","@id":"https:\/\/www.africa-press.net\/cameroun\/politique\/succession-cest-officiel-enfin-la-fin-de-mandat-de-paul-biya#article","isPartOf":{"@id":"https:\/\/www.africa-press.net\/cameroun\/politique\/succession-cest-officiel-enfin-la-fin-de-mandat-de-paul-biya"},"author":{"name":"cfeditorfr","@id":"https:\/\/www.africa-press.net\/cameroun\/#\/schema\/person\/2b1cf3cd81a31e3cd26889ca66d677f1"},"headline":"Succession : c&rsquo;est officiel, enfin la fin de mandat de Paul Biya","datePublished":"2023-03-10T12:36:54+00:00","dateModified":"2023-03-10T13:00:35+00:00","mainEntityOfPage":{"@id":"https:\/\/www.africa-press.net\/cameroun\/politique\/succession-cest-officiel-enfin-la-fin-de-mandat-de-paul-biya"},"wordCount":280,"commentCount":0,"image":{"@id":"https:\/\/www.africa-press.net\/cameroun\/politique\/succession-cest-officiel-enfin-la-fin-de-mandat-de-paul-biya#primaryimage"},"thumbnailUrl":"https:\/\/static.africa-press.net\/cameroun\/sites\/57\/2023\/03\/postQueueImg_1678439217.91.jpg","keywords":["Africa Press","Africa Press-Cameroun","Cameroun"],"articleSection":["Politique","Toutes les actualit\u00e9s"],"inLanguage":"fr-FR","potentialAction":[{"@type":"CommentAction","name":"Comment","target":["https:\/\/www.africa-press.net\/cameroun\/politique\/succession-cest-officiel-enfin-la-fin-de-mandat-de-paul-biya#respond"]}]},{"@type":"WebPage","@id":"https:\/\/www.africa-press.net\/cameroun\/politique\/succession-cest-officiel-enfin-la-fin-de-mandat-de-paul-biya","url":"https:\/\/www.africa-press.net\/cameroun\/politique\/succession-cest-officiel-enfin-la-fin-de-mandat-de-paul-biya","name":"Succession : c'est officiel, enfin la fin de mandat de Paul Biya - Cameroun","isPartOf":{"@id":"https:\/\/www.africa-press.net\/cameroun\/#website"},"primaryImageOfPage":{"@id":"https:\/\/www.africa-press.net\/cameroun\/politique\/succession-cest-officiel-enfin-la-fin-de-mandat-de-paul-biya#primaryimage"},"image":{"@id":"https:\/\/www.africa-press.net\/cameroun\/politique\/succession-cest-officiel-enfin-la-fin-de-mandat-de-paul-biya#primaryimage"},"thumbnailUrl":"https:\/\/static.africa-press.net\/cameroun\/sites\/57\/2023\/03\/postQueueImg_1678439217.91.jpg","datePublished":"2023-03-10T12:36:54+00:00","dateModified":"2023-03-10T13:00:35+00:00","author":{"@id":"https:\/\/www.africa-press.net\/cameroun\/#\/schema\/person\/2b1cf3cd81a31e3cd26889ca66d677f1"},"description":"La succession de Paul Biya est enfin officiellement lance\u0301e et les hostilite\u0301s peuvent commencer dans les prochains jour ...","breadcrumb":{"@id":"https:\/\/www.africa-press.net\/cameroun\/politique\/succession-cest-officiel-enfin-la-fin-de-mandat-de-paul-biya#breadcrumb"},"inLanguage":"fr-FR","potentialAction":[{"@type":"ReadAction","target":["https:\/\/www.africa-press.net\/cameroun\/politique\/succession-cest-officiel-enfin-la-fin-de-mandat-de-paul-biya"]}]},{"@type":"ImageObject","inLanguage":"fr-FR","@id":"https:\/\/www.africa-press.net\/cameroun\/politique\/succession-cest-officiel-enfin-la-fin-de-mandat-de-paul-biya#primaryimage","url":"https:\/\/static.africa-press.net\/cameroun\/sites\/57\/2023\/03\/postQueueImg_1678439217.91.jpg","contentUrl":"https:\/\/static.africa-press.net\/cameroun\/sites\/57\/2023\/03\/postQueueImg_1678439217.91.jpg","width":720,"height":480,"caption":"Succession : c'est officiel, enfin la fin de mandat de Paul Biya"},{"@type":"BreadcrumbList","@id":"https:\/\/www.africa-press.net\/cameroun\/politique\/succession-cest-officiel-enfin-la-fin-de-mandat-de-paul-biya#breadcrumb","itemListElement":[{"@type":"ListItem","position":1,"name":"Accueil","item":"https:\/\/www.africa-press.net\/cameroun\/"},{"@type":"ListItem","position":2,"name":"Succession : c&rsquo;est officiel, enfin la fin de mandat de Paul Biya"}]},{"@type":"WebSite","@id":"https:\/\/www.africa-press.net\/cameroun\/#website","url":"https:\/\/www.africa-press.net\/cameroun\/","name":"Cameroun","description":"Just another Africa News Agency Sites site","potentialAction":[{"@type":"SearchAction","target":{"@type":"EntryPoint","urlTemplate":"https:\/\/www.africa-press.net\/cameroun\/?s={search_term_string}"},"query-input":{"@type":"PropertyValueSpecification","valueRequired":true,"valueName":"search_term_string"}}],"inLanguage":"fr-FR"},{"@type":"Person","@id":"https:\/\/www.africa-press.net\/cameroun\/#\/schema\/person\/2b1cf3cd81a31e3cd26889ca66d677f1","name":"cfeditorfr"}]}},"_links":{"self":[{"href":"https:\/\/www.africa-press.net\/cameroun\/wp-json\/wp\/v2\/posts\/38898","targetHints":{"allow":["GET"]}}],"collection":[{"href":"https:\/\/www.africa-press.net\/cameroun\/wp-json\/wp\/v2\/posts"}],"about":[{"href":"https:\/\/www.africa-press.net\/cameroun\/wp-json\/wp\/v2\/types\/post"}],"author":[{"embeddable":true,"href":"https:\/\/www.africa-press.net\/cameroun\/wp-json\/wp\/v2\/users\/82"}],"replies":[{"embeddable":true,"href":"https:\/\/www.africa-press.net\/cameroun\/wp-json\/wp\/v2\/comments?post=38898"}],"version-history":[{"count":0,"href":"https:\/\/www.africa-press.net\/cameroun\/wp-json\/wp\/v2\/posts\/38898\/revisions"}],"wp:featuredmedia":[{"embeddable":true,"href":"https:\/\/www.africa-press.net\/cameroun\/wp-json\/wp\/v2\/media\/38896"}],"wp:attachment":[{"href":"https:\/\/www.africa-press.net\/cameroun\/wp-json\/wp\/v2\/media?parent=38898"}],"wp:term":[{"taxonomy":"category","embeddable":true,"href":"https:\/\/www.africa-press.net\/cameroun\/wp-json\/wp\/v2\/categories?post=38898"},{"taxonomy":"post_tag","embeddable":true,"href":"https:\/\/www.africa-press.net\/cameroun\/wp-json\/wp\/v2\/tags?post=38898"}],"curies":[{"name":"wp","href":"https:\/\/api.w.org\/{rel}","templated":true}]}}