{"id":38906,"date":"2023-03-10T12:37:24","date_gmt":"2023-03-10T12:37:24","guid":{"rendered":"https:\/\/www.africa-press.net\/cameroun\/politique\/rebondissement-enorme-il-sera-tres-complique-de-prouver-que-amougou-belinga-a-pu-etre-commanditaire"},"modified":"2023-03-10T13:02:15","modified_gmt":"2023-03-10T13:02:15","slug":"rebondissement-enorme-il-sera-tres-complique-de-prouver-que-amougou-belinga-a-pu-etre-commanditaire","status":"publish","type":"post","link":"https:\/\/www.africa-press.net\/cameroun\/politique\/rebondissement-enorme-il-sera-tres-complique-de-prouver-que-amougou-belinga-a-pu-etre-commanditaire","title":{"rendered":"Rebondissement \u00e9norme : il sera tr\u00e8s compliqu\u00e9 de prouver que Amougou Belinga a pu \u00eatre commanditaire"},"content":{"rendered":"<p><span style=\"color: #ff6600\"><strong>Africa-Press &#8211; Cameroun. <\/strong><\/span>Le motif pris en compte pour la de\u0301tention provisoire de Jean-Pierre Amougou Belinga est toujours remis en cause par une frange partie de l&rsquo;opinion camerounaise. Roland Fe\u0301lix Eyoum pense d&rsquo;ailleurs dans une tribune qu&rsquo;il sera tre\u0300s complique\u0301 de prouver que Amougou Belinga a pu e\u0302tre commanditaire de l&rsquo;assassinat de Martinez Zogo.<\/p>\n<p>Camerounweb vous propose l&rsquo;inte\u0301gralite\u0301 de cette tribune.<\/p>\n<p>\u00ab Affaire Amougou Belinga: \u201cComplicite\u0301 de torture par aide\u201d. Qu\u2019est ce que cela veut dire ? Jean Pierre Amougou Belinga a finalement e\u0301te\u0301 inculpe\u0301 de \u201ccomplicite\u0301 de torture par aide\u201d et place\u0301 en de\u0301tention provisoire a\u0300 la prison principale de Yaounde\u0301 Kondengui pendant que le juge d\u2019instruction militaire se penche sur cette affaire.<\/p>\n<p>En attendant, il est important de passer au peigne fin le motif d\u2019inculpation d\u2019Amougou Belinga. Le mot \u201cpar aide\u201d signifie d\u2019office que Amougou Belinga n\u2019e\u0301tait pas pre\u0301sent sur le ou les lieux du crime. Par conse\u0301quent, il n\u2019est pas le meurtrier et n\u2019a pas non plus participe\u0301 a\u0300 la filature, a\u0300 l\u2019enle\u0300vement et a\u0300 la torture de Martinez Zogo.<\/p>\n<p>Ce qui met Amougou Belinga en relation avec cette affaire est que certains inculpe\u0301s de\u0301clarent que les ordres sont venus de lui. Me\u0302me si une telle the\u0300se, largement vendue dans certains me\u0301dias nationaux et internationaux et surtout dans les re\u0301seaux sociaux peut facilement faire l\u2019objet d\u2019inculpation et de privation de liberte\u0301, elle sera beaucoup plus complique\u0301e a\u0300 vendre aupre\u0300s du juge d\u2019instruction militaire.<\/p>\n<p>Et me\u0302me si par extraordinaire l\u2019ordonnance de renvoi du Juge d\u2019instruction Militaire aupre\u0300s du Tribunal Militaire pour proce\u0300s public concerne aussi Amougou Belinga, puisque c\u2019est de\u0301ja\u0300 acquis pour les agents de la DGRE, il sera tre\u0300s difficile que Amougou Belinga soit reconnu coupable.<\/p>\n<p>En effet, il est clair au vue des diffe\u0301rents chefs d\u2019inculpation que ce sont des agents de la DGRE qui ont torture\u0301 Martinez Zogo, me\u0302me si certains se de\u0301fendent de ne l\u2019avoir que torture\u0301 et de l\u2019avoir laisse\u0301 en vie, ce qui profite largement a\u0300 Amougou Belinga qui n\u2019aurait a\u0300 ce niveau rien a\u0300 voir avec le de\u0301ce\u0300s de Martinez Zogo.<\/p>\n<p>Mais comment donc convaincre le Juge d\u2019instruction militaire et par la suite le panel des juges militaires lors du proce\u0300s qu\u2019un civil puisse donner des ordres aux patrons de la DGRE? C\u2019est justement ce que les patrons de la DGRE auront a\u0300 expliquer. Et il ne suffira pas seulement de le dire comme tel a e\u0301te\u0301 le cas pour permettre l\u2019inculpation de Amougou Belinga, mais il faudra apporter les preuves tangibles et irre\u0301futables.<\/p>\n<p>Bien e\u0301videmment, les avocats tre\u0300s fute\u0301s d\u2019Amougou Belinga n\u2019auront pas beaucoup de mal a\u0300 battre en bre\u0300che tout ce que ceux qui l\u2019accusent mettront sur la table, et il sera tre\u0300s complique\u0301 que Amougou Belinga soit reconnu coupable de quoi que ce soit pour le meurtre de martinez Zogo, surtout parce que d\u2019office il n\u2019y est pas implique\u0301 directement, mais pluto\u0302t il est soupc\u0327onne\u0301 d\u2019e\u0302tre le commanditaire, mais il sera tre\u0300s complique\u0301 de prouver que Amougou Belinga a pu e\u0302tre commanditaire chez les patrons de la DGRE.<\/p>\n<p>Roland Fe\u0301lix Eyoum \u00bb<\/p>\n<p><strong>Pour plus d&rsquo;informations et d&rsquo;analyses sur la <a href=\"https:\/\/www.africa-press.net\/cameroun\">Cameroun<\/a>, suivez <a href=\"https:\/\/www.africa-press.net\/\">Africa-Press<\/a><\/strong><\/p>\n","protected":false},"excerpt":{"rendered":"<p>Africa-Press &#8211; Cameroun. Le motif pris en compte pour la de\u0301tention provisoire de Jean-Pierre Amougou Belinga est toujours remis en cause par une frange partie de l&rsquo;opinion camerounaise. Roland Fe\u0301lix Eyoum pense d&rsquo;ailleurs dans une tribune qu&rsquo;il sera tre\u0300s complique\u0301 de prouver que Amougou Belinga a pu e\u0302tre commanditaire de l&rsquo;assassinat de Martinez Zogo. Camerounweb [&hellip;]<\/p>\n","protected":false},"author":82,"featured_media":38902,"comment_status":"open","ping_status":"closed","sticky":false,"template":"","format":"standard","meta":{"footnotes":""},"categories":[2,10],"tags":[36,50,49],"class_list":["post-38906","post","type-post","status-publish","format-standard","has-post-thumbnail","hentry","category-politique","category-toutes-les-actualites","tag-africa-press","tag-africa-press-cameroun","tag-cameroun"],"yoast_head":"<!-- This site is optimized with the Yoast SEO Premium plugin v26.1 (Yoast SEO v27.0) - https:\/\/yoast.com\/product\/yoast-seo-premium-wordpress\/ -->\n<title>Rebondissement \u00e9norme : il sera tr\u00e8s compliqu\u00e9 de prouver que Amougou Belinga a pu \u00eatre commanditaire - Cameroun<\/title>\n<meta name=\"description\" content=\"Le motif pris en compte pour la de\u0301tention provisoire de Jean-Pierre Amougou Belinga est toujours remis en cause par une ...\" \/>\n<meta name=\"robots\" content=\"index, follow, max-snippet:-1, max-image-preview:large, max-video-preview:-1\" \/>\n<link rel=\"canonical\" href=\"https:\/\/www.africa-press.net\/cameroun\/politique\/rebondissement-enorme-il-sera-tres-complique-de-prouver-que-amougou-belinga-a-pu-etre-commanditaire\" \/>\n<meta property=\"og:locale\" content=\"fr_FR\" \/>\n<meta property=\"og:type\" content=\"article\" \/>\n<meta property=\"og:title\" content=\"Rebondissement \u00e9norme : il sera tr\u00e8s compliqu\u00e9 de prouver que Amougou Belinga a pu \u00eatre commanditaire\" \/>\n<meta property=\"og:description\" content=\"Le motif pris en compte pour la de\u0301tention provisoire de Jean-Pierre Amougou Belinga est toujours remis en cause par une ...\" \/>\n<meta property=\"og:url\" content=\"https:\/\/www.africa-press.net\/cameroun\/politique\/rebondissement-enorme-il-sera-tres-complique-de-prouver-que-amougou-belinga-a-pu-etre-commanditaire\" \/>\n<meta property=\"og:site_name\" content=\"Cameroun\" \/>\n<meta property=\"article:published_time\" content=\"2023-03-10T12:37:24+00:00\" \/>\n<meta property=\"article:modified_time\" content=\"2023-03-10T13:02:15+00:00\" \/>\n<meta property=\"og:image\" content=\"https:\/\/static.africa-press.net\/cameroun\/sites\/57\/2023\/03\/postQueueImg_1678439250.46.jpg\" \/>\n\t<meta property=\"og:image:width\" content=\"720\" \/>\n\t<meta property=\"og:image:height\" content=\"360\" \/>\n\t<meta property=\"og:image:type\" content=\"image\/jpeg\" \/>\n<meta name=\"author\" content=\"cfeditorfr\" \/>\n<meta name=\"twitter:card\" content=\"summary_large_image\" \/>\n<meta name=\"twitter:label1\" content=\"\u00c9crit par\" \/>\n\t<meta name=\"twitter:data1\" content=\"cfeditorfr\" \/>\n\t<meta name=\"twitter:label2\" content=\"Dur\u00e9e de lecture estim\u00e9e\" \/>\n\t<meta name=\"twitter:data2\" content=\"3 minutes\" \/>\n<script type=\"application\/ld+json\" class=\"yoast-schema-graph\">{\"@context\":\"https:\/\/schema.org\",\"@graph\":[{\"@type\":\"Article\",\"@id\":\"https:\/\/www.africa-press.net\/cameroun\/politique\/rebondissement-enorme-il-sera-tres-complique-de-prouver-que-amougou-belinga-a-pu-etre-commanditaire#article\",\"isPartOf\":{\"@id\":\"https:\/\/www.africa-press.net\/cameroun\/politique\/rebondissement-enorme-il-sera-tres-complique-de-prouver-que-amougou-belinga-a-pu-etre-commanditaire\"},\"author\":{\"name\":\"cfeditorfr\",\"@id\":\"https:\/\/www.africa-press.net\/cameroun\/#\/schema\/person\/2b1cf3cd81a31e3cd26889ca66d677f1\"},\"headline\":\"Rebondissement \u00e9norme : il sera tr\u00e8s compliqu\u00e9 de prouver que Amougou Belinga a pu \u00eatre commanditaire\",\"datePublished\":\"2023-03-10T12:37:24+00:00\",\"dateModified\":\"2023-03-10T13:02:15+00:00\",\"mainEntityOfPage\":{\"@id\":\"https:\/\/www.africa-press.net\/cameroun\/politique\/rebondissement-enorme-il-sera-tres-complique-de-prouver-que-amougou-belinga-a-pu-etre-commanditaire\"},\"wordCount\":606,\"commentCount\":0,\"image\":{\"@id\":\"https:\/\/www.africa-press.net\/cameroun\/politique\/rebondissement-enorme-il-sera-tres-complique-de-prouver-que-amougou-belinga-a-pu-etre-commanditaire#primaryimage\"},\"thumbnailUrl\":\"https:\/\/static.africa-press.net\/cameroun\/sites\/57\/2023\/03\/postQueueImg_1678439250.46.jpg\",\"keywords\":[\"Africa Press\",\"Africa Press-Cameroun\",\"Cameroun\"],\"articleSection\":[\"Politique\",\"Toutes les actualit\u00e9s\"],\"inLanguage\":\"fr-FR\",\"potentialAction\":[{\"@type\":\"CommentAction\",\"name\":\"Comment\",\"target\":[\"https:\/\/www.africa-press.net\/cameroun\/politique\/rebondissement-enorme-il-sera-tres-complique-de-prouver-que-amougou-belinga-a-pu-etre-commanditaire#respond\"]}]},{\"@type\":\"WebPage\",\"@id\":\"https:\/\/www.africa-press.net\/cameroun\/politique\/rebondissement-enorme-il-sera-tres-complique-de-prouver-que-amougou-belinga-a-pu-etre-commanditaire\",\"url\":\"https:\/\/www.africa-press.net\/cameroun\/politique\/rebondissement-enorme-il-sera-tres-complique-de-prouver-que-amougou-belinga-a-pu-etre-commanditaire\",\"name\":\"Rebondissement \u00e9norme : il sera tr\u00e8s compliqu\u00e9 de prouver que Amougou Belinga a pu \u00eatre commanditaire - Cameroun\",\"isPartOf\":{\"@id\":\"https:\/\/www.africa-press.net\/cameroun\/#website\"},\"primaryImageOfPage\":{\"@id\":\"https:\/\/www.africa-press.net\/cameroun\/politique\/rebondissement-enorme-il-sera-tres-complique-de-prouver-que-amougou-belinga-a-pu-etre-commanditaire#primaryimage\"},\"image\":{\"@id\":\"https:\/\/www.africa-press.net\/cameroun\/politique\/rebondissement-enorme-il-sera-tres-complique-de-prouver-que-amougou-belinga-a-pu-etre-commanditaire#primaryimage\"},\"thumbnailUrl\":\"https:\/\/static.africa-press.net\/cameroun\/sites\/57\/2023\/03\/postQueueImg_1678439250.46.jpg\",\"datePublished\":\"2023-03-10T12:37:24+00:00\",\"dateModified\":\"2023-03-10T13:02:15+00:00\",\"author\":{\"@id\":\"https:\/\/www.africa-press.net\/cameroun\/#\/schema\/person\/2b1cf3cd81a31e3cd26889ca66d677f1\"},\"description\":\"Le motif pris en compte pour la de\u0301tention provisoire de Jean-Pierre Amougou Belinga est toujours remis en cause par une ...\",\"breadcrumb\":{\"@id\":\"https:\/\/www.africa-press.net\/cameroun\/politique\/rebondissement-enorme-il-sera-tres-complique-de-prouver-que-amougou-belinga-a-pu-etre-commanditaire#breadcrumb\"},\"inLanguage\":\"fr-FR\",\"potentialAction\":[{\"@type\":\"ReadAction\",\"target\":[\"https:\/\/www.africa-press.net\/cameroun\/politique\/rebondissement-enorme-il-sera-tres-complique-de-prouver-que-amougou-belinga-a-pu-etre-commanditaire\"]}]},{\"@type\":\"ImageObject\",\"inLanguage\":\"fr-FR\",\"@id\":\"https:\/\/www.africa-press.net\/cameroun\/politique\/rebondissement-enorme-il-sera-tres-complique-de-prouver-que-amougou-belinga-a-pu-etre-commanditaire#primaryimage\",\"url\":\"https:\/\/static.africa-press.net\/cameroun\/sites\/57\/2023\/03\/postQueueImg_1678439250.46.jpg\",\"contentUrl\":\"https:\/\/static.africa-press.net\/cameroun\/sites\/57\/2023\/03\/postQueueImg_1678439250.46.jpg\",\"width\":720,\"height\":360,\"caption\":\"Rebondissement \u00e9norme : il sera tr\u00e8s compliqu\u00e9 de prouver que Amougou Belinga a pu \u00eatre commanditaire\"},{\"@type\":\"BreadcrumbList\",\"@id\":\"https:\/\/www.africa-press.net\/cameroun\/politique\/rebondissement-enorme-il-sera-tres-complique-de-prouver-que-amougou-belinga-a-pu-etre-commanditaire#breadcrumb\",\"itemListElement\":[{\"@type\":\"ListItem\",\"position\":1,\"name\":\"Accueil\",\"item\":\"https:\/\/www.africa-press.net\/cameroun\/\"},{\"@type\":\"ListItem\",\"position\":2,\"name\":\"Rebondissement \u00e9norme : il sera tr\u00e8s compliqu\u00e9 de prouver que Amougou Belinga a pu \u00eatre commanditaire\"}]},{\"@type\":\"WebSite\",\"@id\":\"https:\/\/www.africa-press.net\/cameroun\/#website\",\"url\":\"https:\/\/www.africa-press.net\/cameroun\/\",\"name\":\"Cameroun\",\"description\":\"Just another Africa News Agency Sites site\",\"potentialAction\":[{\"@type\":\"SearchAction\",\"target\":{\"@type\":\"EntryPoint\",\"urlTemplate\":\"https:\/\/www.africa-press.net\/cameroun\/?s={search_term_string}\"},\"query-input\":{\"@type\":\"PropertyValueSpecification\",\"valueRequired\":true,\"valueName\":\"search_term_string\"}}],\"inLanguage\":\"fr-FR\"},{\"@type\":\"Person\",\"@id\":\"https:\/\/www.africa-press.net\/cameroun\/#\/schema\/person\/2b1cf3cd81a31e3cd26889ca66d677f1\",\"name\":\"cfeditorfr\"}]}<\/script>\n<!-- \/ Yoast SEO Premium plugin. -->","yoast_head_json":{"title":"Rebondissement \u00e9norme : il sera tr\u00e8s compliqu\u00e9 de prouver que Amougou Belinga a pu \u00eatre commanditaire - Cameroun","description":"Le motif pris en compte pour la de\u0301tention provisoire de Jean-Pierre Amougou Belinga est toujours remis en cause par une ...","robots":{"index":"index","follow":"follow","max-snippet":"max-snippet:-1","max-image-preview":"max-image-preview:large","max-video-preview":"max-video-preview:-1"},"canonical":"https:\/\/www.africa-press.net\/cameroun\/politique\/rebondissement-enorme-il-sera-tres-complique-de-prouver-que-amougou-belinga-a-pu-etre-commanditaire","og_locale":"fr_FR","og_type":"article","og_title":"Rebondissement \u00e9norme : il sera tr\u00e8s compliqu\u00e9 de prouver que Amougou Belinga a pu \u00eatre commanditaire","og_description":"Le motif pris en compte pour la de\u0301tention provisoire de Jean-Pierre Amougou Belinga est toujours remis en cause par une ...","og_url":"https:\/\/www.africa-press.net\/cameroun\/politique\/rebondissement-enorme-il-sera-tres-complique-de-prouver-que-amougou-belinga-a-pu-etre-commanditaire","og_site_name":"Cameroun","article_published_time":"2023-03-10T12:37:24+00:00","article_modified_time":"2023-03-10T13:02:15+00:00","og_image":[{"width":720,"height":360,"url":"https:\/\/static.africa-press.net\/cameroun\/sites\/57\/2023\/03\/postQueueImg_1678439250.46.jpg","type":"image\/jpeg"}],"author":"cfeditorfr","twitter_card":"summary_large_image","twitter_misc":{"\u00c9crit par":"cfeditorfr","Dur\u00e9e de lecture estim\u00e9e":"3 minutes"},"schema":{"@context":"https:\/\/schema.org","@graph":[{"@type":"Article","@id":"https:\/\/www.africa-press.net\/cameroun\/politique\/rebondissement-enorme-il-sera-tres-complique-de-prouver-que-amougou-belinga-a-pu-etre-commanditaire#article","isPartOf":{"@id":"https:\/\/www.africa-press.net\/cameroun\/politique\/rebondissement-enorme-il-sera-tres-complique-de-prouver-que-amougou-belinga-a-pu-etre-commanditaire"},"author":{"name":"cfeditorfr","@id":"https:\/\/www.africa-press.net\/cameroun\/#\/schema\/person\/2b1cf3cd81a31e3cd26889ca66d677f1"},"headline":"Rebondissement \u00e9norme : il sera tr\u00e8s compliqu\u00e9 de prouver que Amougou Belinga a pu \u00eatre commanditaire","datePublished":"2023-03-10T12:37:24+00:00","dateModified":"2023-03-10T13:02:15+00:00","mainEntityOfPage":{"@id":"https:\/\/www.africa-press.net\/cameroun\/politique\/rebondissement-enorme-il-sera-tres-complique-de-prouver-que-amougou-belinga-a-pu-etre-commanditaire"},"wordCount":606,"commentCount":0,"image":{"@id":"https:\/\/www.africa-press.net\/cameroun\/politique\/rebondissement-enorme-il-sera-tres-complique-de-prouver-que-amougou-belinga-a-pu-etre-commanditaire#primaryimage"},"thumbnailUrl":"https:\/\/static.africa-press.net\/cameroun\/sites\/57\/2023\/03\/postQueueImg_1678439250.46.jpg","keywords":["Africa Press","Africa Press-Cameroun","Cameroun"],"articleSection":["Politique","Toutes les actualit\u00e9s"],"inLanguage":"fr-FR","potentialAction":[{"@type":"CommentAction","name":"Comment","target":["https:\/\/www.africa-press.net\/cameroun\/politique\/rebondissement-enorme-il-sera-tres-complique-de-prouver-que-amougou-belinga-a-pu-etre-commanditaire#respond"]}]},{"@type":"WebPage","@id":"https:\/\/www.africa-press.net\/cameroun\/politique\/rebondissement-enorme-il-sera-tres-complique-de-prouver-que-amougou-belinga-a-pu-etre-commanditaire","url":"https:\/\/www.africa-press.net\/cameroun\/politique\/rebondissement-enorme-il-sera-tres-complique-de-prouver-que-amougou-belinga-a-pu-etre-commanditaire","name":"Rebondissement \u00e9norme : il sera tr\u00e8s compliqu\u00e9 de prouver que Amougou Belinga a pu \u00eatre commanditaire - Cameroun","isPartOf":{"@id":"https:\/\/www.africa-press.net\/cameroun\/#website"},"primaryImageOfPage":{"@id":"https:\/\/www.africa-press.net\/cameroun\/politique\/rebondissement-enorme-il-sera-tres-complique-de-prouver-que-amougou-belinga-a-pu-etre-commanditaire#primaryimage"},"image":{"@id":"https:\/\/www.africa-press.net\/cameroun\/politique\/rebondissement-enorme-il-sera-tres-complique-de-prouver-que-amougou-belinga-a-pu-etre-commanditaire#primaryimage"},"thumbnailUrl":"https:\/\/static.africa-press.net\/cameroun\/sites\/57\/2023\/03\/postQueueImg_1678439250.46.jpg","datePublished":"2023-03-10T12:37:24+00:00","dateModified":"2023-03-10T13:02:15+00:00","author":{"@id":"https:\/\/www.africa-press.net\/cameroun\/#\/schema\/person\/2b1cf3cd81a31e3cd26889ca66d677f1"},"description":"Le motif pris en compte pour la de\u0301tention provisoire de Jean-Pierre Amougou Belinga est toujours remis en cause par une ...","breadcrumb":{"@id":"https:\/\/www.africa-press.net\/cameroun\/politique\/rebondissement-enorme-il-sera-tres-complique-de-prouver-que-amougou-belinga-a-pu-etre-commanditaire#breadcrumb"},"inLanguage":"fr-FR","potentialAction":[{"@type":"ReadAction","target":["https:\/\/www.africa-press.net\/cameroun\/politique\/rebondissement-enorme-il-sera-tres-complique-de-prouver-que-amougou-belinga-a-pu-etre-commanditaire"]}]},{"@type":"ImageObject","inLanguage":"fr-FR","@id":"https:\/\/www.africa-press.net\/cameroun\/politique\/rebondissement-enorme-il-sera-tres-complique-de-prouver-que-amougou-belinga-a-pu-etre-commanditaire#primaryimage","url":"https:\/\/static.africa-press.net\/cameroun\/sites\/57\/2023\/03\/postQueueImg_1678439250.46.jpg","contentUrl":"https:\/\/static.africa-press.net\/cameroun\/sites\/57\/2023\/03\/postQueueImg_1678439250.46.jpg","width":720,"height":360,"caption":"Rebondissement \u00e9norme : il sera tr\u00e8s compliqu\u00e9 de prouver que Amougou Belinga a pu \u00eatre commanditaire"},{"@type":"BreadcrumbList","@id":"https:\/\/www.africa-press.net\/cameroun\/politique\/rebondissement-enorme-il-sera-tres-complique-de-prouver-que-amougou-belinga-a-pu-etre-commanditaire#breadcrumb","itemListElement":[{"@type":"ListItem","position":1,"name":"Accueil","item":"https:\/\/www.africa-press.net\/cameroun\/"},{"@type":"ListItem","position":2,"name":"Rebondissement \u00e9norme : il sera tr\u00e8s compliqu\u00e9 de prouver que Amougou Belinga a pu \u00eatre commanditaire"}]},{"@type":"WebSite","@id":"https:\/\/www.africa-press.net\/cameroun\/#website","url":"https:\/\/www.africa-press.net\/cameroun\/","name":"Cameroun","description":"Just another Africa News Agency Sites site","potentialAction":[{"@type":"SearchAction","target":{"@type":"EntryPoint","urlTemplate":"https:\/\/www.africa-press.net\/cameroun\/?s={search_term_string}"},"query-input":{"@type":"PropertyValueSpecification","valueRequired":true,"valueName":"search_term_string"}}],"inLanguage":"fr-FR"},{"@type":"Person","@id":"https:\/\/www.africa-press.net\/cameroun\/#\/schema\/person\/2b1cf3cd81a31e3cd26889ca66d677f1","name":"cfeditorfr"}]}},"_links":{"self":[{"href":"https:\/\/www.africa-press.net\/cameroun\/wp-json\/wp\/v2\/posts\/38906","targetHints":{"allow":["GET"]}}],"collection":[{"href":"https:\/\/www.africa-press.net\/cameroun\/wp-json\/wp\/v2\/posts"}],"about":[{"href":"https:\/\/www.africa-press.net\/cameroun\/wp-json\/wp\/v2\/types\/post"}],"author":[{"embeddable":true,"href":"https:\/\/www.africa-press.net\/cameroun\/wp-json\/wp\/v2\/users\/82"}],"replies":[{"embeddable":true,"href":"https:\/\/www.africa-press.net\/cameroun\/wp-json\/wp\/v2\/comments?post=38906"}],"version-history":[{"count":0,"href":"https:\/\/www.africa-press.net\/cameroun\/wp-json\/wp\/v2\/posts\/38906\/revisions"}],"wp:featuredmedia":[{"embeddable":true,"href":"https:\/\/www.africa-press.net\/cameroun\/wp-json\/wp\/v2\/media\/38902"}],"wp:attachment":[{"href":"https:\/\/www.africa-press.net\/cameroun\/wp-json\/wp\/v2\/media?parent=38906"}],"wp:term":[{"taxonomy":"category","embeddable":true,"href":"https:\/\/www.africa-press.net\/cameroun\/wp-json\/wp\/v2\/categories?post=38906"},{"taxonomy":"post_tag","embeddable":true,"href":"https:\/\/www.africa-press.net\/cameroun\/wp-json\/wp\/v2\/tags?post=38906"}],"curies":[{"name":"wp","href":"https:\/\/api.w.org\/{rel}","templated":true}]}}