{"id":38911,"date":"2023-03-10T12:37:31","date_gmt":"2023-03-10T12:37:31","guid":{"rendered":"https:\/\/www.africa-press.net\/cameroun\/politique\/sale-semaine-pour-chantal-biya-un-revolte-lui-jette-le-pagne-du-08-mars-a-la-figure"},"modified":"2023-03-10T13:02:54","modified_gmt":"2023-03-10T13:02:54","slug":"sale-semaine-pour-chantal-biya-un-revolte-lui-jette-le-pagne-du-08-mars-a-la-figure","status":"publish","type":"post","link":"https:\/\/www.africa-press.net\/cameroun\/toutes-les-actualites\/sale-semaine-pour-chantal-biya-un-revolte-lui-jette-le-pagne-du-08-mars-a-la-figure","title":{"rendered":"Sale semaine pour Chantal Biya : un r\u00e9volt\u00e9 lui jette le pagne du 08 mars \u00e0 la figure"},"content":{"rendered":"<p><span style=\"color: #ff6600\"><strong>Africa-Press &#8211; Cameroun. <\/strong><\/span>La journe\u0301e internationale des droits des femmes a e\u0301te\u0301 diversement comme\u0301more\u0301e le 08 mars passe\u0301. Beaucoup de Camerounaises ont fait des pieds et des mains pour avoir le pagne choisi pour l\u2019e\u0301ve\u0300nement. Elles ne devraient pas, selon l\u2019activiste Claude Wilfried Ekanga qui leur dit les quatre (04) ve\u0301rite\u0301s.<\/p>\n<p>Des habits et des moines. Quand nous demandons la suppression du pagne du 08 mars, ce n&rsquo;est pas a\u0300 cause du pagne en lui-me\u0302me, mais en raison des catastrophes sociales qu&rsquo;il entrai\u0302ne, et du fait que la femme camerounaise ait fini par croire que la \u00ab journe\u0301e du droit des femmes \u00bb e\u0301tait pluto\u0302t la \u00ab journe\u0301e de la fe\u0302te du pagne \u00bb.<\/p>\n<p>Cela signifie que si le 08 mars au Cameroun e\u0301tait fondamentalement consacre\u0301 a\u0300 l&rsquo;e\u0301tude de la lutte des femmes pour leurs droits a\u0300 travers l&rsquo;histoire, le fait que les femmes portent le pagne ne poserait pas le moindre proble\u0300me.<\/p>\n<p>Si l&rsquo;on profitait de cette date pour re\u0301fle\u0301chir sur la question : \u00ab Que repre\u0301sente la femme au Cameroun au juste ? Comment lui rendre pleinement son ro\u0302le et son statut pour que la socie\u0301te\u0301 profite de la meilleure manie\u0300re de son intelligence, de sa finesse et de son apport ge\u0301ne\u0301ral ? \u00bb pluto\u0302t que de penser : \u00ab Je veux moi sauf que mon pagne pour aller soulever au Njoka et boire comme une truie \u00bb, le pays serait un mode\u0300le de de\u0301veloppement civique et de construction sociale.<\/p>\n<p>En d&rsquo;autres mots, si vous n&rsquo;avez pas envie de renoncer a\u0300 votre pagne, faites au moins comme notre Lady Ponce nationale : de\u0301noncez l&rsquo;injustice ! De\u0301fendez les droits des femmes &#8211; et des hommes &#8211; tous les jours de l&rsquo;anne\u0301e, et encore plus ce 08 mars ! Exprimez-vous sur les tortures contre les faibles, contre la vie che\u0300re, l&rsquo;absence d&rsquo;infrastructures sanitaires et l&rsquo;inse\u0301curite\u0301 ge\u0301ne\u0301rale dans le pays.<\/p>\n<p>Comme c\u0327a vous prouverez que le pagne n&rsquo;est pas pour vous un outil de pourrissement mental ; qu&rsquo;il ne vous fait pas perdre la te\u0302te ; qu&rsquo;a\u0300 cause de lui vous n&rsquo;avez pas oublie\u0301 que le but du 08 mars est de redonner a\u0300 la femme humaine toute son humanite\u0301. C&rsquo;est la\u0300 notre v\u0153u le plus cher. C&rsquo;est le but de ce combat.<\/p>\n<p>En haussant son cerveau avant de hausser sa robe, la femme se rend service a\u0300 elle-me\u0302me. Donc, je reprends, si nous souhaitons la disparition de ce tissu, c&rsquo;est parce que la plupart de nos femmes en font leur finalite\u0301 premie\u0300re, et qu&rsquo;a\u0300 cause de lui, elles ont pre\u0301cise\u0301ment perdu la raison.<\/p>\n<p>Mais dans le me\u0302me temps, il vaut mieux une femme consciente et engage\u0301e qui porte un pagne&#8230; qu&rsquo;une femme inutile et jouisseuse qui n&rsquo;en a pas. Car la finalite\u0301, c&rsquo;est l&rsquo;engagement, non pas l&rsquo;habillement.<\/p>\n<p>En re\u0301alite\u0301, beaucoup de Camerounaises attendent le 08 mars pour montrer a\u0300 leur entourage qu\u2019elles ont les moyens de s\u2019habiller de\u0301cemment et de se faire compter parmi les gens. Les pagnes viennent de la Cotonnie\u0300re industrielle du Cameroun (CICAM).<\/p>\n<p>Et cette anne\u0301e, il y a eu beaucoup de plaintes parce que les commerc\u0327antes sont alle\u0301es payer le pagne a\u0300 un prix e\u0301leve\u0301 a\u0300 la CICAM mais apre\u0300s, les pagnes du me\u0302me genre ont e\u0301te\u0301 de\u0301verse\u0301s sur le marche\u0301 avec un prix tre\u0300s casse\u0301, ce qui a entrai\u0302ne\u0301 des pertes a\u0300 gagner.<\/p>\n<p>Le lanceur d\u2019alertes Boris Bertolt a e\u0301crit re\u0301cemment que les pagnes du 08 mars e\u0301taient un business tre\u0300s juteux pour la premie\u0300re dame Chantal Biya : \u00ab Le 08 mars est la chasse garde\u0301e de Chantal Biya. C\u2019est elle qui valide en de\u0301finitive le motif du pagne et cette anne\u0301e, elle a me\u0302me de\u0301cide\u0301 que ledit pagne ne devait e\u0302tre produit que dans une seule couleur. C\u2019est e\u0301galement Chantal Biya qui arre\u0302te le prix et enfin c\u2019est e\u0301galement la femme de Paul Biya l\u2019une des plus grandes clientes de la CICAM puisqu\u2019elle en ache\u0300te des milliers d\u2019exemplaires pour distribuer ici et la\u0300 \u00bb.<\/p>\n<p>Si cela est ave\u0301re\u0301, la de\u0301claration de Claude Wilfried Ekanga est un message fort et hostile vis-a\u0300-vis de Chantal Biya. De\u0301ja\u0300, il est annonce\u0301 que le 08 mars 2024, avec tout ce qu\u2019il y a eu cette anne\u0301e et qui a me\u0301contente\u0301 les femmes surtout les commerc\u0327antes, ne connai\u0302tra plus le me\u0302me engouement.<\/p>\n<p><strong>Pour plus d&rsquo;informations et d&rsquo;analyses sur la <a href=\"https:\/\/www.africa-press.net\/cameroun\">Cameroun<\/a>, suivez <a href=\"https:\/\/www.africa-press.net\/\">Africa-Press<\/a><\/strong><\/p>\n","protected":false},"excerpt":{"rendered":"<p>Africa-Press &#8211; Cameroun. La journe\u0301e internationale des droits des femmes a e\u0301te\u0301 diversement comme\u0301more\u0301e le 08 mars passe\u0301. Beaucoup de Camerounaises ont fait des pieds et des mains pour avoir le pagne choisi pour l\u2019e\u0301ve\u0300nement. Elles ne devraient pas, selon l\u2019activiste Claude Wilfried Ekanga qui leur dit les quatre (04) ve\u0301rite\u0301s. Des habits et des [&hellip;]<\/p>\n","protected":false},"author":82,"featured_media":38907,"comment_status":"open","ping_status":"closed","sticky":false,"template":"","format":"standard","meta":{"footnotes":""},"categories":[21,10],"tags":[36,50,49],"class_list":["post-38911","post","type-post","status-publish","format-standard","has-post-thumbnail","hentry","category-communaute","category-toutes-les-actualites","tag-africa-press","tag-africa-press-cameroun","tag-cameroun"],"yoast_head":"<!-- This site is optimized with the Yoast SEO Premium plugin v26.1 (Yoast SEO v27.0) - https:\/\/yoast.com\/product\/yoast-seo-premium-wordpress\/ -->\n<title>Sale semaine pour Chantal Biya : un r\u00e9volt\u00e9 lui jette le pagne du 08 mars \u00e0 la figure - Cameroun<\/title>\n<meta name=\"description\" content=\"La journe\u0301e internationale des droits des femmes a e\u0301te\u0301 diversement comme\u0301more\u0301e le 08 mars passe\u0301. Beaucoup de Camerou ...\" \/>\n<meta name=\"robots\" content=\"index, follow, max-snippet:-1, max-image-preview:large, max-video-preview:-1\" \/>\n<link rel=\"canonical\" href=\"https:\/\/www.africa-press.net\/cameroun\/toutes-les-actualites\/sale-semaine-pour-chantal-biya-un-revolte-lui-jette-le-pagne-du-08-mars-a-la-figure\" \/>\n<meta property=\"og:locale\" content=\"fr_FR\" \/>\n<meta property=\"og:type\" content=\"article\" \/>\n<meta property=\"og:title\" content=\"Sale semaine pour Chantal Biya : un r\u00e9volt\u00e9 lui jette le pagne du 08 mars \u00e0 la figure\" \/>\n<meta property=\"og:description\" content=\"La journe\u0301e internationale des droits des femmes a e\u0301te\u0301 diversement comme\u0301more\u0301e le 08 mars passe\u0301. Beaucoup de Camerou ...\" \/>\n<meta property=\"og:url\" content=\"https:\/\/www.africa-press.net\/cameroun\/toutes-les-actualites\/sale-semaine-pour-chantal-biya-un-revolte-lui-jette-le-pagne-du-08-mars-a-la-figure\" \/>\n<meta property=\"og:site_name\" content=\"Cameroun\" \/>\n<meta property=\"article:published_time\" content=\"2023-03-10T12:37:31+00:00\" \/>\n<meta property=\"article:modified_time\" content=\"2023-03-10T13:02:54+00:00\" \/>\n<meta property=\"og:image\" content=\"https:\/\/static.africa-press.net\/cameroun\/sites\/57\/2023\/03\/postQueueImg_1678439256.29.jpg\" \/>\n\t<meta property=\"og:image:width\" content=\"720\" \/>\n\t<meta property=\"og:image:height\" content=\"475\" \/>\n\t<meta property=\"og:image:type\" content=\"image\/jpeg\" \/>\n<meta name=\"author\" content=\"cfeditorfr\" \/>\n<meta name=\"twitter:card\" content=\"summary_large_image\" \/>\n<meta name=\"twitter:label1\" content=\"\u00c9crit par\" \/>\n\t<meta name=\"twitter:data1\" content=\"cfeditorfr\" \/>\n\t<meta name=\"twitter:label2\" content=\"Dur\u00e9e de lecture estim\u00e9e\" \/>\n\t<meta name=\"twitter:data2\" content=\"4 minutes\" \/>\n<script type=\"application\/ld+json\" class=\"yoast-schema-graph\">{\"@context\":\"https:\/\/schema.org\",\"@graph\":[{\"@type\":\"Article\",\"@id\":\"https:\/\/www.africa-press.net\/cameroun\/toutes-les-actualites\/sale-semaine-pour-chantal-biya-un-revolte-lui-jette-le-pagne-du-08-mars-a-la-figure#article\",\"isPartOf\":{\"@id\":\"https:\/\/www.africa-press.net\/cameroun\/toutes-les-actualites\/sale-semaine-pour-chantal-biya-un-revolte-lui-jette-le-pagne-du-08-mars-a-la-figure\"},\"author\":{\"name\":\"cfeditorfr\",\"@id\":\"https:\/\/www.africa-press.net\/cameroun\/#\/schema\/person\/2b1cf3cd81a31e3cd26889ca66d677f1\"},\"headline\":\"Sale semaine pour Chantal Biya : un r\u00e9volt\u00e9 lui jette le pagne du 08 mars \u00e0 la figure\",\"datePublished\":\"2023-03-10T12:37:31+00:00\",\"dateModified\":\"2023-03-10T13:02:54+00:00\",\"mainEntityOfPage\":{\"@id\":\"https:\/\/www.africa-press.net\/cameroun\/toutes-les-actualites\/sale-semaine-pour-chantal-biya-un-revolte-lui-jette-le-pagne-du-08-mars-a-la-figure\"},\"wordCount\":821,\"commentCount\":0,\"image\":{\"@id\":\"https:\/\/www.africa-press.net\/cameroun\/toutes-les-actualites\/sale-semaine-pour-chantal-biya-un-revolte-lui-jette-le-pagne-du-08-mars-a-la-figure#primaryimage\"},\"thumbnailUrl\":\"https:\/\/static.africa-press.net\/cameroun\/sites\/57\/2023\/03\/postQueueImg_1678439256.29.jpg\",\"keywords\":[\"Africa Press\",\"Africa Press-Cameroun\",\"Cameroun\"],\"articleSection\":[\"Communaut\u00e9\",\"Toutes les actualit\u00e9s\"],\"inLanguage\":\"fr-FR\",\"potentialAction\":[{\"@type\":\"CommentAction\",\"name\":\"Comment\",\"target\":[\"https:\/\/www.africa-press.net\/cameroun\/toutes-les-actualites\/sale-semaine-pour-chantal-biya-un-revolte-lui-jette-le-pagne-du-08-mars-a-la-figure#respond\"]}]},{\"@type\":\"WebPage\",\"@id\":\"https:\/\/www.africa-press.net\/cameroun\/toutes-les-actualites\/sale-semaine-pour-chantal-biya-un-revolte-lui-jette-le-pagne-du-08-mars-a-la-figure\",\"url\":\"https:\/\/www.africa-press.net\/cameroun\/toutes-les-actualites\/sale-semaine-pour-chantal-biya-un-revolte-lui-jette-le-pagne-du-08-mars-a-la-figure\",\"name\":\"Sale semaine pour Chantal Biya : un r\u00e9volt\u00e9 lui jette le pagne du 08 mars \u00e0 la figure - Cameroun\",\"isPartOf\":{\"@id\":\"https:\/\/www.africa-press.net\/cameroun\/#website\"},\"primaryImageOfPage\":{\"@id\":\"https:\/\/www.africa-press.net\/cameroun\/toutes-les-actualites\/sale-semaine-pour-chantal-biya-un-revolte-lui-jette-le-pagne-du-08-mars-a-la-figure#primaryimage\"},\"image\":{\"@id\":\"https:\/\/www.africa-press.net\/cameroun\/toutes-les-actualites\/sale-semaine-pour-chantal-biya-un-revolte-lui-jette-le-pagne-du-08-mars-a-la-figure#primaryimage\"},\"thumbnailUrl\":\"https:\/\/static.africa-press.net\/cameroun\/sites\/57\/2023\/03\/postQueueImg_1678439256.29.jpg\",\"datePublished\":\"2023-03-10T12:37:31+00:00\",\"dateModified\":\"2023-03-10T13:02:54+00:00\",\"author\":{\"@id\":\"https:\/\/www.africa-press.net\/cameroun\/#\/schema\/person\/2b1cf3cd81a31e3cd26889ca66d677f1\"},\"description\":\"La journe\u0301e internationale des droits des femmes a e\u0301te\u0301 diversement comme\u0301more\u0301e le 08 mars passe\u0301. Beaucoup de Camerou ...\",\"breadcrumb\":{\"@id\":\"https:\/\/www.africa-press.net\/cameroun\/toutes-les-actualites\/sale-semaine-pour-chantal-biya-un-revolte-lui-jette-le-pagne-du-08-mars-a-la-figure#breadcrumb\"},\"inLanguage\":\"fr-FR\",\"potentialAction\":[{\"@type\":\"ReadAction\",\"target\":[\"https:\/\/www.africa-press.net\/cameroun\/toutes-les-actualites\/sale-semaine-pour-chantal-biya-un-revolte-lui-jette-le-pagne-du-08-mars-a-la-figure\"]}]},{\"@type\":\"ImageObject\",\"inLanguage\":\"fr-FR\",\"@id\":\"https:\/\/www.africa-press.net\/cameroun\/toutes-les-actualites\/sale-semaine-pour-chantal-biya-un-revolte-lui-jette-le-pagne-du-08-mars-a-la-figure#primaryimage\",\"url\":\"https:\/\/static.africa-press.net\/cameroun\/sites\/57\/2023\/03\/postQueueImg_1678439256.29.jpg\",\"contentUrl\":\"https:\/\/static.africa-press.net\/cameroun\/sites\/57\/2023\/03\/postQueueImg_1678439256.29.jpg\",\"width\":720,\"height\":475,\"caption\":\"Sale semaine pour Chantal Biya : un r\u00e9volt\u00e9 lui jette le pagne du 08 mars \u00e0 la figure\"},{\"@type\":\"BreadcrumbList\",\"@id\":\"https:\/\/www.africa-press.net\/cameroun\/toutes-les-actualites\/sale-semaine-pour-chantal-biya-un-revolte-lui-jette-le-pagne-du-08-mars-a-la-figure#breadcrumb\",\"itemListElement\":[{\"@type\":\"ListItem\",\"position\":1,\"name\":\"Accueil\",\"item\":\"https:\/\/www.africa-press.net\/cameroun\/\"},{\"@type\":\"ListItem\",\"position\":2,\"name\":\"Sale semaine pour Chantal Biya : un r\u00e9volt\u00e9 lui jette le pagne du 08 mars \u00e0 la figure\"}]},{\"@type\":\"WebSite\",\"@id\":\"https:\/\/www.africa-press.net\/cameroun\/#website\",\"url\":\"https:\/\/www.africa-press.net\/cameroun\/\",\"name\":\"Cameroun\",\"description\":\"Just another Africa News Agency Sites site\",\"potentialAction\":[{\"@type\":\"SearchAction\",\"target\":{\"@type\":\"EntryPoint\",\"urlTemplate\":\"https:\/\/www.africa-press.net\/cameroun\/?s={search_term_string}\"},\"query-input\":{\"@type\":\"PropertyValueSpecification\",\"valueRequired\":true,\"valueName\":\"search_term_string\"}}],\"inLanguage\":\"fr-FR\"},{\"@type\":\"Person\",\"@id\":\"https:\/\/www.africa-press.net\/cameroun\/#\/schema\/person\/2b1cf3cd81a31e3cd26889ca66d677f1\",\"name\":\"cfeditorfr\"}]}<\/script>\n<!-- \/ Yoast SEO Premium plugin. -->","yoast_head_json":{"title":"Sale semaine pour Chantal Biya : un r\u00e9volt\u00e9 lui jette le pagne du 08 mars \u00e0 la figure - Cameroun","description":"La journe\u0301e internationale des droits des femmes a e\u0301te\u0301 diversement comme\u0301more\u0301e le 08 mars passe\u0301. Beaucoup de Camerou ...","robots":{"index":"index","follow":"follow","max-snippet":"max-snippet:-1","max-image-preview":"max-image-preview:large","max-video-preview":"max-video-preview:-1"},"canonical":"https:\/\/www.africa-press.net\/cameroun\/toutes-les-actualites\/sale-semaine-pour-chantal-biya-un-revolte-lui-jette-le-pagne-du-08-mars-a-la-figure","og_locale":"fr_FR","og_type":"article","og_title":"Sale semaine pour Chantal Biya : un r\u00e9volt\u00e9 lui jette le pagne du 08 mars \u00e0 la figure","og_description":"La journe\u0301e internationale des droits des femmes a e\u0301te\u0301 diversement comme\u0301more\u0301e le 08 mars passe\u0301. Beaucoup de Camerou ...","og_url":"https:\/\/www.africa-press.net\/cameroun\/toutes-les-actualites\/sale-semaine-pour-chantal-biya-un-revolte-lui-jette-le-pagne-du-08-mars-a-la-figure","og_site_name":"Cameroun","article_published_time":"2023-03-10T12:37:31+00:00","article_modified_time":"2023-03-10T13:02:54+00:00","og_image":[{"width":720,"height":475,"url":"https:\/\/static.africa-press.net\/cameroun\/sites\/57\/2023\/03\/postQueueImg_1678439256.29.jpg","type":"image\/jpeg"}],"author":"cfeditorfr","twitter_card":"summary_large_image","twitter_misc":{"\u00c9crit par":"cfeditorfr","Dur\u00e9e de lecture estim\u00e9e":"4 minutes"},"schema":{"@context":"https:\/\/schema.org","@graph":[{"@type":"Article","@id":"https:\/\/www.africa-press.net\/cameroun\/toutes-les-actualites\/sale-semaine-pour-chantal-biya-un-revolte-lui-jette-le-pagne-du-08-mars-a-la-figure#article","isPartOf":{"@id":"https:\/\/www.africa-press.net\/cameroun\/toutes-les-actualites\/sale-semaine-pour-chantal-biya-un-revolte-lui-jette-le-pagne-du-08-mars-a-la-figure"},"author":{"name":"cfeditorfr","@id":"https:\/\/www.africa-press.net\/cameroun\/#\/schema\/person\/2b1cf3cd81a31e3cd26889ca66d677f1"},"headline":"Sale semaine pour Chantal Biya : un r\u00e9volt\u00e9 lui jette le pagne du 08 mars \u00e0 la figure","datePublished":"2023-03-10T12:37:31+00:00","dateModified":"2023-03-10T13:02:54+00:00","mainEntityOfPage":{"@id":"https:\/\/www.africa-press.net\/cameroun\/toutes-les-actualites\/sale-semaine-pour-chantal-biya-un-revolte-lui-jette-le-pagne-du-08-mars-a-la-figure"},"wordCount":821,"commentCount":0,"image":{"@id":"https:\/\/www.africa-press.net\/cameroun\/toutes-les-actualites\/sale-semaine-pour-chantal-biya-un-revolte-lui-jette-le-pagne-du-08-mars-a-la-figure#primaryimage"},"thumbnailUrl":"https:\/\/static.africa-press.net\/cameroun\/sites\/57\/2023\/03\/postQueueImg_1678439256.29.jpg","keywords":["Africa Press","Africa Press-Cameroun","Cameroun"],"articleSection":["Communaut\u00e9","Toutes les actualit\u00e9s"],"inLanguage":"fr-FR","potentialAction":[{"@type":"CommentAction","name":"Comment","target":["https:\/\/www.africa-press.net\/cameroun\/toutes-les-actualites\/sale-semaine-pour-chantal-biya-un-revolte-lui-jette-le-pagne-du-08-mars-a-la-figure#respond"]}]},{"@type":"WebPage","@id":"https:\/\/www.africa-press.net\/cameroun\/toutes-les-actualites\/sale-semaine-pour-chantal-biya-un-revolte-lui-jette-le-pagne-du-08-mars-a-la-figure","url":"https:\/\/www.africa-press.net\/cameroun\/toutes-les-actualites\/sale-semaine-pour-chantal-biya-un-revolte-lui-jette-le-pagne-du-08-mars-a-la-figure","name":"Sale semaine pour Chantal Biya : un r\u00e9volt\u00e9 lui jette le pagne du 08 mars \u00e0 la figure - Cameroun","isPartOf":{"@id":"https:\/\/www.africa-press.net\/cameroun\/#website"},"primaryImageOfPage":{"@id":"https:\/\/www.africa-press.net\/cameroun\/toutes-les-actualites\/sale-semaine-pour-chantal-biya-un-revolte-lui-jette-le-pagne-du-08-mars-a-la-figure#primaryimage"},"image":{"@id":"https:\/\/www.africa-press.net\/cameroun\/toutes-les-actualites\/sale-semaine-pour-chantal-biya-un-revolte-lui-jette-le-pagne-du-08-mars-a-la-figure#primaryimage"},"thumbnailUrl":"https:\/\/static.africa-press.net\/cameroun\/sites\/57\/2023\/03\/postQueueImg_1678439256.29.jpg","datePublished":"2023-03-10T12:37:31+00:00","dateModified":"2023-03-10T13:02:54+00:00","author":{"@id":"https:\/\/www.africa-press.net\/cameroun\/#\/schema\/person\/2b1cf3cd81a31e3cd26889ca66d677f1"},"description":"La journe\u0301e internationale des droits des femmes a e\u0301te\u0301 diversement comme\u0301more\u0301e le 08 mars passe\u0301. Beaucoup de Camerou ...","breadcrumb":{"@id":"https:\/\/www.africa-press.net\/cameroun\/toutes-les-actualites\/sale-semaine-pour-chantal-biya-un-revolte-lui-jette-le-pagne-du-08-mars-a-la-figure#breadcrumb"},"inLanguage":"fr-FR","potentialAction":[{"@type":"ReadAction","target":["https:\/\/www.africa-press.net\/cameroun\/toutes-les-actualites\/sale-semaine-pour-chantal-biya-un-revolte-lui-jette-le-pagne-du-08-mars-a-la-figure"]}]},{"@type":"ImageObject","inLanguage":"fr-FR","@id":"https:\/\/www.africa-press.net\/cameroun\/toutes-les-actualites\/sale-semaine-pour-chantal-biya-un-revolte-lui-jette-le-pagne-du-08-mars-a-la-figure#primaryimage","url":"https:\/\/static.africa-press.net\/cameroun\/sites\/57\/2023\/03\/postQueueImg_1678439256.29.jpg","contentUrl":"https:\/\/static.africa-press.net\/cameroun\/sites\/57\/2023\/03\/postQueueImg_1678439256.29.jpg","width":720,"height":475,"caption":"Sale semaine pour Chantal Biya : un r\u00e9volt\u00e9 lui jette le pagne du 08 mars \u00e0 la figure"},{"@type":"BreadcrumbList","@id":"https:\/\/www.africa-press.net\/cameroun\/toutes-les-actualites\/sale-semaine-pour-chantal-biya-un-revolte-lui-jette-le-pagne-du-08-mars-a-la-figure#breadcrumb","itemListElement":[{"@type":"ListItem","position":1,"name":"Accueil","item":"https:\/\/www.africa-press.net\/cameroun\/"},{"@type":"ListItem","position":2,"name":"Sale semaine pour Chantal Biya : un r\u00e9volt\u00e9 lui jette le pagne du 08 mars \u00e0 la figure"}]},{"@type":"WebSite","@id":"https:\/\/www.africa-press.net\/cameroun\/#website","url":"https:\/\/www.africa-press.net\/cameroun\/","name":"Cameroun","description":"Just another Africa News Agency Sites site","potentialAction":[{"@type":"SearchAction","target":{"@type":"EntryPoint","urlTemplate":"https:\/\/www.africa-press.net\/cameroun\/?s={search_term_string}"},"query-input":{"@type":"PropertyValueSpecification","valueRequired":true,"valueName":"search_term_string"}}],"inLanguage":"fr-FR"},{"@type":"Person","@id":"https:\/\/www.africa-press.net\/cameroun\/#\/schema\/person\/2b1cf3cd81a31e3cd26889ca66d677f1","name":"cfeditorfr"}]}},"_links":{"self":[{"href":"https:\/\/www.africa-press.net\/cameroun\/wp-json\/wp\/v2\/posts\/38911","targetHints":{"allow":["GET"]}}],"collection":[{"href":"https:\/\/www.africa-press.net\/cameroun\/wp-json\/wp\/v2\/posts"}],"about":[{"href":"https:\/\/www.africa-press.net\/cameroun\/wp-json\/wp\/v2\/types\/post"}],"author":[{"embeddable":true,"href":"https:\/\/www.africa-press.net\/cameroun\/wp-json\/wp\/v2\/users\/82"}],"replies":[{"embeddable":true,"href":"https:\/\/www.africa-press.net\/cameroun\/wp-json\/wp\/v2\/comments?post=38911"}],"version-history":[{"count":0,"href":"https:\/\/www.africa-press.net\/cameroun\/wp-json\/wp\/v2\/posts\/38911\/revisions"}],"wp:featuredmedia":[{"embeddable":true,"href":"https:\/\/www.africa-press.net\/cameroun\/wp-json\/wp\/v2\/media\/38907"}],"wp:attachment":[{"href":"https:\/\/www.africa-press.net\/cameroun\/wp-json\/wp\/v2\/media?parent=38911"}],"wp:term":[{"taxonomy":"category","embeddable":true,"href":"https:\/\/www.africa-press.net\/cameroun\/wp-json\/wp\/v2\/categories?post=38911"},{"taxonomy":"post_tag","embeddable":true,"href":"https:\/\/www.africa-press.net\/cameroun\/wp-json\/wp\/v2\/tags?post=38911"}],"curies":[{"name":"wp","href":"https:\/\/api.w.org\/{rel}","templated":true}]}}