{"id":38914,"date":"2023-03-10T12:38:00","date_gmt":"2023-03-10T12:38:00","guid":{"rendered":"https:\/\/www.africa-press.net\/cameroun\/politique\/cemac-les-dossiers-au-menu-de-la-conference-des-chefs-detat-a-yaounde"},"modified":"2023-03-10T13:03:37","modified_gmt":"2023-03-10T13:03:37","slug":"cemac-les-dossiers-au-menu-de-la-conference-des-chefs-detat-a-yaounde","status":"publish","type":"post","link":"https:\/\/www.africa-press.net\/cameroun\/politique\/cemac-les-dossiers-au-menu-de-la-conference-des-chefs-detat-a-yaounde","title":{"rendered":"Cemac\u00a0: les dossiers au menu de la Conf\u00e9rence des chefs d\u2019\u00c9tat \u00e0 Yaound\u00e9"},"content":{"rendered":"<p><span style=\"color: #ff6600\"><strong>Africa-Press &#8211; Cameroun. <\/strong><\/span>La 15e session ordinaire de la Confe\u0301rence des chefs d\u2019E\u0301tat de la Communaute\u0301 e\u0301conomique et mone\u0301taire de l\u2019Afrique centrale (Cemac) est pre\u0301vue pour le 17 mars 2023 a\u0300 Yaounde\u0301, au Cameroun.<\/p>\n<p>Les chefs d\u2019E\u0301tat de la Communaute\u0301 e\u0301conomique et mone\u0301taire de l\u2019Afrique centrale (Cemac) sont convoque\u0301s a\u0300 Yaounde\u0301 le 17 mars prochain par Paul Biya, le pre\u0301sident du Cameroun.<\/p>\n<p>Paul Biya, pre\u0301sident de la Re\u0301publique du Cameroun et pre\u0301sident en exercice de la Cemac (Cameroun, Congo, Gabon, Tchad, RCA et Guine\u0301e e\u0301quatoriale), a envoye\u0301 ses e\u0301missaires remettre des lettres d\u2019invitation a\u0300 ses homologues. C\u2019est ainsi qu\u2019il y a quelques jours, le ministre des Finances, Louis Paul Motaze, a e\u0301te\u0301 rec\u0327u par le pre\u0301sident Denis Sassou Nguesso du Congo, et le pre\u0301sident Faustin Archange Touadera de la Re\u0301publique centrafricaine. Le ministre des Relations exte\u0301rieures, Lejeune Mbella Mbella, a quant a\u0300 lui e\u0301te\u0301 rec\u0327u par le pre\u0301sident Ali Bongo Ondimba du Gabon, tandis que le pre\u0301sident Obiang Nguema Mbasogo de Guine\u0301e e\u0301quatoriale recevait un pli ferme\u0301 porte\u0301 par le ministre de l\u2019E\u0301conomie, Alamine Ousmane Mey.<\/p>\n<p>Les sujets qui pourraient meubler la confe\u0301rence des chefs d\u2019E\u0301tat sont la mise en \u0153uvre du Programme des re\u0301formes e\u0301conomiques et financie\u0300res, de l\u2019e\u0301volution du processus de rationalisation des Communaute\u0301s e\u0301conomiques re\u0301gionales d\u2019Afrique centrale, de la re\u0301forme du FCFA, des conse\u0301quences de la guerre en Ukraine et de la cryptomonnaie sur les e\u0301conomies de la sous-re\u0301gion, puis des nominations au sein de certains organes et institutions de la Cemac.<\/p>\n<p>Aussi, les dirigeants de plusieurs organes et institutions de la Cemac sont en effet arrive\u0301s en fin de mandat. Il s\u2019agit notamment du pre\u0301sident de la Cemac, poste assure\u0301 depuis mars 2019 par le pre\u0301sident Paul Biya, pour un mandat d\u2019un an ; des six membres du gouvernement de la Cemac, en fonction depuis fe\u0301vrier 2017 pour un mandat de 5 ans ; du pre\u0301sident de la Commission de surveillance du marche\u0301 financier de l\u2019Afrique Centrale (Cosumaf), en poste depuis de\u0301cembre 2017 pour un mandat de 5 ans.<\/p>\n<p><strong>Pour plus d&rsquo;informations et d&rsquo;analyses sur la <a href=\"https:\/\/www.africa-press.net\/cameroun\">Cameroun<\/a>, suivez <a href=\"https:\/\/www.africa-press.net\/\">Africa-Press<\/a><\/strong><\/p>\n","protected":false},"excerpt":{"rendered":"<p>Africa-Press &#8211; Cameroun. La 15e session ordinaire de la Confe\u0301rence des chefs d\u2019E\u0301tat de la Communaute\u0301 e\u0301conomique et mone\u0301taire de l\u2019Afrique centrale (Cemac) est pre\u0301vue pour le 17 mars 2023 a\u0300 Yaounde\u0301, au Cameroun. Les chefs d\u2019E\u0301tat de la Communaute\u0301 e\u0301conomique et mone\u0301taire de l\u2019Afrique centrale (Cemac) sont convoque\u0301s a\u0300 Yaounde\u0301 le 17 mars prochain [&hellip;]<\/p>\n","protected":false},"author":82,"featured_media":38912,"comment_status":"open","ping_status":"closed","sticky":false,"template":"","format":"standard","meta":{"footnotes":""},"categories":[2,10],"tags":[36,50,49],"class_list":["post-38914","post","type-post","status-publish","format-standard","has-post-thumbnail","hentry","category-politique","category-toutes-les-actualites","tag-africa-press","tag-africa-press-cameroun","tag-cameroun"],"yoast_head":"<!-- This site is optimized with the Yoast SEO Premium plugin v26.1 (Yoast SEO v27.0) - https:\/\/yoast.com\/product\/yoast-seo-premium-wordpress\/ -->\n<title>Cemac\u00a0: les dossiers au menu de la Conf\u00e9rence des chefs d\u2019\u00c9tat \u00e0 Yaound\u00e9 - Cameroun<\/title>\n<meta name=\"description\" content=\"La 15e session ordinaire de la Confe\u0301rence des chefs d\u2019E\u0301tat de la Communaute\u0301 e\u0301conomique et mone\u0301taire de l\u2019Afrique ce ...\" \/>\n<meta name=\"robots\" content=\"index, follow, max-snippet:-1, max-image-preview:large, max-video-preview:-1\" \/>\n<link rel=\"canonical\" href=\"https:\/\/www.africa-press.net\/cameroun\/politique\/cemac-les-dossiers-au-menu-de-la-conference-des-chefs-detat-a-yaounde\" \/>\n<meta property=\"og:locale\" content=\"fr_FR\" \/>\n<meta property=\"og:type\" content=\"article\" \/>\n<meta property=\"og:title\" content=\"Cemac\u00a0: les dossiers au menu de la Conf\u00e9rence des chefs d\u2019\u00c9tat \u00e0 Yaound\u00e9\" \/>\n<meta property=\"og:description\" content=\"La 15e session ordinaire de la Confe\u0301rence des chefs d\u2019E\u0301tat de la Communaute\u0301 e\u0301conomique et mone\u0301taire de l\u2019Afrique ce ...\" \/>\n<meta property=\"og:url\" content=\"https:\/\/www.africa-press.net\/cameroun\/politique\/cemac-les-dossiers-au-menu-de-la-conference-des-chefs-detat-a-yaounde\" \/>\n<meta property=\"og:site_name\" content=\"Cameroun\" \/>\n<meta property=\"article:published_time\" content=\"2023-03-10T12:38:00+00:00\" \/>\n<meta property=\"article:modified_time\" content=\"2023-03-10T13:03:37+00:00\" \/>\n<meta property=\"og:image\" content=\"https:\/\/static.africa-press.net\/cameroun\/sites\/57\/2023\/03\/postQueueImg_1678440326.39.jpg\" \/>\n\t<meta property=\"og:image:width\" content=\"800\" \/>\n\t<meta property=\"og:image:height\" content=\"533\" \/>\n\t<meta property=\"og:image:type\" content=\"image\/jpeg\" \/>\n<meta name=\"author\" content=\"cfeditorfr\" \/>\n<meta name=\"twitter:card\" content=\"summary_large_image\" \/>\n<meta name=\"twitter:label1\" content=\"\u00c9crit par\" \/>\n\t<meta name=\"twitter:data1\" content=\"cfeditorfr\" \/>\n\t<meta name=\"twitter:label2\" content=\"Dur\u00e9e de lecture estim\u00e9e\" \/>\n\t<meta name=\"twitter:data2\" content=\"2 minutes\" \/>\n<script type=\"application\/ld+json\" class=\"yoast-schema-graph\">{\"@context\":\"https:\/\/schema.org\",\"@graph\":[{\"@type\":\"Article\",\"@id\":\"https:\/\/www.africa-press.net\/cameroun\/politique\/cemac-les-dossiers-au-menu-de-la-conference-des-chefs-detat-a-yaounde#article\",\"isPartOf\":{\"@id\":\"https:\/\/www.africa-press.net\/cameroun\/politique\/cemac-les-dossiers-au-menu-de-la-conference-des-chefs-detat-a-yaounde\"},\"author\":{\"name\":\"cfeditorfr\",\"@id\":\"https:\/\/www.africa-press.net\/cameroun\/#\/schema\/person\/2b1cf3cd81a31e3cd26889ca66d677f1\"},\"headline\":\"Cemac\u00a0: les dossiers au menu de la Conf\u00e9rence des chefs d\u2019\u00c9tat \u00e0 Yaound\u00e9\",\"datePublished\":\"2023-03-10T12:38:00+00:00\",\"dateModified\":\"2023-03-10T13:03:37+00:00\",\"mainEntityOfPage\":{\"@id\":\"https:\/\/www.africa-press.net\/cameroun\/politique\/cemac-les-dossiers-au-menu-de-la-conference-des-chefs-detat-a-yaounde\"},\"wordCount\":411,\"commentCount\":0,\"image\":{\"@id\":\"https:\/\/www.africa-press.net\/cameroun\/politique\/cemac-les-dossiers-au-menu-de-la-conference-des-chefs-detat-a-yaounde#primaryimage\"},\"thumbnailUrl\":\"https:\/\/static.africa-press.net\/cameroun\/sites\/57\/2023\/03\/postQueueImg_1678440326.39.jpg\",\"keywords\":[\"Africa Press\",\"Africa Press-Cameroun\",\"Cameroun\"],\"articleSection\":[\"Politique\",\"Toutes les actualit\u00e9s\"],\"inLanguage\":\"fr-FR\",\"potentialAction\":[{\"@type\":\"CommentAction\",\"name\":\"Comment\",\"target\":[\"https:\/\/www.africa-press.net\/cameroun\/politique\/cemac-les-dossiers-au-menu-de-la-conference-des-chefs-detat-a-yaounde#respond\"]}]},{\"@type\":\"WebPage\",\"@id\":\"https:\/\/www.africa-press.net\/cameroun\/politique\/cemac-les-dossiers-au-menu-de-la-conference-des-chefs-detat-a-yaounde\",\"url\":\"https:\/\/www.africa-press.net\/cameroun\/politique\/cemac-les-dossiers-au-menu-de-la-conference-des-chefs-detat-a-yaounde\",\"name\":\"Cemac\u00a0: les dossiers au menu de la Conf\u00e9rence des chefs d\u2019\u00c9tat \u00e0 Yaound\u00e9 - Cameroun\",\"isPartOf\":{\"@id\":\"https:\/\/www.africa-press.net\/cameroun\/#website\"},\"primaryImageOfPage\":{\"@id\":\"https:\/\/www.africa-press.net\/cameroun\/politique\/cemac-les-dossiers-au-menu-de-la-conference-des-chefs-detat-a-yaounde#primaryimage\"},\"image\":{\"@id\":\"https:\/\/www.africa-press.net\/cameroun\/politique\/cemac-les-dossiers-au-menu-de-la-conference-des-chefs-detat-a-yaounde#primaryimage\"},\"thumbnailUrl\":\"https:\/\/static.africa-press.net\/cameroun\/sites\/57\/2023\/03\/postQueueImg_1678440326.39.jpg\",\"datePublished\":\"2023-03-10T12:38:00+00:00\",\"dateModified\":\"2023-03-10T13:03:37+00:00\",\"author\":{\"@id\":\"https:\/\/www.africa-press.net\/cameroun\/#\/schema\/person\/2b1cf3cd81a31e3cd26889ca66d677f1\"},\"description\":\"La 15e session ordinaire de la Confe\u0301rence des chefs d\u2019E\u0301tat de la Communaute\u0301 e\u0301conomique et mone\u0301taire de l\u2019Afrique ce ...\",\"breadcrumb\":{\"@id\":\"https:\/\/www.africa-press.net\/cameroun\/politique\/cemac-les-dossiers-au-menu-de-la-conference-des-chefs-detat-a-yaounde#breadcrumb\"},\"inLanguage\":\"fr-FR\",\"potentialAction\":[{\"@type\":\"ReadAction\",\"target\":[\"https:\/\/www.africa-press.net\/cameroun\/politique\/cemac-les-dossiers-au-menu-de-la-conference-des-chefs-detat-a-yaounde\"]}]},{\"@type\":\"ImageObject\",\"inLanguage\":\"fr-FR\",\"@id\":\"https:\/\/www.africa-press.net\/cameroun\/politique\/cemac-les-dossiers-au-menu-de-la-conference-des-chefs-detat-a-yaounde#primaryimage\",\"url\":\"https:\/\/static.africa-press.net\/cameroun\/sites\/57\/2023\/03\/postQueueImg_1678440326.39.jpg\",\"contentUrl\":\"https:\/\/static.africa-press.net\/cameroun\/sites\/57\/2023\/03\/postQueueImg_1678440326.39.jpg\",\"width\":800,\"height\":533,\"caption\":\"Cemac\u00a0: les dossiers au menu de la Conf\u00e9rence des chefs d\u2019\u00c9tat \u00e0 Yaound\u00e9\"},{\"@type\":\"BreadcrumbList\",\"@id\":\"https:\/\/www.africa-press.net\/cameroun\/politique\/cemac-les-dossiers-au-menu-de-la-conference-des-chefs-detat-a-yaounde#breadcrumb\",\"itemListElement\":[{\"@type\":\"ListItem\",\"position\":1,\"name\":\"Accueil\",\"item\":\"https:\/\/www.africa-press.net\/cameroun\/\"},{\"@type\":\"ListItem\",\"position\":2,\"name\":\"Cemac\u00a0: les dossiers au menu de la Conf\u00e9rence des chefs d\u2019\u00c9tat \u00e0 Yaound\u00e9\"}]},{\"@type\":\"WebSite\",\"@id\":\"https:\/\/www.africa-press.net\/cameroun\/#website\",\"url\":\"https:\/\/www.africa-press.net\/cameroun\/\",\"name\":\"Cameroun\",\"description\":\"Just another Africa News Agency Sites site\",\"potentialAction\":[{\"@type\":\"SearchAction\",\"target\":{\"@type\":\"EntryPoint\",\"urlTemplate\":\"https:\/\/www.africa-press.net\/cameroun\/?s={search_term_string}\"},\"query-input\":{\"@type\":\"PropertyValueSpecification\",\"valueRequired\":true,\"valueName\":\"search_term_string\"}}],\"inLanguage\":\"fr-FR\"},{\"@type\":\"Person\",\"@id\":\"https:\/\/www.africa-press.net\/cameroun\/#\/schema\/person\/2b1cf3cd81a31e3cd26889ca66d677f1\",\"name\":\"cfeditorfr\"}]}<\/script>\n<!-- \/ Yoast SEO Premium plugin. -->","yoast_head_json":{"title":"Cemac\u00a0: les dossiers au menu de la Conf\u00e9rence des chefs d\u2019\u00c9tat \u00e0 Yaound\u00e9 - Cameroun","description":"La 15e session ordinaire de la Confe\u0301rence des chefs d\u2019E\u0301tat de la Communaute\u0301 e\u0301conomique et mone\u0301taire de l\u2019Afrique ce ...","robots":{"index":"index","follow":"follow","max-snippet":"max-snippet:-1","max-image-preview":"max-image-preview:large","max-video-preview":"max-video-preview:-1"},"canonical":"https:\/\/www.africa-press.net\/cameroun\/politique\/cemac-les-dossiers-au-menu-de-la-conference-des-chefs-detat-a-yaounde","og_locale":"fr_FR","og_type":"article","og_title":"Cemac\u00a0: les dossiers au menu de la Conf\u00e9rence des chefs d\u2019\u00c9tat \u00e0 Yaound\u00e9","og_description":"La 15e session ordinaire de la Confe\u0301rence des chefs d\u2019E\u0301tat de la Communaute\u0301 e\u0301conomique et mone\u0301taire de l\u2019Afrique ce ...","og_url":"https:\/\/www.africa-press.net\/cameroun\/politique\/cemac-les-dossiers-au-menu-de-la-conference-des-chefs-detat-a-yaounde","og_site_name":"Cameroun","article_published_time":"2023-03-10T12:38:00+00:00","article_modified_time":"2023-03-10T13:03:37+00:00","og_image":[{"width":800,"height":533,"url":"https:\/\/static.africa-press.net\/cameroun\/sites\/57\/2023\/03\/postQueueImg_1678440326.39.jpg","type":"image\/jpeg"}],"author":"cfeditorfr","twitter_card":"summary_large_image","twitter_misc":{"\u00c9crit par":"cfeditorfr","Dur\u00e9e de lecture estim\u00e9e":"2 minutes"},"schema":{"@context":"https:\/\/schema.org","@graph":[{"@type":"Article","@id":"https:\/\/www.africa-press.net\/cameroun\/politique\/cemac-les-dossiers-au-menu-de-la-conference-des-chefs-detat-a-yaounde#article","isPartOf":{"@id":"https:\/\/www.africa-press.net\/cameroun\/politique\/cemac-les-dossiers-au-menu-de-la-conference-des-chefs-detat-a-yaounde"},"author":{"name":"cfeditorfr","@id":"https:\/\/www.africa-press.net\/cameroun\/#\/schema\/person\/2b1cf3cd81a31e3cd26889ca66d677f1"},"headline":"Cemac\u00a0: les dossiers au menu de la Conf\u00e9rence des chefs d\u2019\u00c9tat \u00e0 Yaound\u00e9","datePublished":"2023-03-10T12:38:00+00:00","dateModified":"2023-03-10T13:03:37+00:00","mainEntityOfPage":{"@id":"https:\/\/www.africa-press.net\/cameroun\/politique\/cemac-les-dossiers-au-menu-de-la-conference-des-chefs-detat-a-yaounde"},"wordCount":411,"commentCount":0,"image":{"@id":"https:\/\/www.africa-press.net\/cameroun\/politique\/cemac-les-dossiers-au-menu-de-la-conference-des-chefs-detat-a-yaounde#primaryimage"},"thumbnailUrl":"https:\/\/static.africa-press.net\/cameroun\/sites\/57\/2023\/03\/postQueueImg_1678440326.39.jpg","keywords":["Africa Press","Africa Press-Cameroun","Cameroun"],"articleSection":["Politique","Toutes les actualit\u00e9s"],"inLanguage":"fr-FR","potentialAction":[{"@type":"CommentAction","name":"Comment","target":["https:\/\/www.africa-press.net\/cameroun\/politique\/cemac-les-dossiers-au-menu-de-la-conference-des-chefs-detat-a-yaounde#respond"]}]},{"@type":"WebPage","@id":"https:\/\/www.africa-press.net\/cameroun\/politique\/cemac-les-dossiers-au-menu-de-la-conference-des-chefs-detat-a-yaounde","url":"https:\/\/www.africa-press.net\/cameroun\/politique\/cemac-les-dossiers-au-menu-de-la-conference-des-chefs-detat-a-yaounde","name":"Cemac\u00a0: les dossiers au menu de la Conf\u00e9rence des chefs d\u2019\u00c9tat \u00e0 Yaound\u00e9 - Cameroun","isPartOf":{"@id":"https:\/\/www.africa-press.net\/cameroun\/#website"},"primaryImageOfPage":{"@id":"https:\/\/www.africa-press.net\/cameroun\/politique\/cemac-les-dossiers-au-menu-de-la-conference-des-chefs-detat-a-yaounde#primaryimage"},"image":{"@id":"https:\/\/www.africa-press.net\/cameroun\/politique\/cemac-les-dossiers-au-menu-de-la-conference-des-chefs-detat-a-yaounde#primaryimage"},"thumbnailUrl":"https:\/\/static.africa-press.net\/cameroun\/sites\/57\/2023\/03\/postQueueImg_1678440326.39.jpg","datePublished":"2023-03-10T12:38:00+00:00","dateModified":"2023-03-10T13:03:37+00:00","author":{"@id":"https:\/\/www.africa-press.net\/cameroun\/#\/schema\/person\/2b1cf3cd81a31e3cd26889ca66d677f1"},"description":"La 15e session ordinaire de la Confe\u0301rence des chefs d\u2019E\u0301tat de la Communaute\u0301 e\u0301conomique et mone\u0301taire de l\u2019Afrique ce ...","breadcrumb":{"@id":"https:\/\/www.africa-press.net\/cameroun\/politique\/cemac-les-dossiers-au-menu-de-la-conference-des-chefs-detat-a-yaounde#breadcrumb"},"inLanguage":"fr-FR","potentialAction":[{"@type":"ReadAction","target":["https:\/\/www.africa-press.net\/cameroun\/politique\/cemac-les-dossiers-au-menu-de-la-conference-des-chefs-detat-a-yaounde"]}]},{"@type":"ImageObject","inLanguage":"fr-FR","@id":"https:\/\/www.africa-press.net\/cameroun\/politique\/cemac-les-dossiers-au-menu-de-la-conference-des-chefs-detat-a-yaounde#primaryimage","url":"https:\/\/static.africa-press.net\/cameroun\/sites\/57\/2023\/03\/postQueueImg_1678440326.39.jpg","contentUrl":"https:\/\/static.africa-press.net\/cameroun\/sites\/57\/2023\/03\/postQueueImg_1678440326.39.jpg","width":800,"height":533,"caption":"Cemac\u00a0: les dossiers au menu de la Conf\u00e9rence des chefs d\u2019\u00c9tat \u00e0 Yaound\u00e9"},{"@type":"BreadcrumbList","@id":"https:\/\/www.africa-press.net\/cameroun\/politique\/cemac-les-dossiers-au-menu-de-la-conference-des-chefs-detat-a-yaounde#breadcrumb","itemListElement":[{"@type":"ListItem","position":1,"name":"Accueil","item":"https:\/\/www.africa-press.net\/cameroun\/"},{"@type":"ListItem","position":2,"name":"Cemac\u00a0: les dossiers au menu de la Conf\u00e9rence des chefs d\u2019\u00c9tat \u00e0 Yaound\u00e9"}]},{"@type":"WebSite","@id":"https:\/\/www.africa-press.net\/cameroun\/#website","url":"https:\/\/www.africa-press.net\/cameroun\/","name":"Cameroun","description":"Just another Africa News Agency Sites site","potentialAction":[{"@type":"SearchAction","target":{"@type":"EntryPoint","urlTemplate":"https:\/\/www.africa-press.net\/cameroun\/?s={search_term_string}"},"query-input":{"@type":"PropertyValueSpecification","valueRequired":true,"valueName":"search_term_string"}}],"inLanguage":"fr-FR"},{"@type":"Person","@id":"https:\/\/www.africa-press.net\/cameroun\/#\/schema\/person\/2b1cf3cd81a31e3cd26889ca66d677f1","name":"cfeditorfr"}]}},"_links":{"self":[{"href":"https:\/\/www.africa-press.net\/cameroun\/wp-json\/wp\/v2\/posts\/38914","targetHints":{"allow":["GET"]}}],"collection":[{"href":"https:\/\/www.africa-press.net\/cameroun\/wp-json\/wp\/v2\/posts"}],"about":[{"href":"https:\/\/www.africa-press.net\/cameroun\/wp-json\/wp\/v2\/types\/post"}],"author":[{"embeddable":true,"href":"https:\/\/www.africa-press.net\/cameroun\/wp-json\/wp\/v2\/users\/82"}],"replies":[{"embeddable":true,"href":"https:\/\/www.africa-press.net\/cameroun\/wp-json\/wp\/v2\/comments?post=38914"}],"version-history":[{"count":0,"href":"https:\/\/www.africa-press.net\/cameroun\/wp-json\/wp\/v2\/posts\/38914\/revisions"}],"wp:featuredmedia":[{"embeddable":true,"href":"https:\/\/www.africa-press.net\/cameroun\/wp-json\/wp\/v2\/media\/38912"}],"wp:attachment":[{"href":"https:\/\/www.africa-press.net\/cameroun\/wp-json\/wp\/v2\/media?parent=38914"}],"wp:term":[{"taxonomy":"category","embeddable":true,"href":"https:\/\/www.africa-press.net\/cameroun\/wp-json\/wp\/v2\/categories?post=38914"},{"taxonomy":"post_tag","embeddable":true,"href":"https:\/\/www.africa-press.net\/cameroun\/wp-json\/wp\/v2\/tags?post=38914"}],"curies":[{"name":"wp","href":"https:\/\/api.w.org\/{rel}","templated":true}]}}