{"id":38925,"date":"2023-03-10T17:57:46","date_gmt":"2023-03-10T17:57:46","guid":{"rendered":"https:\/\/www.africa-press.net\/cameroun\/politique\/perquisition-a-lissam-amougou-belinga-gagne-le-bras-de-fer-avec-les-gendarmes"},"modified":"2023-03-10T18:37:48","modified_gmt":"2023-03-10T18:37:48","slug":"perquisition-a-lissam-amougou-belinga-gagne-le-bras-de-fer-avec-les-gendarmes","status":"publish","type":"post","link":"https:\/\/www.africa-press.net\/cameroun\/toutes-les-actualites\/perquisition-a-lissam-amougou-belinga-gagne-le-bras-de-fer-avec-les-gendarmes","title":{"rendered":"Perquisition \u00e0 l&rsquo;Issam: Amougou Belinga gagne le bras de fer avec les gendarmes"},"content":{"rendered":"<p><span style=\"color: #ff6600\"><strong>Africa-Press &#8211; Cameroun. <\/strong><\/span>Des enque\u0302teurs du SED ont tente\u0301 de faire une perquisition a\u0300 l&rsquo;Issam, l&rsquo;institut universitaire prive\u0301 de Jean Pierre Amougou Belinga. Mais ils se sont heurte\u0301s a\u0300 une re\u0301sistance a\u0300 laquelle ils ne s&rsquo;attendaient pas.<\/p>\n<p>La re\u0301daction de CamerounWeb a appris que dans la journe\u0301e d&rsquo;hier jeudi 09 mars, des gendarmes ont de\u0301barque\u0301 dans les locaux du campus de l&rsquo;ISSAM pour une perquisition express.<\/p>\n<p>Alors qu&rsquo;ils espe\u0301raient faire leur perquisition rapidement et partir, les gendarmes sont tombe\u0301s sur l&rsquo;avocat de Jean Pierre Amougou Belinga, Me Charles Tchougang. Ce dernier leur a tout simplement demande\u0301 de lui montrer les documents de l&rsquo;autorite\u0301 qui autorise cette perquisition. Aux nouvelles, cette perquisition n&rsquo;a pu avoir lieu, face a\u0300 la re\u0301sistance du conseil de Jean Pierre Amougou Belinga.<\/p>\n<p>D&rsquo;autres sources comme le lanceur d&rsquo;alertes Boris Bertolt affirment que \u00ab\u00a0les gendarmes ont e\u0301te\u0301 incapables de produire les documents qui rendaient le\u0301gale cette perquisition\u00a0\u00bb.<\/p>\n<p>Les franchises universitaires e\u0301tant cense\u0301e ne pas e\u0302tre viole\u0301es par les forces de l&rsquo;ordre sauf autorisation expresse, une autre source nous apprend que les enque\u0302teurs ont promis de revenir le plus to\u0302t possible, avec les autorisations ne\u0301cessaires pour cette perquisition.<\/p>\n<p>Pour le moment, l&rsquo;on ne sait toujours pas ce que les e\u0301le\u0301ments du SED recherchent a\u0300 l&rsquo;ISSAM. L&rsquo;on ne sait pas non plus si cette perquisition est toujours dans le cadre des enque\u0302tes ouvertes par le chef de l&rsquo;Etat pour faire la lumie\u0300re sur l&rsquo;assassinat de Martinez Mbami Zogo.<\/p>\n<p><strong>Pour plus d&rsquo;informations et d&rsquo;analyses sur la <a href=\"https:\/\/www.africa-press.net\/cameroun\">Cameroun<\/a>, suivez <a href=\"https:\/\/www.africa-press.net\/\">Africa-Press<\/a><\/strong><\/p>\n","protected":false},"excerpt":{"rendered":"<p>Africa-Press &#8211; Cameroun. Des enque\u0302teurs du SED ont tente\u0301 de faire une perquisition a\u0300 l&rsquo;Issam, l&rsquo;institut universitaire prive\u0301 de Jean Pierre Amougou Belinga. Mais ils se sont heurte\u0301s a\u0300 une re\u0301sistance a\u0300 laquelle ils ne s&rsquo;attendaient pas. La re\u0301daction de CamerounWeb a appris que dans la journe\u0301e d&rsquo;hier jeudi 09 mars, des gendarmes ont de\u0301barque\u0301 [&hellip;]<\/p>\n","protected":false},"author":82,"featured_media":38924,"comment_status":"open","ping_status":"closed","sticky":false,"template":"","format":"standard","meta":{"footnotes":""},"categories":[21,10],"tags":[36,50,49],"class_list":["post-38925","post","type-post","status-publish","format-standard","has-post-thumbnail","hentry","category-communaute","category-toutes-les-actualites","tag-africa-press","tag-africa-press-cameroun","tag-cameroun"],"yoast_head":"<!-- This site is optimized with the Yoast SEO Premium plugin v26.1 (Yoast SEO v27.0) - https:\/\/yoast.com\/product\/yoast-seo-premium-wordpress\/ -->\n<title>Perquisition \u00e0 l&#039;Issam: Amougou Belinga gagne le bras de fer avec les gendarmes - Cameroun<\/title>\n<meta name=\"description\" content=\"Des enque\u0302teurs du SED ont tente\u0301 de faire une perquisition a\u0300 l&#039;Issam, l&#039;institut universitaire prive\u0301 de Jean Pierre A ...\" \/>\n<meta name=\"robots\" content=\"index, follow, max-snippet:-1, max-image-preview:large, max-video-preview:-1\" \/>\n<link rel=\"canonical\" href=\"https:\/\/www.africa-press.net\/cameroun\/toutes-les-actualites\/perquisition-a-lissam-amougou-belinga-gagne-le-bras-de-fer-avec-les-gendarmes\" \/>\n<meta property=\"og:locale\" content=\"fr_FR\" \/>\n<meta property=\"og:type\" content=\"article\" \/>\n<meta property=\"og:title\" content=\"Perquisition \u00e0 l&#039;Issam: Amougou Belinga gagne le bras de fer avec les gendarmes\" \/>\n<meta property=\"og:description\" content=\"Des enque\u0302teurs du SED ont tente\u0301 de faire une perquisition a\u0300 l&#039;Issam, l&#039;institut universitaire prive\u0301 de Jean Pierre A ...\" \/>\n<meta property=\"og:url\" content=\"https:\/\/www.africa-press.net\/cameroun\/toutes-les-actualites\/perquisition-a-lissam-amougou-belinga-gagne-le-bras-de-fer-avec-les-gendarmes\" \/>\n<meta property=\"og:site_name\" content=\"Cameroun\" \/>\n<meta property=\"article:published_time\" content=\"2023-03-10T17:57:46+00:00\" \/>\n<meta property=\"article:modified_time\" content=\"2023-03-10T18:37:48+00:00\" \/>\n<meta property=\"og:image\" content=\"https:\/\/static.africa-press.net\/cameroun\/sites\/57\/2023\/03\/postQueueImg_1678458468.67.jpg\" \/>\n\t<meta property=\"og:image:width\" content=\"720\" \/>\n\t<meta property=\"og:image:height\" content=\"360\" \/>\n\t<meta property=\"og:image:type\" content=\"image\/jpeg\" \/>\n<meta name=\"author\" content=\"cfeditorfr\" \/>\n<meta name=\"twitter:card\" content=\"summary_large_image\" \/>\n<meta name=\"twitter:label1\" content=\"\u00c9crit par\" \/>\n\t<meta name=\"twitter:data1\" content=\"cfeditorfr\" \/>\n\t<meta name=\"twitter:label2\" content=\"Dur\u00e9e de lecture estim\u00e9e\" \/>\n\t<meta name=\"twitter:data2\" content=\"1 minute\" \/>\n<script type=\"application\/ld+json\" class=\"yoast-schema-graph\">{\"@context\":\"https:\/\/schema.org\",\"@graph\":[{\"@type\":\"Article\",\"@id\":\"https:\/\/www.africa-press.net\/cameroun\/toutes-les-actualites\/perquisition-a-lissam-amougou-belinga-gagne-le-bras-de-fer-avec-les-gendarmes#article\",\"isPartOf\":{\"@id\":\"https:\/\/www.africa-press.net\/cameroun\/toutes-les-actualites\/perquisition-a-lissam-amougou-belinga-gagne-le-bras-de-fer-avec-les-gendarmes\"},\"author\":{\"name\":\"cfeditorfr\",\"@id\":\"https:\/\/www.africa-press.net\/cameroun\/#\/schema\/person\/2b1cf3cd81a31e3cd26889ca66d677f1\"},\"headline\":\"Perquisition \u00e0 l&rsquo;Issam: Amougou Belinga gagne le bras de fer avec les gendarmes\",\"datePublished\":\"2023-03-10T17:57:46+00:00\",\"dateModified\":\"2023-03-10T18:37:48+00:00\",\"mainEntityOfPage\":{\"@id\":\"https:\/\/www.africa-press.net\/cameroun\/toutes-les-actualites\/perquisition-a-lissam-amougou-belinga-gagne-le-bras-de-fer-avec-les-gendarmes\"},\"wordCount\":302,\"commentCount\":0,\"image\":{\"@id\":\"https:\/\/www.africa-press.net\/cameroun\/toutes-les-actualites\/perquisition-a-lissam-amougou-belinga-gagne-le-bras-de-fer-avec-les-gendarmes#primaryimage\"},\"thumbnailUrl\":\"https:\/\/static.africa-press.net\/cameroun\/sites\/57\/2023\/03\/postQueueImg_1678458468.67.jpg\",\"keywords\":[\"Africa Press\",\"Africa Press-Cameroun\",\"Cameroun\"],\"articleSection\":[\"Communaut\u00e9\",\"Toutes les actualit\u00e9s\"],\"inLanguage\":\"fr-FR\",\"potentialAction\":[{\"@type\":\"CommentAction\",\"name\":\"Comment\",\"target\":[\"https:\/\/www.africa-press.net\/cameroun\/toutes-les-actualites\/perquisition-a-lissam-amougou-belinga-gagne-le-bras-de-fer-avec-les-gendarmes#respond\"]}]},{\"@type\":\"WebPage\",\"@id\":\"https:\/\/www.africa-press.net\/cameroun\/toutes-les-actualites\/perquisition-a-lissam-amougou-belinga-gagne-le-bras-de-fer-avec-les-gendarmes\",\"url\":\"https:\/\/www.africa-press.net\/cameroun\/toutes-les-actualites\/perquisition-a-lissam-amougou-belinga-gagne-le-bras-de-fer-avec-les-gendarmes\",\"name\":\"Perquisition \u00e0 l'Issam: Amougou Belinga gagne le bras de fer avec les gendarmes - Cameroun\",\"isPartOf\":{\"@id\":\"https:\/\/www.africa-press.net\/cameroun\/#website\"},\"primaryImageOfPage\":{\"@id\":\"https:\/\/www.africa-press.net\/cameroun\/toutes-les-actualites\/perquisition-a-lissam-amougou-belinga-gagne-le-bras-de-fer-avec-les-gendarmes#primaryimage\"},\"image\":{\"@id\":\"https:\/\/www.africa-press.net\/cameroun\/toutes-les-actualites\/perquisition-a-lissam-amougou-belinga-gagne-le-bras-de-fer-avec-les-gendarmes#primaryimage\"},\"thumbnailUrl\":\"https:\/\/static.africa-press.net\/cameroun\/sites\/57\/2023\/03\/postQueueImg_1678458468.67.jpg\",\"datePublished\":\"2023-03-10T17:57:46+00:00\",\"dateModified\":\"2023-03-10T18:37:48+00:00\",\"author\":{\"@id\":\"https:\/\/www.africa-press.net\/cameroun\/#\/schema\/person\/2b1cf3cd81a31e3cd26889ca66d677f1\"},\"description\":\"Des enque\u0302teurs du SED ont tente\u0301 de faire une perquisition a\u0300 l'Issam, l'institut universitaire prive\u0301 de Jean Pierre A ...\",\"breadcrumb\":{\"@id\":\"https:\/\/www.africa-press.net\/cameroun\/toutes-les-actualites\/perquisition-a-lissam-amougou-belinga-gagne-le-bras-de-fer-avec-les-gendarmes#breadcrumb\"},\"inLanguage\":\"fr-FR\",\"potentialAction\":[{\"@type\":\"ReadAction\",\"target\":[\"https:\/\/www.africa-press.net\/cameroun\/toutes-les-actualites\/perquisition-a-lissam-amougou-belinga-gagne-le-bras-de-fer-avec-les-gendarmes\"]}]},{\"@type\":\"ImageObject\",\"inLanguage\":\"fr-FR\",\"@id\":\"https:\/\/www.africa-press.net\/cameroun\/toutes-les-actualites\/perquisition-a-lissam-amougou-belinga-gagne-le-bras-de-fer-avec-les-gendarmes#primaryimage\",\"url\":\"https:\/\/static.africa-press.net\/cameroun\/sites\/57\/2023\/03\/postQueueImg_1678458468.67.jpg\",\"contentUrl\":\"https:\/\/static.africa-press.net\/cameroun\/sites\/57\/2023\/03\/postQueueImg_1678458468.67.jpg\",\"width\":720,\"height\":360,\"caption\":\"Perquisition \u00e0 l'Issam: Amougou Belinga gagne le bras de fer avec les gendarmes\"},{\"@type\":\"BreadcrumbList\",\"@id\":\"https:\/\/www.africa-press.net\/cameroun\/toutes-les-actualites\/perquisition-a-lissam-amougou-belinga-gagne-le-bras-de-fer-avec-les-gendarmes#breadcrumb\",\"itemListElement\":[{\"@type\":\"ListItem\",\"position\":1,\"name\":\"Accueil\",\"item\":\"https:\/\/www.africa-press.net\/cameroun\/\"},{\"@type\":\"ListItem\",\"position\":2,\"name\":\"Perquisition \u00e0 l&rsquo;Issam: Amougou Belinga gagne le bras de fer avec les gendarmes\"}]},{\"@type\":\"WebSite\",\"@id\":\"https:\/\/www.africa-press.net\/cameroun\/#website\",\"url\":\"https:\/\/www.africa-press.net\/cameroun\/\",\"name\":\"Cameroun\",\"description\":\"Just another Africa News Agency Sites site\",\"potentialAction\":[{\"@type\":\"SearchAction\",\"target\":{\"@type\":\"EntryPoint\",\"urlTemplate\":\"https:\/\/www.africa-press.net\/cameroun\/?s={search_term_string}\"},\"query-input\":{\"@type\":\"PropertyValueSpecification\",\"valueRequired\":true,\"valueName\":\"search_term_string\"}}],\"inLanguage\":\"fr-FR\"},{\"@type\":\"Person\",\"@id\":\"https:\/\/www.africa-press.net\/cameroun\/#\/schema\/person\/2b1cf3cd81a31e3cd26889ca66d677f1\",\"name\":\"cfeditorfr\"}]}<\/script>\n<!-- \/ Yoast SEO Premium plugin. -->","yoast_head_json":{"title":"Perquisition \u00e0 l'Issam: Amougou Belinga gagne le bras de fer avec les gendarmes - Cameroun","description":"Des enque\u0302teurs du SED ont tente\u0301 de faire une perquisition a\u0300 l'Issam, l'institut universitaire prive\u0301 de Jean Pierre A ...","robots":{"index":"index","follow":"follow","max-snippet":"max-snippet:-1","max-image-preview":"max-image-preview:large","max-video-preview":"max-video-preview:-1"},"canonical":"https:\/\/www.africa-press.net\/cameroun\/toutes-les-actualites\/perquisition-a-lissam-amougou-belinga-gagne-le-bras-de-fer-avec-les-gendarmes","og_locale":"fr_FR","og_type":"article","og_title":"Perquisition \u00e0 l'Issam: Amougou Belinga gagne le bras de fer avec les gendarmes","og_description":"Des enque\u0302teurs du SED ont tente\u0301 de faire une perquisition a\u0300 l'Issam, l'institut universitaire prive\u0301 de Jean Pierre A ...","og_url":"https:\/\/www.africa-press.net\/cameroun\/toutes-les-actualites\/perquisition-a-lissam-amougou-belinga-gagne-le-bras-de-fer-avec-les-gendarmes","og_site_name":"Cameroun","article_published_time":"2023-03-10T17:57:46+00:00","article_modified_time":"2023-03-10T18:37:48+00:00","og_image":[{"width":720,"height":360,"url":"https:\/\/static.africa-press.net\/cameroun\/sites\/57\/2023\/03\/postQueueImg_1678458468.67.jpg","type":"image\/jpeg"}],"author":"cfeditorfr","twitter_card":"summary_large_image","twitter_misc":{"\u00c9crit par":"cfeditorfr","Dur\u00e9e de lecture estim\u00e9e":"1 minute"},"schema":{"@context":"https:\/\/schema.org","@graph":[{"@type":"Article","@id":"https:\/\/www.africa-press.net\/cameroun\/toutes-les-actualites\/perquisition-a-lissam-amougou-belinga-gagne-le-bras-de-fer-avec-les-gendarmes#article","isPartOf":{"@id":"https:\/\/www.africa-press.net\/cameroun\/toutes-les-actualites\/perquisition-a-lissam-amougou-belinga-gagne-le-bras-de-fer-avec-les-gendarmes"},"author":{"name":"cfeditorfr","@id":"https:\/\/www.africa-press.net\/cameroun\/#\/schema\/person\/2b1cf3cd81a31e3cd26889ca66d677f1"},"headline":"Perquisition \u00e0 l&rsquo;Issam: Amougou Belinga gagne le bras de fer avec les gendarmes","datePublished":"2023-03-10T17:57:46+00:00","dateModified":"2023-03-10T18:37:48+00:00","mainEntityOfPage":{"@id":"https:\/\/www.africa-press.net\/cameroun\/toutes-les-actualites\/perquisition-a-lissam-amougou-belinga-gagne-le-bras-de-fer-avec-les-gendarmes"},"wordCount":302,"commentCount":0,"image":{"@id":"https:\/\/www.africa-press.net\/cameroun\/toutes-les-actualites\/perquisition-a-lissam-amougou-belinga-gagne-le-bras-de-fer-avec-les-gendarmes#primaryimage"},"thumbnailUrl":"https:\/\/static.africa-press.net\/cameroun\/sites\/57\/2023\/03\/postQueueImg_1678458468.67.jpg","keywords":["Africa Press","Africa Press-Cameroun","Cameroun"],"articleSection":["Communaut\u00e9","Toutes les actualit\u00e9s"],"inLanguage":"fr-FR","potentialAction":[{"@type":"CommentAction","name":"Comment","target":["https:\/\/www.africa-press.net\/cameroun\/toutes-les-actualites\/perquisition-a-lissam-amougou-belinga-gagne-le-bras-de-fer-avec-les-gendarmes#respond"]}]},{"@type":"WebPage","@id":"https:\/\/www.africa-press.net\/cameroun\/toutes-les-actualites\/perquisition-a-lissam-amougou-belinga-gagne-le-bras-de-fer-avec-les-gendarmes","url":"https:\/\/www.africa-press.net\/cameroun\/toutes-les-actualites\/perquisition-a-lissam-amougou-belinga-gagne-le-bras-de-fer-avec-les-gendarmes","name":"Perquisition \u00e0 l'Issam: Amougou Belinga gagne le bras de fer avec les gendarmes - Cameroun","isPartOf":{"@id":"https:\/\/www.africa-press.net\/cameroun\/#website"},"primaryImageOfPage":{"@id":"https:\/\/www.africa-press.net\/cameroun\/toutes-les-actualites\/perquisition-a-lissam-amougou-belinga-gagne-le-bras-de-fer-avec-les-gendarmes#primaryimage"},"image":{"@id":"https:\/\/www.africa-press.net\/cameroun\/toutes-les-actualites\/perquisition-a-lissam-amougou-belinga-gagne-le-bras-de-fer-avec-les-gendarmes#primaryimage"},"thumbnailUrl":"https:\/\/static.africa-press.net\/cameroun\/sites\/57\/2023\/03\/postQueueImg_1678458468.67.jpg","datePublished":"2023-03-10T17:57:46+00:00","dateModified":"2023-03-10T18:37:48+00:00","author":{"@id":"https:\/\/www.africa-press.net\/cameroun\/#\/schema\/person\/2b1cf3cd81a31e3cd26889ca66d677f1"},"description":"Des enque\u0302teurs du SED ont tente\u0301 de faire une perquisition a\u0300 l'Issam, l'institut universitaire prive\u0301 de Jean Pierre A ...","breadcrumb":{"@id":"https:\/\/www.africa-press.net\/cameroun\/toutes-les-actualites\/perquisition-a-lissam-amougou-belinga-gagne-le-bras-de-fer-avec-les-gendarmes#breadcrumb"},"inLanguage":"fr-FR","potentialAction":[{"@type":"ReadAction","target":["https:\/\/www.africa-press.net\/cameroun\/toutes-les-actualites\/perquisition-a-lissam-amougou-belinga-gagne-le-bras-de-fer-avec-les-gendarmes"]}]},{"@type":"ImageObject","inLanguage":"fr-FR","@id":"https:\/\/www.africa-press.net\/cameroun\/toutes-les-actualites\/perquisition-a-lissam-amougou-belinga-gagne-le-bras-de-fer-avec-les-gendarmes#primaryimage","url":"https:\/\/static.africa-press.net\/cameroun\/sites\/57\/2023\/03\/postQueueImg_1678458468.67.jpg","contentUrl":"https:\/\/static.africa-press.net\/cameroun\/sites\/57\/2023\/03\/postQueueImg_1678458468.67.jpg","width":720,"height":360,"caption":"Perquisition \u00e0 l'Issam: Amougou Belinga gagne le bras de fer avec les gendarmes"},{"@type":"BreadcrumbList","@id":"https:\/\/www.africa-press.net\/cameroun\/toutes-les-actualites\/perquisition-a-lissam-amougou-belinga-gagne-le-bras-de-fer-avec-les-gendarmes#breadcrumb","itemListElement":[{"@type":"ListItem","position":1,"name":"Accueil","item":"https:\/\/www.africa-press.net\/cameroun\/"},{"@type":"ListItem","position":2,"name":"Perquisition \u00e0 l&rsquo;Issam: Amougou Belinga gagne le bras de fer avec les gendarmes"}]},{"@type":"WebSite","@id":"https:\/\/www.africa-press.net\/cameroun\/#website","url":"https:\/\/www.africa-press.net\/cameroun\/","name":"Cameroun","description":"Just another Africa News Agency Sites site","potentialAction":[{"@type":"SearchAction","target":{"@type":"EntryPoint","urlTemplate":"https:\/\/www.africa-press.net\/cameroun\/?s={search_term_string}"},"query-input":{"@type":"PropertyValueSpecification","valueRequired":true,"valueName":"search_term_string"}}],"inLanguage":"fr-FR"},{"@type":"Person","@id":"https:\/\/www.africa-press.net\/cameroun\/#\/schema\/person\/2b1cf3cd81a31e3cd26889ca66d677f1","name":"cfeditorfr"}]}},"_links":{"self":[{"href":"https:\/\/www.africa-press.net\/cameroun\/wp-json\/wp\/v2\/posts\/38925","targetHints":{"allow":["GET"]}}],"collection":[{"href":"https:\/\/www.africa-press.net\/cameroun\/wp-json\/wp\/v2\/posts"}],"about":[{"href":"https:\/\/www.africa-press.net\/cameroun\/wp-json\/wp\/v2\/types\/post"}],"author":[{"embeddable":true,"href":"https:\/\/www.africa-press.net\/cameroun\/wp-json\/wp\/v2\/users\/82"}],"replies":[{"embeddable":true,"href":"https:\/\/www.africa-press.net\/cameroun\/wp-json\/wp\/v2\/comments?post=38925"}],"version-history":[{"count":0,"href":"https:\/\/www.africa-press.net\/cameroun\/wp-json\/wp\/v2\/posts\/38925\/revisions"}],"wp:featuredmedia":[{"embeddable":true,"href":"https:\/\/www.africa-press.net\/cameroun\/wp-json\/wp\/v2\/media\/38924"}],"wp:attachment":[{"href":"https:\/\/www.africa-press.net\/cameroun\/wp-json\/wp\/v2\/media?parent=38925"}],"wp:term":[{"taxonomy":"category","embeddable":true,"href":"https:\/\/www.africa-press.net\/cameroun\/wp-json\/wp\/v2\/categories?post=38925"},{"taxonomy":"post_tag","embeddable":true,"href":"https:\/\/www.africa-press.net\/cameroun\/wp-json\/wp\/v2\/tags?post=38925"}],"curies":[{"name":"wp","href":"https:\/\/api.w.org\/{rel}","templated":true}]}}