{"id":38927,"date":"2023-03-10T17:57:52","date_gmt":"2023-03-10T17:57:52","guid":{"rendered":"https:\/\/www.africa-press.net\/cameroun\/politique\/kondengui-amougou-belinga-a-eu-des-troubles-mentaux"},"modified":"2023-03-10T18:38:33","modified_gmt":"2023-03-10T18:38:33","slug":"kondengui-amougou-belinga-a-eu-des-troubles-mentaux","status":"publish","type":"post","link":"https:\/\/www.africa-press.net\/cameroun\/toutes-les-actualites\/kondengui-amougou-belinga-a-eu-des-troubles-mentaux","title":{"rendered":"Kondengui: Amougou Belinga a eu des troubles mentaux"},"content":{"rendered":"<p><span style=\"color: #ff6600\"><strong>Africa-Press &#8211; Cameroun. <\/strong><\/span>D&rsquo;apre\u0300s des informations publie\u0301es par le journal Week Infos ce vendredi 10 mars, le PDG du groupe l&rsquo;Anecdote a encore une fois fait une crise. Il s&rsquo;agirait d&rsquo;une maladie mentale dont il avait manifeste\u0301 les, pre\u0301misses il y a plusieurs mois.<\/p>\n<p>\u00ab\u00a0Dans une correspondance du re\u0301gisseur de la prison de Nkondengui adresse\u0301e au Commissaire du Gouvernement, l&rsquo;on apprend que Jean Pierre Amougou Belinga a rencontre\u0301 ce 09 Mars, un me\u0301decin spe\u0301cialiste de la sante\u0301 mentale au CHU de Yaounde\u0301. Des sources proches de la famille du PDG du groupe l&rsquo;Anecdote, c&rsquo;est pas la premie\u0300re fois que Jean Pierre Amougou Belinga est en proie a\u0300 cette pathologie spe\u0301cifique. Il y&rsquo;a quelques mois, en proie a\u0300 cette me\u0302me maladie, il avait du prendre des semaines de repos dans son village\u00a0\u00bb,; lit-on dans une bre\u0300ve publie\u0301e par le journal sur ses page sociales.<\/p>\n<p>La premie\u0300re crise psychologique de Jean Pierre Amougou Belinga remonte en fe\u0301vrier 2022.<\/p>\n<p>Lorsque sa premie\u0300re crise est survenue, le Zomloa avait me\u0302me fait recours aux e\u0301glises catholiques du Cameroun, afin d&rsquo;avoir un soutien spirituel.<\/p>\n<p>Dans un communique\u0301 dit \u00ab\u00a0urgent\u00a0\u00bb envoye\u0301 aux pre\u0302tres par Mgr Donatien Abeng Mbarga, Eve\u0302que de l&rsquo;e\u0301glise Catholique Apostolique nationale du Cameroun, a demande\u0301 que des prie\u0300res soient organise\u0301es dans toutes les e\u0301glises pour Amougou Be\u0301linga du 23 fe\u0301vrier au 23 mars 2022.<\/p>\n<p>\u00ab\u00a0Je vous demande de vous mettre re\u0301solument en prie\u0300re de\u0300s aujourd&rsquo;hui, dans toutes nos paroisses, sanctuaires et grands se\u0301minaires a\u0300 partit de 17 heures&#8230;Nous prierons pour que le seigneur le couvre de son manteau d&rsquo;innocence ; Qu&rsquo;il reste invisible aux yeux de l&rsquo;ennemi tant visible qu&rsquo;invisible ; Qu&rsquo;il ait gain de cause dans tous ses combats. Compte tenu de l&rsquo;urgence de la prie\u0300re, j&rsquo;attache du prix a\u0300 la re\u0301gularite\u0301 de cette neuvaine a\u0300 17heures chaque jour question de maintenir l&rsquo;union de prie\u0300re dans une me\u0302me communion d&rsquo;esprit\u00a0\u00bb, avait-on lu dans le communique\u0301 de l&rsquo;Eve\u0302que.<\/p>\n<p><strong>Pour plus d&rsquo;informations et d&rsquo;analyses sur la <a href=\"https:\/\/www.africa-press.net\/cameroun\">Cameroun<\/a>, suivez <a href=\"https:\/\/www.africa-press.net\/\">Africa-Press<\/a><\/strong><\/p>\n","protected":false},"excerpt":{"rendered":"<p>Africa-Press &#8211; Cameroun. D&rsquo;apre\u0300s des informations publie\u0301es par le journal Week Infos ce vendredi 10 mars, le PDG du groupe l&rsquo;Anecdote a encore une fois fait une crise. Il s&rsquo;agirait d&rsquo;une maladie mentale dont il avait manifeste\u0301 les, pre\u0301misses il y a plusieurs mois. \u00ab\u00a0Dans une correspondance du re\u0301gisseur de la prison de Nkondengui adresse\u0301e [&hellip;]<\/p>\n","protected":false},"author":82,"featured_media":38926,"comment_status":"open","ping_status":"closed","sticky":false,"template":"","format":"standard","meta":{"footnotes":""},"categories":[21,10],"tags":[36,50,49],"class_list":["post-38927","post","type-post","status-publish","format-standard","has-post-thumbnail","hentry","category-communaute","category-toutes-les-actualites","tag-africa-press","tag-africa-press-cameroun","tag-cameroun"],"yoast_head":"<!-- This site is optimized with the Yoast SEO Premium plugin v26.1 (Yoast SEO v27.0) - https:\/\/yoast.com\/product\/yoast-seo-premium-wordpress\/ -->\n<title>Kondengui: Amougou Belinga a eu des troubles mentaux - Cameroun<\/title>\n<meta name=\"description\" content=\"D&#039;apre\u0300s des informations publie\u0301es par le journal Week Infos ce vendredi 10 mars, le PDG du groupe l&#039;Anecdote a encore ...\" \/>\n<meta name=\"robots\" content=\"index, follow, max-snippet:-1, max-image-preview:large, max-video-preview:-1\" \/>\n<link rel=\"canonical\" href=\"https:\/\/www.africa-press.net\/cameroun\/toutes-les-actualites\/kondengui-amougou-belinga-a-eu-des-troubles-mentaux\" \/>\n<meta property=\"og:locale\" content=\"fr_FR\" \/>\n<meta property=\"og:type\" content=\"article\" \/>\n<meta property=\"og:title\" content=\"Kondengui: Amougou Belinga a eu des troubles mentaux\" \/>\n<meta property=\"og:description\" content=\"D&#039;apre\u0300s des informations publie\u0301es par le journal Week Infos ce vendredi 10 mars, le PDG du groupe l&#039;Anecdote a encore ...\" \/>\n<meta property=\"og:url\" content=\"https:\/\/www.africa-press.net\/cameroun\/toutes-les-actualites\/kondengui-amougou-belinga-a-eu-des-troubles-mentaux\" \/>\n<meta property=\"og:site_name\" content=\"Cameroun\" \/>\n<meta property=\"article:published_time\" content=\"2023-03-10T17:57:52+00:00\" \/>\n<meta property=\"article:modified_time\" content=\"2023-03-10T18:38:33+00:00\" \/>\n<meta property=\"og:image\" content=\"https:\/\/static.africa-press.net\/cameroun\/sites\/57\/2023\/03\/postQueueImg_1678458478.02.jpg\" \/>\n\t<meta property=\"og:image:width\" content=\"720\" \/>\n\t<meta property=\"og:image:height\" content=\"360\" \/>\n\t<meta property=\"og:image:type\" content=\"image\/jpeg\" \/>\n<meta name=\"author\" content=\"cfeditorfr\" \/>\n<meta name=\"twitter:card\" content=\"summary_large_image\" \/>\n<meta name=\"twitter:label1\" content=\"\u00c9crit par\" \/>\n\t<meta name=\"twitter:data1\" content=\"cfeditorfr\" \/>\n\t<meta name=\"twitter:label2\" content=\"Dur\u00e9e de lecture estim\u00e9e\" \/>\n\t<meta name=\"twitter:data2\" content=\"2 minutes\" \/>\n<script type=\"application\/ld+json\" class=\"yoast-schema-graph\">{\"@context\":\"https:\/\/schema.org\",\"@graph\":[{\"@type\":\"Article\",\"@id\":\"https:\/\/www.africa-press.net\/cameroun\/toutes-les-actualites\/kondengui-amougou-belinga-a-eu-des-troubles-mentaux#article\",\"isPartOf\":{\"@id\":\"https:\/\/www.africa-press.net\/cameroun\/toutes-les-actualites\/kondengui-amougou-belinga-a-eu-des-troubles-mentaux\"},\"author\":{\"name\":\"cfeditorfr\",\"@id\":\"https:\/\/www.africa-press.net\/cameroun\/#\/schema\/person\/2b1cf3cd81a31e3cd26889ca66d677f1\"},\"headline\":\"Kondengui: Amougou Belinga a eu des troubles mentaux\",\"datePublished\":\"2023-03-10T17:57:52+00:00\",\"dateModified\":\"2023-03-10T18:38:33+00:00\",\"mainEntityOfPage\":{\"@id\":\"https:\/\/www.africa-press.net\/cameroun\/toutes-les-actualites\/kondengui-amougou-belinga-a-eu-des-troubles-mentaux\"},\"wordCount\":381,\"commentCount\":0,\"image\":{\"@id\":\"https:\/\/www.africa-press.net\/cameroun\/toutes-les-actualites\/kondengui-amougou-belinga-a-eu-des-troubles-mentaux#primaryimage\"},\"thumbnailUrl\":\"https:\/\/static.africa-press.net\/cameroun\/sites\/57\/2023\/03\/postQueueImg_1678458478.02.jpg\",\"keywords\":[\"Africa Press\",\"Africa Press-Cameroun\",\"Cameroun\"],\"articleSection\":[\"Communaut\u00e9\",\"Toutes les actualit\u00e9s\"],\"inLanguage\":\"fr-FR\",\"potentialAction\":[{\"@type\":\"CommentAction\",\"name\":\"Comment\",\"target\":[\"https:\/\/www.africa-press.net\/cameroun\/toutes-les-actualites\/kondengui-amougou-belinga-a-eu-des-troubles-mentaux#respond\"]}]},{\"@type\":\"WebPage\",\"@id\":\"https:\/\/www.africa-press.net\/cameroun\/toutes-les-actualites\/kondengui-amougou-belinga-a-eu-des-troubles-mentaux\",\"url\":\"https:\/\/www.africa-press.net\/cameroun\/toutes-les-actualites\/kondengui-amougou-belinga-a-eu-des-troubles-mentaux\",\"name\":\"Kondengui: Amougou Belinga a eu des troubles mentaux - Cameroun\",\"isPartOf\":{\"@id\":\"https:\/\/www.africa-press.net\/cameroun\/#website\"},\"primaryImageOfPage\":{\"@id\":\"https:\/\/www.africa-press.net\/cameroun\/toutes-les-actualites\/kondengui-amougou-belinga-a-eu-des-troubles-mentaux#primaryimage\"},\"image\":{\"@id\":\"https:\/\/www.africa-press.net\/cameroun\/toutes-les-actualites\/kondengui-amougou-belinga-a-eu-des-troubles-mentaux#primaryimage\"},\"thumbnailUrl\":\"https:\/\/static.africa-press.net\/cameroun\/sites\/57\/2023\/03\/postQueueImg_1678458478.02.jpg\",\"datePublished\":\"2023-03-10T17:57:52+00:00\",\"dateModified\":\"2023-03-10T18:38:33+00:00\",\"author\":{\"@id\":\"https:\/\/www.africa-press.net\/cameroun\/#\/schema\/person\/2b1cf3cd81a31e3cd26889ca66d677f1\"},\"description\":\"D'apre\u0300s des informations publie\u0301es par le journal Week Infos ce vendredi 10 mars, le PDG du groupe l'Anecdote a encore ...\",\"breadcrumb\":{\"@id\":\"https:\/\/www.africa-press.net\/cameroun\/toutes-les-actualites\/kondengui-amougou-belinga-a-eu-des-troubles-mentaux#breadcrumb\"},\"inLanguage\":\"fr-FR\",\"potentialAction\":[{\"@type\":\"ReadAction\",\"target\":[\"https:\/\/www.africa-press.net\/cameroun\/toutes-les-actualites\/kondengui-amougou-belinga-a-eu-des-troubles-mentaux\"]}]},{\"@type\":\"ImageObject\",\"inLanguage\":\"fr-FR\",\"@id\":\"https:\/\/www.africa-press.net\/cameroun\/toutes-les-actualites\/kondengui-amougou-belinga-a-eu-des-troubles-mentaux#primaryimage\",\"url\":\"https:\/\/static.africa-press.net\/cameroun\/sites\/57\/2023\/03\/postQueueImg_1678458478.02.jpg\",\"contentUrl\":\"https:\/\/static.africa-press.net\/cameroun\/sites\/57\/2023\/03\/postQueueImg_1678458478.02.jpg\",\"width\":720,\"height\":360,\"caption\":\"Kondengui: Amougou Belinga a eu des troubles mentaux\"},{\"@type\":\"BreadcrumbList\",\"@id\":\"https:\/\/www.africa-press.net\/cameroun\/toutes-les-actualites\/kondengui-amougou-belinga-a-eu-des-troubles-mentaux#breadcrumb\",\"itemListElement\":[{\"@type\":\"ListItem\",\"position\":1,\"name\":\"Accueil\",\"item\":\"https:\/\/www.africa-press.net\/cameroun\/\"},{\"@type\":\"ListItem\",\"position\":2,\"name\":\"Kondengui: Amougou Belinga a eu des troubles mentaux\"}]},{\"@type\":\"WebSite\",\"@id\":\"https:\/\/www.africa-press.net\/cameroun\/#website\",\"url\":\"https:\/\/www.africa-press.net\/cameroun\/\",\"name\":\"Cameroun\",\"description\":\"Just another Africa News Agency Sites site\",\"potentialAction\":[{\"@type\":\"SearchAction\",\"target\":{\"@type\":\"EntryPoint\",\"urlTemplate\":\"https:\/\/www.africa-press.net\/cameroun\/?s={search_term_string}\"},\"query-input\":{\"@type\":\"PropertyValueSpecification\",\"valueRequired\":true,\"valueName\":\"search_term_string\"}}],\"inLanguage\":\"fr-FR\"},{\"@type\":\"Person\",\"@id\":\"https:\/\/www.africa-press.net\/cameroun\/#\/schema\/person\/2b1cf3cd81a31e3cd26889ca66d677f1\",\"name\":\"cfeditorfr\"}]}<\/script>\n<!-- \/ Yoast SEO Premium plugin. -->","yoast_head_json":{"title":"Kondengui: Amougou Belinga a eu des troubles mentaux - Cameroun","description":"D'apre\u0300s des informations publie\u0301es par le journal Week Infos ce vendredi 10 mars, le PDG du groupe l'Anecdote a encore ...","robots":{"index":"index","follow":"follow","max-snippet":"max-snippet:-1","max-image-preview":"max-image-preview:large","max-video-preview":"max-video-preview:-1"},"canonical":"https:\/\/www.africa-press.net\/cameroun\/toutes-les-actualites\/kondengui-amougou-belinga-a-eu-des-troubles-mentaux","og_locale":"fr_FR","og_type":"article","og_title":"Kondengui: Amougou Belinga a eu des troubles mentaux","og_description":"D'apre\u0300s des informations publie\u0301es par le journal Week Infos ce vendredi 10 mars, le PDG du groupe l'Anecdote a encore ...","og_url":"https:\/\/www.africa-press.net\/cameroun\/toutes-les-actualites\/kondengui-amougou-belinga-a-eu-des-troubles-mentaux","og_site_name":"Cameroun","article_published_time":"2023-03-10T17:57:52+00:00","article_modified_time":"2023-03-10T18:38:33+00:00","og_image":[{"width":720,"height":360,"url":"https:\/\/static.africa-press.net\/cameroun\/sites\/57\/2023\/03\/postQueueImg_1678458478.02.jpg","type":"image\/jpeg"}],"author":"cfeditorfr","twitter_card":"summary_large_image","twitter_misc":{"\u00c9crit par":"cfeditorfr","Dur\u00e9e de lecture estim\u00e9e":"2 minutes"},"schema":{"@context":"https:\/\/schema.org","@graph":[{"@type":"Article","@id":"https:\/\/www.africa-press.net\/cameroun\/toutes-les-actualites\/kondengui-amougou-belinga-a-eu-des-troubles-mentaux#article","isPartOf":{"@id":"https:\/\/www.africa-press.net\/cameroun\/toutes-les-actualites\/kondengui-amougou-belinga-a-eu-des-troubles-mentaux"},"author":{"name":"cfeditorfr","@id":"https:\/\/www.africa-press.net\/cameroun\/#\/schema\/person\/2b1cf3cd81a31e3cd26889ca66d677f1"},"headline":"Kondengui: Amougou Belinga a eu des troubles mentaux","datePublished":"2023-03-10T17:57:52+00:00","dateModified":"2023-03-10T18:38:33+00:00","mainEntityOfPage":{"@id":"https:\/\/www.africa-press.net\/cameroun\/toutes-les-actualites\/kondengui-amougou-belinga-a-eu-des-troubles-mentaux"},"wordCount":381,"commentCount":0,"image":{"@id":"https:\/\/www.africa-press.net\/cameroun\/toutes-les-actualites\/kondengui-amougou-belinga-a-eu-des-troubles-mentaux#primaryimage"},"thumbnailUrl":"https:\/\/static.africa-press.net\/cameroun\/sites\/57\/2023\/03\/postQueueImg_1678458478.02.jpg","keywords":["Africa Press","Africa Press-Cameroun","Cameroun"],"articleSection":["Communaut\u00e9","Toutes les actualit\u00e9s"],"inLanguage":"fr-FR","potentialAction":[{"@type":"CommentAction","name":"Comment","target":["https:\/\/www.africa-press.net\/cameroun\/toutes-les-actualites\/kondengui-amougou-belinga-a-eu-des-troubles-mentaux#respond"]}]},{"@type":"WebPage","@id":"https:\/\/www.africa-press.net\/cameroun\/toutes-les-actualites\/kondengui-amougou-belinga-a-eu-des-troubles-mentaux","url":"https:\/\/www.africa-press.net\/cameroun\/toutes-les-actualites\/kondengui-amougou-belinga-a-eu-des-troubles-mentaux","name":"Kondengui: Amougou Belinga a eu des troubles mentaux - Cameroun","isPartOf":{"@id":"https:\/\/www.africa-press.net\/cameroun\/#website"},"primaryImageOfPage":{"@id":"https:\/\/www.africa-press.net\/cameroun\/toutes-les-actualites\/kondengui-amougou-belinga-a-eu-des-troubles-mentaux#primaryimage"},"image":{"@id":"https:\/\/www.africa-press.net\/cameroun\/toutes-les-actualites\/kondengui-amougou-belinga-a-eu-des-troubles-mentaux#primaryimage"},"thumbnailUrl":"https:\/\/static.africa-press.net\/cameroun\/sites\/57\/2023\/03\/postQueueImg_1678458478.02.jpg","datePublished":"2023-03-10T17:57:52+00:00","dateModified":"2023-03-10T18:38:33+00:00","author":{"@id":"https:\/\/www.africa-press.net\/cameroun\/#\/schema\/person\/2b1cf3cd81a31e3cd26889ca66d677f1"},"description":"D'apre\u0300s des informations publie\u0301es par le journal Week Infos ce vendredi 10 mars, le PDG du groupe l'Anecdote a encore ...","breadcrumb":{"@id":"https:\/\/www.africa-press.net\/cameroun\/toutes-les-actualites\/kondengui-amougou-belinga-a-eu-des-troubles-mentaux#breadcrumb"},"inLanguage":"fr-FR","potentialAction":[{"@type":"ReadAction","target":["https:\/\/www.africa-press.net\/cameroun\/toutes-les-actualites\/kondengui-amougou-belinga-a-eu-des-troubles-mentaux"]}]},{"@type":"ImageObject","inLanguage":"fr-FR","@id":"https:\/\/www.africa-press.net\/cameroun\/toutes-les-actualites\/kondengui-amougou-belinga-a-eu-des-troubles-mentaux#primaryimage","url":"https:\/\/static.africa-press.net\/cameroun\/sites\/57\/2023\/03\/postQueueImg_1678458478.02.jpg","contentUrl":"https:\/\/static.africa-press.net\/cameroun\/sites\/57\/2023\/03\/postQueueImg_1678458478.02.jpg","width":720,"height":360,"caption":"Kondengui: Amougou Belinga a eu des troubles mentaux"},{"@type":"BreadcrumbList","@id":"https:\/\/www.africa-press.net\/cameroun\/toutes-les-actualites\/kondengui-amougou-belinga-a-eu-des-troubles-mentaux#breadcrumb","itemListElement":[{"@type":"ListItem","position":1,"name":"Accueil","item":"https:\/\/www.africa-press.net\/cameroun\/"},{"@type":"ListItem","position":2,"name":"Kondengui: Amougou Belinga a eu des troubles mentaux"}]},{"@type":"WebSite","@id":"https:\/\/www.africa-press.net\/cameroun\/#website","url":"https:\/\/www.africa-press.net\/cameroun\/","name":"Cameroun","description":"Just another Africa News Agency Sites site","potentialAction":[{"@type":"SearchAction","target":{"@type":"EntryPoint","urlTemplate":"https:\/\/www.africa-press.net\/cameroun\/?s={search_term_string}"},"query-input":{"@type":"PropertyValueSpecification","valueRequired":true,"valueName":"search_term_string"}}],"inLanguage":"fr-FR"},{"@type":"Person","@id":"https:\/\/www.africa-press.net\/cameroun\/#\/schema\/person\/2b1cf3cd81a31e3cd26889ca66d677f1","name":"cfeditorfr"}]}},"_links":{"self":[{"href":"https:\/\/www.africa-press.net\/cameroun\/wp-json\/wp\/v2\/posts\/38927","targetHints":{"allow":["GET"]}}],"collection":[{"href":"https:\/\/www.africa-press.net\/cameroun\/wp-json\/wp\/v2\/posts"}],"about":[{"href":"https:\/\/www.africa-press.net\/cameroun\/wp-json\/wp\/v2\/types\/post"}],"author":[{"embeddable":true,"href":"https:\/\/www.africa-press.net\/cameroun\/wp-json\/wp\/v2\/users\/82"}],"replies":[{"embeddable":true,"href":"https:\/\/www.africa-press.net\/cameroun\/wp-json\/wp\/v2\/comments?post=38927"}],"version-history":[{"count":0,"href":"https:\/\/www.africa-press.net\/cameroun\/wp-json\/wp\/v2\/posts\/38927\/revisions"}],"wp:featuredmedia":[{"embeddable":true,"href":"https:\/\/www.africa-press.net\/cameroun\/wp-json\/wp\/v2\/media\/38926"}],"wp:attachment":[{"href":"https:\/\/www.africa-press.net\/cameroun\/wp-json\/wp\/v2\/media?parent=38927"}],"wp:term":[{"taxonomy":"category","embeddable":true,"href":"https:\/\/www.africa-press.net\/cameroun\/wp-json\/wp\/v2\/categories?post=38927"},{"taxonomy":"post_tag","embeddable":true,"href":"https:\/\/www.africa-press.net\/cameroun\/wp-json\/wp\/v2\/tags?post=38927"}],"curies":[{"name":"wp","href":"https:\/\/api.w.org\/{rel}","templated":true}]}}