{"id":38929,"date":"2023-03-10T17:58:09","date_gmt":"2023-03-10T17:58:09","guid":{"rendered":"https:\/\/www.africa-press.net\/cameroun\/politique\/gregoire-owona-organise-une-grande-marche-a-yaounde"},"modified":"2023-03-10T18:39:30","modified_gmt":"2023-03-10T18:39:30","slug":"gregoire-owona-organise-une-grande-marche-a-yaounde","status":"publish","type":"post","link":"https:\/\/www.africa-press.net\/cameroun\/toutes-les-actualites\/gregoire-owona-organise-une-grande-marche-a-yaounde","title":{"rendered":"Gr\u00e9goire Owona organise une grande marche \u00e0 Yaound\u00e9"},"content":{"rendered":"<p><span style=\"color: #ff6600\"><strong>Africa-Press &#8211; Cameroun. <\/strong><\/span>Des Camerounais vont a\u0300 l&rsquo;initiative du ministre Gre\u0301goire Owona, marcher sur le boulevard du mai, le er mai 2023.<\/p>\n<p>Dans un communique\u0301, le ministre du Travail et de la Se\u0301curite\u0301 sociale, a annonce\u0301 dans un communique\u0301 qu&rsquo;une marche est organise\u0301e dans le cadre de la 137e\u0300 e\u0301dition de la fe\u0302te internationale du travail au Cameroun.<\/p>\n<p>\u00ab\u00a0Re\u0301silience et travail de\u0301cent: agir ensemble au sein du monde du travail pour ame\u0301liorer les conditions de vie et de l\u2019inclusion sociale\u00a0\u00bb, est le the\u0300me de la 137e e\u0301dition de la Fe\u0302te internationale du Travail.<\/p>\n<p>Les inscriptions pour la Grande marche des Travailleurs le 1er mai au boulevard du 20 mai, sont pre\u0301vues du 13 mars au 25 avril 2023.<\/p>\n<p>Rappelons que le 06 mars 2023, Paul Biya a de\u0301cide\u0301 de faire e\u0301lever les salaires dans l\u2019administration.<\/p>\n<p>Le pre\u0301sident a en effet de\u0301cide\u0301 de l\u2019augmentation des salaires des fonctionnaires et militaires de 5,2%. Dans le document officiel, on apprend que \u00ab la re\u0301mune\u0301ration mensuelle de base des personnels civils et militaires est, a\u0300 compter du 1er fe\u0301vrier 2023, revalorise\u0301e a\u0300 un taux moyen de 5,2% \u00bb.<\/p>\n<p>En effet pour plus de compre\u0301hension, \u00ab les nouveaux bare\u0300mes salariaux induits par cette revalorisation sont pre\u0301sente\u0301s en annexe du pre\u0301sent de\u0301cret \u00bb.<\/p>\n<p>Par ailleurs, le de\u0301cret en question sera comme il est fait a\u0300 l\u2019accoutume\u0301, \u00ab enregistre\u0301, publie\u0301 selon la proce\u0301dure d&rsquo;urgence, puis inse\u0301re\u0301 au journal officiel en franc\u0327ais et en anglais \u00bb.<\/p>\n<p><strong>Pour plus d&rsquo;informations et d&rsquo;analyses sur la <a href=\"https:\/\/www.africa-press.net\/cameroun\">Cameroun<\/a>, suivez <a href=\"https:\/\/www.africa-press.net\/\">Africa-Press<\/a><\/strong><\/p>\n","protected":false},"excerpt":{"rendered":"<p>Africa-Press &#8211; Cameroun. Des Camerounais vont a\u0300 l&rsquo;initiative du ministre Gre\u0301goire Owona, marcher sur le boulevard du mai, le er mai 2023. Dans un communique\u0301, le ministre du Travail et de la Se\u0301curite\u0301 sociale, a annonce\u0301 dans un communique\u0301 qu&rsquo;une marche est organise\u0301e dans le cadre de la 137e\u0300 e\u0301dition de la fe\u0302te internationale du [&hellip;]<\/p>\n","protected":false},"author":82,"featured_media":38928,"comment_status":"open","ping_status":"closed","sticky":false,"template":"","format":"standard","meta":{"footnotes":""},"categories":[21,10],"tags":[36,50,49],"class_list":["post-38929","post","type-post","status-publish","format-standard","has-post-thumbnail","hentry","category-communaute","category-toutes-les-actualites","tag-africa-press","tag-africa-press-cameroun","tag-cameroun"],"yoast_head":"<!-- This site is optimized with the Yoast SEO Premium plugin v26.1 (Yoast SEO v27.0) - https:\/\/yoast.com\/product\/yoast-seo-premium-wordpress\/ -->\n<title>Gr\u00e9goire Owona organise une grande marche \u00e0 Yaound\u00e9 - Cameroun<\/title>\n<meta name=\"description\" content=\"Des Camerounais vont a\u0300 l&#039;initiative du ministre Gre\u0301goire Owona, marcher sur le boulevard du mai, le er mai 2023. Dans ...\" \/>\n<meta name=\"robots\" content=\"index, follow, max-snippet:-1, max-image-preview:large, max-video-preview:-1\" \/>\n<link rel=\"canonical\" href=\"https:\/\/www.africa-press.net\/cameroun\/toutes-les-actualites\/gregoire-owona-organise-une-grande-marche-a-yaounde\" \/>\n<meta property=\"og:locale\" content=\"fr_FR\" \/>\n<meta property=\"og:type\" content=\"article\" \/>\n<meta property=\"og:title\" content=\"Gr\u00e9goire Owona organise une grande marche \u00e0 Yaound\u00e9\" \/>\n<meta property=\"og:description\" content=\"Des Camerounais vont a\u0300 l&#039;initiative du ministre Gre\u0301goire Owona, marcher sur le boulevard du mai, le er mai 2023. Dans ...\" \/>\n<meta property=\"og:url\" content=\"https:\/\/www.africa-press.net\/cameroun\/toutes-les-actualites\/gregoire-owona-organise-une-grande-marche-a-yaounde\" \/>\n<meta property=\"og:site_name\" content=\"Cameroun\" \/>\n<meta property=\"article:published_time\" content=\"2023-03-10T17:58:09+00:00\" \/>\n<meta property=\"article:modified_time\" content=\"2023-03-10T18:39:30+00:00\" \/>\n<meta property=\"og:image\" content=\"https:\/\/static.africa-press.net\/cameroun\/sites\/57\/2023\/03\/postQueueImg_1678458493.36.jpg\" \/>\n\t<meta property=\"og:image:width\" content=\"720\" \/>\n\t<meta property=\"og:image:height\" content=\"480\" \/>\n\t<meta property=\"og:image:type\" content=\"image\/jpeg\" \/>\n<meta name=\"author\" content=\"cfeditorfr\" \/>\n<meta name=\"twitter:card\" content=\"summary_large_image\" \/>\n<meta name=\"twitter:label1\" content=\"\u00c9crit par\" \/>\n\t<meta name=\"twitter:data1\" content=\"cfeditorfr\" \/>\n\t<meta name=\"twitter:label2\" content=\"Dur\u00e9e de lecture estim\u00e9e\" \/>\n\t<meta name=\"twitter:data2\" content=\"1 minute\" \/>\n<script type=\"application\/ld+json\" class=\"yoast-schema-graph\">{\"@context\":\"https:\/\/schema.org\",\"@graph\":[{\"@type\":\"Article\",\"@id\":\"https:\/\/www.africa-press.net\/cameroun\/toutes-les-actualites\/gregoire-owona-organise-une-grande-marche-a-yaounde#article\",\"isPartOf\":{\"@id\":\"https:\/\/www.africa-press.net\/cameroun\/toutes-les-actualites\/gregoire-owona-organise-une-grande-marche-a-yaounde\"},\"author\":{\"name\":\"cfeditorfr\",\"@id\":\"https:\/\/www.africa-press.net\/cameroun\/#\/schema\/person\/2b1cf3cd81a31e3cd26889ca66d677f1\"},\"headline\":\"Gr\u00e9goire Owona organise une grande marche \u00e0 Yaound\u00e9\",\"datePublished\":\"2023-03-10T17:58:09+00:00\",\"dateModified\":\"2023-03-10T18:39:30+00:00\",\"mainEntityOfPage\":{\"@id\":\"https:\/\/www.africa-press.net\/cameroun\/toutes-les-actualites\/gregoire-owona-organise-une-grande-marche-a-yaounde\"},\"wordCount\":279,\"commentCount\":0,\"image\":{\"@id\":\"https:\/\/www.africa-press.net\/cameroun\/toutes-les-actualites\/gregoire-owona-organise-une-grande-marche-a-yaounde#primaryimage\"},\"thumbnailUrl\":\"https:\/\/static.africa-press.net\/cameroun\/sites\/57\/2023\/03\/postQueueImg_1678458493.36.jpg\",\"keywords\":[\"Africa Press\",\"Africa Press-Cameroun\",\"Cameroun\"],\"articleSection\":[\"Communaut\u00e9\",\"Toutes les actualit\u00e9s\"],\"inLanguage\":\"fr-FR\",\"potentialAction\":[{\"@type\":\"CommentAction\",\"name\":\"Comment\",\"target\":[\"https:\/\/www.africa-press.net\/cameroun\/toutes-les-actualites\/gregoire-owona-organise-une-grande-marche-a-yaounde#respond\"]}]},{\"@type\":\"WebPage\",\"@id\":\"https:\/\/www.africa-press.net\/cameroun\/toutes-les-actualites\/gregoire-owona-organise-une-grande-marche-a-yaounde\",\"url\":\"https:\/\/www.africa-press.net\/cameroun\/toutes-les-actualites\/gregoire-owona-organise-une-grande-marche-a-yaounde\",\"name\":\"Gr\u00e9goire Owona organise une grande marche \u00e0 Yaound\u00e9 - Cameroun\",\"isPartOf\":{\"@id\":\"https:\/\/www.africa-press.net\/cameroun\/#website\"},\"primaryImageOfPage\":{\"@id\":\"https:\/\/www.africa-press.net\/cameroun\/toutes-les-actualites\/gregoire-owona-organise-une-grande-marche-a-yaounde#primaryimage\"},\"image\":{\"@id\":\"https:\/\/www.africa-press.net\/cameroun\/toutes-les-actualites\/gregoire-owona-organise-une-grande-marche-a-yaounde#primaryimage\"},\"thumbnailUrl\":\"https:\/\/static.africa-press.net\/cameroun\/sites\/57\/2023\/03\/postQueueImg_1678458493.36.jpg\",\"datePublished\":\"2023-03-10T17:58:09+00:00\",\"dateModified\":\"2023-03-10T18:39:30+00:00\",\"author\":{\"@id\":\"https:\/\/www.africa-press.net\/cameroun\/#\/schema\/person\/2b1cf3cd81a31e3cd26889ca66d677f1\"},\"description\":\"Des Camerounais vont a\u0300 l'initiative du ministre Gre\u0301goire Owona, marcher sur le boulevard du mai, le er mai 2023. Dans ...\",\"breadcrumb\":{\"@id\":\"https:\/\/www.africa-press.net\/cameroun\/toutes-les-actualites\/gregoire-owona-organise-une-grande-marche-a-yaounde#breadcrumb\"},\"inLanguage\":\"fr-FR\",\"potentialAction\":[{\"@type\":\"ReadAction\",\"target\":[\"https:\/\/www.africa-press.net\/cameroun\/toutes-les-actualites\/gregoire-owona-organise-une-grande-marche-a-yaounde\"]}]},{\"@type\":\"ImageObject\",\"inLanguage\":\"fr-FR\",\"@id\":\"https:\/\/www.africa-press.net\/cameroun\/toutes-les-actualites\/gregoire-owona-organise-une-grande-marche-a-yaounde#primaryimage\",\"url\":\"https:\/\/static.africa-press.net\/cameroun\/sites\/57\/2023\/03\/postQueueImg_1678458493.36.jpg\",\"contentUrl\":\"https:\/\/static.africa-press.net\/cameroun\/sites\/57\/2023\/03\/postQueueImg_1678458493.36.jpg\",\"width\":720,\"height\":480,\"caption\":\"Gr\u00e9goire Owona organise une grande marche \u00e0 Yaound\u00e9\"},{\"@type\":\"BreadcrumbList\",\"@id\":\"https:\/\/www.africa-press.net\/cameroun\/toutes-les-actualites\/gregoire-owona-organise-une-grande-marche-a-yaounde#breadcrumb\",\"itemListElement\":[{\"@type\":\"ListItem\",\"position\":1,\"name\":\"Accueil\",\"item\":\"https:\/\/www.africa-press.net\/cameroun\/\"},{\"@type\":\"ListItem\",\"position\":2,\"name\":\"Gr\u00e9goire Owona organise une grande marche \u00e0 Yaound\u00e9\"}]},{\"@type\":\"WebSite\",\"@id\":\"https:\/\/www.africa-press.net\/cameroun\/#website\",\"url\":\"https:\/\/www.africa-press.net\/cameroun\/\",\"name\":\"Cameroun\",\"description\":\"Just another Africa News Agency Sites site\",\"potentialAction\":[{\"@type\":\"SearchAction\",\"target\":{\"@type\":\"EntryPoint\",\"urlTemplate\":\"https:\/\/www.africa-press.net\/cameroun\/?s={search_term_string}\"},\"query-input\":{\"@type\":\"PropertyValueSpecification\",\"valueRequired\":true,\"valueName\":\"search_term_string\"}}],\"inLanguage\":\"fr-FR\"},{\"@type\":\"Person\",\"@id\":\"https:\/\/www.africa-press.net\/cameroun\/#\/schema\/person\/2b1cf3cd81a31e3cd26889ca66d677f1\",\"name\":\"cfeditorfr\"}]}<\/script>\n<!-- \/ Yoast SEO Premium plugin. -->","yoast_head_json":{"title":"Gr\u00e9goire Owona organise une grande marche \u00e0 Yaound\u00e9 - Cameroun","description":"Des Camerounais vont a\u0300 l'initiative du ministre Gre\u0301goire Owona, marcher sur le boulevard du mai, le er mai 2023. Dans ...","robots":{"index":"index","follow":"follow","max-snippet":"max-snippet:-1","max-image-preview":"max-image-preview:large","max-video-preview":"max-video-preview:-1"},"canonical":"https:\/\/www.africa-press.net\/cameroun\/toutes-les-actualites\/gregoire-owona-organise-une-grande-marche-a-yaounde","og_locale":"fr_FR","og_type":"article","og_title":"Gr\u00e9goire Owona organise une grande marche \u00e0 Yaound\u00e9","og_description":"Des Camerounais vont a\u0300 l'initiative du ministre Gre\u0301goire Owona, marcher sur le boulevard du mai, le er mai 2023. Dans ...","og_url":"https:\/\/www.africa-press.net\/cameroun\/toutes-les-actualites\/gregoire-owona-organise-une-grande-marche-a-yaounde","og_site_name":"Cameroun","article_published_time":"2023-03-10T17:58:09+00:00","article_modified_time":"2023-03-10T18:39:30+00:00","og_image":[{"width":720,"height":480,"url":"https:\/\/static.africa-press.net\/cameroun\/sites\/57\/2023\/03\/postQueueImg_1678458493.36.jpg","type":"image\/jpeg"}],"author":"cfeditorfr","twitter_card":"summary_large_image","twitter_misc":{"\u00c9crit par":"cfeditorfr","Dur\u00e9e de lecture estim\u00e9e":"1 minute"},"schema":{"@context":"https:\/\/schema.org","@graph":[{"@type":"Article","@id":"https:\/\/www.africa-press.net\/cameroun\/toutes-les-actualites\/gregoire-owona-organise-une-grande-marche-a-yaounde#article","isPartOf":{"@id":"https:\/\/www.africa-press.net\/cameroun\/toutes-les-actualites\/gregoire-owona-organise-une-grande-marche-a-yaounde"},"author":{"name":"cfeditorfr","@id":"https:\/\/www.africa-press.net\/cameroun\/#\/schema\/person\/2b1cf3cd81a31e3cd26889ca66d677f1"},"headline":"Gr\u00e9goire Owona organise une grande marche \u00e0 Yaound\u00e9","datePublished":"2023-03-10T17:58:09+00:00","dateModified":"2023-03-10T18:39:30+00:00","mainEntityOfPage":{"@id":"https:\/\/www.africa-press.net\/cameroun\/toutes-les-actualites\/gregoire-owona-organise-une-grande-marche-a-yaounde"},"wordCount":279,"commentCount":0,"image":{"@id":"https:\/\/www.africa-press.net\/cameroun\/toutes-les-actualites\/gregoire-owona-organise-une-grande-marche-a-yaounde#primaryimage"},"thumbnailUrl":"https:\/\/static.africa-press.net\/cameroun\/sites\/57\/2023\/03\/postQueueImg_1678458493.36.jpg","keywords":["Africa Press","Africa Press-Cameroun","Cameroun"],"articleSection":["Communaut\u00e9","Toutes les actualit\u00e9s"],"inLanguage":"fr-FR","potentialAction":[{"@type":"CommentAction","name":"Comment","target":["https:\/\/www.africa-press.net\/cameroun\/toutes-les-actualites\/gregoire-owona-organise-une-grande-marche-a-yaounde#respond"]}]},{"@type":"WebPage","@id":"https:\/\/www.africa-press.net\/cameroun\/toutes-les-actualites\/gregoire-owona-organise-une-grande-marche-a-yaounde","url":"https:\/\/www.africa-press.net\/cameroun\/toutes-les-actualites\/gregoire-owona-organise-une-grande-marche-a-yaounde","name":"Gr\u00e9goire Owona organise une grande marche \u00e0 Yaound\u00e9 - Cameroun","isPartOf":{"@id":"https:\/\/www.africa-press.net\/cameroun\/#website"},"primaryImageOfPage":{"@id":"https:\/\/www.africa-press.net\/cameroun\/toutes-les-actualites\/gregoire-owona-organise-une-grande-marche-a-yaounde#primaryimage"},"image":{"@id":"https:\/\/www.africa-press.net\/cameroun\/toutes-les-actualites\/gregoire-owona-organise-une-grande-marche-a-yaounde#primaryimage"},"thumbnailUrl":"https:\/\/static.africa-press.net\/cameroun\/sites\/57\/2023\/03\/postQueueImg_1678458493.36.jpg","datePublished":"2023-03-10T17:58:09+00:00","dateModified":"2023-03-10T18:39:30+00:00","author":{"@id":"https:\/\/www.africa-press.net\/cameroun\/#\/schema\/person\/2b1cf3cd81a31e3cd26889ca66d677f1"},"description":"Des Camerounais vont a\u0300 l'initiative du ministre Gre\u0301goire Owona, marcher sur le boulevard du mai, le er mai 2023. Dans ...","breadcrumb":{"@id":"https:\/\/www.africa-press.net\/cameroun\/toutes-les-actualites\/gregoire-owona-organise-une-grande-marche-a-yaounde#breadcrumb"},"inLanguage":"fr-FR","potentialAction":[{"@type":"ReadAction","target":["https:\/\/www.africa-press.net\/cameroun\/toutes-les-actualites\/gregoire-owona-organise-une-grande-marche-a-yaounde"]}]},{"@type":"ImageObject","inLanguage":"fr-FR","@id":"https:\/\/www.africa-press.net\/cameroun\/toutes-les-actualites\/gregoire-owona-organise-une-grande-marche-a-yaounde#primaryimage","url":"https:\/\/static.africa-press.net\/cameroun\/sites\/57\/2023\/03\/postQueueImg_1678458493.36.jpg","contentUrl":"https:\/\/static.africa-press.net\/cameroun\/sites\/57\/2023\/03\/postQueueImg_1678458493.36.jpg","width":720,"height":480,"caption":"Gr\u00e9goire Owona organise une grande marche \u00e0 Yaound\u00e9"},{"@type":"BreadcrumbList","@id":"https:\/\/www.africa-press.net\/cameroun\/toutes-les-actualites\/gregoire-owona-organise-une-grande-marche-a-yaounde#breadcrumb","itemListElement":[{"@type":"ListItem","position":1,"name":"Accueil","item":"https:\/\/www.africa-press.net\/cameroun\/"},{"@type":"ListItem","position":2,"name":"Gr\u00e9goire Owona organise une grande marche \u00e0 Yaound\u00e9"}]},{"@type":"WebSite","@id":"https:\/\/www.africa-press.net\/cameroun\/#website","url":"https:\/\/www.africa-press.net\/cameroun\/","name":"Cameroun","description":"Just another Africa News Agency Sites site","potentialAction":[{"@type":"SearchAction","target":{"@type":"EntryPoint","urlTemplate":"https:\/\/www.africa-press.net\/cameroun\/?s={search_term_string}"},"query-input":{"@type":"PropertyValueSpecification","valueRequired":true,"valueName":"search_term_string"}}],"inLanguage":"fr-FR"},{"@type":"Person","@id":"https:\/\/www.africa-press.net\/cameroun\/#\/schema\/person\/2b1cf3cd81a31e3cd26889ca66d677f1","name":"cfeditorfr"}]}},"_links":{"self":[{"href":"https:\/\/www.africa-press.net\/cameroun\/wp-json\/wp\/v2\/posts\/38929","targetHints":{"allow":["GET"]}}],"collection":[{"href":"https:\/\/www.africa-press.net\/cameroun\/wp-json\/wp\/v2\/posts"}],"about":[{"href":"https:\/\/www.africa-press.net\/cameroun\/wp-json\/wp\/v2\/types\/post"}],"author":[{"embeddable":true,"href":"https:\/\/www.africa-press.net\/cameroun\/wp-json\/wp\/v2\/users\/82"}],"replies":[{"embeddable":true,"href":"https:\/\/www.africa-press.net\/cameroun\/wp-json\/wp\/v2\/comments?post=38929"}],"version-history":[{"count":0,"href":"https:\/\/www.africa-press.net\/cameroun\/wp-json\/wp\/v2\/posts\/38929\/revisions"}],"wp:featuredmedia":[{"embeddable":true,"href":"https:\/\/www.africa-press.net\/cameroun\/wp-json\/wp\/v2\/media\/38928"}],"wp:attachment":[{"href":"https:\/\/www.africa-press.net\/cameroun\/wp-json\/wp\/v2\/media?parent=38929"}],"wp:term":[{"taxonomy":"category","embeddable":true,"href":"https:\/\/www.africa-press.net\/cameroun\/wp-json\/wp\/v2\/categories?post=38929"},{"taxonomy":"post_tag","embeddable":true,"href":"https:\/\/www.africa-press.net\/cameroun\/wp-json\/wp\/v2\/tags?post=38929"}],"curies":[{"name":"wp","href":"https:\/\/api.w.org\/{rel}","templated":true}]}}