{"id":38931,"date":"2023-03-10T17:58:21","date_gmt":"2023-03-10T17:58:21","guid":{"rendered":"https:\/\/www.africa-press.net\/cameroun\/politique\/jour-heureux-pour-sameul-etoo-guibai-gatama-fait-un-geste-inattendu"},"modified":"2023-03-10T18:40:18","modified_gmt":"2023-03-10T18:40:18","slug":"jour-heureux-pour-sameul-etoo-guibai-gatama-fait-un-geste-inattendu","status":"publish","type":"post","link":"https:\/\/www.africa-press.net\/cameroun\/politique\/jour-heureux-pour-sameul-etoo-guibai-gatama-fait-un-geste-inattendu","title":{"rendered":"Jour heureux pour Sameul Eto\u2019o : Guibai Gatama fait un geste inattendu"},"content":{"rendered":"<p><span style=\"color: #ff6600\"><strong>Africa-Press &#8211; Cameroun. <\/strong><\/span>Joyeux anniversaire a\u0300 Samuel Eto&rsquo;o qui fe\u0302te aujourd&rsquo;hui ses 42 ans.\u2019 Oui c\u2019est un grand jour pour l\u2019actuel pre\u0301sident de la Fe\u0301de\u0301ration camerounaise de football. Pour la circonstance, les messages de v\u0153ux fusent de partout. Mais une personne inattendue s\u2019est plie\u0301e au ce\u0301re\u0301moniel. Il s\u2019agit de Guibai Gatama, qui pourtant a un litige avec le Grand 9.<\/p>\n<p>\u00ab Comme joueur il e\u0301tait formidable. Joyeux anniversaire a\u0300 ce grand talent \u00bb, a-t-il poste\u0301.<\/p>\n<p>Face aux commentaires qui pense qu\u2019il est en train d\u2019ironiser, le journaliste a tenu a\u0300 expliciter les choses.<\/p>\n<p>\u00ab J\u2019ai re\u0301cemment souhaite\u0301 a\u0300 Paul Biya un joyeux anniversaire. Il ne me le souhaitera jamais en retour. Est-ce que cela m\u2019empe\u0302che de le faire ? Non. Les divergences de vue, d\u2019opinion, si elles existent, ne doivent pas empe\u0302cher aux hommes d\u2019e\u0302tre respectueux et de donner sens aux valeurs de la vie. Je souhaite a\u0300 l\u2019homme que j\u2019ai appre\u0301cie\u0301 comme footballeur une longue vie. Pour le reste, bien su\u0302r je suis en de\u0301saccord et suis me\u0302me au TAS\u00ab , poursuit-il.<\/p>\n<p>De\u0301but de la bataille entre Gatama et Eto&rsquo;o au TAS<\/p>\n<p>Les choses ont de\u0301marre\u0301 Tribunal Arbitral du Sport en Suisse. Il s&rsquo;agit du dossier qui oppose Guibai\u0308 Gatama a\u0300 Samuel Eto&rsquo;o.<\/p>\n<p>On se rappelle que le directeur de publication de L\u2019Oeil du Sahel a e\u0301te\u0301 exclu de son poste de membre du Comite\u0301 exe\u0301cutif de la Fe\u0301de\u0301ration camerounaise de football (Fe\u0301cafoot) en aou\u0302t 2022. La de\u0301cision de son exclusion avait e\u0301te\u0301 vote\u0301e au cours de l\u2019Assemble\u0301e ge\u0301ne\u0301rale de la FECAFOOT qui s\u2019est tenue a\u0300 Douala.<\/p>\n<p>Guibai Gatama avait e\u0301te\u0301 le premier a\u0300 contester a\u0300 Samuel Eto&rsquo;o, la qualite\u0301 de pre\u0301sident de la Fe\u0301cafoot depuis sa condamnation a\u0300 22 mois de prison ferme par la justice espagnole le 20 juin dernier.<\/p>\n<p>L&rsquo;affaire se tranche de\u0301sormais au Tribunal Arbitral du Sport qui a ouvert le dossier.<\/p>\n<p>\u00ab Par la pre\u0301sente, j&rsquo;accuse re\u0301ception du paiement par les parties de leurs parts respectives des avances de frais.<\/p>\n<p>Conforme\u0301ment a\u0300 l&rsquo;article R55 al. 1 du Code de l&rsquo;arbitrage en matie\u0300re de sport (le \u00ab Code \u00bb), l&rsquo;intime\u0301e est invite\u0301e a\u0300 de\u0301poser au Greffe du TAS, dans un de\u0301lai de vingt (20) jours de\u0300s re\u0301ception de la pre\u0301sente correspondance par email, une re\u0301ponse comprenant les e\u0301le\u0301ments suivants:<\/p>\n<p>&#8211; une description des moyens de de\u0301fense;<\/p>\n<p>&#8211; toute exception d&rsquo;incompe\u0301tence;<\/p>\n<p>&#8211; toutes les pie\u0300ces et offres de preuves qu&rsquo;elle entend invoquer ;<\/p>\n<p>&#8211; les noms des te\u0301moins, en incluant un bref re\u0301sume\u0301 de leur te\u0301moignage pre\u0301sume\u0301;<\/p>\n<p>&#8211; les e\u0301ventuels te\u0301moignages e\u0301crits doivent e\u0302tre de\u0301pose\u0301s avec la re\u0301ponse, sauf si le Pre\u0301sident de la Formation en de\u0301cide autrement;<\/p>\n<p>&#8211; les noms des experts, avec mention de leur domaine d&rsquo;expertise, qu&rsquo;elle de\u0301sire faire entendre ;<\/p>\n<p>&#8211; et toute autre offre de preuve.<\/p>\n<p>Si l&rsquo;intime\u0301e ne de\u0301pose pas sa re\u0301ponse dans le de\u0301lai imparti, la Formation peut ne\u0301anmoins poursuivre la proce\u0301dure d&rsquo;arbitrage et rendre une sentence conforme\u0301ment a\u0300 l&rsquo;article R55 al. 2 du Code.<\/p>\n<p>Conforme\u0301ment a\u0300 l&rsquo;article R31 al. 3 du Code, la re\u0301ponse doit e\u0302tre de\u0301pose\u0301e par courrier en au moins six (6) exemplaires ou, alternativement, te\u0301le\u0301charge\u0301e sur la plateforme de de\u0301po\u0302t en ligne du TAS.<\/p>\n<p>Les pie\u0300ces produites a\u0300 l&rsquo;appui de la re\u0301ponse peuvent e\u0302tre de\u0301pose\u0301es par courrier, CD-ROM, en au moins six (6) copies, ou par courrier e\u0301lectronique a\u0300 l&rsquo;adresse suivante : procedures@tas-cas.org ou, alternativement, e\u0302tre te\u0301le\u0301charge\u0301es sur la plateforme de de\u0301po\u0302t en ligne du TAS.<\/p>\n<p>Par ailleurs, conforme\u0301ment a\u0300 l&rsquo;article R54 du Code de l&rsquo;arbitrage en matie\u0300re de sport et au nom de la Pre\u0301sidente de la Chambre arbitrale d&rsquo;appel du TAS, je vous informe que le Tribunal arbitral appele\u0301 a\u0300 se prononcer dans le litige mentionne\u0301 sous rubrique est constitue\u0301 de la manie\u0300re suivante :<\/p>\n<p>Pre\u0301sident :<\/p>\n<p>M. Jacques Radoux, Re\u0301fe\u0301rendaire a\u0300 la Cour de justice de l&rsquo;Union europe\u0301enne, Luxembourg<\/p>\n<p>Arbitres:<\/p>\n<p>Prof. Dr. Pascal Pichonnaz, Professeur a\u0300 Fribourg, Suisse<\/p>\n<p>Prof. Thomas Clay, Professeur a\u0300 Paris, France<\/p>\n<p>Vous trouverez ci-joint un \u00ab Avis de de\u0301signation d&rsquo;une Formation \u00bb ainsi que les \u00ab De\u0301clarations d&rsquo;acceptation et d&rsquo;inde\u0301pendance \u00bb du\u0302ment signe\u0301es par les membres de la Formation.<\/p>\n<p>Enfin, j&rsquo;attire votre attention sur l&rsquo;article R59 du Code et vous informe que le dossier de la cause est transmis aux membres de la Formation ce jour. Je me tiens volontiers a\u0300 votre disposition pour tout renseignement comple\u0301mentaire et vous prie de croire, chers Confre\u0300res, a\u0300 l&rsquo;assurance de ma conside\u0301ration distingue\u0301e \u00bb, lit-on dans une note de Delphine DESCHENAUX-ROCHAT, Conseille\u0300re aupre\u0300s du TAS, adresse\u0301e a\u0300 ses confre\u0300res.<\/p>\n<p><strong>Pour plus d&rsquo;informations et d&rsquo;analyses sur la <a href=\"https:\/\/www.africa-press.net\/cameroun\">Cameroun<\/a>, suivez <a href=\"https:\/\/www.africa-press.net\/\">Africa-Press<\/a><\/strong><\/p>\n","protected":false},"excerpt":{"rendered":"<p>Africa-Press &#8211; Cameroun. Joyeux anniversaire a\u0300 Samuel Eto&rsquo;o qui fe\u0302te aujourd&rsquo;hui ses 42 ans.\u2019 Oui c\u2019est un grand jour pour l\u2019actuel pre\u0301sident de la Fe\u0301de\u0301ration camerounaise de football. Pour la circonstance, les messages de v\u0153ux fusent de partout. Mais une personne inattendue s\u2019est plie\u0301e au ce\u0301re\u0301moniel. Il s\u2019agit de Guibai Gatama, qui pourtant a un [&hellip;]<\/p>\n","protected":false},"author":82,"featured_media":38930,"comment_status":"open","ping_status":"closed","sticky":false,"template":"","format":"standard","meta":{"footnotes":""},"categories":[2,10],"tags":[36,50,49],"class_list":["post-38931","post","type-post","status-publish","format-standard","has-post-thumbnail","hentry","category-politique","category-toutes-les-actualites","tag-africa-press","tag-africa-press-cameroun","tag-cameroun"],"yoast_head":"<!-- This site is optimized with the Yoast SEO Premium plugin v26.1 (Yoast SEO v27.0) - https:\/\/yoast.com\/product\/yoast-seo-premium-wordpress\/ -->\n<title>Jour heureux pour Sameul Eto\u2019o : Guibai Gatama fait un geste inattendu - Cameroun<\/title>\n<meta name=\"description\" content=\"Joyeux anniversaire a\u0300 Samuel Eto&#039;o qui fe\u0302te aujourd&#039;hui ses 42 ans.\u2019 Oui c\u2019est un grand jour pour l\u2019actuel pre\u0301sident ...\" \/>\n<meta name=\"robots\" content=\"index, follow, max-snippet:-1, max-image-preview:large, max-video-preview:-1\" \/>\n<link rel=\"canonical\" href=\"https:\/\/www.africa-press.net\/cameroun\/politique\/jour-heureux-pour-sameul-etoo-guibai-gatama-fait-un-geste-inattendu\" \/>\n<meta property=\"og:locale\" content=\"fr_FR\" \/>\n<meta property=\"og:type\" content=\"article\" \/>\n<meta property=\"og:title\" content=\"Jour heureux pour Sameul Eto\u2019o : Guibai Gatama fait un geste inattendu\" \/>\n<meta property=\"og:description\" content=\"Joyeux anniversaire a\u0300 Samuel Eto&#039;o qui fe\u0302te aujourd&#039;hui ses 42 ans.\u2019 Oui c\u2019est un grand jour pour l\u2019actuel pre\u0301sident ...\" \/>\n<meta property=\"og:url\" content=\"https:\/\/www.africa-press.net\/cameroun\/politique\/jour-heureux-pour-sameul-etoo-guibai-gatama-fait-un-geste-inattendu\" \/>\n<meta property=\"og:site_name\" content=\"Cameroun\" \/>\n<meta property=\"article:published_time\" content=\"2023-03-10T17:58:21+00:00\" \/>\n<meta property=\"article:modified_time\" content=\"2023-03-10T18:40:18+00:00\" \/>\n<meta property=\"og:image\" content=\"https:\/\/static.africa-press.net\/cameroun\/sites\/57\/2023\/03\/postQueueImg_1678458508.47.jpg\" \/>\n\t<meta property=\"og:image:width\" content=\"720\" \/>\n\t<meta property=\"og:image:height\" content=\"540\" \/>\n\t<meta property=\"og:image:type\" content=\"image\/jpeg\" \/>\n<meta name=\"author\" content=\"cfeditorfr\" \/>\n<meta name=\"twitter:card\" content=\"summary_large_image\" \/>\n<meta name=\"twitter:label1\" content=\"\u00c9crit par\" \/>\n\t<meta name=\"twitter:data1\" content=\"cfeditorfr\" \/>\n\t<meta name=\"twitter:label2\" content=\"Dur\u00e9e de lecture estim\u00e9e\" \/>\n\t<meta name=\"twitter:data2\" content=\"4 minutes\" \/>\n<script type=\"application\/ld+json\" class=\"yoast-schema-graph\">{\"@context\":\"https:\/\/schema.org\",\"@graph\":[{\"@type\":\"Article\",\"@id\":\"https:\/\/www.africa-press.net\/cameroun\/politique\/jour-heureux-pour-sameul-etoo-guibai-gatama-fait-un-geste-inattendu#article\",\"isPartOf\":{\"@id\":\"https:\/\/www.africa-press.net\/cameroun\/politique\/jour-heureux-pour-sameul-etoo-guibai-gatama-fait-un-geste-inattendu\"},\"author\":{\"name\":\"cfeditorfr\",\"@id\":\"https:\/\/www.africa-press.net\/cameroun\/#\/schema\/person\/2b1cf3cd81a31e3cd26889ca66d677f1\"},\"headline\":\"Jour heureux pour Sameul Eto\u2019o : Guibai Gatama fait un geste inattendu\",\"datePublished\":\"2023-03-10T17:58:21+00:00\",\"dateModified\":\"2023-03-10T18:40:18+00:00\",\"mainEntityOfPage\":{\"@id\":\"https:\/\/www.africa-press.net\/cameroun\/politique\/jour-heureux-pour-sameul-etoo-guibai-gatama-fait-un-geste-inattendu\"},\"wordCount\":897,\"commentCount\":0,\"image\":{\"@id\":\"https:\/\/www.africa-press.net\/cameroun\/politique\/jour-heureux-pour-sameul-etoo-guibai-gatama-fait-un-geste-inattendu#primaryimage\"},\"thumbnailUrl\":\"https:\/\/static.africa-press.net\/cameroun\/sites\/57\/2023\/03\/postQueueImg_1678458508.47.jpg\",\"keywords\":[\"Africa Press\",\"Africa Press-Cameroun\",\"Cameroun\"],\"articleSection\":[\"Politique\",\"Toutes les actualit\u00e9s\"],\"inLanguage\":\"fr-FR\",\"potentialAction\":[{\"@type\":\"CommentAction\",\"name\":\"Comment\",\"target\":[\"https:\/\/www.africa-press.net\/cameroun\/politique\/jour-heureux-pour-sameul-etoo-guibai-gatama-fait-un-geste-inattendu#respond\"]}]},{\"@type\":\"WebPage\",\"@id\":\"https:\/\/www.africa-press.net\/cameroun\/politique\/jour-heureux-pour-sameul-etoo-guibai-gatama-fait-un-geste-inattendu\",\"url\":\"https:\/\/www.africa-press.net\/cameroun\/politique\/jour-heureux-pour-sameul-etoo-guibai-gatama-fait-un-geste-inattendu\",\"name\":\"Jour heureux pour Sameul Eto\u2019o : Guibai Gatama fait un geste inattendu - Cameroun\",\"isPartOf\":{\"@id\":\"https:\/\/www.africa-press.net\/cameroun\/#website\"},\"primaryImageOfPage\":{\"@id\":\"https:\/\/www.africa-press.net\/cameroun\/politique\/jour-heureux-pour-sameul-etoo-guibai-gatama-fait-un-geste-inattendu#primaryimage\"},\"image\":{\"@id\":\"https:\/\/www.africa-press.net\/cameroun\/politique\/jour-heureux-pour-sameul-etoo-guibai-gatama-fait-un-geste-inattendu#primaryimage\"},\"thumbnailUrl\":\"https:\/\/static.africa-press.net\/cameroun\/sites\/57\/2023\/03\/postQueueImg_1678458508.47.jpg\",\"datePublished\":\"2023-03-10T17:58:21+00:00\",\"dateModified\":\"2023-03-10T18:40:18+00:00\",\"author\":{\"@id\":\"https:\/\/www.africa-press.net\/cameroun\/#\/schema\/person\/2b1cf3cd81a31e3cd26889ca66d677f1\"},\"description\":\"Joyeux anniversaire a\u0300 Samuel Eto'o qui fe\u0302te aujourd'hui ses 42 ans.\u2019 Oui c\u2019est un grand jour pour l\u2019actuel pre\u0301sident ...\",\"breadcrumb\":{\"@id\":\"https:\/\/www.africa-press.net\/cameroun\/politique\/jour-heureux-pour-sameul-etoo-guibai-gatama-fait-un-geste-inattendu#breadcrumb\"},\"inLanguage\":\"fr-FR\",\"potentialAction\":[{\"@type\":\"ReadAction\",\"target\":[\"https:\/\/www.africa-press.net\/cameroun\/politique\/jour-heureux-pour-sameul-etoo-guibai-gatama-fait-un-geste-inattendu\"]}]},{\"@type\":\"ImageObject\",\"inLanguage\":\"fr-FR\",\"@id\":\"https:\/\/www.africa-press.net\/cameroun\/politique\/jour-heureux-pour-sameul-etoo-guibai-gatama-fait-un-geste-inattendu#primaryimage\",\"url\":\"https:\/\/static.africa-press.net\/cameroun\/sites\/57\/2023\/03\/postQueueImg_1678458508.47.jpg\",\"contentUrl\":\"https:\/\/static.africa-press.net\/cameroun\/sites\/57\/2023\/03\/postQueueImg_1678458508.47.jpg\",\"width\":720,\"height\":540,\"caption\":\"Jour heureux pour Sameul Eto\u2019o : Guibai Gatama fait un geste inattendu\"},{\"@type\":\"BreadcrumbList\",\"@id\":\"https:\/\/www.africa-press.net\/cameroun\/politique\/jour-heureux-pour-sameul-etoo-guibai-gatama-fait-un-geste-inattendu#breadcrumb\",\"itemListElement\":[{\"@type\":\"ListItem\",\"position\":1,\"name\":\"Accueil\",\"item\":\"https:\/\/www.africa-press.net\/cameroun\/\"},{\"@type\":\"ListItem\",\"position\":2,\"name\":\"Jour heureux pour Sameul Eto\u2019o : Guibai Gatama fait un geste inattendu\"}]},{\"@type\":\"WebSite\",\"@id\":\"https:\/\/www.africa-press.net\/cameroun\/#website\",\"url\":\"https:\/\/www.africa-press.net\/cameroun\/\",\"name\":\"Cameroun\",\"description\":\"Just another Africa News Agency Sites site\",\"potentialAction\":[{\"@type\":\"SearchAction\",\"target\":{\"@type\":\"EntryPoint\",\"urlTemplate\":\"https:\/\/www.africa-press.net\/cameroun\/?s={search_term_string}\"},\"query-input\":{\"@type\":\"PropertyValueSpecification\",\"valueRequired\":true,\"valueName\":\"search_term_string\"}}],\"inLanguage\":\"fr-FR\"},{\"@type\":\"Person\",\"@id\":\"https:\/\/www.africa-press.net\/cameroun\/#\/schema\/person\/2b1cf3cd81a31e3cd26889ca66d677f1\",\"name\":\"cfeditorfr\"}]}<\/script>\n<!-- \/ Yoast SEO Premium plugin. -->","yoast_head_json":{"title":"Jour heureux pour Sameul Eto\u2019o : Guibai Gatama fait un geste inattendu - Cameroun","description":"Joyeux anniversaire a\u0300 Samuel Eto'o qui fe\u0302te aujourd'hui ses 42 ans.\u2019 Oui c\u2019est un grand jour pour l\u2019actuel pre\u0301sident ...","robots":{"index":"index","follow":"follow","max-snippet":"max-snippet:-1","max-image-preview":"max-image-preview:large","max-video-preview":"max-video-preview:-1"},"canonical":"https:\/\/www.africa-press.net\/cameroun\/politique\/jour-heureux-pour-sameul-etoo-guibai-gatama-fait-un-geste-inattendu","og_locale":"fr_FR","og_type":"article","og_title":"Jour heureux pour Sameul Eto\u2019o : Guibai Gatama fait un geste inattendu","og_description":"Joyeux anniversaire a\u0300 Samuel Eto'o qui fe\u0302te aujourd'hui ses 42 ans.\u2019 Oui c\u2019est un grand jour pour l\u2019actuel pre\u0301sident ...","og_url":"https:\/\/www.africa-press.net\/cameroun\/politique\/jour-heureux-pour-sameul-etoo-guibai-gatama-fait-un-geste-inattendu","og_site_name":"Cameroun","article_published_time":"2023-03-10T17:58:21+00:00","article_modified_time":"2023-03-10T18:40:18+00:00","og_image":[{"width":720,"height":540,"url":"https:\/\/static.africa-press.net\/cameroun\/sites\/57\/2023\/03\/postQueueImg_1678458508.47.jpg","type":"image\/jpeg"}],"author":"cfeditorfr","twitter_card":"summary_large_image","twitter_misc":{"\u00c9crit par":"cfeditorfr","Dur\u00e9e de lecture estim\u00e9e":"4 minutes"},"schema":{"@context":"https:\/\/schema.org","@graph":[{"@type":"Article","@id":"https:\/\/www.africa-press.net\/cameroun\/politique\/jour-heureux-pour-sameul-etoo-guibai-gatama-fait-un-geste-inattendu#article","isPartOf":{"@id":"https:\/\/www.africa-press.net\/cameroun\/politique\/jour-heureux-pour-sameul-etoo-guibai-gatama-fait-un-geste-inattendu"},"author":{"name":"cfeditorfr","@id":"https:\/\/www.africa-press.net\/cameroun\/#\/schema\/person\/2b1cf3cd81a31e3cd26889ca66d677f1"},"headline":"Jour heureux pour Sameul Eto\u2019o : Guibai Gatama fait un geste inattendu","datePublished":"2023-03-10T17:58:21+00:00","dateModified":"2023-03-10T18:40:18+00:00","mainEntityOfPage":{"@id":"https:\/\/www.africa-press.net\/cameroun\/politique\/jour-heureux-pour-sameul-etoo-guibai-gatama-fait-un-geste-inattendu"},"wordCount":897,"commentCount":0,"image":{"@id":"https:\/\/www.africa-press.net\/cameroun\/politique\/jour-heureux-pour-sameul-etoo-guibai-gatama-fait-un-geste-inattendu#primaryimage"},"thumbnailUrl":"https:\/\/static.africa-press.net\/cameroun\/sites\/57\/2023\/03\/postQueueImg_1678458508.47.jpg","keywords":["Africa Press","Africa Press-Cameroun","Cameroun"],"articleSection":["Politique","Toutes les actualit\u00e9s"],"inLanguage":"fr-FR","potentialAction":[{"@type":"CommentAction","name":"Comment","target":["https:\/\/www.africa-press.net\/cameroun\/politique\/jour-heureux-pour-sameul-etoo-guibai-gatama-fait-un-geste-inattendu#respond"]}]},{"@type":"WebPage","@id":"https:\/\/www.africa-press.net\/cameroun\/politique\/jour-heureux-pour-sameul-etoo-guibai-gatama-fait-un-geste-inattendu","url":"https:\/\/www.africa-press.net\/cameroun\/politique\/jour-heureux-pour-sameul-etoo-guibai-gatama-fait-un-geste-inattendu","name":"Jour heureux pour Sameul Eto\u2019o : Guibai Gatama fait un geste inattendu - Cameroun","isPartOf":{"@id":"https:\/\/www.africa-press.net\/cameroun\/#website"},"primaryImageOfPage":{"@id":"https:\/\/www.africa-press.net\/cameroun\/politique\/jour-heureux-pour-sameul-etoo-guibai-gatama-fait-un-geste-inattendu#primaryimage"},"image":{"@id":"https:\/\/www.africa-press.net\/cameroun\/politique\/jour-heureux-pour-sameul-etoo-guibai-gatama-fait-un-geste-inattendu#primaryimage"},"thumbnailUrl":"https:\/\/static.africa-press.net\/cameroun\/sites\/57\/2023\/03\/postQueueImg_1678458508.47.jpg","datePublished":"2023-03-10T17:58:21+00:00","dateModified":"2023-03-10T18:40:18+00:00","author":{"@id":"https:\/\/www.africa-press.net\/cameroun\/#\/schema\/person\/2b1cf3cd81a31e3cd26889ca66d677f1"},"description":"Joyeux anniversaire a\u0300 Samuel Eto'o qui fe\u0302te aujourd'hui ses 42 ans.\u2019 Oui c\u2019est un grand jour pour l\u2019actuel pre\u0301sident ...","breadcrumb":{"@id":"https:\/\/www.africa-press.net\/cameroun\/politique\/jour-heureux-pour-sameul-etoo-guibai-gatama-fait-un-geste-inattendu#breadcrumb"},"inLanguage":"fr-FR","potentialAction":[{"@type":"ReadAction","target":["https:\/\/www.africa-press.net\/cameroun\/politique\/jour-heureux-pour-sameul-etoo-guibai-gatama-fait-un-geste-inattendu"]}]},{"@type":"ImageObject","inLanguage":"fr-FR","@id":"https:\/\/www.africa-press.net\/cameroun\/politique\/jour-heureux-pour-sameul-etoo-guibai-gatama-fait-un-geste-inattendu#primaryimage","url":"https:\/\/static.africa-press.net\/cameroun\/sites\/57\/2023\/03\/postQueueImg_1678458508.47.jpg","contentUrl":"https:\/\/static.africa-press.net\/cameroun\/sites\/57\/2023\/03\/postQueueImg_1678458508.47.jpg","width":720,"height":540,"caption":"Jour heureux pour Sameul Eto\u2019o : Guibai Gatama fait un geste inattendu"},{"@type":"BreadcrumbList","@id":"https:\/\/www.africa-press.net\/cameroun\/politique\/jour-heureux-pour-sameul-etoo-guibai-gatama-fait-un-geste-inattendu#breadcrumb","itemListElement":[{"@type":"ListItem","position":1,"name":"Accueil","item":"https:\/\/www.africa-press.net\/cameroun\/"},{"@type":"ListItem","position":2,"name":"Jour heureux pour Sameul Eto\u2019o : Guibai Gatama fait un geste inattendu"}]},{"@type":"WebSite","@id":"https:\/\/www.africa-press.net\/cameroun\/#website","url":"https:\/\/www.africa-press.net\/cameroun\/","name":"Cameroun","description":"Just another Africa News Agency Sites site","potentialAction":[{"@type":"SearchAction","target":{"@type":"EntryPoint","urlTemplate":"https:\/\/www.africa-press.net\/cameroun\/?s={search_term_string}"},"query-input":{"@type":"PropertyValueSpecification","valueRequired":true,"valueName":"search_term_string"}}],"inLanguage":"fr-FR"},{"@type":"Person","@id":"https:\/\/www.africa-press.net\/cameroun\/#\/schema\/person\/2b1cf3cd81a31e3cd26889ca66d677f1","name":"cfeditorfr"}]}},"_links":{"self":[{"href":"https:\/\/www.africa-press.net\/cameroun\/wp-json\/wp\/v2\/posts\/38931","targetHints":{"allow":["GET"]}}],"collection":[{"href":"https:\/\/www.africa-press.net\/cameroun\/wp-json\/wp\/v2\/posts"}],"about":[{"href":"https:\/\/www.africa-press.net\/cameroun\/wp-json\/wp\/v2\/types\/post"}],"author":[{"embeddable":true,"href":"https:\/\/www.africa-press.net\/cameroun\/wp-json\/wp\/v2\/users\/82"}],"replies":[{"embeddable":true,"href":"https:\/\/www.africa-press.net\/cameroun\/wp-json\/wp\/v2\/comments?post=38931"}],"version-history":[{"count":0,"href":"https:\/\/www.africa-press.net\/cameroun\/wp-json\/wp\/v2\/posts\/38931\/revisions"}],"wp:featuredmedia":[{"embeddable":true,"href":"https:\/\/www.africa-press.net\/cameroun\/wp-json\/wp\/v2\/media\/38930"}],"wp:attachment":[{"href":"https:\/\/www.africa-press.net\/cameroun\/wp-json\/wp\/v2\/media?parent=38931"}],"wp:term":[{"taxonomy":"category","embeddable":true,"href":"https:\/\/www.africa-press.net\/cameroun\/wp-json\/wp\/v2\/categories?post=38931"},{"taxonomy":"post_tag","embeddable":true,"href":"https:\/\/www.africa-press.net\/cameroun\/wp-json\/wp\/v2\/tags?post=38931"}],"curies":[{"name":"wp","href":"https:\/\/api.w.org\/{rel}","templated":true}]}}