{"id":38939,"date":"2023-03-10T17:58:51","date_gmt":"2023-03-10T17:58:51","guid":{"rendered":"https:\/\/www.africa-press.net\/cameroun\/politique\/transfert-de-belinga-a-kondengui-comment-laurent-esso-a-ete-piege-comme-un-debutant"},"modified":"2023-03-10T18:42:28","modified_gmt":"2023-03-10T18:42:28","slug":"transfert-de-belinga-a-kondengui-comment-laurent-esso-a-ete-piege-comme-un-debutant","status":"publish","type":"post","link":"https:\/\/www.africa-press.net\/cameroun\/politique\/transfert-de-belinga-a-kondengui-comment-laurent-esso-a-ete-piege-comme-un-debutant","title":{"rendered":"Transfert de Belinga \u00e0 Kondengui: comment Laurent Esso a \u00e9t\u00e9 pi\u00e9g\u00e9 comme un d\u00e9butant"},"content":{"rendered":"<p><span style=\"color: #ff6600\"><strong>Africa-Press &#8211; Cameroun. <\/strong><\/span>Jean Pierre Amougou Belinga et Eko Eko Maxime ont e\u0301te\u0301 transfe\u0301re\u0301s a\u0300 Kondengui par le Tribunal militaire, ou\u0300 les charges qui sont retenues contre eux leurs ont e\u0301te\u0301 donne\u0301es.<\/p>\n<p>Le fait que le PDG du groupe l&rsquo;Anecdote soit transfe\u0301re\u0301 a\u0300 la prison centrale de Kondengui, ouvre la voie a\u0300 un proce\u0300s dans les 6 prochains mois au moins.<\/p>\n<p>Cela veut tout simplement dire que l&rsquo;affaire est de\u0301sormais entre les mains de la justice, et donc sur le terrain de jeu favoris de Jean Pierre Amougou Belinga: les Tribunaux et les prisons civiles. Ces deux entite\u0301s ont pour patron le parrain du Zomloa, le tout puissant Garde des sceaux Laurent Esso.<\/p>\n<p>En effet, une fois arrive\u0301 en prison, Jean Pierre Amougou Belinga a e\u0301te\u0301 accueilli en prince. La cellule qu&rsquo;il est cense\u0301 occuper a e\u0301te\u0301 modifie\u0301e. Carreaux, lit plus grand et soyeux, climatiseurs&#8230; L&rsquo;homme d&rsquo;affaires recevait me\u0302me les visites de ses e\u0301pouses dans sa cellule et avait acce\u0300s a\u0300 ses portables, ainsi qu&rsquo;a\u0300 la te\u0301le\u0301.<\/p>\n<p>Mais quelle be\u0302tise de croire que? parce que le dossier est entre les mains de la Justice, Amougou Belinga est tire\u0301 d&rsquo;affaire ou que son grand parrain ministre de la Justice pourrait le sauver ou le me\u0301nager?!<\/p>\n<p>En effet, ce transfert de Belinga est un pie\u0300ge grandement tendu par les enque\u0302teurs, afin de prendre d&rsquo;autres personnes cense\u0301e e\u0302tre implique\u0301es dans l&rsquo;assassinat de Martinez Zogo.<\/p>\n<p>\u00ab\u00a0La de\u0301cision de Nkondengui et non du SED e\u0301tait de voir jusqu&rsquo;ou\u0300 irait le patron de la Justice pour \u00ab\u00a0son prote\u0301ge\u0301\u00a0\u00bb en perte de vitesse&#8230;. C\u0327a e\u0301te\u0301 donc une de\u0301cision voulue et re\u0301fle\u0301chie de PAUL BIYA lui-me\u0302me pour APPRE\u0301HENDER mieux la visibilite\u0301 sur son Minjustice et c&rsquo;est fait. Je vous avais dit ici me\u0302me que la prison c&rsquo;est la prison et ce peu importe le confort qu&rsquo;on peut essayer d&rsquo;y avoir &#8230;La preuve e\u0301tant que Bolingo a essaye\u0301 d&rsquo;avoir une sortie me\u0301dicale mais refus cate\u0301gorique a\u0300 la dernie\u0300re minute du palais car son plus grand confort justement c&rsquo;est \u00ab\u00a0sa liberte\u0301\u00a0\u00bb, e\u0301crit l&rsquo;activiste Jaques Jozel Zang a\u0300 ce sujet.<\/p>\n<p>Aux dernie\u0300res nouvelles, Jean Pierre Amougou Belinga aurait de se\u0301rieux proble\u0300mes de sante\u0301 mentale. Il s&rsquo;est me\u0302me fait consulter par un me\u0301decin du CHU de Yaounde\u0301 de\u0301pe\u0302che\u0301 a\u0300 Kondengui par le re\u0301gisseur de la prison.<\/p>\n<p><strong>Pour plus d&rsquo;informations et d&rsquo;analyses sur la <a href=\"https:\/\/www.africa-press.net\/cameroun\">Cameroun<\/a>, suivez <a href=\"https:\/\/www.africa-press.net\/\">Africa-Press<\/a><\/strong><\/p>\n","protected":false},"excerpt":{"rendered":"<p>Africa-Press &#8211; Cameroun. Jean Pierre Amougou Belinga et Eko Eko Maxime ont e\u0301te\u0301 transfe\u0301re\u0301s a\u0300 Kondengui par le Tribunal militaire, ou\u0300 les charges qui sont retenues contre eux leurs ont e\u0301te\u0301 donne\u0301es. Le fait que le PDG du groupe l&rsquo;Anecdote soit transfe\u0301re\u0301 a\u0300 la prison centrale de Kondengui, ouvre la voie a\u0300 un proce\u0300s dans [&hellip;]<\/p>\n","protected":false},"author":82,"featured_media":38938,"comment_status":"open","ping_status":"closed","sticky":false,"template":"","format":"standard","meta":{"footnotes":""},"categories":[2,10],"tags":[36,50,49],"class_list":["post-38939","post","type-post","status-publish","format-standard","has-post-thumbnail","hentry","category-politique","category-toutes-les-actualites","tag-africa-press","tag-africa-press-cameroun","tag-cameroun"],"yoast_head":"<!-- This site is optimized with the Yoast SEO Premium plugin v26.1 (Yoast SEO v27.0) - https:\/\/yoast.com\/product\/yoast-seo-premium-wordpress\/ -->\n<title>Transfert de Belinga \u00e0 Kondengui: comment Laurent Esso a \u00e9t\u00e9 pi\u00e9g\u00e9 comme un d\u00e9butant - Cameroun<\/title>\n<meta name=\"description\" content=\"Jean Pierre Amougou Belinga et Eko Eko Maxime ont e\u0301te\u0301 transfe\u0301re\u0301s a\u0300 Kondengui par le Tribunal militaire, ou\u0300 les cha ...\" \/>\n<meta name=\"robots\" content=\"index, follow, max-snippet:-1, max-image-preview:large, max-video-preview:-1\" \/>\n<link rel=\"canonical\" href=\"https:\/\/www.africa-press.net\/cameroun\/politique\/transfert-de-belinga-a-kondengui-comment-laurent-esso-a-ete-piege-comme-un-debutant\" \/>\n<meta property=\"og:locale\" content=\"fr_FR\" \/>\n<meta property=\"og:type\" content=\"article\" \/>\n<meta property=\"og:title\" content=\"Transfert de Belinga \u00e0 Kondengui: comment Laurent Esso a \u00e9t\u00e9 pi\u00e9g\u00e9 comme un d\u00e9butant\" \/>\n<meta property=\"og:description\" content=\"Jean Pierre Amougou Belinga et Eko Eko Maxime ont e\u0301te\u0301 transfe\u0301re\u0301s a\u0300 Kondengui par le Tribunal militaire, ou\u0300 les cha ...\" \/>\n<meta property=\"og:url\" content=\"https:\/\/www.africa-press.net\/cameroun\/politique\/transfert-de-belinga-a-kondengui-comment-laurent-esso-a-ete-piege-comme-un-debutant\" \/>\n<meta property=\"og:site_name\" content=\"Cameroun\" \/>\n<meta property=\"article:published_time\" content=\"2023-03-10T17:58:51+00:00\" \/>\n<meta property=\"article:modified_time\" content=\"2023-03-10T18:42:28+00:00\" \/>\n<meta property=\"og:image\" content=\"https:\/\/static.africa-press.net\/cameroun\/sites\/57\/2023\/03\/postQueueImg_1678458539.27.jpg\" \/>\n\t<meta property=\"og:image:width\" content=\"720\" \/>\n\t<meta property=\"og:image:height\" content=\"429\" \/>\n\t<meta property=\"og:image:type\" content=\"image\/jpeg\" \/>\n<meta name=\"author\" content=\"cfeditorfr\" \/>\n<meta name=\"twitter:card\" content=\"summary_large_image\" \/>\n<meta name=\"twitter:label1\" content=\"\u00c9crit par\" \/>\n\t<meta name=\"twitter:data1\" content=\"cfeditorfr\" \/>\n\t<meta name=\"twitter:label2\" content=\"Dur\u00e9e de lecture estim\u00e9e\" \/>\n\t<meta name=\"twitter:data2\" content=\"2 minutes\" \/>\n<script type=\"application\/ld+json\" class=\"yoast-schema-graph\">{\"@context\":\"https:\/\/schema.org\",\"@graph\":[{\"@type\":\"Article\",\"@id\":\"https:\/\/www.africa-press.net\/cameroun\/politique\/transfert-de-belinga-a-kondengui-comment-laurent-esso-a-ete-piege-comme-un-debutant#article\",\"isPartOf\":{\"@id\":\"https:\/\/www.africa-press.net\/cameroun\/politique\/transfert-de-belinga-a-kondengui-comment-laurent-esso-a-ete-piege-comme-un-debutant\"},\"author\":{\"name\":\"cfeditorfr\",\"@id\":\"https:\/\/www.africa-press.net\/cameroun\/#\/schema\/person\/2b1cf3cd81a31e3cd26889ca66d677f1\"},\"headline\":\"Transfert de Belinga \u00e0 Kondengui: comment Laurent Esso a \u00e9t\u00e9 pi\u00e9g\u00e9 comme un d\u00e9butant\",\"datePublished\":\"2023-03-10T17:58:51+00:00\",\"dateModified\":\"2023-03-10T18:42:28+00:00\",\"mainEntityOfPage\":{\"@id\":\"https:\/\/www.africa-press.net\/cameroun\/politique\/transfert-de-belinga-a-kondengui-comment-laurent-esso-a-ete-piege-comme-un-debutant\"},\"wordCount\":465,\"commentCount\":0,\"image\":{\"@id\":\"https:\/\/www.africa-press.net\/cameroun\/politique\/transfert-de-belinga-a-kondengui-comment-laurent-esso-a-ete-piege-comme-un-debutant#primaryimage\"},\"thumbnailUrl\":\"https:\/\/static.africa-press.net\/cameroun\/sites\/57\/2023\/03\/postQueueImg_1678458539.27.jpg\",\"keywords\":[\"Africa Press\",\"Africa Press-Cameroun\",\"Cameroun\"],\"articleSection\":[\"Politique\",\"Toutes les actualit\u00e9s\"],\"inLanguage\":\"fr-FR\",\"potentialAction\":[{\"@type\":\"CommentAction\",\"name\":\"Comment\",\"target\":[\"https:\/\/www.africa-press.net\/cameroun\/politique\/transfert-de-belinga-a-kondengui-comment-laurent-esso-a-ete-piege-comme-un-debutant#respond\"]}]},{\"@type\":\"WebPage\",\"@id\":\"https:\/\/www.africa-press.net\/cameroun\/politique\/transfert-de-belinga-a-kondengui-comment-laurent-esso-a-ete-piege-comme-un-debutant\",\"url\":\"https:\/\/www.africa-press.net\/cameroun\/politique\/transfert-de-belinga-a-kondengui-comment-laurent-esso-a-ete-piege-comme-un-debutant\",\"name\":\"Transfert de Belinga \u00e0 Kondengui: comment Laurent Esso a \u00e9t\u00e9 pi\u00e9g\u00e9 comme un d\u00e9butant - Cameroun\",\"isPartOf\":{\"@id\":\"https:\/\/www.africa-press.net\/cameroun\/#website\"},\"primaryImageOfPage\":{\"@id\":\"https:\/\/www.africa-press.net\/cameroun\/politique\/transfert-de-belinga-a-kondengui-comment-laurent-esso-a-ete-piege-comme-un-debutant#primaryimage\"},\"image\":{\"@id\":\"https:\/\/www.africa-press.net\/cameroun\/politique\/transfert-de-belinga-a-kondengui-comment-laurent-esso-a-ete-piege-comme-un-debutant#primaryimage\"},\"thumbnailUrl\":\"https:\/\/static.africa-press.net\/cameroun\/sites\/57\/2023\/03\/postQueueImg_1678458539.27.jpg\",\"datePublished\":\"2023-03-10T17:58:51+00:00\",\"dateModified\":\"2023-03-10T18:42:28+00:00\",\"author\":{\"@id\":\"https:\/\/www.africa-press.net\/cameroun\/#\/schema\/person\/2b1cf3cd81a31e3cd26889ca66d677f1\"},\"description\":\"Jean Pierre Amougou Belinga et Eko Eko Maxime ont e\u0301te\u0301 transfe\u0301re\u0301s a\u0300 Kondengui par le Tribunal militaire, ou\u0300 les cha ...\",\"breadcrumb\":{\"@id\":\"https:\/\/www.africa-press.net\/cameroun\/politique\/transfert-de-belinga-a-kondengui-comment-laurent-esso-a-ete-piege-comme-un-debutant#breadcrumb\"},\"inLanguage\":\"fr-FR\",\"potentialAction\":[{\"@type\":\"ReadAction\",\"target\":[\"https:\/\/www.africa-press.net\/cameroun\/politique\/transfert-de-belinga-a-kondengui-comment-laurent-esso-a-ete-piege-comme-un-debutant\"]}]},{\"@type\":\"ImageObject\",\"inLanguage\":\"fr-FR\",\"@id\":\"https:\/\/www.africa-press.net\/cameroun\/politique\/transfert-de-belinga-a-kondengui-comment-laurent-esso-a-ete-piege-comme-un-debutant#primaryimage\",\"url\":\"https:\/\/static.africa-press.net\/cameroun\/sites\/57\/2023\/03\/postQueueImg_1678458539.27.jpg\",\"contentUrl\":\"https:\/\/static.africa-press.net\/cameroun\/sites\/57\/2023\/03\/postQueueImg_1678458539.27.jpg\",\"width\":720,\"height\":429,\"caption\":\"Transfert de Belinga \u00e0 Kondengui: comment Laurent Esso a \u00e9t\u00e9 pi\u00e9g\u00e9 comme un d\u00e9butant\"},{\"@type\":\"BreadcrumbList\",\"@id\":\"https:\/\/www.africa-press.net\/cameroun\/politique\/transfert-de-belinga-a-kondengui-comment-laurent-esso-a-ete-piege-comme-un-debutant#breadcrumb\",\"itemListElement\":[{\"@type\":\"ListItem\",\"position\":1,\"name\":\"Accueil\",\"item\":\"https:\/\/www.africa-press.net\/cameroun\/\"},{\"@type\":\"ListItem\",\"position\":2,\"name\":\"Transfert de Belinga \u00e0 Kondengui: comment Laurent Esso a \u00e9t\u00e9 pi\u00e9g\u00e9 comme un d\u00e9butant\"}]},{\"@type\":\"WebSite\",\"@id\":\"https:\/\/www.africa-press.net\/cameroun\/#website\",\"url\":\"https:\/\/www.africa-press.net\/cameroun\/\",\"name\":\"Cameroun\",\"description\":\"Just another Africa News Agency Sites site\",\"potentialAction\":[{\"@type\":\"SearchAction\",\"target\":{\"@type\":\"EntryPoint\",\"urlTemplate\":\"https:\/\/www.africa-press.net\/cameroun\/?s={search_term_string}\"},\"query-input\":{\"@type\":\"PropertyValueSpecification\",\"valueRequired\":true,\"valueName\":\"search_term_string\"}}],\"inLanguage\":\"fr-FR\"},{\"@type\":\"Person\",\"@id\":\"https:\/\/www.africa-press.net\/cameroun\/#\/schema\/person\/2b1cf3cd81a31e3cd26889ca66d677f1\",\"name\":\"cfeditorfr\"}]}<\/script>\n<!-- \/ Yoast SEO Premium plugin. -->","yoast_head_json":{"title":"Transfert de Belinga \u00e0 Kondengui: comment Laurent Esso a \u00e9t\u00e9 pi\u00e9g\u00e9 comme un d\u00e9butant - Cameroun","description":"Jean Pierre Amougou Belinga et Eko Eko Maxime ont e\u0301te\u0301 transfe\u0301re\u0301s a\u0300 Kondengui par le Tribunal militaire, ou\u0300 les cha ...","robots":{"index":"index","follow":"follow","max-snippet":"max-snippet:-1","max-image-preview":"max-image-preview:large","max-video-preview":"max-video-preview:-1"},"canonical":"https:\/\/www.africa-press.net\/cameroun\/politique\/transfert-de-belinga-a-kondengui-comment-laurent-esso-a-ete-piege-comme-un-debutant","og_locale":"fr_FR","og_type":"article","og_title":"Transfert de Belinga \u00e0 Kondengui: comment Laurent Esso a \u00e9t\u00e9 pi\u00e9g\u00e9 comme un d\u00e9butant","og_description":"Jean Pierre Amougou Belinga et Eko Eko Maxime ont e\u0301te\u0301 transfe\u0301re\u0301s a\u0300 Kondengui par le Tribunal militaire, ou\u0300 les cha ...","og_url":"https:\/\/www.africa-press.net\/cameroun\/politique\/transfert-de-belinga-a-kondengui-comment-laurent-esso-a-ete-piege-comme-un-debutant","og_site_name":"Cameroun","article_published_time":"2023-03-10T17:58:51+00:00","article_modified_time":"2023-03-10T18:42:28+00:00","og_image":[{"width":720,"height":429,"url":"https:\/\/static.africa-press.net\/cameroun\/sites\/57\/2023\/03\/postQueueImg_1678458539.27.jpg","type":"image\/jpeg"}],"author":"cfeditorfr","twitter_card":"summary_large_image","twitter_misc":{"\u00c9crit par":"cfeditorfr","Dur\u00e9e de lecture estim\u00e9e":"2 minutes"},"schema":{"@context":"https:\/\/schema.org","@graph":[{"@type":"Article","@id":"https:\/\/www.africa-press.net\/cameroun\/politique\/transfert-de-belinga-a-kondengui-comment-laurent-esso-a-ete-piege-comme-un-debutant#article","isPartOf":{"@id":"https:\/\/www.africa-press.net\/cameroun\/politique\/transfert-de-belinga-a-kondengui-comment-laurent-esso-a-ete-piege-comme-un-debutant"},"author":{"name":"cfeditorfr","@id":"https:\/\/www.africa-press.net\/cameroun\/#\/schema\/person\/2b1cf3cd81a31e3cd26889ca66d677f1"},"headline":"Transfert de Belinga \u00e0 Kondengui: comment Laurent Esso a \u00e9t\u00e9 pi\u00e9g\u00e9 comme un d\u00e9butant","datePublished":"2023-03-10T17:58:51+00:00","dateModified":"2023-03-10T18:42:28+00:00","mainEntityOfPage":{"@id":"https:\/\/www.africa-press.net\/cameroun\/politique\/transfert-de-belinga-a-kondengui-comment-laurent-esso-a-ete-piege-comme-un-debutant"},"wordCount":465,"commentCount":0,"image":{"@id":"https:\/\/www.africa-press.net\/cameroun\/politique\/transfert-de-belinga-a-kondengui-comment-laurent-esso-a-ete-piege-comme-un-debutant#primaryimage"},"thumbnailUrl":"https:\/\/static.africa-press.net\/cameroun\/sites\/57\/2023\/03\/postQueueImg_1678458539.27.jpg","keywords":["Africa Press","Africa Press-Cameroun","Cameroun"],"articleSection":["Politique","Toutes les actualit\u00e9s"],"inLanguage":"fr-FR","potentialAction":[{"@type":"CommentAction","name":"Comment","target":["https:\/\/www.africa-press.net\/cameroun\/politique\/transfert-de-belinga-a-kondengui-comment-laurent-esso-a-ete-piege-comme-un-debutant#respond"]}]},{"@type":"WebPage","@id":"https:\/\/www.africa-press.net\/cameroun\/politique\/transfert-de-belinga-a-kondengui-comment-laurent-esso-a-ete-piege-comme-un-debutant","url":"https:\/\/www.africa-press.net\/cameroun\/politique\/transfert-de-belinga-a-kondengui-comment-laurent-esso-a-ete-piege-comme-un-debutant","name":"Transfert de Belinga \u00e0 Kondengui: comment Laurent Esso a \u00e9t\u00e9 pi\u00e9g\u00e9 comme un d\u00e9butant - Cameroun","isPartOf":{"@id":"https:\/\/www.africa-press.net\/cameroun\/#website"},"primaryImageOfPage":{"@id":"https:\/\/www.africa-press.net\/cameroun\/politique\/transfert-de-belinga-a-kondengui-comment-laurent-esso-a-ete-piege-comme-un-debutant#primaryimage"},"image":{"@id":"https:\/\/www.africa-press.net\/cameroun\/politique\/transfert-de-belinga-a-kondengui-comment-laurent-esso-a-ete-piege-comme-un-debutant#primaryimage"},"thumbnailUrl":"https:\/\/static.africa-press.net\/cameroun\/sites\/57\/2023\/03\/postQueueImg_1678458539.27.jpg","datePublished":"2023-03-10T17:58:51+00:00","dateModified":"2023-03-10T18:42:28+00:00","author":{"@id":"https:\/\/www.africa-press.net\/cameroun\/#\/schema\/person\/2b1cf3cd81a31e3cd26889ca66d677f1"},"description":"Jean Pierre Amougou Belinga et Eko Eko Maxime ont e\u0301te\u0301 transfe\u0301re\u0301s a\u0300 Kondengui par le Tribunal militaire, ou\u0300 les cha ...","breadcrumb":{"@id":"https:\/\/www.africa-press.net\/cameroun\/politique\/transfert-de-belinga-a-kondengui-comment-laurent-esso-a-ete-piege-comme-un-debutant#breadcrumb"},"inLanguage":"fr-FR","potentialAction":[{"@type":"ReadAction","target":["https:\/\/www.africa-press.net\/cameroun\/politique\/transfert-de-belinga-a-kondengui-comment-laurent-esso-a-ete-piege-comme-un-debutant"]}]},{"@type":"ImageObject","inLanguage":"fr-FR","@id":"https:\/\/www.africa-press.net\/cameroun\/politique\/transfert-de-belinga-a-kondengui-comment-laurent-esso-a-ete-piege-comme-un-debutant#primaryimage","url":"https:\/\/static.africa-press.net\/cameroun\/sites\/57\/2023\/03\/postQueueImg_1678458539.27.jpg","contentUrl":"https:\/\/static.africa-press.net\/cameroun\/sites\/57\/2023\/03\/postQueueImg_1678458539.27.jpg","width":720,"height":429,"caption":"Transfert de Belinga \u00e0 Kondengui: comment Laurent Esso a \u00e9t\u00e9 pi\u00e9g\u00e9 comme un d\u00e9butant"},{"@type":"BreadcrumbList","@id":"https:\/\/www.africa-press.net\/cameroun\/politique\/transfert-de-belinga-a-kondengui-comment-laurent-esso-a-ete-piege-comme-un-debutant#breadcrumb","itemListElement":[{"@type":"ListItem","position":1,"name":"Accueil","item":"https:\/\/www.africa-press.net\/cameroun\/"},{"@type":"ListItem","position":2,"name":"Transfert de Belinga \u00e0 Kondengui: comment Laurent Esso a \u00e9t\u00e9 pi\u00e9g\u00e9 comme un d\u00e9butant"}]},{"@type":"WebSite","@id":"https:\/\/www.africa-press.net\/cameroun\/#website","url":"https:\/\/www.africa-press.net\/cameroun\/","name":"Cameroun","description":"Just another Africa News Agency Sites site","potentialAction":[{"@type":"SearchAction","target":{"@type":"EntryPoint","urlTemplate":"https:\/\/www.africa-press.net\/cameroun\/?s={search_term_string}"},"query-input":{"@type":"PropertyValueSpecification","valueRequired":true,"valueName":"search_term_string"}}],"inLanguage":"fr-FR"},{"@type":"Person","@id":"https:\/\/www.africa-press.net\/cameroun\/#\/schema\/person\/2b1cf3cd81a31e3cd26889ca66d677f1","name":"cfeditorfr"}]}},"_links":{"self":[{"href":"https:\/\/www.africa-press.net\/cameroun\/wp-json\/wp\/v2\/posts\/38939","targetHints":{"allow":["GET"]}}],"collection":[{"href":"https:\/\/www.africa-press.net\/cameroun\/wp-json\/wp\/v2\/posts"}],"about":[{"href":"https:\/\/www.africa-press.net\/cameroun\/wp-json\/wp\/v2\/types\/post"}],"author":[{"embeddable":true,"href":"https:\/\/www.africa-press.net\/cameroun\/wp-json\/wp\/v2\/users\/82"}],"replies":[{"embeddable":true,"href":"https:\/\/www.africa-press.net\/cameroun\/wp-json\/wp\/v2\/comments?post=38939"}],"version-history":[{"count":0,"href":"https:\/\/www.africa-press.net\/cameroun\/wp-json\/wp\/v2\/posts\/38939\/revisions"}],"wp:featuredmedia":[{"embeddable":true,"href":"https:\/\/www.africa-press.net\/cameroun\/wp-json\/wp\/v2\/media\/38938"}],"wp:attachment":[{"href":"https:\/\/www.africa-press.net\/cameroun\/wp-json\/wp\/v2\/media?parent=38939"}],"wp:term":[{"taxonomy":"category","embeddable":true,"href":"https:\/\/www.africa-press.net\/cameroun\/wp-json\/wp\/v2\/categories?post=38939"},{"taxonomy":"post_tag","embeddable":true,"href":"https:\/\/www.africa-press.net\/cameroun\/wp-json\/wp\/v2\/tags?post=38939"}],"curies":[{"name":"wp","href":"https:\/\/api.w.org\/{rel}","templated":true}]}}