{"id":38942,"date":"2023-03-10T17:59:03","date_gmt":"2023-03-10T17:59:03","guid":{"rendered":"https:\/\/www.africa-press.net\/cameroun\/politique\/recreation-terminee-voici-les-5-decisions-prises-par-etoudi-sur-la-detention-damougou-belinga"},"modified":"2023-03-10T18:43:20","modified_gmt":"2023-03-10T18:43:20","slug":"recreation-terminee-voici-les-5-decisions-prises-par-etoudi-sur-la-detention-damougou-belinga","status":"publish","type":"post","link":"https:\/\/www.africa-press.net\/cameroun\/dossiers\/recreation-terminee-voici-les-5-decisions-prises-par-etoudi-sur-la-detention-damougou-belinga","title":{"rendered":"R\u00e9cr\u00e9ation termin\u00e9e: voici les 5 d\u00e9cisions prises par Etoudi sur la d\u00e9tention d&rsquo;Amougou Belinga"},"content":{"rendered":"<p><span style=\"color: #ff6600\"><strong>Africa-Press &#8211; Cameroun. <\/strong><\/span>I y a 48 heures, le Commissaire du gouvernement et des dizaines de gendarmes et de policiers ont de\u0301barque\u0301 a\u0300 la prison centrale de Kondengui, suite aux rumeurs sur les conditions de de\u0301tention princie\u0300res d&rsquo;Amougou Belinga.<\/p>\n<p>Dans la prison, le Commissaire du gouvernement ont pu se rendre compte des travaux de modification entreprises pour le confort du PDG du groupe l&rsquo;Anecdote et comment ce dernier avait acce\u0300s a\u0300 plusieurs choses comme s&rsquo;il e\u0301tait a\u0300 son domicile a\u0300 Yaounde\u0301.<\/p>\n<p>Un rapport a e\u0301te\u0301 fait au Palais de la pre\u0301sidence, a\u0300 l&rsquo;intention du chef de l&rsquo;Etat qui est a l&rsquo;initiative de l&rsquo;ouverture des enque\u0302tes.<\/p>\n<p>5 de\u0301cisions ont e\u0301te\u0301 rapidement prises, selon Jaques Jorel Zang, a\u0300 propos des conditions de de\u0301tention d&rsquo;Amougou Belinga.<\/p>\n<p>\u00ab\u00a01- Il ne rec\u0327oit de\u0301sormais ces ordres que de la pre\u0301sidence de la Re\u0301publique du Cameroun.<\/p>\n<p>2- les deux prisonniers rec\u0327oivent de\u0301sormais les visites comme tout le monde au &lsquo;shaba&rsquo;<\/p>\n<p>3 &#8211; leurs te\u0301le\u0301phones sont toujours confisque\u0301s jusqu&rsquo;a\u0300 nouvel ordre<\/p>\n<p>4- la construction des prisons \u00ab\u00a0VIP\u00a0\u00bb qu&rsquo;ils se faisaient faire ont e\u0301te\u0301 suspendus et les ouvriers ont e\u0301te\u0301 remercie\u0301s illico presto<\/p>\n<p>5- pour finir le secre\u0301tariat d&rsquo;e\u0301tat de la de\u0301fense est tenu a\u0300 e\u0302tre pre\u0302t a\u0300 accueillir les deux prisonniers et ce a\u0300 tout instant&#8230;<\/p>\n<p>En conclusion, les nouveaux prisonniers ne sont pas pre\u0302ts a\u0300 sortir et il est tre\u0300s possible qu&rsquo;ils restent enferme\u0301s au-dela\u0300 des 6 mois vu leurs comportements mais en tout cas la re\u0301cre\u0301ation est termine\u0301e et c&rsquo;est tant mieux&#8230;.\u00a0\u00bb<\/p>\n<p><strong>Pour plus d&rsquo;informations et d&rsquo;analyses sur la <a href=\"https:\/\/www.africa-press.net\/cameroun\">Cameroun<\/a>, suivez <a href=\"https:\/\/www.africa-press.net\/\">Africa-Press<\/a><\/strong><\/p>\n","protected":false},"excerpt":{"rendered":"<p>Africa-Press &#8211; Cameroun. I y a 48 heures, le Commissaire du gouvernement et des dizaines de gendarmes et de policiers ont de\u0301barque\u0301 a\u0300 la prison centrale de Kondengui, suite aux rumeurs sur les conditions de de\u0301tention princie\u0300res d&rsquo;Amougou Belinga. Dans la prison, le Commissaire du gouvernement ont pu se rendre compte des travaux de modification [&hellip;]<\/p>\n","protected":false},"author":82,"featured_media":38941,"comment_status":"open","ping_status":"closed","sticky":false,"template":"","format":"standard","meta":{"footnotes":""},"categories":[7,10],"tags":[36,50,49],"class_list":["post-38942","post","type-post","status-publish","format-standard","has-post-thumbnail","hentry","category-dossiers","category-toutes-les-actualites","tag-africa-press","tag-africa-press-cameroun","tag-cameroun"],"yoast_head":"<!-- This site is optimized with the Yoast SEO Premium plugin v26.1 (Yoast SEO v27.0) - https:\/\/yoast.com\/product\/yoast-seo-premium-wordpress\/ -->\n<title>R\u00e9cr\u00e9ation termin\u00e9e: voici les 5 d\u00e9cisions prises par Etoudi sur la d\u00e9tention d&#039;Amougou Belinga - Cameroun<\/title>\n<meta name=\"description\" content=\"I y a 48 heures, le Commissaire du gouvernement et des dizaines de gendarmes et de policiers ont de\u0301barque\u0301 a\u0300 la prison ...\" \/>\n<meta name=\"robots\" content=\"index, follow, max-snippet:-1, max-image-preview:large, max-video-preview:-1\" \/>\n<link rel=\"canonical\" href=\"https:\/\/www.africa-press.net\/cameroun\/dossiers\/recreation-terminee-voici-les-5-decisions-prises-par-etoudi-sur-la-detention-damougou-belinga\" \/>\n<meta property=\"og:locale\" content=\"fr_FR\" \/>\n<meta property=\"og:type\" content=\"article\" \/>\n<meta property=\"og:title\" content=\"R\u00e9cr\u00e9ation termin\u00e9e: voici les 5 d\u00e9cisions prises par Etoudi sur la d\u00e9tention d&#039;Amougou Belinga\" \/>\n<meta property=\"og:description\" content=\"I y a 48 heures, le Commissaire du gouvernement et des dizaines de gendarmes et de policiers ont de\u0301barque\u0301 a\u0300 la prison ...\" \/>\n<meta property=\"og:url\" content=\"https:\/\/www.africa-press.net\/cameroun\/dossiers\/recreation-terminee-voici-les-5-decisions-prises-par-etoudi-sur-la-detention-damougou-belinga\" \/>\n<meta property=\"og:site_name\" content=\"Cameroun\" \/>\n<meta property=\"article:published_time\" content=\"2023-03-10T17:59:03+00:00\" \/>\n<meta property=\"article:modified_time\" content=\"2023-03-10T18:43:20+00:00\" \/>\n<meta property=\"og:image\" content=\"https:\/\/static.africa-press.net\/cameroun\/sites\/57\/2023\/03\/postQueueImg_1678458556.18.jpg\" \/>\n\t<meta property=\"og:image:width\" content=\"720\" \/>\n\t<meta property=\"og:image:height\" content=\"385\" \/>\n\t<meta property=\"og:image:type\" content=\"image\/jpeg\" \/>\n<meta name=\"author\" content=\"cfeditorfr\" \/>\n<meta name=\"twitter:card\" content=\"summary_large_image\" \/>\n<meta name=\"twitter:label1\" content=\"\u00c9crit par\" \/>\n\t<meta name=\"twitter:data1\" content=\"cfeditorfr\" \/>\n\t<meta name=\"twitter:label2\" content=\"Dur\u00e9e de lecture estim\u00e9e\" \/>\n\t<meta name=\"twitter:data2\" content=\"1 minute\" \/>\n<script type=\"application\/ld+json\" class=\"yoast-schema-graph\">{\"@context\":\"https:\/\/schema.org\",\"@graph\":[{\"@type\":\"Article\",\"@id\":\"https:\/\/www.africa-press.net\/cameroun\/dossiers\/recreation-terminee-voici-les-5-decisions-prises-par-etoudi-sur-la-detention-damougou-belinga#article\",\"isPartOf\":{\"@id\":\"https:\/\/www.africa-press.net\/cameroun\/dossiers\/recreation-terminee-voici-les-5-decisions-prises-par-etoudi-sur-la-detention-damougou-belinga\"},\"author\":{\"name\":\"cfeditorfr\",\"@id\":\"https:\/\/www.africa-press.net\/cameroun\/#\/schema\/person\/2b1cf3cd81a31e3cd26889ca66d677f1\"},\"headline\":\"R\u00e9cr\u00e9ation termin\u00e9e: voici les 5 d\u00e9cisions prises par Etoudi sur la d\u00e9tention d&rsquo;Amougou Belinga\",\"datePublished\":\"2023-03-10T17:59:03+00:00\",\"dateModified\":\"2023-03-10T18:43:20+00:00\",\"mainEntityOfPage\":{\"@id\":\"https:\/\/www.africa-press.net\/cameroun\/dossiers\/recreation-terminee-voici-les-5-decisions-prises-par-etoudi-sur-la-detention-damougou-belinga\"},\"wordCount\":320,\"commentCount\":0,\"image\":{\"@id\":\"https:\/\/www.africa-press.net\/cameroun\/dossiers\/recreation-terminee-voici-les-5-decisions-prises-par-etoudi-sur-la-detention-damougou-belinga#primaryimage\"},\"thumbnailUrl\":\"https:\/\/static.africa-press.net\/cameroun\/sites\/57\/2023\/03\/postQueueImg_1678458556.18.jpg\",\"keywords\":[\"Africa Press\",\"Africa Press-Cameroun\",\"Cameroun\"],\"articleSection\":[\"Dossiers\",\"Toutes les actualit\u00e9s\"],\"inLanguage\":\"fr-FR\",\"potentialAction\":[{\"@type\":\"CommentAction\",\"name\":\"Comment\",\"target\":[\"https:\/\/www.africa-press.net\/cameroun\/dossiers\/recreation-terminee-voici-les-5-decisions-prises-par-etoudi-sur-la-detention-damougou-belinga#respond\"]}]},{\"@type\":\"WebPage\",\"@id\":\"https:\/\/www.africa-press.net\/cameroun\/dossiers\/recreation-terminee-voici-les-5-decisions-prises-par-etoudi-sur-la-detention-damougou-belinga\",\"url\":\"https:\/\/www.africa-press.net\/cameroun\/dossiers\/recreation-terminee-voici-les-5-decisions-prises-par-etoudi-sur-la-detention-damougou-belinga\",\"name\":\"R\u00e9cr\u00e9ation termin\u00e9e: voici les 5 d\u00e9cisions prises par Etoudi sur la d\u00e9tention d'Amougou Belinga - Cameroun\",\"isPartOf\":{\"@id\":\"https:\/\/www.africa-press.net\/cameroun\/#website\"},\"primaryImageOfPage\":{\"@id\":\"https:\/\/www.africa-press.net\/cameroun\/dossiers\/recreation-terminee-voici-les-5-decisions-prises-par-etoudi-sur-la-detention-damougou-belinga#primaryimage\"},\"image\":{\"@id\":\"https:\/\/www.africa-press.net\/cameroun\/dossiers\/recreation-terminee-voici-les-5-decisions-prises-par-etoudi-sur-la-detention-damougou-belinga#primaryimage\"},\"thumbnailUrl\":\"https:\/\/static.africa-press.net\/cameroun\/sites\/57\/2023\/03\/postQueueImg_1678458556.18.jpg\",\"datePublished\":\"2023-03-10T17:59:03+00:00\",\"dateModified\":\"2023-03-10T18:43:20+00:00\",\"author\":{\"@id\":\"https:\/\/www.africa-press.net\/cameroun\/#\/schema\/person\/2b1cf3cd81a31e3cd26889ca66d677f1\"},\"description\":\"I y a 48 heures, le Commissaire du gouvernement et des dizaines de gendarmes et de policiers ont de\u0301barque\u0301 a\u0300 la prison ...\",\"breadcrumb\":{\"@id\":\"https:\/\/www.africa-press.net\/cameroun\/dossiers\/recreation-terminee-voici-les-5-decisions-prises-par-etoudi-sur-la-detention-damougou-belinga#breadcrumb\"},\"inLanguage\":\"fr-FR\",\"potentialAction\":[{\"@type\":\"ReadAction\",\"target\":[\"https:\/\/www.africa-press.net\/cameroun\/dossiers\/recreation-terminee-voici-les-5-decisions-prises-par-etoudi-sur-la-detention-damougou-belinga\"]}]},{\"@type\":\"ImageObject\",\"inLanguage\":\"fr-FR\",\"@id\":\"https:\/\/www.africa-press.net\/cameroun\/dossiers\/recreation-terminee-voici-les-5-decisions-prises-par-etoudi-sur-la-detention-damougou-belinga#primaryimage\",\"url\":\"https:\/\/static.africa-press.net\/cameroun\/sites\/57\/2023\/03\/postQueueImg_1678458556.18.jpg\",\"contentUrl\":\"https:\/\/static.africa-press.net\/cameroun\/sites\/57\/2023\/03\/postQueueImg_1678458556.18.jpg\",\"width\":720,\"height\":385,\"caption\":\"R\u00e9cr\u00e9ation termin\u00e9e: voici les 5 d\u00e9cisions prises par Etoudi sur la d\u00e9tention d'Amougou Belinga\"},{\"@type\":\"BreadcrumbList\",\"@id\":\"https:\/\/www.africa-press.net\/cameroun\/dossiers\/recreation-terminee-voici-les-5-decisions-prises-par-etoudi-sur-la-detention-damougou-belinga#breadcrumb\",\"itemListElement\":[{\"@type\":\"ListItem\",\"position\":1,\"name\":\"Accueil\",\"item\":\"https:\/\/www.africa-press.net\/cameroun\/\"},{\"@type\":\"ListItem\",\"position\":2,\"name\":\"R\u00e9cr\u00e9ation termin\u00e9e: voici les 5 d\u00e9cisions prises par Etoudi sur la d\u00e9tention d&rsquo;Amougou Belinga\"}]},{\"@type\":\"WebSite\",\"@id\":\"https:\/\/www.africa-press.net\/cameroun\/#website\",\"url\":\"https:\/\/www.africa-press.net\/cameroun\/\",\"name\":\"Cameroun\",\"description\":\"Just another Africa News Agency Sites site\",\"potentialAction\":[{\"@type\":\"SearchAction\",\"target\":{\"@type\":\"EntryPoint\",\"urlTemplate\":\"https:\/\/www.africa-press.net\/cameroun\/?s={search_term_string}\"},\"query-input\":{\"@type\":\"PropertyValueSpecification\",\"valueRequired\":true,\"valueName\":\"search_term_string\"}}],\"inLanguage\":\"fr-FR\"},{\"@type\":\"Person\",\"@id\":\"https:\/\/www.africa-press.net\/cameroun\/#\/schema\/person\/2b1cf3cd81a31e3cd26889ca66d677f1\",\"name\":\"cfeditorfr\"}]}<\/script>\n<!-- \/ Yoast SEO Premium plugin. -->","yoast_head_json":{"title":"R\u00e9cr\u00e9ation termin\u00e9e: voici les 5 d\u00e9cisions prises par Etoudi sur la d\u00e9tention d'Amougou Belinga - Cameroun","description":"I y a 48 heures, le Commissaire du gouvernement et des dizaines de gendarmes et de policiers ont de\u0301barque\u0301 a\u0300 la prison ...","robots":{"index":"index","follow":"follow","max-snippet":"max-snippet:-1","max-image-preview":"max-image-preview:large","max-video-preview":"max-video-preview:-1"},"canonical":"https:\/\/www.africa-press.net\/cameroun\/dossiers\/recreation-terminee-voici-les-5-decisions-prises-par-etoudi-sur-la-detention-damougou-belinga","og_locale":"fr_FR","og_type":"article","og_title":"R\u00e9cr\u00e9ation termin\u00e9e: voici les 5 d\u00e9cisions prises par Etoudi sur la d\u00e9tention d'Amougou Belinga","og_description":"I y a 48 heures, le Commissaire du gouvernement et des dizaines de gendarmes et de policiers ont de\u0301barque\u0301 a\u0300 la prison ...","og_url":"https:\/\/www.africa-press.net\/cameroun\/dossiers\/recreation-terminee-voici-les-5-decisions-prises-par-etoudi-sur-la-detention-damougou-belinga","og_site_name":"Cameroun","article_published_time":"2023-03-10T17:59:03+00:00","article_modified_time":"2023-03-10T18:43:20+00:00","og_image":[{"width":720,"height":385,"url":"https:\/\/static.africa-press.net\/cameroun\/sites\/57\/2023\/03\/postQueueImg_1678458556.18.jpg","type":"image\/jpeg"}],"author":"cfeditorfr","twitter_card":"summary_large_image","twitter_misc":{"\u00c9crit par":"cfeditorfr","Dur\u00e9e de lecture estim\u00e9e":"1 minute"},"schema":{"@context":"https:\/\/schema.org","@graph":[{"@type":"Article","@id":"https:\/\/www.africa-press.net\/cameroun\/dossiers\/recreation-terminee-voici-les-5-decisions-prises-par-etoudi-sur-la-detention-damougou-belinga#article","isPartOf":{"@id":"https:\/\/www.africa-press.net\/cameroun\/dossiers\/recreation-terminee-voici-les-5-decisions-prises-par-etoudi-sur-la-detention-damougou-belinga"},"author":{"name":"cfeditorfr","@id":"https:\/\/www.africa-press.net\/cameroun\/#\/schema\/person\/2b1cf3cd81a31e3cd26889ca66d677f1"},"headline":"R\u00e9cr\u00e9ation termin\u00e9e: voici les 5 d\u00e9cisions prises par Etoudi sur la d\u00e9tention d&rsquo;Amougou Belinga","datePublished":"2023-03-10T17:59:03+00:00","dateModified":"2023-03-10T18:43:20+00:00","mainEntityOfPage":{"@id":"https:\/\/www.africa-press.net\/cameroun\/dossiers\/recreation-terminee-voici-les-5-decisions-prises-par-etoudi-sur-la-detention-damougou-belinga"},"wordCount":320,"commentCount":0,"image":{"@id":"https:\/\/www.africa-press.net\/cameroun\/dossiers\/recreation-terminee-voici-les-5-decisions-prises-par-etoudi-sur-la-detention-damougou-belinga#primaryimage"},"thumbnailUrl":"https:\/\/static.africa-press.net\/cameroun\/sites\/57\/2023\/03\/postQueueImg_1678458556.18.jpg","keywords":["Africa Press","Africa Press-Cameroun","Cameroun"],"articleSection":["Dossiers","Toutes les actualit\u00e9s"],"inLanguage":"fr-FR","potentialAction":[{"@type":"CommentAction","name":"Comment","target":["https:\/\/www.africa-press.net\/cameroun\/dossiers\/recreation-terminee-voici-les-5-decisions-prises-par-etoudi-sur-la-detention-damougou-belinga#respond"]}]},{"@type":"WebPage","@id":"https:\/\/www.africa-press.net\/cameroun\/dossiers\/recreation-terminee-voici-les-5-decisions-prises-par-etoudi-sur-la-detention-damougou-belinga","url":"https:\/\/www.africa-press.net\/cameroun\/dossiers\/recreation-terminee-voici-les-5-decisions-prises-par-etoudi-sur-la-detention-damougou-belinga","name":"R\u00e9cr\u00e9ation termin\u00e9e: voici les 5 d\u00e9cisions prises par Etoudi sur la d\u00e9tention d'Amougou Belinga - Cameroun","isPartOf":{"@id":"https:\/\/www.africa-press.net\/cameroun\/#website"},"primaryImageOfPage":{"@id":"https:\/\/www.africa-press.net\/cameroun\/dossiers\/recreation-terminee-voici-les-5-decisions-prises-par-etoudi-sur-la-detention-damougou-belinga#primaryimage"},"image":{"@id":"https:\/\/www.africa-press.net\/cameroun\/dossiers\/recreation-terminee-voici-les-5-decisions-prises-par-etoudi-sur-la-detention-damougou-belinga#primaryimage"},"thumbnailUrl":"https:\/\/static.africa-press.net\/cameroun\/sites\/57\/2023\/03\/postQueueImg_1678458556.18.jpg","datePublished":"2023-03-10T17:59:03+00:00","dateModified":"2023-03-10T18:43:20+00:00","author":{"@id":"https:\/\/www.africa-press.net\/cameroun\/#\/schema\/person\/2b1cf3cd81a31e3cd26889ca66d677f1"},"description":"I y a 48 heures, le Commissaire du gouvernement et des dizaines de gendarmes et de policiers ont de\u0301barque\u0301 a\u0300 la prison ...","breadcrumb":{"@id":"https:\/\/www.africa-press.net\/cameroun\/dossiers\/recreation-terminee-voici-les-5-decisions-prises-par-etoudi-sur-la-detention-damougou-belinga#breadcrumb"},"inLanguage":"fr-FR","potentialAction":[{"@type":"ReadAction","target":["https:\/\/www.africa-press.net\/cameroun\/dossiers\/recreation-terminee-voici-les-5-decisions-prises-par-etoudi-sur-la-detention-damougou-belinga"]}]},{"@type":"ImageObject","inLanguage":"fr-FR","@id":"https:\/\/www.africa-press.net\/cameroun\/dossiers\/recreation-terminee-voici-les-5-decisions-prises-par-etoudi-sur-la-detention-damougou-belinga#primaryimage","url":"https:\/\/static.africa-press.net\/cameroun\/sites\/57\/2023\/03\/postQueueImg_1678458556.18.jpg","contentUrl":"https:\/\/static.africa-press.net\/cameroun\/sites\/57\/2023\/03\/postQueueImg_1678458556.18.jpg","width":720,"height":385,"caption":"R\u00e9cr\u00e9ation termin\u00e9e: voici les 5 d\u00e9cisions prises par Etoudi sur la d\u00e9tention d'Amougou Belinga"},{"@type":"BreadcrumbList","@id":"https:\/\/www.africa-press.net\/cameroun\/dossiers\/recreation-terminee-voici-les-5-decisions-prises-par-etoudi-sur-la-detention-damougou-belinga#breadcrumb","itemListElement":[{"@type":"ListItem","position":1,"name":"Accueil","item":"https:\/\/www.africa-press.net\/cameroun\/"},{"@type":"ListItem","position":2,"name":"R\u00e9cr\u00e9ation termin\u00e9e: voici les 5 d\u00e9cisions prises par Etoudi sur la d\u00e9tention d&rsquo;Amougou Belinga"}]},{"@type":"WebSite","@id":"https:\/\/www.africa-press.net\/cameroun\/#website","url":"https:\/\/www.africa-press.net\/cameroun\/","name":"Cameroun","description":"Just another Africa News Agency Sites site","potentialAction":[{"@type":"SearchAction","target":{"@type":"EntryPoint","urlTemplate":"https:\/\/www.africa-press.net\/cameroun\/?s={search_term_string}"},"query-input":{"@type":"PropertyValueSpecification","valueRequired":true,"valueName":"search_term_string"}}],"inLanguage":"fr-FR"},{"@type":"Person","@id":"https:\/\/www.africa-press.net\/cameroun\/#\/schema\/person\/2b1cf3cd81a31e3cd26889ca66d677f1","name":"cfeditorfr"}]}},"_links":{"self":[{"href":"https:\/\/www.africa-press.net\/cameroun\/wp-json\/wp\/v2\/posts\/38942","targetHints":{"allow":["GET"]}}],"collection":[{"href":"https:\/\/www.africa-press.net\/cameroun\/wp-json\/wp\/v2\/posts"}],"about":[{"href":"https:\/\/www.africa-press.net\/cameroun\/wp-json\/wp\/v2\/types\/post"}],"author":[{"embeddable":true,"href":"https:\/\/www.africa-press.net\/cameroun\/wp-json\/wp\/v2\/users\/82"}],"replies":[{"embeddable":true,"href":"https:\/\/www.africa-press.net\/cameroun\/wp-json\/wp\/v2\/comments?post=38942"}],"version-history":[{"count":0,"href":"https:\/\/www.africa-press.net\/cameroun\/wp-json\/wp\/v2\/posts\/38942\/revisions"}],"wp:featuredmedia":[{"embeddable":true,"href":"https:\/\/www.africa-press.net\/cameroun\/wp-json\/wp\/v2\/media\/38941"}],"wp:attachment":[{"href":"https:\/\/www.africa-press.net\/cameroun\/wp-json\/wp\/v2\/media?parent=38942"}],"wp:term":[{"taxonomy":"category","embeddable":true,"href":"https:\/\/www.africa-press.net\/cameroun\/wp-json\/wp\/v2\/categories?post=38942"},{"taxonomy":"post_tag","embeddable":true,"href":"https:\/\/www.africa-press.net\/cameroun\/wp-json\/wp\/v2\/tags?post=38942"}],"curies":[{"name":"wp","href":"https:\/\/api.w.org\/{rel}","templated":true}]}}