{"id":38946,"date":"2023-03-10T17:59:36","date_gmt":"2023-03-10T17:59:36","guid":{"rendered":"https:\/\/www.africa-press.net\/cameroun\/politique\/ministre-de-la-justice-remy-ngono-donne-le-nom-du-remplacant-de-laurent-esso"},"modified":"2023-03-10T18:44:19","modified_gmt":"2023-03-10T18:44:19","slug":"ministre-de-la-justice-remy-ngono-donne-le-nom-du-remplacant-de-laurent-esso","status":"publish","type":"post","link":"https:\/\/www.africa-press.net\/cameroun\/politique\/ministre-de-la-justice-remy-ngono-donne-le-nom-du-remplacant-de-laurent-esso","title":{"rendered":"Ministre de la Justice : R\u00e9my Ngono donne le nom du rempla\u00e7ant de Laurent Esso"},"content":{"rendered":"<p><span style=\"color: #ff6600\"><strong>Africa-Press &#8211; Cameroun. <\/strong><\/span>Le ministre de la Justice, Garde des sceaux Laurent Esso est cite\u0301 dans la rocambolesque affaire de l&rsquo;assassinat du journaliste Martinez Zogo. Le membre du gouvernement est conside\u0301re\u0301 par tous comme un homme a\u0300 auditionner pour lui soutirer des informations relatives a\u0300 ce meurtre qui provoque de l&rsquo;e\u0301moi. Pour l&rsquo;instant, Laurent Esso le collaborateur de Paul Biya n&rsquo;a me\u0302me pas e\u0301te\u0301 de\u0301range\u0301 par les enque\u0302teurs et tout indique qu&rsquo;il ne le sera pas.<\/p>\n<p>Mais il pourrait laisser sa place a\u0300 une autre personne parce que les accusations porte\u0301es contre lui sont tre\u0300s sordides. Le lieutenant-colonel Justin Danwe qui a dirige\u0301 avec son commando l&rsquo;ope\u0301ration de filature, de kidnapping et de torture pousse\u0301e de Martinez Zogo, s&rsquo;est mis a\u0300 table avant d&rsquo;e\u0302tre envoye\u0301 a\u0300 la prison militaire.<\/p>\n<p>Selon les informations qui nous sont parvenues, Justin Danwe aurait avoue\u0301 au Secre\u0301tariat d&rsquo;E\u0301tat a\u0300 la de\u0301fense (SED) que c&rsquo;est le ministre Laurent Esso qui a dit a\u0300 l&rsquo;homme d&rsquo;affaires Jean-Pierre Amougou Belinga de \u00ab finir le travail \u00bb. Le travail e\u0301tant l&rsquo;e\u0301limination physique du directeur de radio Martinez Zogo. En ce moment, Justin et les e\u0301le\u0301ments de la DGRE qui formaient le commando assassin e\u0301taient avec la victime et le milliardaire Jean-Pierre Amougou Belinga.<\/p>\n<p>Apre\u0300s le coup de fil entre Laurent Esso et le PDG de Vision 4, ils se seraient passe\u0301s a\u0300 l&rsquo;action au sous-sol d&rsquo;un immeuble en construction. Les enque\u0302tes ont permis d&rsquo;inculper Jean-Pierre Amougou Belinga a\u0300 qui on reproche sa \u00ab complicite\u0301 de torture par aide \u00bb. Contre le patron de la Direction ge\u0301ne\u0301rale de la recherche exte\u0301rieure (DGRE), on retient les chefs d&rsquo;accusation de \u00ab filature \u00bb, \u00ab enle\u0300vement \u00bb et \u00ab torture \u00bb.<\/p>\n<p>Ce sont les me\u0302mes faits qui sont retenus contre Justin Danwe et ses hommes. Pour Laurent Esso, il faut une autorisation spe\u0301ciale du pre\u0301sident de la Re\u0301publique Paul Biya pour l&rsquo;entendre dans cette affaire. Et ce n&rsquo;est pas gagne\u0301. Un ministre reconnu coupable de complicite\u0301 de meurtre, cela pourrait plonger le gouvernement dans le chaos. Et en l&rsquo;e\u0301tat actuel des choses, Etoudi ne voudrait pas arriver la\u0300.<\/p>\n<p>Cependant, le remaniement ministe\u0301riel qui est annonce\u0301 depuis un moment maintenant pourrait bien e\u0302tre l&rsquo;e\u0301ve\u0300nement qui emporterait le ministre d&rsquo;E\u0301tat Laurent Esso. L&rsquo;homme qui a longtemps e\u0301te\u0301 dans les petits papiers de Paul Biya pourrait e\u0302tre saute\u0301 pour l&rsquo;ensemble de ses \u0153uvres, lui qui continue toujours de faire des faveurs a\u0300 Jean-Pierre Amougou Belinga en prison.<\/p>\n<p>Nous avons appris qu&rsquo;a\u0300 Kondengui, le zomloa des zomloa a droit a\u0300 des traitements de faveur de toute sorte. Par exemple, il a demande\u0301 a\u0300 ce que sa cellule soit re\u0301nove\u0301e avec des mate\u0301riels beaucoup plus confortables. On les lui a donne\u0301s, contrairement aux autres de\u0301tenus qui sont vraiment coince\u0301s entre quatre murs.<\/p>\n<p>Le remplac\u0327ant de Laurent Esso pourrait e\u0302tre celui qui n&rsquo;est plus a\u0300 pre\u0301senter : Jean de Dieu Momo aka Fo&rsquo;o Dzakeutonpoug. Il est actuellement le ministre de\u0301le\u0301gue\u0301 aupre\u0300s du ministre de la Justice, Garde des sceaux. Ce n&rsquo;est pas la premie\u0300re fois que son nom revient, il est une piste tre\u0300s se\u0301rieuse.<\/p>\n<p>Re\u0301my Ngono ne dira pas le contraire : \u00ab\u00a0Jean de Dieu Momo est pre\u0302t pour entrer en jeu en remplacement du titulaire du ministe\u0300re de la Justice Laurent Esso, actuellement sur le banc des accuse\u0301s de l&rsquo;assassinat de Martinez Zogo\u00a0\u00bb, e\u0301crit-il sur les re\u0301seaux sociaux.<\/p>\n<p>Jean de Dieu Momo a l&rsquo;expe\u0301rience ne\u0301cessaire pour assurer cette fonction selon plusieurs observateurs. On lui reconnai\u0302t des qualite\u0301s comme la franchise et la durete\u0301 lorsqu&rsquo;il s&rsquo;agit d&rsquo;appliquer la loi. Mais pour l&rsquo;instant, sa nomination n&rsquo;est qu&rsquo;une projection. Laurent Esso est toujours bien en place.<\/p>\n<p><strong>Pour plus d&rsquo;informations et d&rsquo;analyses sur la <a href=\"https:\/\/www.africa-press.net\/cameroun\">Cameroun<\/a>, suivez <a href=\"https:\/\/www.africa-press.net\/\">Africa-Press<\/a><\/strong><\/p>\n","protected":false},"excerpt":{"rendered":"<p>Africa-Press &#8211; Cameroun. Le ministre de la Justice, Garde des sceaux Laurent Esso est cite\u0301 dans la rocambolesque affaire de l&rsquo;assassinat du journaliste Martinez Zogo. Le membre du gouvernement est conside\u0301re\u0301 par tous comme un homme a\u0300 auditionner pour lui soutirer des informations relatives a\u0300 ce meurtre qui provoque de l&rsquo;e\u0301moi. Pour l&rsquo;instant, Laurent Esso [&hellip;]<\/p>\n","protected":false},"author":82,"featured_media":38944,"comment_status":"open","ping_status":"closed","sticky":false,"template":"","format":"standard","meta":{"footnotes":""},"categories":[2,10],"tags":[36,50,49],"class_list":["post-38946","post","type-post","status-publish","format-standard","has-post-thumbnail","hentry","category-politique","category-toutes-les-actualites","tag-africa-press","tag-africa-press-cameroun","tag-cameroun"],"yoast_head":"<!-- This site is optimized with the Yoast SEO Premium plugin v26.1 (Yoast SEO v27.0) - https:\/\/yoast.com\/product\/yoast-seo-premium-wordpress\/ -->\n<title>Ministre de la Justice : R\u00e9my Ngono donne le nom du rempla\u00e7ant de Laurent Esso - Cameroun<\/title>\n<meta name=\"description\" content=\"Le ministre de la Justice, Garde des sceaux Laurent Esso est cite\u0301 dans la rocambolesque affaire de l&#039;assassinat du jour ...\" \/>\n<meta name=\"robots\" content=\"index, follow, max-snippet:-1, max-image-preview:large, max-video-preview:-1\" \/>\n<link rel=\"canonical\" href=\"https:\/\/www.africa-press.net\/cameroun\/politique\/ministre-de-la-justice-remy-ngono-donne-le-nom-du-remplacant-de-laurent-esso\" \/>\n<meta property=\"og:locale\" content=\"fr_FR\" \/>\n<meta property=\"og:type\" content=\"article\" \/>\n<meta property=\"og:title\" content=\"Ministre de la Justice : R\u00e9my Ngono donne le nom du rempla\u00e7ant de Laurent Esso\" \/>\n<meta property=\"og:description\" content=\"Le ministre de la Justice, Garde des sceaux Laurent Esso est cite\u0301 dans la rocambolesque affaire de l&#039;assassinat du jour ...\" \/>\n<meta property=\"og:url\" content=\"https:\/\/www.africa-press.net\/cameroun\/politique\/ministre-de-la-justice-remy-ngono-donne-le-nom-du-remplacant-de-laurent-esso\" \/>\n<meta property=\"og:site_name\" content=\"Cameroun\" \/>\n<meta property=\"article:published_time\" content=\"2023-03-10T17:59:36+00:00\" \/>\n<meta property=\"article:modified_time\" content=\"2023-03-10T18:44:19+00:00\" \/>\n<meta property=\"og:image\" content=\"https:\/\/static.africa-press.net\/cameroun\/sites\/57\/2023\/03\/postQueueImg_1678458581.35.jpg\" \/>\n\t<meta property=\"og:image:width\" content=\"720\" \/>\n\t<meta property=\"og:image:height\" content=\"444\" \/>\n\t<meta property=\"og:image:type\" content=\"image\/jpeg\" \/>\n<meta name=\"author\" content=\"cfeditorfr\" \/>\n<meta name=\"twitter:card\" content=\"summary_large_image\" \/>\n<meta name=\"twitter:label1\" content=\"\u00c9crit par\" \/>\n\t<meta name=\"twitter:data1\" content=\"cfeditorfr\" \/>\n\t<meta name=\"twitter:label2\" content=\"Dur\u00e9e de lecture estim\u00e9e\" \/>\n\t<meta name=\"twitter:data2\" content=\"3 minutes\" \/>\n<script type=\"application\/ld+json\" class=\"yoast-schema-graph\">{\"@context\":\"https:\/\/schema.org\",\"@graph\":[{\"@type\":\"Article\",\"@id\":\"https:\/\/www.africa-press.net\/cameroun\/politique\/ministre-de-la-justice-remy-ngono-donne-le-nom-du-remplacant-de-laurent-esso#article\",\"isPartOf\":{\"@id\":\"https:\/\/www.africa-press.net\/cameroun\/politique\/ministre-de-la-justice-remy-ngono-donne-le-nom-du-remplacant-de-laurent-esso\"},\"author\":{\"name\":\"cfeditorfr\",\"@id\":\"https:\/\/www.africa-press.net\/cameroun\/#\/schema\/person\/2b1cf3cd81a31e3cd26889ca66d677f1\"},\"headline\":\"Ministre de la Justice : R\u00e9my Ngono donne le nom du rempla\u00e7ant de Laurent Esso\",\"datePublished\":\"2023-03-10T17:59:36+00:00\",\"dateModified\":\"2023-03-10T18:44:19+00:00\",\"mainEntityOfPage\":{\"@id\":\"https:\/\/www.africa-press.net\/cameroun\/politique\/ministre-de-la-justice-remy-ngono-donne-le-nom-du-remplacant-de-laurent-esso\"},\"wordCount\":710,\"commentCount\":0,\"image\":{\"@id\":\"https:\/\/www.africa-press.net\/cameroun\/politique\/ministre-de-la-justice-remy-ngono-donne-le-nom-du-remplacant-de-laurent-esso#primaryimage\"},\"thumbnailUrl\":\"https:\/\/static.africa-press.net\/cameroun\/sites\/57\/2023\/03\/postQueueImg_1678458581.35.jpg\",\"keywords\":[\"Africa Press\",\"Africa Press-Cameroun\",\"Cameroun\"],\"articleSection\":[\"Politique\",\"Toutes les actualit\u00e9s\"],\"inLanguage\":\"fr-FR\",\"potentialAction\":[{\"@type\":\"CommentAction\",\"name\":\"Comment\",\"target\":[\"https:\/\/www.africa-press.net\/cameroun\/politique\/ministre-de-la-justice-remy-ngono-donne-le-nom-du-remplacant-de-laurent-esso#respond\"]}]},{\"@type\":\"WebPage\",\"@id\":\"https:\/\/www.africa-press.net\/cameroun\/politique\/ministre-de-la-justice-remy-ngono-donne-le-nom-du-remplacant-de-laurent-esso\",\"url\":\"https:\/\/www.africa-press.net\/cameroun\/politique\/ministre-de-la-justice-remy-ngono-donne-le-nom-du-remplacant-de-laurent-esso\",\"name\":\"Ministre de la Justice : R\u00e9my Ngono donne le nom du rempla\u00e7ant de Laurent Esso - Cameroun\",\"isPartOf\":{\"@id\":\"https:\/\/www.africa-press.net\/cameroun\/#website\"},\"primaryImageOfPage\":{\"@id\":\"https:\/\/www.africa-press.net\/cameroun\/politique\/ministre-de-la-justice-remy-ngono-donne-le-nom-du-remplacant-de-laurent-esso#primaryimage\"},\"image\":{\"@id\":\"https:\/\/www.africa-press.net\/cameroun\/politique\/ministre-de-la-justice-remy-ngono-donne-le-nom-du-remplacant-de-laurent-esso#primaryimage\"},\"thumbnailUrl\":\"https:\/\/static.africa-press.net\/cameroun\/sites\/57\/2023\/03\/postQueueImg_1678458581.35.jpg\",\"datePublished\":\"2023-03-10T17:59:36+00:00\",\"dateModified\":\"2023-03-10T18:44:19+00:00\",\"author\":{\"@id\":\"https:\/\/www.africa-press.net\/cameroun\/#\/schema\/person\/2b1cf3cd81a31e3cd26889ca66d677f1\"},\"description\":\"Le ministre de la Justice, Garde des sceaux Laurent Esso est cite\u0301 dans la rocambolesque affaire de l'assassinat du jour ...\",\"breadcrumb\":{\"@id\":\"https:\/\/www.africa-press.net\/cameroun\/politique\/ministre-de-la-justice-remy-ngono-donne-le-nom-du-remplacant-de-laurent-esso#breadcrumb\"},\"inLanguage\":\"fr-FR\",\"potentialAction\":[{\"@type\":\"ReadAction\",\"target\":[\"https:\/\/www.africa-press.net\/cameroun\/politique\/ministre-de-la-justice-remy-ngono-donne-le-nom-du-remplacant-de-laurent-esso\"]}]},{\"@type\":\"ImageObject\",\"inLanguage\":\"fr-FR\",\"@id\":\"https:\/\/www.africa-press.net\/cameroun\/politique\/ministre-de-la-justice-remy-ngono-donne-le-nom-du-remplacant-de-laurent-esso#primaryimage\",\"url\":\"https:\/\/static.africa-press.net\/cameroun\/sites\/57\/2023\/03\/postQueueImg_1678458581.35.jpg\",\"contentUrl\":\"https:\/\/static.africa-press.net\/cameroun\/sites\/57\/2023\/03\/postQueueImg_1678458581.35.jpg\",\"width\":720,\"height\":444,\"caption\":\"Ministre de la Justice : R\u00e9my Ngono donne le nom du rempla\u00e7ant de Laurent Esso\"},{\"@type\":\"BreadcrumbList\",\"@id\":\"https:\/\/www.africa-press.net\/cameroun\/politique\/ministre-de-la-justice-remy-ngono-donne-le-nom-du-remplacant-de-laurent-esso#breadcrumb\",\"itemListElement\":[{\"@type\":\"ListItem\",\"position\":1,\"name\":\"Accueil\",\"item\":\"https:\/\/www.africa-press.net\/cameroun\/\"},{\"@type\":\"ListItem\",\"position\":2,\"name\":\"Ministre de la Justice : R\u00e9my Ngono donne le nom du rempla\u00e7ant de Laurent Esso\"}]},{\"@type\":\"WebSite\",\"@id\":\"https:\/\/www.africa-press.net\/cameroun\/#website\",\"url\":\"https:\/\/www.africa-press.net\/cameroun\/\",\"name\":\"Cameroun\",\"description\":\"Just another Africa News Agency Sites site\",\"potentialAction\":[{\"@type\":\"SearchAction\",\"target\":{\"@type\":\"EntryPoint\",\"urlTemplate\":\"https:\/\/www.africa-press.net\/cameroun\/?s={search_term_string}\"},\"query-input\":{\"@type\":\"PropertyValueSpecification\",\"valueRequired\":true,\"valueName\":\"search_term_string\"}}],\"inLanguage\":\"fr-FR\"},{\"@type\":\"Person\",\"@id\":\"https:\/\/www.africa-press.net\/cameroun\/#\/schema\/person\/2b1cf3cd81a31e3cd26889ca66d677f1\",\"name\":\"cfeditorfr\"}]}<\/script>\n<!-- \/ Yoast SEO Premium plugin. -->","yoast_head_json":{"title":"Ministre de la Justice : R\u00e9my Ngono donne le nom du rempla\u00e7ant de Laurent Esso - Cameroun","description":"Le ministre de la Justice, Garde des sceaux Laurent Esso est cite\u0301 dans la rocambolesque affaire de l'assassinat du jour ...","robots":{"index":"index","follow":"follow","max-snippet":"max-snippet:-1","max-image-preview":"max-image-preview:large","max-video-preview":"max-video-preview:-1"},"canonical":"https:\/\/www.africa-press.net\/cameroun\/politique\/ministre-de-la-justice-remy-ngono-donne-le-nom-du-remplacant-de-laurent-esso","og_locale":"fr_FR","og_type":"article","og_title":"Ministre de la Justice : R\u00e9my Ngono donne le nom du rempla\u00e7ant de Laurent Esso","og_description":"Le ministre de la Justice, Garde des sceaux Laurent Esso est cite\u0301 dans la rocambolesque affaire de l'assassinat du jour ...","og_url":"https:\/\/www.africa-press.net\/cameroun\/politique\/ministre-de-la-justice-remy-ngono-donne-le-nom-du-remplacant-de-laurent-esso","og_site_name":"Cameroun","article_published_time":"2023-03-10T17:59:36+00:00","article_modified_time":"2023-03-10T18:44:19+00:00","og_image":[{"width":720,"height":444,"url":"https:\/\/static.africa-press.net\/cameroun\/sites\/57\/2023\/03\/postQueueImg_1678458581.35.jpg","type":"image\/jpeg"}],"author":"cfeditorfr","twitter_card":"summary_large_image","twitter_misc":{"\u00c9crit par":"cfeditorfr","Dur\u00e9e de lecture estim\u00e9e":"3 minutes"},"schema":{"@context":"https:\/\/schema.org","@graph":[{"@type":"Article","@id":"https:\/\/www.africa-press.net\/cameroun\/politique\/ministre-de-la-justice-remy-ngono-donne-le-nom-du-remplacant-de-laurent-esso#article","isPartOf":{"@id":"https:\/\/www.africa-press.net\/cameroun\/politique\/ministre-de-la-justice-remy-ngono-donne-le-nom-du-remplacant-de-laurent-esso"},"author":{"name":"cfeditorfr","@id":"https:\/\/www.africa-press.net\/cameroun\/#\/schema\/person\/2b1cf3cd81a31e3cd26889ca66d677f1"},"headline":"Ministre de la Justice : R\u00e9my Ngono donne le nom du rempla\u00e7ant de Laurent Esso","datePublished":"2023-03-10T17:59:36+00:00","dateModified":"2023-03-10T18:44:19+00:00","mainEntityOfPage":{"@id":"https:\/\/www.africa-press.net\/cameroun\/politique\/ministre-de-la-justice-remy-ngono-donne-le-nom-du-remplacant-de-laurent-esso"},"wordCount":710,"commentCount":0,"image":{"@id":"https:\/\/www.africa-press.net\/cameroun\/politique\/ministre-de-la-justice-remy-ngono-donne-le-nom-du-remplacant-de-laurent-esso#primaryimage"},"thumbnailUrl":"https:\/\/static.africa-press.net\/cameroun\/sites\/57\/2023\/03\/postQueueImg_1678458581.35.jpg","keywords":["Africa Press","Africa Press-Cameroun","Cameroun"],"articleSection":["Politique","Toutes les actualit\u00e9s"],"inLanguage":"fr-FR","potentialAction":[{"@type":"CommentAction","name":"Comment","target":["https:\/\/www.africa-press.net\/cameroun\/politique\/ministre-de-la-justice-remy-ngono-donne-le-nom-du-remplacant-de-laurent-esso#respond"]}]},{"@type":"WebPage","@id":"https:\/\/www.africa-press.net\/cameroun\/politique\/ministre-de-la-justice-remy-ngono-donne-le-nom-du-remplacant-de-laurent-esso","url":"https:\/\/www.africa-press.net\/cameroun\/politique\/ministre-de-la-justice-remy-ngono-donne-le-nom-du-remplacant-de-laurent-esso","name":"Ministre de la Justice : R\u00e9my Ngono donne le nom du rempla\u00e7ant de Laurent Esso - Cameroun","isPartOf":{"@id":"https:\/\/www.africa-press.net\/cameroun\/#website"},"primaryImageOfPage":{"@id":"https:\/\/www.africa-press.net\/cameroun\/politique\/ministre-de-la-justice-remy-ngono-donne-le-nom-du-remplacant-de-laurent-esso#primaryimage"},"image":{"@id":"https:\/\/www.africa-press.net\/cameroun\/politique\/ministre-de-la-justice-remy-ngono-donne-le-nom-du-remplacant-de-laurent-esso#primaryimage"},"thumbnailUrl":"https:\/\/static.africa-press.net\/cameroun\/sites\/57\/2023\/03\/postQueueImg_1678458581.35.jpg","datePublished":"2023-03-10T17:59:36+00:00","dateModified":"2023-03-10T18:44:19+00:00","author":{"@id":"https:\/\/www.africa-press.net\/cameroun\/#\/schema\/person\/2b1cf3cd81a31e3cd26889ca66d677f1"},"description":"Le ministre de la Justice, Garde des sceaux Laurent Esso est cite\u0301 dans la rocambolesque affaire de l'assassinat du jour ...","breadcrumb":{"@id":"https:\/\/www.africa-press.net\/cameroun\/politique\/ministre-de-la-justice-remy-ngono-donne-le-nom-du-remplacant-de-laurent-esso#breadcrumb"},"inLanguage":"fr-FR","potentialAction":[{"@type":"ReadAction","target":["https:\/\/www.africa-press.net\/cameroun\/politique\/ministre-de-la-justice-remy-ngono-donne-le-nom-du-remplacant-de-laurent-esso"]}]},{"@type":"ImageObject","inLanguage":"fr-FR","@id":"https:\/\/www.africa-press.net\/cameroun\/politique\/ministre-de-la-justice-remy-ngono-donne-le-nom-du-remplacant-de-laurent-esso#primaryimage","url":"https:\/\/static.africa-press.net\/cameroun\/sites\/57\/2023\/03\/postQueueImg_1678458581.35.jpg","contentUrl":"https:\/\/static.africa-press.net\/cameroun\/sites\/57\/2023\/03\/postQueueImg_1678458581.35.jpg","width":720,"height":444,"caption":"Ministre de la Justice : R\u00e9my Ngono donne le nom du rempla\u00e7ant de Laurent Esso"},{"@type":"BreadcrumbList","@id":"https:\/\/www.africa-press.net\/cameroun\/politique\/ministre-de-la-justice-remy-ngono-donne-le-nom-du-remplacant-de-laurent-esso#breadcrumb","itemListElement":[{"@type":"ListItem","position":1,"name":"Accueil","item":"https:\/\/www.africa-press.net\/cameroun\/"},{"@type":"ListItem","position":2,"name":"Ministre de la Justice : R\u00e9my Ngono donne le nom du rempla\u00e7ant de Laurent Esso"}]},{"@type":"WebSite","@id":"https:\/\/www.africa-press.net\/cameroun\/#website","url":"https:\/\/www.africa-press.net\/cameroun\/","name":"Cameroun","description":"Just another Africa News Agency Sites site","potentialAction":[{"@type":"SearchAction","target":{"@type":"EntryPoint","urlTemplate":"https:\/\/www.africa-press.net\/cameroun\/?s={search_term_string}"},"query-input":{"@type":"PropertyValueSpecification","valueRequired":true,"valueName":"search_term_string"}}],"inLanguage":"fr-FR"},{"@type":"Person","@id":"https:\/\/www.africa-press.net\/cameroun\/#\/schema\/person\/2b1cf3cd81a31e3cd26889ca66d677f1","name":"cfeditorfr"}]}},"_links":{"self":[{"href":"https:\/\/www.africa-press.net\/cameroun\/wp-json\/wp\/v2\/posts\/38946","targetHints":{"allow":["GET"]}}],"collection":[{"href":"https:\/\/www.africa-press.net\/cameroun\/wp-json\/wp\/v2\/posts"}],"about":[{"href":"https:\/\/www.africa-press.net\/cameroun\/wp-json\/wp\/v2\/types\/post"}],"author":[{"embeddable":true,"href":"https:\/\/www.africa-press.net\/cameroun\/wp-json\/wp\/v2\/users\/82"}],"replies":[{"embeddable":true,"href":"https:\/\/www.africa-press.net\/cameroun\/wp-json\/wp\/v2\/comments?post=38946"}],"version-history":[{"count":0,"href":"https:\/\/www.africa-press.net\/cameroun\/wp-json\/wp\/v2\/posts\/38946\/revisions"}],"wp:featuredmedia":[{"embeddable":true,"href":"https:\/\/www.africa-press.net\/cameroun\/wp-json\/wp\/v2\/media\/38944"}],"wp:attachment":[{"href":"https:\/\/www.africa-press.net\/cameroun\/wp-json\/wp\/v2\/media?parent=38946"}],"wp:term":[{"taxonomy":"category","embeddable":true,"href":"https:\/\/www.africa-press.net\/cameroun\/wp-json\/wp\/v2\/categories?post=38946"},{"taxonomy":"post_tag","embeddable":true,"href":"https:\/\/www.africa-press.net\/cameroun\/wp-json\/wp\/v2\/tags?post=38946"}],"curies":[{"name":"wp","href":"https:\/\/api.w.org\/{rel}","templated":true}]}}