{"id":38949,"date":"2023-03-10T17:59:43","date_gmt":"2023-03-10T17:59:43","guid":{"rendered":"https:\/\/www.africa-press.net\/cameroun\/politique\/election-de-graves-accusation-portees-contre-le-rdpc"},"modified":"2023-03-10T18:45:20","modified_gmt":"2023-03-10T18:45:20","slug":"election-de-graves-accusation-portees-contre-le-rdpc","status":"publish","type":"post","link":"https:\/\/www.africa-press.net\/cameroun\/politique\/election-de-graves-accusation-portees-contre-le-rdpc","title":{"rendered":"Election : de graves accusation port\u00e9es contre le RDPC"},"content":{"rendered":"<p><span style=\"color: #ff6600\"><strong>Africa-Press &#8211; Cameroun. <\/strong><\/span>Ce 12 mars, les e\u0301lecteurs sont appele\u0301s a\u0300 de\u0301partager les candidats en lice pour les e\u0301lections se\u0301natoriales au Cameroun. Mais a\u0300 quelques heures du scrutin, l\u2019on signale de\u0301ja\u0300 des tentatives de fraude attribue\u0301es au Rassemblement de\u0301mocratique du peuple camerounais (RDPC). C\u2019est ce que de\u0301nonce le Front des de\u0301mocrates camerounais (FDC) de Denis Emilien Atangana.<\/p>\n<p>\u00ab Il nous revient de source digne de foi que le RDPC s\u2019appre\u0302te a\u0300 organiser les charters de conseillers municipaux et re\u0301gionaux en vue de les transporter ce dimanche 12 mars 2023 pour qu\u2019ils accomplissent leur devoir e\u0301lectoral en vue de l\u2019e\u0301lection des futurs se\u0301nateurs de la Re\u0301publique. C\u2019est de la fraude e\u0301lectorale pure et simple ! \u00bb, a de\u0301clare\u0301 le pre\u0301sident du Front des de\u0301mocrates camerounais (FDC), Denis Emilien Atangana , ce 9 mars a\u0300 Yaounde\u0301 face a\u0300 la presse.<\/p>\n<p>Il indique que \u00ab cette man\u0153uvre subtile et sibylline constitue clairement une poursuite de la campagne e\u0301lectorale interdite le jour du vote de par l\u2019Article 87 du Code e\u0301lectoral qui dispose que \u00ab la campagne e\u0301lectorale est ouverte a\u0300 partir du quinzie\u0300me jour pre\u0301ce\u0301dant le scrutin. Elle prend fin la veille du scrutin a\u0300 minuit. \u00bb Est-il franchement besoin de transporter les conseillers municipaux et re\u0301gionaux comme des pauvres e\u0301lecteurs \u00ab fauche\u0301s \u00bb pour aller accomplir leur devoir e\u0301lectoral dans leur propre circonscription politique qui est de la taille d\u2019un simple de\u0301partement ? S\u2019interroge Denis Emilien Atangana, qui ne comprend pas a\u0300 quoi sert la somme de 50 000 F officiellement alloue\u0301e a\u0300 chaque e\u0301lecteur pour les commodite\u0301s de participation a\u0300 ce vote, relate le confre\u0300re Actu Cameroun.<\/p>\n<p>\u00ab C\u2019est qu\u2019ils sont simplement indignes de leur statut et fonction de conseillers municipaux et re\u0301gionaux. Le conseiller municipal de la commune de Monatele dans le de\u0301partement de la Lekie (Centre) pense que cette pratique apparemment anodine vise clairement a\u0300 rendre les e\u0301lecteurs redevables au RDPC de ce \u00ab service de transport gratuit et groupe\u0301 \u00bb le jour du scrutin\u2019, a-t-il de\u0301nonce\u0301.<\/p>\n<p><strong>Pour plus d&rsquo;informations et d&rsquo;analyses sur la <a href=\"https:\/\/www.africa-press.net\/cameroun\">Cameroun<\/a>, suivez <a href=\"https:\/\/www.africa-press.net\/\">Africa-Press<\/a><\/strong><\/p>\n","protected":false},"excerpt":{"rendered":"<p>Africa-Press &#8211; Cameroun. Ce 12 mars, les e\u0301lecteurs sont appele\u0301s a\u0300 de\u0301partager les candidats en lice pour les e\u0301lections se\u0301natoriales au Cameroun. Mais a\u0300 quelques heures du scrutin, l\u2019on signale de\u0301ja\u0300 des tentatives de fraude attribue\u0301es au Rassemblement de\u0301mocratique du peuple camerounais (RDPC). C\u2019est ce que de\u0301nonce le Front des de\u0301mocrates camerounais (FDC) de Denis [&hellip;]<\/p>\n","protected":false},"author":82,"featured_media":38947,"comment_status":"open","ping_status":"closed","sticky":false,"template":"","format":"standard","meta":{"footnotes":""},"categories":[2,10],"tags":[36,50,49],"class_list":["post-38949","post","type-post","status-publish","format-standard","has-post-thumbnail","hentry","category-politique","category-toutes-les-actualites","tag-africa-press","tag-africa-press-cameroun","tag-cameroun"],"yoast_head":"<!-- This site is optimized with the Yoast SEO Premium plugin v26.1 (Yoast SEO v27.0) - https:\/\/yoast.com\/product\/yoast-seo-premium-wordpress\/ -->\n<title>Election : de graves accusation port\u00e9es contre le RDPC - Cameroun<\/title>\n<meta name=\"description\" content=\"Ce 12 mars, les e\u0301lecteurs sont appele\u0301s a\u0300 de\u0301partager les candidats en lice pour les e\u0301lections se\u0301natoriales au Camer ...\" \/>\n<meta name=\"robots\" content=\"index, follow, max-snippet:-1, max-image-preview:large, max-video-preview:-1\" \/>\n<link rel=\"canonical\" href=\"https:\/\/www.africa-press.net\/cameroun\/politique\/election-de-graves-accusation-portees-contre-le-rdpc\" \/>\n<meta property=\"og:locale\" content=\"fr_FR\" \/>\n<meta property=\"og:type\" content=\"article\" \/>\n<meta property=\"og:title\" content=\"Election : de graves accusation port\u00e9es contre le RDPC\" \/>\n<meta property=\"og:description\" content=\"Ce 12 mars, les e\u0301lecteurs sont appele\u0301s a\u0300 de\u0301partager les candidats en lice pour les e\u0301lections se\u0301natoriales au Camer ...\" \/>\n<meta property=\"og:url\" content=\"https:\/\/www.africa-press.net\/cameroun\/politique\/election-de-graves-accusation-portees-contre-le-rdpc\" \/>\n<meta property=\"og:site_name\" content=\"Cameroun\" \/>\n<meta property=\"article:published_time\" content=\"2023-03-10T17:59:43+00:00\" \/>\n<meta property=\"article:modified_time\" content=\"2023-03-10T18:45:20+00:00\" \/>\n<meta property=\"og:image\" content=\"https:\/\/static.africa-press.net\/cameroun\/sites\/57\/2023\/03\/postQueueImg_1678458587.68.jpg\" \/>\n\t<meta property=\"og:image:width\" content=\"720\" \/>\n\t<meta property=\"og:image:height\" content=\"480\" \/>\n\t<meta property=\"og:image:type\" content=\"image\/jpeg\" \/>\n<meta name=\"author\" content=\"cfeditorfr\" \/>\n<meta name=\"twitter:card\" content=\"summary_large_image\" \/>\n<meta name=\"twitter:label1\" content=\"\u00c9crit par\" \/>\n\t<meta name=\"twitter:data1\" content=\"cfeditorfr\" \/>\n\t<meta name=\"twitter:label2\" content=\"Dur\u00e9e de lecture estim\u00e9e\" \/>\n\t<meta name=\"twitter:data2\" content=\"2 minutes\" \/>\n<script type=\"application\/ld+json\" class=\"yoast-schema-graph\">{\"@context\":\"https:\/\/schema.org\",\"@graph\":[{\"@type\":\"Article\",\"@id\":\"https:\/\/www.africa-press.net\/cameroun\/politique\/election-de-graves-accusation-portees-contre-le-rdpc#article\",\"isPartOf\":{\"@id\":\"https:\/\/www.africa-press.net\/cameroun\/politique\/election-de-graves-accusation-portees-contre-le-rdpc\"},\"author\":{\"name\":\"cfeditorfr\",\"@id\":\"https:\/\/www.africa-press.net\/cameroun\/#\/schema\/person\/2b1cf3cd81a31e3cd26889ca66d677f1\"},\"headline\":\"Election : de graves accusation port\u00e9es contre le RDPC\",\"datePublished\":\"2023-03-10T17:59:43+00:00\",\"dateModified\":\"2023-03-10T18:45:20+00:00\",\"mainEntityOfPage\":{\"@id\":\"https:\/\/www.africa-press.net\/cameroun\/politique\/election-de-graves-accusation-portees-contre-le-rdpc\"},\"wordCount\":380,\"commentCount\":0,\"image\":{\"@id\":\"https:\/\/www.africa-press.net\/cameroun\/politique\/election-de-graves-accusation-portees-contre-le-rdpc#primaryimage\"},\"thumbnailUrl\":\"https:\/\/static.africa-press.net\/cameroun\/sites\/57\/2023\/03\/postQueueImg_1678458587.68.jpg\",\"keywords\":[\"Africa Press\",\"Africa Press-Cameroun\",\"Cameroun\"],\"articleSection\":[\"Politique\",\"Toutes les actualit\u00e9s\"],\"inLanguage\":\"fr-FR\",\"potentialAction\":[{\"@type\":\"CommentAction\",\"name\":\"Comment\",\"target\":[\"https:\/\/www.africa-press.net\/cameroun\/politique\/election-de-graves-accusation-portees-contre-le-rdpc#respond\"]}]},{\"@type\":\"WebPage\",\"@id\":\"https:\/\/www.africa-press.net\/cameroun\/politique\/election-de-graves-accusation-portees-contre-le-rdpc\",\"url\":\"https:\/\/www.africa-press.net\/cameroun\/politique\/election-de-graves-accusation-portees-contre-le-rdpc\",\"name\":\"Election : de graves accusation port\u00e9es contre le RDPC - Cameroun\",\"isPartOf\":{\"@id\":\"https:\/\/www.africa-press.net\/cameroun\/#website\"},\"primaryImageOfPage\":{\"@id\":\"https:\/\/www.africa-press.net\/cameroun\/politique\/election-de-graves-accusation-portees-contre-le-rdpc#primaryimage\"},\"image\":{\"@id\":\"https:\/\/www.africa-press.net\/cameroun\/politique\/election-de-graves-accusation-portees-contre-le-rdpc#primaryimage\"},\"thumbnailUrl\":\"https:\/\/static.africa-press.net\/cameroun\/sites\/57\/2023\/03\/postQueueImg_1678458587.68.jpg\",\"datePublished\":\"2023-03-10T17:59:43+00:00\",\"dateModified\":\"2023-03-10T18:45:20+00:00\",\"author\":{\"@id\":\"https:\/\/www.africa-press.net\/cameroun\/#\/schema\/person\/2b1cf3cd81a31e3cd26889ca66d677f1\"},\"description\":\"Ce 12 mars, les e\u0301lecteurs sont appele\u0301s a\u0300 de\u0301partager les candidats en lice pour les e\u0301lections se\u0301natoriales au Camer ...\",\"breadcrumb\":{\"@id\":\"https:\/\/www.africa-press.net\/cameroun\/politique\/election-de-graves-accusation-portees-contre-le-rdpc#breadcrumb\"},\"inLanguage\":\"fr-FR\",\"potentialAction\":[{\"@type\":\"ReadAction\",\"target\":[\"https:\/\/www.africa-press.net\/cameroun\/politique\/election-de-graves-accusation-portees-contre-le-rdpc\"]}]},{\"@type\":\"ImageObject\",\"inLanguage\":\"fr-FR\",\"@id\":\"https:\/\/www.africa-press.net\/cameroun\/politique\/election-de-graves-accusation-portees-contre-le-rdpc#primaryimage\",\"url\":\"https:\/\/static.africa-press.net\/cameroun\/sites\/57\/2023\/03\/postQueueImg_1678458587.68.jpg\",\"contentUrl\":\"https:\/\/static.africa-press.net\/cameroun\/sites\/57\/2023\/03\/postQueueImg_1678458587.68.jpg\",\"width\":720,\"height\":480,\"caption\":\"Election : de graves accusation port\u00e9es contre le RDPC\"},{\"@type\":\"BreadcrumbList\",\"@id\":\"https:\/\/www.africa-press.net\/cameroun\/politique\/election-de-graves-accusation-portees-contre-le-rdpc#breadcrumb\",\"itemListElement\":[{\"@type\":\"ListItem\",\"position\":1,\"name\":\"Accueil\",\"item\":\"https:\/\/www.africa-press.net\/cameroun\/\"},{\"@type\":\"ListItem\",\"position\":2,\"name\":\"Election : de graves accusation port\u00e9es contre le RDPC\"}]},{\"@type\":\"WebSite\",\"@id\":\"https:\/\/www.africa-press.net\/cameroun\/#website\",\"url\":\"https:\/\/www.africa-press.net\/cameroun\/\",\"name\":\"Cameroun\",\"description\":\"Just another Africa News Agency Sites site\",\"potentialAction\":[{\"@type\":\"SearchAction\",\"target\":{\"@type\":\"EntryPoint\",\"urlTemplate\":\"https:\/\/www.africa-press.net\/cameroun\/?s={search_term_string}\"},\"query-input\":{\"@type\":\"PropertyValueSpecification\",\"valueRequired\":true,\"valueName\":\"search_term_string\"}}],\"inLanguage\":\"fr-FR\"},{\"@type\":\"Person\",\"@id\":\"https:\/\/www.africa-press.net\/cameroun\/#\/schema\/person\/2b1cf3cd81a31e3cd26889ca66d677f1\",\"name\":\"cfeditorfr\"}]}<\/script>\n<!-- \/ Yoast SEO Premium plugin. -->","yoast_head_json":{"title":"Election : de graves accusation port\u00e9es contre le RDPC - Cameroun","description":"Ce 12 mars, les e\u0301lecteurs sont appele\u0301s a\u0300 de\u0301partager les candidats en lice pour les e\u0301lections se\u0301natoriales au Camer ...","robots":{"index":"index","follow":"follow","max-snippet":"max-snippet:-1","max-image-preview":"max-image-preview:large","max-video-preview":"max-video-preview:-1"},"canonical":"https:\/\/www.africa-press.net\/cameroun\/politique\/election-de-graves-accusation-portees-contre-le-rdpc","og_locale":"fr_FR","og_type":"article","og_title":"Election : de graves accusation port\u00e9es contre le RDPC","og_description":"Ce 12 mars, les e\u0301lecteurs sont appele\u0301s a\u0300 de\u0301partager les candidats en lice pour les e\u0301lections se\u0301natoriales au Camer ...","og_url":"https:\/\/www.africa-press.net\/cameroun\/politique\/election-de-graves-accusation-portees-contre-le-rdpc","og_site_name":"Cameroun","article_published_time":"2023-03-10T17:59:43+00:00","article_modified_time":"2023-03-10T18:45:20+00:00","og_image":[{"width":720,"height":480,"url":"https:\/\/static.africa-press.net\/cameroun\/sites\/57\/2023\/03\/postQueueImg_1678458587.68.jpg","type":"image\/jpeg"}],"author":"cfeditorfr","twitter_card":"summary_large_image","twitter_misc":{"\u00c9crit par":"cfeditorfr","Dur\u00e9e de lecture estim\u00e9e":"2 minutes"},"schema":{"@context":"https:\/\/schema.org","@graph":[{"@type":"Article","@id":"https:\/\/www.africa-press.net\/cameroun\/politique\/election-de-graves-accusation-portees-contre-le-rdpc#article","isPartOf":{"@id":"https:\/\/www.africa-press.net\/cameroun\/politique\/election-de-graves-accusation-portees-contre-le-rdpc"},"author":{"name":"cfeditorfr","@id":"https:\/\/www.africa-press.net\/cameroun\/#\/schema\/person\/2b1cf3cd81a31e3cd26889ca66d677f1"},"headline":"Election : de graves accusation port\u00e9es contre le RDPC","datePublished":"2023-03-10T17:59:43+00:00","dateModified":"2023-03-10T18:45:20+00:00","mainEntityOfPage":{"@id":"https:\/\/www.africa-press.net\/cameroun\/politique\/election-de-graves-accusation-portees-contre-le-rdpc"},"wordCount":380,"commentCount":0,"image":{"@id":"https:\/\/www.africa-press.net\/cameroun\/politique\/election-de-graves-accusation-portees-contre-le-rdpc#primaryimage"},"thumbnailUrl":"https:\/\/static.africa-press.net\/cameroun\/sites\/57\/2023\/03\/postQueueImg_1678458587.68.jpg","keywords":["Africa Press","Africa Press-Cameroun","Cameroun"],"articleSection":["Politique","Toutes les actualit\u00e9s"],"inLanguage":"fr-FR","potentialAction":[{"@type":"CommentAction","name":"Comment","target":["https:\/\/www.africa-press.net\/cameroun\/politique\/election-de-graves-accusation-portees-contre-le-rdpc#respond"]}]},{"@type":"WebPage","@id":"https:\/\/www.africa-press.net\/cameroun\/politique\/election-de-graves-accusation-portees-contre-le-rdpc","url":"https:\/\/www.africa-press.net\/cameroun\/politique\/election-de-graves-accusation-portees-contre-le-rdpc","name":"Election : de graves accusation port\u00e9es contre le RDPC - Cameroun","isPartOf":{"@id":"https:\/\/www.africa-press.net\/cameroun\/#website"},"primaryImageOfPage":{"@id":"https:\/\/www.africa-press.net\/cameroun\/politique\/election-de-graves-accusation-portees-contre-le-rdpc#primaryimage"},"image":{"@id":"https:\/\/www.africa-press.net\/cameroun\/politique\/election-de-graves-accusation-portees-contre-le-rdpc#primaryimage"},"thumbnailUrl":"https:\/\/static.africa-press.net\/cameroun\/sites\/57\/2023\/03\/postQueueImg_1678458587.68.jpg","datePublished":"2023-03-10T17:59:43+00:00","dateModified":"2023-03-10T18:45:20+00:00","author":{"@id":"https:\/\/www.africa-press.net\/cameroun\/#\/schema\/person\/2b1cf3cd81a31e3cd26889ca66d677f1"},"description":"Ce 12 mars, les e\u0301lecteurs sont appele\u0301s a\u0300 de\u0301partager les candidats en lice pour les e\u0301lections se\u0301natoriales au Camer ...","breadcrumb":{"@id":"https:\/\/www.africa-press.net\/cameroun\/politique\/election-de-graves-accusation-portees-contre-le-rdpc#breadcrumb"},"inLanguage":"fr-FR","potentialAction":[{"@type":"ReadAction","target":["https:\/\/www.africa-press.net\/cameroun\/politique\/election-de-graves-accusation-portees-contre-le-rdpc"]}]},{"@type":"ImageObject","inLanguage":"fr-FR","@id":"https:\/\/www.africa-press.net\/cameroun\/politique\/election-de-graves-accusation-portees-contre-le-rdpc#primaryimage","url":"https:\/\/static.africa-press.net\/cameroun\/sites\/57\/2023\/03\/postQueueImg_1678458587.68.jpg","contentUrl":"https:\/\/static.africa-press.net\/cameroun\/sites\/57\/2023\/03\/postQueueImg_1678458587.68.jpg","width":720,"height":480,"caption":"Election : de graves accusation port\u00e9es contre le RDPC"},{"@type":"BreadcrumbList","@id":"https:\/\/www.africa-press.net\/cameroun\/politique\/election-de-graves-accusation-portees-contre-le-rdpc#breadcrumb","itemListElement":[{"@type":"ListItem","position":1,"name":"Accueil","item":"https:\/\/www.africa-press.net\/cameroun\/"},{"@type":"ListItem","position":2,"name":"Election : de graves accusation port\u00e9es contre le RDPC"}]},{"@type":"WebSite","@id":"https:\/\/www.africa-press.net\/cameroun\/#website","url":"https:\/\/www.africa-press.net\/cameroun\/","name":"Cameroun","description":"Just another Africa News Agency Sites site","potentialAction":[{"@type":"SearchAction","target":{"@type":"EntryPoint","urlTemplate":"https:\/\/www.africa-press.net\/cameroun\/?s={search_term_string}"},"query-input":{"@type":"PropertyValueSpecification","valueRequired":true,"valueName":"search_term_string"}}],"inLanguage":"fr-FR"},{"@type":"Person","@id":"https:\/\/www.africa-press.net\/cameroun\/#\/schema\/person\/2b1cf3cd81a31e3cd26889ca66d677f1","name":"cfeditorfr"}]}},"_links":{"self":[{"href":"https:\/\/www.africa-press.net\/cameroun\/wp-json\/wp\/v2\/posts\/38949","targetHints":{"allow":["GET"]}}],"collection":[{"href":"https:\/\/www.africa-press.net\/cameroun\/wp-json\/wp\/v2\/posts"}],"about":[{"href":"https:\/\/www.africa-press.net\/cameroun\/wp-json\/wp\/v2\/types\/post"}],"author":[{"embeddable":true,"href":"https:\/\/www.africa-press.net\/cameroun\/wp-json\/wp\/v2\/users\/82"}],"replies":[{"embeddable":true,"href":"https:\/\/www.africa-press.net\/cameroun\/wp-json\/wp\/v2\/comments?post=38949"}],"version-history":[{"count":0,"href":"https:\/\/www.africa-press.net\/cameroun\/wp-json\/wp\/v2\/posts\/38949\/revisions"}],"wp:featuredmedia":[{"embeddable":true,"href":"https:\/\/www.africa-press.net\/cameroun\/wp-json\/wp\/v2\/media\/38947"}],"wp:attachment":[{"href":"https:\/\/www.africa-press.net\/cameroun\/wp-json\/wp\/v2\/media?parent=38949"}],"wp:term":[{"taxonomy":"category","embeddable":true,"href":"https:\/\/www.africa-press.net\/cameroun\/wp-json\/wp\/v2\/categories?post=38949"},{"taxonomy":"post_tag","embeddable":true,"href":"https:\/\/www.africa-press.net\/cameroun\/wp-json\/wp\/v2\/tags?post=38949"}],"curies":[{"name":"wp","href":"https:\/\/api.w.org\/{rel}","templated":true}]}}