{"id":38961,"date":"2023-03-10T18:00:31","date_gmt":"2023-03-10T18:00:31","guid":{"rendered":"https:\/\/www.africa-press.net\/cameroun\/politique\/au-cameroun-les-collectivites-territoriales-decentralisees-lorgnent-les-financements-du-commonwealth"},"modified":"2023-03-10T18:49:07","modified_gmt":"2023-03-10T18:49:07","slug":"au-cameroun-les-collectivites-territoriales-decentralisees-lorgnent-les-financements-du-commonwealth","status":"publish","type":"post","link":"https:\/\/www.africa-press.net\/cameroun\/economie\/au-cameroun-les-collectivites-territoriales-decentralisees-lorgnent-les-financements-du-commonwealth","title":{"rendered":"Au Cameroun, les Collectivit\u00e9s territoriales d\u00e9centralis\u00e9es lorgnent les financements du Commonwealth"},"content":{"rendered":"<p><span style=\"color: #ff6600\"><strong>Africa-Press &#8211; Cameroun. <\/strong><\/span>Investir au Cameroun) &#8211; Le 9 mars 2023, le directeur ge\u0301ne\u0301ral (DG) du Fonds spe\u0301cial d\u2019e\u0301quipement et d\u2019intervention intercommunal, Philippe Camille Akoa, a e\u0301te\u0301 rec\u0327u en audience par le ministre de\u0301le\u0301gue\u0301 aupre\u0300s du ministre des Relations exte\u0301rieures charge\u0301 des relations avec le Commonwealth, Fe\u0301lix Mbayu.<\/p>\n<p>\u00ab Nos e\u0301changes ont porte\u0301 sur la collaboration entre ce de\u0301partement ministe\u0301riel et le Feicom, notamment dans le cadre du partenariat avec le Commonwealth Enterprise and Investment Council \u00bb, a confie\u0301 le DG de la banque des Collectivite\u0301s territoriales de\u0301centralise\u0301es (CTD) du Cameroun, que sont les communes, les communaute\u0301s urbaines et les re\u0301gions.<\/p>\n<p>Ce me\u0302me 9 mars 2023, le Feicom a organise\u0301 a\u0300 Yaounde\u0301, un atelier de mise en re\u0301seau des CTD, le gouvernement et le Commonwealth, avec pour but \u00ab de faire en sorte qu\u2019aussi bien les repre\u0301sentants du ministe\u0300re de l\u2019E\u0301conomie que le directeur pays du Commonwealth puissent nous montrer les opportunite\u0301s qu\u2019il y a pour que nous puissions les saisir, et faire en sorte que les CTD au niveau du Cameroun en be\u0301ne\u0301ficient \u00bb, a explique\u0301 le DG du Feicom.<\/p>\n<p>Ce de\u0301ploiement du Feicom en faveur des CTD du Cameroun s\u2019inscrit dans les pre\u0301paratifs de la Journe\u0301e du Commonwealth, qui se ce\u0301le\u0300bre le 13 mars 2023.<\/p>\n<p><strong>Pour plus d&rsquo;informations et d&rsquo;analyses sur la <a href=\"https:\/\/www.africa-press.net\/cameroun\">Cameroun<\/a>, suivez <a href=\"https:\/\/www.africa-press.net\/\">Africa-Press<\/a><\/strong><\/p>\n","protected":false},"excerpt":{"rendered":"<p>Africa-Press &#8211; Cameroun. Investir au Cameroun) &#8211; Le 9 mars 2023, le directeur ge\u0301ne\u0301ral (DG) du Fonds spe\u0301cial d\u2019e\u0301quipement et d\u2019intervention intercommunal, Philippe Camille Akoa, a e\u0301te\u0301 rec\u0327u en audience par le ministre de\u0301le\u0301gue\u0301 aupre\u0300s du ministre des Relations exte\u0301rieures charge\u0301 des relations avec le Commonwealth, Fe\u0301lix Mbayu. \u00ab Nos e\u0301changes ont porte\u0301 sur la [&hellip;]<\/p>\n","protected":false},"author":82,"featured_media":38959,"comment_status":"open","ping_status":"closed","sticky":false,"template":"","format":"standard","meta":{"footnotes":""},"categories":[3,10],"tags":[36,50,49],"class_list":["post-38961","post","type-post","status-publish","format-standard","has-post-thumbnail","hentry","category-economie","category-toutes-les-actualites","tag-africa-press","tag-africa-press-cameroun","tag-cameroun"],"yoast_head":"<!-- This site is optimized with the Yoast SEO Premium plugin v26.1 (Yoast SEO v27.0) - https:\/\/yoast.com\/product\/yoast-seo-premium-wordpress\/ -->\n<title>Au Cameroun, les Collectivit\u00e9s territoriales d\u00e9centralis\u00e9es lorgnent les financements du Commonwealth - Cameroun<\/title>\n<meta name=\"description\" content=\"Investir au Cameroun) - Le 9 mars 2023, le directeur ge\u0301ne\u0301ral (DG) du Fonds spe\u0301cial d\u2019e\u0301quipement et d\u2019intervention in ...\" \/>\n<meta name=\"robots\" content=\"index, follow, max-snippet:-1, max-image-preview:large, max-video-preview:-1\" \/>\n<link rel=\"canonical\" href=\"https:\/\/www.africa-press.net\/cameroun\/economie\/au-cameroun-les-collectivites-territoriales-decentralisees-lorgnent-les-financements-du-commonwealth\" \/>\n<meta property=\"og:locale\" content=\"fr_FR\" \/>\n<meta property=\"og:type\" content=\"article\" \/>\n<meta property=\"og:title\" content=\"Au Cameroun, les Collectivit\u00e9s territoriales d\u00e9centralis\u00e9es lorgnent les financements du Commonwealth\" \/>\n<meta property=\"og:description\" content=\"Investir au Cameroun) - Le 9 mars 2023, le directeur ge\u0301ne\u0301ral (DG) du Fonds spe\u0301cial d\u2019e\u0301quipement et d\u2019intervention in ...\" \/>\n<meta property=\"og:url\" content=\"https:\/\/www.africa-press.net\/cameroun\/economie\/au-cameroun-les-collectivites-territoriales-decentralisees-lorgnent-les-financements-du-commonwealth\" \/>\n<meta property=\"og:site_name\" content=\"Cameroun\" \/>\n<meta property=\"article:published_time\" content=\"2023-03-10T18:00:31+00:00\" \/>\n<meta property=\"article:modified_time\" content=\"2023-03-10T18:49:07+00:00\" \/>\n<meta property=\"og:image\" content=\"https:\/\/static.africa-press.net\/cameroun\/sites\/57\/2023\/03\/postQueueImg_1678458636.27.jpg\" \/>\n\t<meta property=\"og:image:width\" content=\"720\" \/>\n\t<meta property=\"og:image:height\" content=\"479\" \/>\n\t<meta property=\"og:image:type\" content=\"image\/jpeg\" \/>\n<meta name=\"author\" content=\"cfeditorfr\" \/>\n<meta name=\"twitter:card\" content=\"summary_large_image\" \/>\n<meta name=\"twitter:label1\" content=\"\u00c9crit par\" \/>\n\t<meta name=\"twitter:data1\" content=\"cfeditorfr\" \/>\n\t<meta name=\"twitter:label2\" content=\"Dur\u00e9e de lecture estim\u00e9e\" \/>\n\t<meta name=\"twitter:data2\" content=\"1 minute\" \/>\n<script type=\"application\/ld+json\" class=\"yoast-schema-graph\">{\"@context\":\"https:\/\/schema.org\",\"@graph\":[{\"@type\":\"Article\",\"@id\":\"https:\/\/www.africa-press.net\/cameroun\/economie\/au-cameroun-les-collectivites-territoriales-decentralisees-lorgnent-les-financements-du-commonwealth#article\",\"isPartOf\":{\"@id\":\"https:\/\/www.africa-press.net\/cameroun\/economie\/au-cameroun-les-collectivites-territoriales-decentralisees-lorgnent-les-financements-du-commonwealth\"},\"author\":{\"name\":\"cfeditorfr\",\"@id\":\"https:\/\/www.africa-press.net\/cameroun\/#\/schema\/person\/2b1cf3cd81a31e3cd26889ca66d677f1\"},\"headline\":\"Au Cameroun, les Collectivit\u00e9s territoriales d\u00e9centralis\u00e9es lorgnent les financements du Commonwealth\",\"datePublished\":\"2023-03-10T18:00:31+00:00\",\"dateModified\":\"2023-03-10T18:49:07+00:00\",\"mainEntityOfPage\":{\"@id\":\"https:\/\/www.africa-press.net\/cameroun\/economie\/au-cameroun-les-collectivites-territoriales-decentralisees-lorgnent-les-financements-du-commonwealth\"},\"wordCount\":261,\"commentCount\":0,\"image\":{\"@id\":\"https:\/\/www.africa-press.net\/cameroun\/economie\/au-cameroun-les-collectivites-territoriales-decentralisees-lorgnent-les-financements-du-commonwealth#primaryimage\"},\"thumbnailUrl\":\"https:\/\/static.africa-press.net\/cameroun\/sites\/57\/2023\/03\/postQueueImg_1678458636.27.jpg\",\"keywords\":[\"Africa Press\",\"Africa Press-Cameroun\",\"Cameroun\"],\"articleSection\":[\"\u00c9conomie\",\"Toutes les actualit\u00e9s\"],\"inLanguage\":\"fr-FR\",\"potentialAction\":[{\"@type\":\"CommentAction\",\"name\":\"Comment\",\"target\":[\"https:\/\/www.africa-press.net\/cameroun\/economie\/au-cameroun-les-collectivites-territoriales-decentralisees-lorgnent-les-financements-du-commonwealth#respond\"]}]},{\"@type\":\"WebPage\",\"@id\":\"https:\/\/www.africa-press.net\/cameroun\/economie\/au-cameroun-les-collectivites-territoriales-decentralisees-lorgnent-les-financements-du-commonwealth\",\"url\":\"https:\/\/www.africa-press.net\/cameroun\/economie\/au-cameroun-les-collectivites-territoriales-decentralisees-lorgnent-les-financements-du-commonwealth\",\"name\":\"Au Cameroun, les Collectivit\u00e9s territoriales d\u00e9centralis\u00e9es lorgnent les financements du Commonwealth - Cameroun\",\"isPartOf\":{\"@id\":\"https:\/\/www.africa-press.net\/cameroun\/#website\"},\"primaryImageOfPage\":{\"@id\":\"https:\/\/www.africa-press.net\/cameroun\/economie\/au-cameroun-les-collectivites-territoriales-decentralisees-lorgnent-les-financements-du-commonwealth#primaryimage\"},\"image\":{\"@id\":\"https:\/\/www.africa-press.net\/cameroun\/economie\/au-cameroun-les-collectivites-territoriales-decentralisees-lorgnent-les-financements-du-commonwealth#primaryimage\"},\"thumbnailUrl\":\"https:\/\/static.africa-press.net\/cameroun\/sites\/57\/2023\/03\/postQueueImg_1678458636.27.jpg\",\"datePublished\":\"2023-03-10T18:00:31+00:00\",\"dateModified\":\"2023-03-10T18:49:07+00:00\",\"author\":{\"@id\":\"https:\/\/www.africa-press.net\/cameroun\/#\/schema\/person\/2b1cf3cd81a31e3cd26889ca66d677f1\"},\"description\":\"Investir au Cameroun) - Le 9 mars 2023, le directeur ge\u0301ne\u0301ral (DG) du Fonds spe\u0301cial d\u2019e\u0301quipement et d\u2019intervention in ...\",\"breadcrumb\":{\"@id\":\"https:\/\/www.africa-press.net\/cameroun\/economie\/au-cameroun-les-collectivites-territoriales-decentralisees-lorgnent-les-financements-du-commonwealth#breadcrumb\"},\"inLanguage\":\"fr-FR\",\"potentialAction\":[{\"@type\":\"ReadAction\",\"target\":[\"https:\/\/www.africa-press.net\/cameroun\/economie\/au-cameroun-les-collectivites-territoriales-decentralisees-lorgnent-les-financements-du-commonwealth\"]}]},{\"@type\":\"ImageObject\",\"inLanguage\":\"fr-FR\",\"@id\":\"https:\/\/www.africa-press.net\/cameroun\/economie\/au-cameroun-les-collectivites-territoriales-decentralisees-lorgnent-les-financements-du-commonwealth#primaryimage\",\"url\":\"https:\/\/static.africa-press.net\/cameroun\/sites\/57\/2023\/03\/postQueueImg_1678458636.27.jpg\",\"contentUrl\":\"https:\/\/static.africa-press.net\/cameroun\/sites\/57\/2023\/03\/postQueueImg_1678458636.27.jpg\",\"width\":720,\"height\":479,\"caption\":\"Au Cameroun, les Collectivit\u00e9s territoriales d\u00e9centralis\u00e9es lorgnent les financements du Commonwealth\"},{\"@type\":\"BreadcrumbList\",\"@id\":\"https:\/\/www.africa-press.net\/cameroun\/economie\/au-cameroun-les-collectivites-territoriales-decentralisees-lorgnent-les-financements-du-commonwealth#breadcrumb\",\"itemListElement\":[{\"@type\":\"ListItem\",\"position\":1,\"name\":\"Accueil\",\"item\":\"https:\/\/www.africa-press.net\/cameroun\/\"},{\"@type\":\"ListItem\",\"position\":2,\"name\":\"Au Cameroun, les Collectivit\u00e9s territoriales d\u00e9centralis\u00e9es lorgnent les financements du Commonwealth\"}]},{\"@type\":\"WebSite\",\"@id\":\"https:\/\/www.africa-press.net\/cameroun\/#website\",\"url\":\"https:\/\/www.africa-press.net\/cameroun\/\",\"name\":\"Cameroun\",\"description\":\"Just another Africa News Agency Sites site\",\"potentialAction\":[{\"@type\":\"SearchAction\",\"target\":{\"@type\":\"EntryPoint\",\"urlTemplate\":\"https:\/\/www.africa-press.net\/cameroun\/?s={search_term_string}\"},\"query-input\":{\"@type\":\"PropertyValueSpecification\",\"valueRequired\":true,\"valueName\":\"search_term_string\"}}],\"inLanguage\":\"fr-FR\"},{\"@type\":\"Person\",\"@id\":\"https:\/\/www.africa-press.net\/cameroun\/#\/schema\/person\/2b1cf3cd81a31e3cd26889ca66d677f1\",\"name\":\"cfeditorfr\"}]}<\/script>\n<!-- \/ Yoast SEO Premium plugin. -->","yoast_head_json":{"title":"Au Cameroun, les Collectivit\u00e9s territoriales d\u00e9centralis\u00e9es lorgnent les financements du Commonwealth - Cameroun","description":"Investir au Cameroun) - Le 9 mars 2023, le directeur ge\u0301ne\u0301ral (DG) du Fonds spe\u0301cial d\u2019e\u0301quipement et d\u2019intervention in ...","robots":{"index":"index","follow":"follow","max-snippet":"max-snippet:-1","max-image-preview":"max-image-preview:large","max-video-preview":"max-video-preview:-1"},"canonical":"https:\/\/www.africa-press.net\/cameroun\/economie\/au-cameroun-les-collectivites-territoriales-decentralisees-lorgnent-les-financements-du-commonwealth","og_locale":"fr_FR","og_type":"article","og_title":"Au Cameroun, les Collectivit\u00e9s territoriales d\u00e9centralis\u00e9es lorgnent les financements du Commonwealth","og_description":"Investir au Cameroun) - Le 9 mars 2023, le directeur ge\u0301ne\u0301ral (DG) du Fonds spe\u0301cial d\u2019e\u0301quipement et d\u2019intervention in ...","og_url":"https:\/\/www.africa-press.net\/cameroun\/economie\/au-cameroun-les-collectivites-territoriales-decentralisees-lorgnent-les-financements-du-commonwealth","og_site_name":"Cameroun","article_published_time":"2023-03-10T18:00:31+00:00","article_modified_time":"2023-03-10T18:49:07+00:00","og_image":[{"width":720,"height":479,"url":"https:\/\/static.africa-press.net\/cameroun\/sites\/57\/2023\/03\/postQueueImg_1678458636.27.jpg","type":"image\/jpeg"}],"author":"cfeditorfr","twitter_card":"summary_large_image","twitter_misc":{"\u00c9crit par":"cfeditorfr","Dur\u00e9e de lecture estim\u00e9e":"1 minute"},"schema":{"@context":"https:\/\/schema.org","@graph":[{"@type":"Article","@id":"https:\/\/www.africa-press.net\/cameroun\/economie\/au-cameroun-les-collectivites-territoriales-decentralisees-lorgnent-les-financements-du-commonwealth#article","isPartOf":{"@id":"https:\/\/www.africa-press.net\/cameroun\/economie\/au-cameroun-les-collectivites-territoriales-decentralisees-lorgnent-les-financements-du-commonwealth"},"author":{"name":"cfeditorfr","@id":"https:\/\/www.africa-press.net\/cameroun\/#\/schema\/person\/2b1cf3cd81a31e3cd26889ca66d677f1"},"headline":"Au Cameroun, les Collectivit\u00e9s territoriales d\u00e9centralis\u00e9es lorgnent les financements du Commonwealth","datePublished":"2023-03-10T18:00:31+00:00","dateModified":"2023-03-10T18:49:07+00:00","mainEntityOfPage":{"@id":"https:\/\/www.africa-press.net\/cameroun\/economie\/au-cameroun-les-collectivites-territoriales-decentralisees-lorgnent-les-financements-du-commonwealth"},"wordCount":261,"commentCount":0,"image":{"@id":"https:\/\/www.africa-press.net\/cameroun\/economie\/au-cameroun-les-collectivites-territoriales-decentralisees-lorgnent-les-financements-du-commonwealth#primaryimage"},"thumbnailUrl":"https:\/\/static.africa-press.net\/cameroun\/sites\/57\/2023\/03\/postQueueImg_1678458636.27.jpg","keywords":["Africa Press","Africa Press-Cameroun","Cameroun"],"articleSection":["\u00c9conomie","Toutes les actualit\u00e9s"],"inLanguage":"fr-FR","potentialAction":[{"@type":"CommentAction","name":"Comment","target":["https:\/\/www.africa-press.net\/cameroun\/economie\/au-cameroun-les-collectivites-territoriales-decentralisees-lorgnent-les-financements-du-commonwealth#respond"]}]},{"@type":"WebPage","@id":"https:\/\/www.africa-press.net\/cameroun\/economie\/au-cameroun-les-collectivites-territoriales-decentralisees-lorgnent-les-financements-du-commonwealth","url":"https:\/\/www.africa-press.net\/cameroun\/economie\/au-cameroun-les-collectivites-territoriales-decentralisees-lorgnent-les-financements-du-commonwealth","name":"Au Cameroun, les Collectivit\u00e9s territoriales d\u00e9centralis\u00e9es lorgnent les financements du Commonwealth - Cameroun","isPartOf":{"@id":"https:\/\/www.africa-press.net\/cameroun\/#website"},"primaryImageOfPage":{"@id":"https:\/\/www.africa-press.net\/cameroun\/economie\/au-cameroun-les-collectivites-territoriales-decentralisees-lorgnent-les-financements-du-commonwealth#primaryimage"},"image":{"@id":"https:\/\/www.africa-press.net\/cameroun\/economie\/au-cameroun-les-collectivites-territoriales-decentralisees-lorgnent-les-financements-du-commonwealth#primaryimage"},"thumbnailUrl":"https:\/\/static.africa-press.net\/cameroun\/sites\/57\/2023\/03\/postQueueImg_1678458636.27.jpg","datePublished":"2023-03-10T18:00:31+00:00","dateModified":"2023-03-10T18:49:07+00:00","author":{"@id":"https:\/\/www.africa-press.net\/cameroun\/#\/schema\/person\/2b1cf3cd81a31e3cd26889ca66d677f1"},"description":"Investir au Cameroun) - Le 9 mars 2023, le directeur ge\u0301ne\u0301ral (DG) du Fonds spe\u0301cial d\u2019e\u0301quipement et d\u2019intervention in ...","breadcrumb":{"@id":"https:\/\/www.africa-press.net\/cameroun\/economie\/au-cameroun-les-collectivites-territoriales-decentralisees-lorgnent-les-financements-du-commonwealth#breadcrumb"},"inLanguage":"fr-FR","potentialAction":[{"@type":"ReadAction","target":["https:\/\/www.africa-press.net\/cameroun\/economie\/au-cameroun-les-collectivites-territoriales-decentralisees-lorgnent-les-financements-du-commonwealth"]}]},{"@type":"ImageObject","inLanguage":"fr-FR","@id":"https:\/\/www.africa-press.net\/cameroun\/economie\/au-cameroun-les-collectivites-territoriales-decentralisees-lorgnent-les-financements-du-commonwealth#primaryimage","url":"https:\/\/static.africa-press.net\/cameroun\/sites\/57\/2023\/03\/postQueueImg_1678458636.27.jpg","contentUrl":"https:\/\/static.africa-press.net\/cameroun\/sites\/57\/2023\/03\/postQueueImg_1678458636.27.jpg","width":720,"height":479,"caption":"Au Cameroun, les Collectivit\u00e9s territoriales d\u00e9centralis\u00e9es lorgnent les financements du Commonwealth"},{"@type":"BreadcrumbList","@id":"https:\/\/www.africa-press.net\/cameroun\/economie\/au-cameroun-les-collectivites-territoriales-decentralisees-lorgnent-les-financements-du-commonwealth#breadcrumb","itemListElement":[{"@type":"ListItem","position":1,"name":"Accueil","item":"https:\/\/www.africa-press.net\/cameroun\/"},{"@type":"ListItem","position":2,"name":"Au Cameroun, les Collectivit\u00e9s territoriales d\u00e9centralis\u00e9es lorgnent les financements du Commonwealth"}]},{"@type":"WebSite","@id":"https:\/\/www.africa-press.net\/cameroun\/#website","url":"https:\/\/www.africa-press.net\/cameroun\/","name":"Cameroun","description":"Just another Africa News Agency Sites site","potentialAction":[{"@type":"SearchAction","target":{"@type":"EntryPoint","urlTemplate":"https:\/\/www.africa-press.net\/cameroun\/?s={search_term_string}"},"query-input":{"@type":"PropertyValueSpecification","valueRequired":true,"valueName":"search_term_string"}}],"inLanguage":"fr-FR"},{"@type":"Person","@id":"https:\/\/www.africa-press.net\/cameroun\/#\/schema\/person\/2b1cf3cd81a31e3cd26889ca66d677f1","name":"cfeditorfr"}]}},"_links":{"self":[{"href":"https:\/\/www.africa-press.net\/cameroun\/wp-json\/wp\/v2\/posts\/38961","targetHints":{"allow":["GET"]}}],"collection":[{"href":"https:\/\/www.africa-press.net\/cameroun\/wp-json\/wp\/v2\/posts"}],"about":[{"href":"https:\/\/www.africa-press.net\/cameroun\/wp-json\/wp\/v2\/types\/post"}],"author":[{"embeddable":true,"href":"https:\/\/www.africa-press.net\/cameroun\/wp-json\/wp\/v2\/users\/82"}],"replies":[{"embeddable":true,"href":"https:\/\/www.africa-press.net\/cameroun\/wp-json\/wp\/v2\/comments?post=38961"}],"version-history":[{"count":0,"href":"https:\/\/www.africa-press.net\/cameroun\/wp-json\/wp\/v2\/posts\/38961\/revisions"}],"wp:featuredmedia":[{"embeddable":true,"href":"https:\/\/www.africa-press.net\/cameroun\/wp-json\/wp\/v2\/media\/38959"}],"wp:attachment":[{"href":"https:\/\/www.africa-press.net\/cameroun\/wp-json\/wp\/v2\/media?parent=38961"}],"wp:term":[{"taxonomy":"category","embeddable":true,"href":"https:\/\/www.africa-press.net\/cameroun\/wp-json\/wp\/v2\/categories?post=38961"},{"taxonomy":"post_tag","embeddable":true,"href":"https:\/\/www.africa-press.net\/cameroun\/wp-json\/wp\/v2\/tags?post=38961"}],"curies":[{"name":"wp","href":"https:\/\/api.w.org\/{rel}","templated":true}]}}