{"id":38974,"date":"2023-03-10T17:59:29","date_gmt":"2023-03-10T17:59:29","guid":{"rendered":"https:\/\/www.africa-press.net\/cameroun\/politique\/etoudi-chantal-biya-reconnait-les-manquements-quil-faut-revoir"},"modified":"2023-03-10T19:29:43","modified_gmt":"2023-03-10T19:29:43","slug":"etoudi-chantal-biya-reconnait-les-manquements-quil-faut-revoir","status":"publish","type":"post","link":"https:\/\/www.africa-press.net\/cameroun\/politique\/etoudi-chantal-biya-reconnait-les-manquements-quil-faut-revoir","title":{"rendered":"Etoudi: Chantal Biya reconna\u00eet les manquements qu\u2019il faut revoir"},"content":{"rendered":"<p><span style=\"color: #ff6600\"><strong>Africa-Press &#8211; Cameroun. <\/strong><\/span>Comme partout dans le monde, la journe\u0301e internationale des droits des femmes a e\u0301te\u0301 ce\u0301le\u0301bre\u0301e au Cameroun le 8 mars 2023. Les femmes camerounaises e\u0301taient toutes a\u0300 l\u2019honneur.<\/p>\n<p>Dans le cadre de cette ce\u0301le\u0301bration, la premie\u0300re dame Chantal Biya a adresse\u0301 un message aux filles et femmes camerounaises. Pour elle, il s\u2019agit tout d\u2019abord en cette journe\u0301e hautement symbolique de se \u00ab souvenir des pionnie\u0300res de la lutte et, d\u2019honorer comme il se doit, les femmes de talent qui ont de\u0301cide\u0301 contre vents et mare\u0301es de suivre leurs traces \u00bb.<\/p>\n<p>Tout en rappelant le the\u0300me de la ce\u0301le\u0301bration de l\u2019e\u0301dition 2023 de la journe\u0301e internationale des droits des femmes( Pour un monde digital inclusif : innovation et technologies pour l\u2019e\u0301galite\u0301 de sexes), la premie\u0300re dame souligne qu\u2019il leur appartient, a\u0300 elles femmes, \u00ab de l\u2019exploiter de fac\u0327on intelligente et coordonne\u0301e pour faire des bonds de\u0301cisifs en matie\u0300re d\u2019autonomisation des femmes, d\u2019e\u0301galite\u0301 des sexes et de de\u0301veloppement \u00bb des pays.<\/p>\n<p>De\u0301tail important : elle a appele\u0301e a\u0300 un comportement plus responsable des femmes dans l\u2019univers du nume\u0301rique. \u00ab C\u2019est l\u2019occasion pour moi de re\u0301ite\u0301rer mon appel aux filles et aux femmes a\u0300 plus de responsabilite\u0301s dans l\u2019utilisation des outils informatiques et des re\u0301seaux sociaux. Tout va si vite dans le monde 2.0 et sans encadrement et responsabilite\u0301, nous pourrions comme c\u2019est le cas pour certains d\u2019entre nous, e\u0302tre victimes de sortie de route fatale. Nous ne serions donc pas en mesure de saisir toutes les opportunite\u0301s que nous offrent internet et ses applications. Ce serait dommage pour nous toutes\u00bb, a e\u0301crit la Premie\u0300re Dame Chantal Biya.<\/p>\n<p>En de\u0301finitive, elle reconnai\u0302t les avance\u0301es enregistre\u0301es dans la lutte engage\u0301e par les femmes.<\/p>\n<p>Toutefois, elle est consciente qu\u2019il y a encore du chemin a\u0300 faire pour que toutes les conditions soient re\u0301unies. \u00ab Encore beaucoup trop de femmes en Afrique notamment, sont victimes d\u2019injustice, de violences et de discriminations base\u0301es sur le genre. Je pense en particulier a\u0300 toutes ces femmes et jeunes filles qui n\u2019ont pas acce\u0300s aux infrastructures sociales de base, a\u0300 l\u2019e\u0301ducation, aux soins de sante\u0301 et des emplois de\u0301cents \u00bb, pre\u0301cise-t-elle.<\/p>\n<p><strong>Pour plus d&rsquo;informations et d&rsquo;analyses sur la <a href=\"https:\/\/www.africa-press.net\/cameroun\">Cameroun<\/a>, suivez <a href=\"https:\/\/www.africa-press.net\/\">Africa-Press<\/a><\/strong><\/p>\n","protected":false},"excerpt":{"rendered":"<p>Africa-Press &#8211; Cameroun. Comme partout dans le monde, la journe\u0301e internationale des droits des femmes a e\u0301te\u0301 ce\u0301le\u0301bre\u0301e au Cameroun le 8 mars 2023. Les femmes camerounaises e\u0301taient toutes a\u0300 l\u2019honneur. Dans le cadre de cette ce\u0301le\u0301bration, la premie\u0300re dame Chantal Biya a adresse\u0301 un message aux filles et femmes camerounaises. Pour elle, il s\u2019agit [&hellip;]<\/p>\n","protected":false},"author":82,"featured_media":38972,"comment_status":"open","ping_status":"closed","sticky":false,"template":"","format":"standard","meta":{"footnotes":""},"categories":[2,10],"tags":[36,50,49],"class_list":["post-38974","post","type-post","status-publish","format-standard","has-post-thumbnail","hentry","category-politique","category-toutes-les-actualites","tag-africa-press","tag-africa-press-cameroun","tag-cameroun"],"yoast_head":"<!-- This site is optimized with the Yoast SEO Premium plugin v26.1 (Yoast SEO v27.0) - https:\/\/yoast.com\/product\/yoast-seo-premium-wordpress\/ -->\n<title>Etoudi: Chantal Biya reconna\u00eet les manquements qu\u2019il faut revoir - Cameroun<\/title>\n<meta name=\"description\" content=\"Comme partout dans le monde, la journe\u0301e internationale des droits des femmes a e\u0301te\u0301 ce\u0301le\u0301bre\u0301e au Cameroun le 8 mars ...\" \/>\n<meta name=\"robots\" content=\"index, follow, max-snippet:-1, max-image-preview:large, max-video-preview:-1\" \/>\n<link rel=\"canonical\" href=\"https:\/\/www.africa-press.net\/cameroun\/politique\/etoudi-chantal-biya-reconnait-les-manquements-quil-faut-revoir\" \/>\n<meta property=\"og:locale\" content=\"fr_FR\" \/>\n<meta property=\"og:type\" content=\"article\" \/>\n<meta property=\"og:title\" content=\"Etoudi: Chantal Biya reconna\u00eet les manquements qu\u2019il faut revoir\" \/>\n<meta property=\"og:description\" content=\"Comme partout dans le monde, la journe\u0301e internationale des droits des femmes a e\u0301te\u0301 ce\u0301le\u0301bre\u0301e au Cameroun le 8 mars ...\" \/>\n<meta property=\"og:url\" content=\"https:\/\/www.africa-press.net\/cameroun\/politique\/etoudi-chantal-biya-reconnait-les-manquements-quil-faut-revoir\" \/>\n<meta property=\"og:site_name\" content=\"Cameroun\" \/>\n<meta property=\"article:published_time\" content=\"2023-03-10T17:59:29+00:00\" \/>\n<meta property=\"article:modified_time\" content=\"2023-03-10T19:29:43+00:00\" \/>\n<meta property=\"og:image\" content=\"https:\/\/static.africa-press.net\/cameroun\/sites\/57\/2023\/03\/postQueueImg_1678463876.25.jpg\" \/>\n\t<meta property=\"og:image:width\" content=\"720\" \/>\n\t<meta property=\"og:image:height\" content=\"456\" \/>\n\t<meta property=\"og:image:type\" content=\"image\/jpeg\" \/>\n<meta name=\"author\" content=\"cfeditorfr\" \/>\n<meta name=\"twitter:card\" content=\"summary_large_image\" \/>\n<meta name=\"twitter:label1\" content=\"\u00c9crit par\" \/>\n\t<meta name=\"twitter:data1\" content=\"cfeditorfr\" \/>\n\t<meta name=\"twitter:label2\" content=\"Dur\u00e9e de lecture estim\u00e9e\" \/>\n\t<meta name=\"twitter:data2\" content=\"2 minutes\" \/>\n<script type=\"application\/ld+json\" class=\"yoast-schema-graph\">{\"@context\":\"https:\/\/schema.org\",\"@graph\":[{\"@type\":\"Article\",\"@id\":\"https:\/\/www.africa-press.net\/cameroun\/politique\/etoudi-chantal-biya-reconnait-les-manquements-quil-faut-revoir#article\",\"isPartOf\":{\"@id\":\"https:\/\/www.africa-press.net\/cameroun\/politique\/etoudi-chantal-biya-reconnait-les-manquements-quil-faut-revoir\"},\"author\":{\"name\":\"cfeditorfr\",\"@id\":\"https:\/\/www.africa-press.net\/cameroun\/#\/schema\/person\/2b1cf3cd81a31e3cd26889ca66d677f1\"},\"headline\":\"Etoudi: Chantal Biya reconna\u00eet les manquements qu\u2019il faut revoir\",\"datePublished\":\"2023-03-10T17:59:29+00:00\",\"dateModified\":\"2023-03-10T19:29:43+00:00\",\"mainEntityOfPage\":{\"@id\":\"https:\/\/www.africa-press.net\/cameroun\/politique\/etoudi-chantal-biya-reconnait-les-manquements-quil-faut-revoir\"},\"wordCount\":432,\"commentCount\":0,\"image\":{\"@id\":\"https:\/\/www.africa-press.net\/cameroun\/politique\/etoudi-chantal-biya-reconnait-les-manquements-quil-faut-revoir#primaryimage\"},\"thumbnailUrl\":\"https:\/\/static.africa-press.net\/cameroun\/sites\/57\/2023\/03\/postQueueImg_1678463876.25.jpg\",\"keywords\":[\"Africa Press\",\"Africa Press-Cameroun\",\"Cameroun\"],\"articleSection\":[\"Politique\",\"Toutes les actualit\u00e9s\"],\"inLanguage\":\"fr-FR\",\"potentialAction\":[{\"@type\":\"CommentAction\",\"name\":\"Comment\",\"target\":[\"https:\/\/www.africa-press.net\/cameroun\/politique\/etoudi-chantal-biya-reconnait-les-manquements-quil-faut-revoir#respond\"]}]},{\"@type\":\"WebPage\",\"@id\":\"https:\/\/www.africa-press.net\/cameroun\/politique\/etoudi-chantal-biya-reconnait-les-manquements-quil-faut-revoir\",\"url\":\"https:\/\/www.africa-press.net\/cameroun\/politique\/etoudi-chantal-biya-reconnait-les-manquements-quil-faut-revoir\",\"name\":\"Etoudi: Chantal Biya reconna\u00eet les manquements qu\u2019il faut revoir - Cameroun\",\"isPartOf\":{\"@id\":\"https:\/\/www.africa-press.net\/cameroun\/#website\"},\"primaryImageOfPage\":{\"@id\":\"https:\/\/www.africa-press.net\/cameroun\/politique\/etoudi-chantal-biya-reconnait-les-manquements-quil-faut-revoir#primaryimage\"},\"image\":{\"@id\":\"https:\/\/www.africa-press.net\/cameroun\/politique\/etoudi-chantal-biya-reconnait-les-manquements-quil-faut-revoir#primaryimage\"},\"thumbnailUrl\":\"https:\/\/static.africa-press.net\/cameroun\/sites\/57\/2023\/03\/postQueueImg_1678463876.25.jpg\",\"datePublished\":\"2023-03-10T17:59:29+00:00\",\"dateModified\":\"2023-03-10T19:29:43+00:00\",\"author\":{\"@id\":\"https:\/\/www.africa-press.net\/cameroun\/#\/schema\/person\/2b1cf3cd81a31e3cd26889ca66d677f1\"},\"description\":\"Comme partout dans le monde, la journe\u0301e internationale des droits des femmes a e\u0301te\u0301 ce\u0301le\u0301bre\u0301e au Cameroun le 8 mars ...\",\"breadcrumb\":{\"@id\":\"https:\/\/www.africa-press.net\/cameroun\/politique\/etoudi-chantal-biya-reconnait-les-manquements-quil-faut-revoir#breadcrumb\"},\"inLanguage\":\"fr-FR\",\"potentialAction\":[{\"@type\":\"ReadAction\",\"target\":[\"https:\/\/www.africa-press.net\/cameroun\/politique\/etoudi-chantal-biya-reconnait-les-manquements-quil-faut-revoir\"]}]},{\"@type\":\"ImageObject\",\"inLanguage\":\"fr-FR\",\"@id\":\"https:\/\/www.africa-press.net\/cameroun\/politique\/etoudi-chantal-biya-reconnait-les-manquements-quil-faut-revoir#primaryimage\",\"url\":\"https:\/\/static.africa-press.net\/cameroun\/sites\/57\/2023\/03\/postQueueImg_1678463876.25.jpg\",\"contentUrl\":\"https:\/\/static.africa-press.net\/cameroun\/sites\/57\/2023\/03\/postQueueImg_1678463876.25.jpg\",\"width\":720,\"height\":456,\"caption\":\"Etoudi: Chantal Biya reconna\u00eet les manquements qu\u2019il faut revoir\"},{\"@type\":\"BreadcrumbList\",\"@id\":\"https:\/\/www.africa-press.net\/cameroun\/politique\/etoudi-chantal-biya-reconnait-les-manquements-quil-faut-revoir#breadcrumb\",\"itemListElement\":[{\"@type\":\"ListItem\",\"position\":1,\"name\":\"Accueil\",\"item\":\"https:\/\/www.africa-press.net\/cameroun\/\"},{\"@type\":\"ListItem\",\"position\":2,\"name\":\"Etoudi: Chantal Biya reconna\u00eet les manquements qu\u2019il faut revoir\"}]},{\"@type\":\"WebSite\",\"@id\":\"https:\/\/www.africa-press.net\/cameroun\/#website\",\"url\":\"https:\/\/www.africa-press.net\/cameroun\/\",\"name\":\"Cameroun\",\"description\":\"Just another Africa News Agency Sites site\",\"potentialAction\":[{\"@type\":\"SearchAction\",\"target\":{\"@type\":\"EntryPoint\",\"urlTemplate\":\"https:\/\/www.africa-press.net\/cameroun\/?s={search_term_string}\"},\"query-input\":{\"@type\":\"PropertyValueSpecification\",\"valueRequired\":true,\"valueName\":\"search_term_string\"}}],\"inLanguage\":\"fr-FR\"},{\"@type\":\"Person\",\"@id\":\"https:\/\/www.africa-press.net\/cameroun\/#\/schema\/person\/2b1cf3cd81a31e3cd26889ca66d677f1\",\"name\":\"cfeditorfr\"}]}<\/script>\n<!-- \/ Yoast SEO Premium plugin. -->","yoast_head_json":{"title":"Etoudi: Chantal Biya reconna\u00eet les manquements qu\u2019il faut revoir - Cameroun","description":"Comme partout dans le monde, la journe\u0301e internationale des droits des femmes a e\u0301te\u0301 ce\u0301le\u0301bre\u0301e au Cameroun le 8 mars ...","robots":{"index":"index","follow":"follow","max-snippet":"max-snippet:-1","max-image-preview":"max-image-preview:large","max-video-preview":"max-video-preview:-1"},"canonical":"https:\/\/www.africa-press.net\/cameroun\/politique\/etoudi-chantal-biya-reconnait-les-manquements-quil-faut-revoir","og_locale":"fr_FR","og_type":"article","og_title":"Etoudi: Chantal Biya reconna\u00eet les manquements qu\u2019il faut revoir","og_description":"Comme partout dans le monde, la journe\u0301e internationale des droits des femmes a e\u0301te\u0301 ce\u0301le\u0301bre\u0301e au Cameroun le 8 mars ...","og_url":"https:\/\/www.africa-press.net\/cameroun\/politique\/etoudi-chantal-biya-reconnait-les-manquements-quil-faut-revoir","og_site_name":"Cameroun","article_published_time":"2023-03-10T17:59:29+00:00","article_modified_time":"2023-03-10T19:29:43+00:00","og_image":[{"width":720,"height":456,"url":"https:\/\/static.africa-press.net\/cameroun\/sites\/57\/2023\/03\/postQueueImg_1678463876.25.jpg","type":"image\/jpeg"}],"author":"cfeditorfr","twitter_card":"summary_large_image","twitter_misc":{"\u00c9crit par":"cfeditorfr","Dur\u00e9e de lecture estim\u00e9e":"2 minutes"},"schema":{"@context":"https:\/\/schema.org","@graph":[{"@type":"Article","@id":"https:\/\/www.africa-press.net\/cameroun\/politique\/etoudi-chantal-biya-reconnait-les-manquements-quil-faut-revoir#article","isPartOf":{"@id":"https:\/\/www.africa-press.net\/cameroun\/politique\/etoudi-chantal-biya-reconnait-les-manquements-quil-faut-revoir"},"author":{"name":"cfeditorfr","@id":"https:\/\/www.africa-press.net\/cameroun\/#\/schema\/person\/2b1cf3cd81a31e3cd26889ca66d677f1"},"headline":"Etoudi: Chantal Biya reconna\u00eet les manquements qu\u2019il faut revoir","datePublished":"2023-03-10T17:59:29+00:00","dateModified":"2023-03-10T19:29:43+00:00","mainEntityOfPage":{"@id":"https:\/\/www.africa-press.net\/cameroun\/politique\/etoudi-chantal-biya-reconnait-les-manquements-quil-faut-revoir"},"wordCount":432,"commentCount":0,"image":{"@id":"https:\/\/www.africa-press.net\/cameroun\/politique\/etoudi-chantal-biya-reconnait-les-manquements-quil-faut-revoir#primaryimage"},"thumbnailUrl":"https:\/\/static.africa-press.net\/cameroun\/sites\/57\/2023\/03\/postQueueImg_1678463876.25.jpg","keywords":["Africa Press","Africa Press-Cameroun","Cameroun"],"articleSection":["Politique","Toutes les actualit\u00e9s"],"inLanguage":"fr-FR","potentialAction":[{"@type":"CommentAction","name":"Comment","target":["https:\/\/www.africa-press.net\/cameroun\/politique\/etoudi-chantal-biya-reconnait-les-manquements-quil-faut-revoir#respond"]}]},{"@type":"WebPage","@id":"https:\/\/www.africa-press.net\/cameroun\/politique\/etoudi-chantal-biya-reconnait-les-manquements-quil-faut-revoir","url":"https:\/\/www.africa-press.net\/cameroun\/politique\/etoudi-chantal-biya-reconnait-les-manquements-quil-faut-revoir","name":"Etoudi: Chantal Biya reconna\u00eet les manquements qu\u2019il faut revoir - Cameroun","isPartOf":{"@id":"https:\/\/www.africa-press.net\/cameroun\/#website"},"primaryImageOfPage":{"@id":"https:\/\/www.africa-press.net\/cameroun\/politique\/etoudi-chantal-biya-reconnait-les-manquements-quil-faut-revoir#primaryimage"},"image":{"@id":"https:\/\/www.africa-press.net\/cameroun\/politique\/etoudi-chantal-biya-reconnait-les-manquements-quil-faut-revoir#primaryimage"},"thumbnailUrl":"https:\/\/static.africa-press.net\/cameroun\/sites\/57\/2023\/03\/postQueueImg_1678463876.25.jpg","datePublished":"2023-03-10T17:59:29+00:00","dateModified":"2023-03-10T19:29:43+00:00","author":{"@id":"https:\/\/www.africa-press.net\/cameroun\/#\/schema\/person\/2b1cf3cd81a31e3cd26889ca66d677f1"},"description":"Comme partout dans le monde, la journe\u0301e internationale des droits des femmes a e\u0301te\u0301 ce\u0301le\u0301bre\u0301e au Cameroun le 8 mars ...","breadcrumb":{"@id":"https:\/\/www.africa-press.net\/cameroun\/politique\/etoudi-chantal-biya-reconnait-les-manquements-quil-faut-revoir#breadcrumb"},"inLanguage":"fr-FR","potentialAction":[{"@type":"ReadAction","target":["https:\/\/www.africa-press.net\/cameroun\/politique\/etoudi-chantal-biya-reconnait-les-manquements-quil-faut-revoir"]}]},{"@type":"ImageObject","inLanguage":"fr-FR","@id":"https:\/\/www.africa-press.net\/cameroun\/politique\/etoudi-chantal-biya-reconnait-les-manquements-quil-faut-revoir#primaryimage","url":"https:\/\/static.africa-press.net\/cameroun\/sites\/57\/2023\/03\/postQueueImg_1678463876.25.jpg","contentUrl":"https:\/\/static.africa-press.net\/cameroun\/sites\/57\/2023\/03\/postQueueImg_1678463876.25.jpg","width":720,"height":456,"caption":"Etoudi: Chantal Biya reconna\u00eet les manquements qu\u2019il faut revoir"},{"@type":"BreadcrumbList","@id":"https:\/\/www.africa-press.net\/cameroun\/politique\/etoudi-chantal-biya-reconnait-les-manquements-quil-faut-revoir#breadcrumb","itemListElement":[{"@type":"ListItem","position":1,"name":"Accueil","item":"https:\/\/www.africa-press.net\/cameroun\/"},{"@type":"ListItem","position":2,"name":"Etoudi: Chantal Biya reconna\u00eet les manquements qu\u2019il faut revoir"}]},{"@type":"WebSite","@id":"https:\/\/www.africa-press.net\/cameroun\/#website","url":"https:\/\/www.africa-press.net\/cameroun\/","name":"Cameroun","description":"Just another Africa News Agency Sites site","potentialAction":[{"@type":"SearchAction","target":{"@type":"EntryPoint","urlTemplate":"https:\/\/www.africa-press.net\/cameroun\/?s={search_term_string}"},"query-input":{"@type":"PropertyValueSpecification","valueRequired":true,"valueName":"search_term_string"}}],"inLanguage":"fr-FR"},{"@type":"Person","@id":"https:\/\/www.africa-press.net\/cameroun\/#\/schema\/person\/2b1cf3cd81a31e3cd26889ca66d677f1","name":"cfeditorfr"}]}},"_links":{"self":[{"href":"https:\/\/www.africa-press.net\/cameroun\/wp-json\/wp\/v2\/posts\/38974","targetHints":{"allow":["GET"]}}],"collection":[{"href":"https:\/\/www.africa-press.net\/cameroun\/wp-json\/wp\/v2\/posts"}],"about":[{"href":"https:\/\/www.africa-press.net\/cameroun\/wp-json\/wp\/v2\/types\/post"}],"author":[{"embeddable":true,"href":"https:\/\/www.africa-press.net\/cameroun\/wp-json\/wp\/v2\/users\/82"}],"replies":[{"embeddable":true,"href":"https:\/\/www.africa-press.net\/cameroun\/wp-json\/wp\/v2\/comments?post=38974"}],"version-history":[{"count":0,"href":"https:\/\/www.africa-press.net\/cameroun\/wp-json\/wp\/v2\/posts\/38974\/revisions"}],"wp:featuredmedia":[{"embeddable":true,"href":"https:\/\/www.africa-press.net\/cameroun\/wp-json\/wp\/v2\/media\/38972"}],"wp:attachment":[{"href":"https:\/\/www.africa-press.net\/cameroun\/wp-json\/wp\/v2\/media?parent=38974"}],"wp:term":[{"taxonomy":"category","embeddable":true,"href":"https:\/\/www.africa-press.net\/cameroun\/wp-json\/wp\/v2\/categories?post=38974"},{"taxonomy":"post_tag","embeddable":true,"href":"https:\/\/www.africa-press.net\/cameroun\/wp-json\/wp\/v2\/tags?post=38974"}],"curies":[{"name":"wp","href":"https:\/\/api.w.org\/{rel}","templated":true}]}}