{"id":38980,"date":"2023-03-11T12:26:16","date_gmt":"2023-03-11T12:26:16","guid":{"rendered":"https:\/\/www.africa-press.net\/cameroun\/politique\/grande-nuit-des-travailleurs-celebrer-lexcellence"},"modified":"2023-03-11T12:53:26","modified_gmt":"2023-03-11T12:53:26","slug":"grande-nuit-des-travailleurs-celebrer-lexcellence","status":"publish","type":"post","link":"https:\/\/www.africa-press.net\/cameroun\/toutes-les-actualites\/grande-nuit-des-travailleurs-celebrer-lexcellence","title":{"rendered":"Grande Nuit des travailleurs : C\u00e9l\u00e9brer l\u2019excellence"},"content":{"rendered":"<p><span style=\"color: #ff6600\"><strong>Africa-Press &#8211; Cameroun. <\/strong><\/span>Pour la deuxie\u0300me fois dans l\u2019histoire du Cameroun, une grande manifestation est consacre\u0301e aux travailleurs des secteurs public et prive\u0301 du pays. Cette manifestation baptise\u0301e \u00ab La grande nuit des travailleurs du Cameroun(GNT) \u00bb, consiste a\u0300 magnifier l\u2019excellence des travailleurs, a\u0300 instaurer par la\u0300 un cadre incitatif pour que les travailleurs de tout bord puissent donner le maximum d\u2019eux, afin que l\u2019entreprise ou l&rsquo;administration soit de plus en plus productive et compe\u0301titive. Une telle initiative me\u0301rite le soutien des pouvoirs publics et me\u0302me des a\u0302mes ge\u0301ne\u0301reuses soucieux d&rsquo;un Cameroun fort et prospe\u0300re voulu par le Pre\u0301sident Paul Biya.<\/p>\n<p>Nous avons appris de sources concordantes que le Gouvernement se pre\u0301parerait a\u0300 de\u0301clarer la Grande Nuit des Travailleurs ( GNT) d\u2019utilite\u0301 publique. Ce qui est une tre\u0300s bonne chose si cette information se confirme dans les prochains mois . La Grande Nuit des travailleurs serait alors l&rsquo;unique cadre de distinction et de remise des me\u0301dailles aux meilleurs travailleurs des secteurs public et prive\u0301. Le ministre du travail et de la se\u0301curite\u0301 sociale n&rsquo;aura plus besoin de se de\u0301ployer dans les entreprises pour remettre des me\u0301dailles ou des distinctions. Cela ferait du bien a\u0300 tous les Camerounais.<\/p>\n<p>L\u2019entreprise ou l&rsquo;administration ne vaut que par la qualite\u0301 de ceux qui \u0153uvrent chaque jour pour que l\u2019unite\u0301 de production soit meilleure et viable. Si le travailleur compe\u0301tent est mis dans un environnement sain, dans de bonnes conditions de travail, il ferait de son outil de production le meilleur qui soit.<\/p>\n<p>A travers le monde, et dans tous les domaines d\u2019activite\u0301, il existe des prix incitatifs qui glorifient les meilleurs. Le Prix Nobel \u00ab sanctifie \u00bb dans les domaines se\u0301lectionne\u0301s, des personnes d\u2019exception. Le journalisme attribue le \u00ab Prix Albert Londres \u00bb a\u0300 un journaliste pour son \u00ab meilleur grand reportage \u00bb de l\u2019anne\u0301e. Dans la litte\u0301rature, il existe le \u00ab Prix de Me\u0301dicis \u00bb ou \u00ab Le Prix Goncourt \u00bb a\u0300 un e\u0301crivain dont le livre aura e\u0301te\u0301 reconnu comme \u00ab excellent \u00bb. Le Qatar a cre\u0301e\u0301 depuis 2010 le \u00ab Wise \u00bb afin de re\u0301compenser grassement une personne qui aura transforme\u0301 le cadre de vie de nombreuses personnes a\u0300 travers ce que l\u2019Emirat du Golfe aura reconnu comme des actes de la \u00ab Nouvelle forme de l\u2019e\u0301ducation \u00bb.<\/p>\n<p>Toute initiative e\u0301ve\u0300nementielle, apre\u0300s l\u2019identification d\u2019un domaine d\u2019activite\u0301 et celle des personnes cibles, commence toujours par programmer une e\u0301dition. Avec une participation massive des personnes concerne\u0301es, avec une parfaite organisation de la manifestation autour du sujet, cette initiative fini par devenir une re\u0301fe\u0301rence. Nous sommes convaincus que les travailleurs du Cameroun me\u0301ritent un cadre d\u2019e\u0301mulation et de stimulation pour que l\u2019entreprise ou l&rsquo;administration au sens large du terme, produise mieux et soit compe\u0301titive.<\/p>\n<p>\u00ab La grande nuit des travailleurs du Cameroun \u00bb est ce cadre-la\u0300, cre\u0301e\u0301 pour ce\u0301le\u0301brer l\u2019excellence du travailleur. La soire\u0301e de remise des prix est pre\u0301vue le 28 Avril prochain a\u0300 la salle des banquets de la Croix-Rouge Camerounaise a\u0300 Yaounde\u0301. Ceux qui seront distingue\u0301s ce jour-la\u0300, auront la reconnaissance de la Nation, ils entreront au panthe\u0301on du travail.<\/p>\n<p><strong>Pour plus d&rsquo;informations et d&rsquo;analyses sur la <a href=\"https:\/\/www.africa-press.net\/cameroun\">Cameroun<\/a>, suivez <a href=\"https:\/\/www.africa-press.net\/\">Africa-Press<\/a><\/strong><\/p>\n","protected":false},"excerpt":{"rendered":"<p>Africa-Press &#8211; Cameroun. Pour la deuxie\u0300me fois dans l\u2019histoire du Cameroun, une grande manifestation est consacre\u0301e aux travailleurs des secteurs public et prive\u0301 du pays. Cette manifestation baptise\u0301e \u00ab La grande nuit des travailleurs du Cameroun(GNT) \u00bb, consiste a\u0300 magnifier l\u2019excellence des travailleurs, a\u0300 instaurer par la\u0300 un cadre incitatif pour que les travailleurs de [&hellip;]<\/p>\n","protected":false},"author":82,"featured_media":38978,"comment_status":"open","ping_status":"closed","sticky":false,"template":"","format":"standard","meta":{"footnotes":""},"categories":[21,10],"tags":[36,50,49],"class_list":["post-38980","post","type-post","status-publish","format-standard","has-post-thumbnail","hentry","category-communaute","category-toutes-les-actualites","tag-africa-press","tag-africa-press-cameroun","tag-cameroun"],"yoast_head":"<!-- This site is optimized with the Yoast SEO Premium plugin v26.1 (Yoast SEO v27.0) - https:\/\/yoast.com\/product\/yoast-seo-premium-wordpress\/ -->\n<title>Grande Nuit des travailleurs : C\u00e9l\u00e9brer l\u2019excellence - Cameroun<\/title>\n<meta name=\"description\" content=\"Pour la deuxie\u0300me fois dans l\u2019histoire du Cameroun, une grande manifestation est consacre\u0301e aux travailleurs des secteur ...\" \/>\n<meta name=\"robots\" content=\"index, follow, max-snippet:-1, max-image-preview:large, max-video-preview:-1\" \/>\n<link rel=\"canonical\" href=\"https:\/\/www.africa-press.net\/cameroun\/toutes-les-actualites\/grande-nuit-des-travailleurs-celebrer-lexcellence\" \/>\n<meta property=\"og:locale\" content=\"fr_FR\" \/>\n<meta property=\"og:type\" content=\"article\" \/>\n<meta property=\"og:title\" content=\"Grande Nuit des travailleurs : C\u00e9l\u00e9brer l\u2019excellence\" \/>\n<meta property=\"og:description\" content=\"Pour la deuxie\u0300me fois dans l\u2019histoire du Cameroun, une grande manifestation est consacre\u0301e aux travailleurs des secteur ...\" \/>\n<meta property=\"og:url\" content=\"https:\/\/www.africa-press.net\/cameroun\/toutes-les-actualites\/grande-nuit-des-travailleurs-celebrer-lexcellence\" \/>\n<meta property=\"og:site_name\" content=\"Cameroun\" \/>\n<meta property=\"article:published_time\" content=\"2023-03-11T12:26:16+00:00\" \/>\n<meta property=\"article:modified_time\" content=\"2023-03-11T12:53:26+00:00\" \/>\n<meta property=\"og:image\" content=\"https:\/\/static.africa-press.net\/cameroun\/sites\/57\/2023\/03\/postQueueImg_1678524978.85.jpg\" \/>\n\t<meta property=\"og:image:width\" content=\"720\" \/>\n\t<meta property=\"og:image:height\" content=\"540\" \/>\n\t<meta property=\"og:image:type\" content=\"image\/jpeg\" \/>\n<meta name=\"author\" content=\"cfeditorfr\" \/>\n<meta name=\"twitter:card\" content=\"summary_large_image\" \/>\n<meta name=\"twitter:label1\" content=\"\u00c9crit par\" \/>\n\t<meta name=\"twitter:data1\" content=\"cfeditorfr\" \/>\n\t<meta name=\"twitter:label2\" content=\"Dur\u00e9e de lecture estim\u00e9e\" \/>\n\t<meta name=\"twitter:data2\" content=\"3 minutes\" \/>\n<script type=\"application\/ld+json\" class=\"yoast-schema-graph\">{\"@context\":\"https:\/\/schema.org\",\"@graph\":[{\"@type\":\"Article\",\"@id\":\"https:\/\/www.africa-press.net\/cameroun\/toutes-les-actualites\/grande-nuit-des-travailleurs-celebrer-lexcellence#article\",\"isPartOf\":{\"@id\":\"https:\/\/www.africa-press.net\/cameroun\/toutes-les-actualites\/grande-nuit-des-travailleurs-celebrer-lexcellence\"},\"author\":{\"name\":\"cfeditorfr\",\"@id\":\"https:\/\/www.africa-press.net\/cameroun\/#\/schema\/person\/2b1cf3cd81a31e3cd26889ca66d677f1\"},\"headline\":\"Grande Nuit des travailleurs : C\u00e9l\u00e9brer l\u2019excellence\",\"datePublished\":\"2023-03-11T12:26:16+00:00\",\"dateModified\":\"2023-03-11T12:53:26+00:00\",\"mainEntityOfPage\":{\"@id\":\"https:\/\/www.africa-press.net\/cameroun\/toutes-les-actualites\/grande-nuit-des-travailleurs-celebrer-lexcellence\"},\"wordCount\":577,\"commentCount\":0,\"image\":{\"@id\":\"https:\/\/www.africa-press.net\/cameroun\/toutes-les-actualites\/grande-nuit-des-travailleurs-celebrer-lexcellence#primaryimage\"},\"thumbnailUrl\":\"https:\/\/static.africa-press.net\/cameroun\/sites\/57\/2023\/03\/postQueueImg_1678524978.85.jpg\",\"keywords\":[\"Africa Press\",\"Africa Press-Cameroun\",\"Cameroun\"],\"articleSection\":[\"Communaut\u00e9\",\"Toutes les actualit\u00e9s\"],\"inLanguage\":\"fr-FR\",\"potentialAction\":[{\"@type\":\"CommentAction\",\"name\":\"Comment\",\"target\":[\"https:\/\/www.africa-press.net\/cameroun\/toutes-les-actualites\/grande-nuit-des-travailleurs-celebrer-lexcellence#respond\"]}]},{\"@type\":\"WebPage\",\"@id\":\"https:\/\/www.africa-press.net\/cameroun\/toutes-les-actualites\/grande-nuit-des-travailleurs-celebrer-lexcellence\",\"url\":\"https:\/\/www.africa-press.net\/cameroun\/toutes-les-actualites\/grande-nuit-des-travailleurs-celebrer-lexcellence\",\"name\":\"Grande Nuit des travailleurs : C\u00e9l\u00e9brer l\u2019excellence - Cameroun\",\"isPartOf\":{\"@id\":\"https:\/\/www.africa-press.net\/cameroun\/#website\"},\"primaryImageOfPage\":{\"@id\":\"https:\/\/www.africa-press.net\/cameroun\/toutes-les-actualites\/grande-nuit-des-travailleurs-celebrer-lexcellence#primaryimage\"},\"image\":{\"@id\":\"https:\/\/www.africa-press.net\/cameroun\/toutes-les-actualites\/grande-nuit-des-travailleurs-celebrer-lexcellence#primaryimage\"},\"thumbnailUrl\":\"https:\/\/static.africa-press.net\/cameroun\/sites\/57\/2023\/03\/postQueueImg_1678524978.85.jpg\",\"datePublished\":\"2023-03-11T12:26:16+00:00\",\"dateModified\":\"2023-03-11T12:53:26+00:00\",\"author\":{\"@id\":\"https:\/\/www.africa-press.net\/cameroun\/#\/schema\/person\/2b1cf3cd81a31e3cd26889ca66d677f1\"},\"description\":\"Pour la deuxie\u0300me fois dans l\u2019histoire du Cameroun, une grande manifestation est consacre\u0301e aux travailleurs des secteur ...\",\"breadcrumb\":{\"@id\":\"https:\/\/www.africa-press.net\/cameroun\/toutes-les-actualites\/grande-nuit-des-travailleurs-celebrer-lexcellence#breadcrumb\"},\"inLanguage\":\"fr-FR\",\"potentialAction\":[{\"@type\":\"ReadAction\",\"target\":[\"https:\/\/www.africa-press.net\/cameroun\/toutes-les-actualites\/grande-nuit-des-travailleurs-celebrer-lexcellence\"]}]},{\"@type\":\"ImageObject\",\"inLanguage\":\"fr-FR\",\"@id\":\"https:\/\/www.africa-press.net\/cameroun\/toutes-les-actualites\/grande-nuit-des-travailleurs-celebrer-lexcellence#primaryimage\",\"url\":\"https:\/\/static.africa-press.net\/cameroun\/sites\/57\/2023\/03\/postQueueImg_1678524978.85.jpg\",\"contentUrl\":\"https:\/\/static.africa-press.net\/cameroun\/sites\/57\/2023\/03\/postQueueImg_1678524978.85.jpg\",\"width\":720,\"height\":540,\"caption\":\"Grande Nuit des travailleurs : C\u00e9l\u00e9brer l\u2019excellence\"},{\"@type\":\"BreadcrumbList\",\"@id\":\"https:\/\/www.africa-press.net\/cameroun\/toutes-les-actualites\/grande-nuit-des-travailleurs-celebrer-lexcellence#breadcrumb\",\"itemListElement\":[{\"@type\":\"ListItem\",\"position\":1,\"name\":\"Accueil\",\"item\":\"https:\/\/www.africa-press.net\/cameroun\/\"},{\"@type\":\"ListItem\",\"position\":2,\"name\":\"Grande Nuit des travailleurs : C\u00e9l\u00e9brer l\u2019excellence\"}]},{\"@type\":\"WebSite\",\"@id\":\"https:\/\/www.africa-press.net\/cameroun\/#website\",\"url\":\"https:\/\/www.africa-press.net\/cameroun\/\",\"name\":\"Cameroun\",\"description\":\"Just another Africa News Agency Sites site\",\"potentialAction\":[{\"@type\":\"SearchAction\",\"target\":{\"@type\":\"EntryPoint\",\"urlTemplate\":\"https:\/\/www.africa-press.net\/cameroun\/?s={search_term_string}\"},\"query-input\":{\"@type\":\"PropertyValueSpecification\",\"valueRequired\":true,\"valueName\":\"search_term_string\"}}],\"inLanguage\":\"fr-FR\"},{\"@type\":\"Person\",\"@id\":\"https:\/\/www.africa-press.net\/cameroun\/#\/schema\/person\/2b1cf3cd81a31e3cd26889ca66d677f1\",\"name\":\"cfeditorfr\"}]}<\/script>\n<!-- \/ Yoast SEO Premium plugin. -->","yoast_head_json":{"title":"Grande Nuit des travailleurs : C\u00e9l\u00e9brer l\u2019excellence - Cameroun","description":"Pour la deuxie\u0300me fois dans l\u2019histoire du Cameroun, une grande manifestation est consacre\u0301e aux travailleurs des secteur ...","robots":{"index":"index","follow":"follow","max-snippet":"max-snippet:-1","max-image-preview":"max-image-preview:large","max-video-preview":"max-video-preview:-1"},"canonical":"https:\/\/www.africa-press.net\/cameroun\/toutes-les-actualites\/grande-nuit-des-travailleurs-celebrer-lexcellence","og_locale":"fr_FR","og_type":"article","og_title":"Grande Nuit des travailleurs : C\u00e9l\u00e9brer l\u2019excellence","og_description":"Pour la deuxie\u0300me fois dans l\u2019histoire du Cameroun, une grande manifestation est consacre\u0301e aux travailleurs des secteur ...","og_url":"https:\/\/www.africa-press.net\/cameroun\/toutes-les-actualites\/grande-nuit-des-travailleurs-celebrer-lexcellence","og_site_name":"Cameroun","article_published_time":"2023-03-11T12:26:16+00:00","article_modified_time":"2023-03-11T12:53:26+00:00","og_image":[{"width":720,"height":540,"url":"https:\/\/static.africa-press.net\/cameroun\/sites\/57\/2023\/03\/postQueueImg_1678524978.85.jpg","type":"image\/jpeg"}],"author":"cfeditorfr","twitter_card":"summary_large_image","twitter_misc":{"\u00c9crit par":"cfeditorfr","Dur\u00e9e de lecture estim\u00e9e":"3 minutes"},"schema":{"@context":"https:\/\/schema.org","@graph":[{"@type":"Article","@id":"https:\/\/www.africa-press.net\/cameroun\/toutes-les-actualites\/grande-nuit-des-travailleurs-celebrer-lexcellence#article","isPartOf":{"@id":"https:\/\/www.africa-press.net\/cameroun\/toutes-les-actualites\/grande-nuit-des-travailleurs-celebrer-lexcellence"},"author":{"name":"cfeditorfr","@id":"https:\/\/www.africa-press.net\/cameroun\/#\/schema\/person\/2b1cf3cd81a31e3cd26889ca66d677f1"},"headline":"Grande Nuit des travailleurs : C\u00e9l\u00e9brer l\u2019excellence","datePublished":"2023-03-11T12:26:16+00:00","dateModified":"2023-03-11T12:53:26+00:00","mainEntityOfPage":{"@id":"https:\/\/www.africa-press.net\/cameroun\/toutes-les-actualites\/grande-nuit-des-travailleurs-celebrer-lexcellence"},"wordCount":577,"commentCount":0,"image":{"@id":"https:\/\/www.africa-press.net\/cameroun\/toutes-les-actualites\/grande-nuit-des-travailleurs-celebrer-lexcellence#primaryimage"},"thumbnailUrl":"https:\/\/static.africa-press.net\/cameroun\/sites\/57\/2023\/03\/postQueueImg_1678524978.85.jpg","keywords":["Africa Press","Africa Press-Cameroun","Cameroun"],"articleSection":["Communaut\u00e9","Toutes les actualit\u00e9s"],"inLanguage":"fr-FR","potentialAction":[{"@type":"CommentAction","name":"Comment","target":["https:\/\/www.africa-press.net\/cameroun\/toutes-les-actualites\/grande-nuit-des-travailleurs-celebrer-lexcellence#respond"]}]},{"@type":"WebPage","@id":"https:\/\/www.africa-press.net\/cameroun\/toutes-les-actualites\/grande-nuit-des-travailleurs-celebrer-lexcellence","url":"https:\/\/www.africa-press.net\/cameroun\/toutes-les-actualites\/grande-nuit-des-travailleurs-celebrer-lexcellence","name":"Grande Nuit des travailleurs : C\u00e9l\u00e9brer l\u2019excellence - Cameroun","isPartOf":{"@id":"https:\/\/www.africa-press.net\/cameroun\/#website"},"primaryImageOfPage":{"@id":"https:\/\/www.africa-press.net\/cameroun\/toutes-les-actualites\/grande-nuit-des-travailleurs-celebrer-lexcellence#primaryimage"},"image":{"@id":"https:\/\/www.africa-press.net\/cameroun\/toutes-les-actualites\/grande-nuit-des-travailleurs-celebrer-lexcellence#primaryimage"},"thumbnailUrl":"https:\/\/static.africa-press.net\/cameroun\/sites\/57\/2023\/03\/postQueueImg_1678524978.85.jpg","datePublished":"2023-03-11T12:26:16+00:00","dateModified":"2023-03-11T12:53:26+00:00","author":{"@id":"https:\/\/www.africa-press.net\/cameroun\/#\/schema\/person\/2b1cf3cd81a31e3cd26889ca66d677f1"},"description":"Pour la deuxie\u0300me fois dans l\u2019histoire du Cameroun, une grande manifestation est consacre\u0301e aux travailleurs des secteur ...","breadcrumb":{"@id":"https:\/\/www.africa-press.net\/cameroun\/toutes-les-actualites\/grande-nuit-des-travailleurs-celebrer-lexcellence#breadcrumb"},"inLanguage":"fr-FR","potentialAction":[{"@type":"ReadAction","target":["https:\/\/www.africa-press.net\/cameroun\/toutes-les-actualites\/grande-nuit-des-travailleurs-celebrer-lexcellence"]}]},{"@type":"ImageObject","inLanguage":"fr-FR","@id":"https:\/\/www.africa-press.net\/cameroun\/toutes-les-actualites\/grande-nuit-des-travailleurs-celebrer-lexcellence#primaryimage","url":"https:\/\/static.africa-press.net\/cameroun\/sites\/57\/2023\/03\/postQueueImg_1678524978.85.jpg","contentUrl":"https:\/\/static.africa-press.net\/cameroun\/sites\/57\/2023\/03\/postQueueImg_1678524978.85.jpg","width":720,"height":540,"caption":"Grande Nuit des travailleurs : C\u00e9l\u00e9brer l\u2019excellence"},{"@type":"BreadcrumbList","@id":"https:\/\/www.africa-press.net\/cameroun\/toutes-les-actualites\/grande-nuit-des-travailleurs-celebrer-lexcellence#breadcrumb","itemListElement":[{"@type":"ListItem","position":1,"name":"Accueil","item":"https:\/\/www.africa-press.net\/cameroun\/"},{"@type":"ListItem","position":2,"name":"Grande Nuit des travailleurs : C\u00e9l\u00e9brer l\u2019excellence"}]},{"@type":"WebSite","@id":"https:\/\/www.africa-press.net\/cameroun\/#website","url":"https:\/\/www.africa-press.net\/cameroun\/","name":"Cameroun","description":"Just another Africa News Agency Sites site","potentialAction":[{"@type":"SearchAction","target":{"@type":"EntryPoint","urlTemplate":"https:\/\/www.africa-press.net\/cameroun\/?s={search_term_string}"},"query-input":{"@type":"PropertyValueSpecification","valueRequired":true,"valueName":"search_term_string"}}],"inLanguage":"fr-FR"},{"@type":"Person","@id":"https:\/\/www.africa-press.net\/cameroun\/#\/schema\/person\/2b1cf3cd81a31e3cd26889ca66d677f1","name":"cfeditorfr"}]}},"_links":{"self":[{"href":"https:\/\/www.africa-press.net\/cameroun\/wp-json\/wp\/v2\/posts\/38980","targetHints":{"allow":["GET"]}}],"collection":[{"href":"https:\/\/www.africa-press.net\/cameroun\/wp-json\/wp\/v2\/posts"}],"about":[{"href":"https:\/\/www.africa-press.net\/cameroun\/wp-json\/wp\/v2\/types\/post"}],"author":[{"embeddable":true,"href":"https:\/\/www.africa-press.net\/cameroun\/wp-json\/wp\/v2\/users\/82"}],"replies":[{"embeddable":true,"href":"https:\/\/www.africa-press.net\/cameroun\/wp-json\/wp\/v2\/comments?post=38980"}],"version-history":[{"count":0,"href":"https:\/\/www.africa-press.net\/cameroun\/wp-json\/wp\/v2\/posts\/38980\/revisions"}],"wp:featuredmedia":[{"embeddable":true,"href":"https:\/\/www.africa-press.net\/cameroun\/wp-json\/wp\/v2\/media\/38978"}],"wp:attachment":[{"href":"https:\/\/www.africa-press.net\/cameroun\/wp-json\/wp\/v2\/media?parent=38980"}],"wp:term":[{"taxonomy":"category","embeddable":true,"href":"https:\/\/www.africa-press.net\/cameroun\/wp-json\/wp\/v2\/categories?post=38980"},{"taxonomy":"post_tag","embeddable":true,"href":"https:\/\/www.africa-press.net\/cameroun\/wp-json\/wp\/v2\/tags?post=38980"}],"curies":[{"name":"wp","href":"https:\/\/api.w.org\/{rel}","templated":true}]}}