{"id":38986,"date":"2023-03-11T12:26:28","date_gmt":"2023-03-11T12:26:28","guid":{"rendered":"https:\/\/www.africa-press.net\/cameroun\/politique\/nomination-paul-biya-choisit-la-4eme-epouse-de-maxime-eko-eko"},"modified":"2023-03-11T12:54:21","modified_gmt":"2023-03-11T12:54:21","slug":"nomination-paul-biya-choisit-la-4eme-epouse-de-maxime-eko-eko","status":"publish","type":"post","link":"https:\/\/www.africa-press.net\/cameroun\/politique\/nomination-paul-biya-choisit-la-4eme-epouse-de-maxime-eko-eko","title":{"rendered":"Nomination : Paul Biya choisit la 4\u00e8me \u00e9pouse de Maxime Eko Eko"},"content":{"rendered":"<p><span style=\"color: #ff6600\"><strong>Africa-Press &#8211; Cameroun. <\/strong><\/span>Le Directeur ge\u0301ne\u0301ral de la DGRE Maxime Eko Eko poursuit son se\u0301jour carce\u0301ral a\u0300 la prison centrale de Kondengui. En attendant le nom de son remplac\u0327ant a\u0300 la te\u0302te du service de contre-espionnage du Cameroun, sa 4e\u0300me e\u0301pouse Vioring Bienvenue Emilienne, be\u0301ne\u0301ficie de la bienveillance du chef de l\u2019Etat. Elle est nomme\u0301e ce 10 mars 2023, conseille\u0300re aupre\u0300s du Secre\u0301tariat d\u2019Etat a\u0300 la de\u0301fense charge\u0301e de la gendarmerie par Paul Biya. Cette nomination intervient apre\u0300s la de\u0301tention pendant pre\u0300s d\u2019un mois de son mari au SED.<\/p>\n<p>Le chef de la DGRE accuse\u0301 de complicite\u0301 de torture sur la personne de Martinez Zogo nie les faits qui lui sont reproche\u0301s. L\u2019ancien journaliste Gilbert Baongla, re\u0301ve\u0300le pourtant les relations suspectes avec ce haut fonctionnaire de l\u2019Etat et le tre\u0300s controverse\u0301 homme d\u2019affaires Amougou Belinga.<\/p>\n<p>Re\u0301seau d\u2019escroquerie<\/p>\n<p>Du fond de sa cellule, Amougou Belinga attend impatiemment l\u2019e\u0301volution de son dossier. Ses adversaires qu\u2019il avait pris soin de jeter en prison quand il e\u0301tait encore puissant, ne se font pas prier pour lui re\u0301gler ses comptes. Les re\u0301ve\u0301lations croustillantes fusent de part et d\u2019autre. L\u2019homme qui se fait appeler le fils ai\u0302ne\u0301 de Paul Biya Gilbert Baongla e\u0301ventre le syste\u0300me d\u2019escroquerie d\u2019Amougou Belinga. Selon l\u2019ancien journaliste, le PDG du groupe l\u2019Anecdote e\u0301tait de\u0301tenteur d\u2019une carte VIP de la la Direction ge\u0301ne\u0301rale de la recherche exte\u0301rieure (DGRE), en plus de son passeport diplomatique centrafricain.<\/p>\n<p>C\u2019est cette carte qui permettrait a\u0300 l\u2019homme d\u2019affaires de se faire passer pour un proche de Paul Biya, bien introduit dans le se\u0301rail. Le syste\u0300me est bien huile\u0301 au point ou\u0300 les victimes d\u2019Amougou Belinga n\u2019ont quasiment pas de chance de\u0301couvrir le pot aux roses.<\/p>\n<p>\u00ab Amougou e\u0301tait comme un agent de la DGRE avec une carte VIP.Il se balade partout avec. Quand Amougou vient vers vous, me\u0302me si vous e\u0302tes chef d&rsquo;Etat, il vous dit voici ma carte de la DGRE, la plus grande institution de renseignement, il prend son te\u0301le\u0301phone, il appelle le directeur de la DGRE, il appelle la pre\u0301sidence de la Re\u0301publique, il dit bonjour a\u0300 Ivo, on fait comment ? On croit en ce qu&rsquo;il dit \u00bb, re\u0301ve\u0300le Gilbert Baongla.<\/p>\n<p>Le \u00ab fils ai\u0302ne\u0301 de Paul Biya \u00bb est convaincu que Maxime Eko Eko, e\u0301galement en de\u0301tention a\u0300 la prison centrale de Kondengui dans le cadre de l\u2019affaire d\u2019assassinat du journaliste Martinez Zogo, est le cerveau de ce puissant re\u0301seau d\u2019escroquerie qui use a\u0300 volonte\u0301 des moyens de l\u2019Etat.<\/p>\n<p>Si Amougou Belinga s\u2019est cru par moment intouchable, c\u2019est parce qu\u2019il aurait re\u0301ussi ses propres \u00ab partenaires de crime \u00bb. \u00ab Il les a roule\u0301s tous. Parce que normalement la me\u0302me quintessence financie\u0300re que Amougou devait avoir, me\u0302me son complice Eko Eko devrait l&rsquo;avoir puisque c&rsquo;est Eko Eko qui est le ge\u0301ne\u0301rateur de la pense\u0301e forte, du bluff, rapporte Baongla.<\/p>\n<p>Gilbert Baongla connait bien Amougou Belinga. C\u2019est lui qui a donne\u0301 au jeune pousseur de charrette, sa premie\u0300re chance d\u2019entrer dans l\u2019univers me\u0301diatique. Sans lui, les Camerounais ne connai\u0302traient peut-e\u0302tre Amougou Belinga et Martinez Zogo serait peut-e\u0302tre encore en vie. Il doit certainement regretter avoir aide\u0301 ce jeune Amougou Belinga qui avait fui le recrutement de l\u2019arme\u0301e car c\u2019est lui qui l\u2019a finalement envoye\u0301 en prison.<\/p>\n<p><iframe loading=\"lazy\" title=\"Gilbert Baongla met \u00e0 nu Amougou BELINGA\" width=\"696\" height=\"392\" src=\"https:\/\/www.youtube.com\/embed\/F4vLBRri1IU?feature=oembed\" frameborder=\"0\" allow=\"accelerometer; autoplay; clipboard-write; encrypted-media; gyroscope; picture-in-picture; web-share\" allowfullscreen><\/iframe><\/p>\n<p><strong>Pour plus d&rsquo;informations et d&rsquo;analyses sur la <a href=\"https:\/\/www.africa-press.net\/cameroun\">Cameroun<\/a>, suivez <a href=\"https:\/\/www.africa-press.net\/\">Africa-Press<\/a><\/strong><\/p>\n","protected":false},"excerpt":{"rendered":"<p>Africa-Press &#8211; Cameroun. Le Directeur ge\u0301ne\u0301ral de la DGRE Maxime Eko Eko poursuit son se\u0301jour carce\u0301ral a\u0300 la prison centrale de Kondengui. En attendant le nom de son remplac\u0327ant a\u0300 la te\u0302te du service de contre-espionnage du Cameroun, sa 4e\u0300me e\u0301pouse Vioring Bienvenue Emilienne, be\u0301ne\u0301ficie de la bienveillance du chef de l\u2019Etat. Elle est nomme\u0301e [&hellip;]<\/p>\n","protected":false},"author":82,"featured_media":38984,"comment_status":"open","ping_status":"closed","sticky":false,"template":"","format":"standard","meta":{"footnotes":""},"categories":[2,10,9],"tags":[36,50,49],"class_list":["post-38986","post","type-post","status-publish","format-standard","has-post-thumbnail","hentry","category-politique","category-toutes-les-actualites","category-video","tag-africa-press","tag-africa-press-cameroun","tag-cameroun"],"yoast_head":"<!-- This site is optimized with the Yoast SEO Premium plugin v26.1 (Yoast SEO v27.0) - https:\/\/yoast.com\/product\/yoast-seo-premium-wordpress\/ -->\n<title>Nomination : Paul Biya choisit la 4\u00e8me \u00e9pouse de Maxime Eko Eko - Cameroun<\/title>\n<meta name=\"description\" content=\"Le Directeur ge\u0301ne\u0301ral de la DGRE Maxime Eko Eko poursuit son se\u0301jour carce\u0301ral a\u0300 la prison centrale de Kondengui. En a ...\" \/>\n<meta name=\"robots\" content=\"index, follow, max-snippet:-1, max-image-preview:large, max-video-preview:-1\" \/>\n<link rel=\"canonical\" href=\"https:\/\/www.africa-press.net\/cameroun\/politique\/nomination-paul-biya-choisit-la-4eme-epouse-de-maxime-eko-eko\" \/>\n<meta property=\"og:locale\" content=\"fr_FR\" \/>\n<meta property=\"og:type\" content=\"article\" \/>\n<meta property=\"og:title\" content=\"Nomination : Paul Biya choisit la 4\u00e8me \u00e9pouse de Maxime Eko Eko\" \/>\n<meta property=\"og:description\" content=\"Le Directeur ge\u0301ne\u0301ral de la DGRE Maxime Eko Eko poursuit son se\u0301jour carce\u0301ral a\u0300 la prison centrale de Kondengui. En a ...\" \/>\n<meta property=\"og:url\" content=\"https:\/\/www.africa-press.net\/cameroun\/politique\/nomination-paul-biya-choisit-la-4eme-epouse-de-maxime-eko-eko\" \/>\n<meta property=\"og:site_name\" content=\"Cameroun\" \/>\n<meta property=\"article:published_time\" content=\"2023-03-11T12:26:28+00:00\" \/>\n<meta property=\"article:modified_time\" content=\"2023-03-11T12:54:21+00:00\" \/>\n<meta property=\"og:image\" content=\"https:\/\/static.africa-press.net\/cameroun\/sites\/57\/2023\/03\/postQueueImg_1678524992.29.jpg\" \/>\n\t<meta property=\"og:image:width\" content=\"770\" \/>\n\t<meta property=\"og:image:height\" content=\"440\" \/>\n\t<meta property=\"og:image:type\" content=\"image\/jpeg\" \/>\n<meta name=\"author\" content=\"cfeditorfr\" \/>\n<meta name=\"twitter:card\" content=\"summary_large_image\" \/>\n<meta name=\"twitter:label1\" content=\"\u00c9crit par\" \/>\n\t<meta name=\"twitter:data1\" content=\"cfeditorfr\" \/>\n\t<meta name=\"twitter:label2\" content=\"Dur\u00e9e de lecture estim\u00e9e\" \/>\n\t<meta name=\"twitter:data2\" content=\"3 minutes\" \/>\n<script type=\"application\/ld+json\" class=\"yoast-schema-graph\">{\"@context\":\"https:\/\/schema.org\",\"@graph\":[{\"@type\":\"Article\",\"@id\":\"https:\/\/www.africa-press.net\/cameroun\/politique\/nomination-paul-biya-choisit-la-4eme-epouse-de-maxime-eko-eko#article\",\"isPartOf\":{\"@id\":\"https:\/\/www.africa-press.net\/cameroun\/politique\/nomination-paul-biya-choisit-la-4eme-epouse-de-maxime-eko-eko\"},\"author\":{\"name\":\"cfeditorfr\",\"@id\":\"https:\/\/www.africa-press.net\/cameroun\/#\/schema\/person\/2b1cf3cd81a31e3cd26889ca66d677f1\"},\"headline\":\"Nomination : Paul Biya choisit la 4\u00e8me \u00e9pouse de Maxime Eko Eko\",\"datePublished\":\"2023-03-11T12:26:28+00:00\",\"dateModified\":\"2023-03-11T12:54:21+00:00\",\"mainEntityOfPage\":{\"@id\":\"https:\/\/www.africa-press.net\/cameroun\/politique\/nomination-paul-biya-choisit-la-4eme-epouse-de-maxime-eko-eko\"},\"wordCount\":660,\"commentCount\":0,\"image\":{\"@id\":\"https:\/\/www.africa-press.net\/cameroun\/politique\/nomination-paul-biya-choisit-la-4eme-epouse-de-maxime-eko-eko#primaryimage\"},\"thumbnailUrl\":\"https:\/\/static.africa-press.net\/cameroun\/sites\/57\/2023\/03\/postQueueImg_1678524992.29.jpg\",\"keywords\":[\"Africa Press\",\"Africa Press-Cameroun\",\"Cameroun\"],\"articleSection\":[\"Politique\",\"Toutes les actualit\u00e9s\",\"vid\u00e9o\"],\"inLanguage\":\"fr-FR\",\"potentialAction\":[{\"@type\":\"CommentAction\",\"name\":\"Comment\",\"target\":[\"https:\/\/www.africa-press.net\/cameroun\/politique\/nomination-paul-biya-choisit-la-4eme-epouse-de-maxime-eko-eko#respond\"]}]},{\"@type\":\"WebPage\",\"@id\":\"https:\/\/www.africa-press.net\/cameroun\/politique\/nomination-paul-biya-choisit-la-4eme-epouse-de-maxime-eko-eko\",\"url\":\"https:\/\/www.africa-press.net\/cameroun\/politique\/nomination-paul-biya-choisit-la-4eme-epouse-de-maxime-eko-eko\",\"name\":\"Nomination : Paul Biya choisit la 4\u00e8me \u00e9pouse de Maxime Eko Eko - Cameroun\",\"isPartOf\":{\"@id\":\"https:\/\/www.africa-press.net\/cameroun\/#website\"},\"primaryImageOfPage\":{\"@id\":\"https:\/\/www.africa-press.net\/cameroun\/politique\/nomination-paul-biya-choisit-la-4eme-epouse-de-maxime-eko-eko#primaryimage\"},\"image\":{\"@id\":\"https:\/\/www.africa-press.net\/cameroun\/politique\/nomination-paul-biya-choisit-la-4eme-epouse-de-maxime-eko-eko#primaryimage\"},\"thumbnailUrl\":\"https:\/\/static.africa-press.net\/cameroun\/sites\/57\/2023\/03\/postQueueImg_1678524992.29.jpg\",\"datePublished\":\"2023-03-11T12:26:28+00:00\",\"dateModified\":\"2023-03-11T12:54:21+00:00\",\"author\":{\"@id\":\"https:\/\/www.africa-press.net\/cameroun\/#\/schema\/person\/2b1cf3cd81a31e3cd26889ca66d677f1\"},\"description\":\"Le Directeur ge\u0301ne\u0301ral de la DGRE Maxime Eko Eko poursuit son se\u0301jour carce\u0301ral a\u0300 la prison centrale de Kondengui. En a ...\",\"breadcrumb\":{\"@id\":\"https:\/\/www.africa-press.net\/cameroun\/politique\/nomination-paul-biya-choisit-la-4eme-epouse-de-maxime-eko-eko#breadcrumb\"},\"inLanguage\":\"fr-FR\",\"potentialAction\":[{\"@type\":\"ReadAction\",\"target\":[\"https:\/\/www.africa-press.net\/cameroun\/politique\/nomination-paul-biya-choisit-la-4eme-epouse-de-maxime-eko-eko\"]}]},{\"@type\":\"ImageObject\",\"inLanguage\":\"fr-FR\",\"@id\":\"https:\/\/www.africa-press.net\/cameroun\/politique\/nomination-paul-biya-choisit-la-4eme-epouse-de-maxime-eko-eko#primaryimage\",\"url\":\"https:\/\/static.africa-press.net\/cameroun\/sites\/57\/2023\/03\/postQueueImg_1678524992.29.jpg\",\"contentUrl\":\"https:\/\/static.africa-press.net\/cameroun\/sites\/57\/2023\/03\/postQueueImg_1678524992.29.jpg\",\"width\":770,\"height\":440,\"caption\":\"Nomination : Paul Biya choisit la 4\u00e8me \u00e9pouse de Maxime Eko Eko\"},{\"@type\":\"BreadcrumbList\",\"@id\":\"https:\/\/www.africa-press.net\/cameroun\/politique\/nomination-paul-biya-choisit-la-4eme-epouse-de-maxime-eko-eko#breadcrumb\",\"itemListElement\":[{\"@type\":\"ListItem\",\"position\":1,\"name\":\"Accueil\",\"item\":\"https:\/\/www.africa-press.net\/cameroun\/\"},{\"@type\":\"ListItem\",\"position\":2,\"name\":\"Nomination : Paul Biya choisit la 4\u00e8me \u00e9pouse de Maxime Eko Eko\"}]},{\"@type\":\"WebSite\",\"@id\":\"https:\/\/www.africa-press.net\/cameroun\/#website\",\"url\":\"https:\/\/www.africa-press.net\/cameroun\/\",\"name\":\"Cameroun\",\"description\":\"Just another Africa News Agency Sites site\",\"potentialAction\":[{\"@type\":\"SearchAction\",\"target\":{\"@type\":\"EntryPoint\",\"urlTemplate\":\"https:\/\/www.africa-press.net\/cameroun\/?s={search_term_string}\"},\"query-input\":{\"@type\":\"PropertyValueSpecification\",\"valueRequired\":true,\"valueName\":\"search_term_string\"}}],\"inLanguage\":\"fr-FR\"},{\"@type\":\"Person\",\"@id\":\"https:\/\/www.africa-press.net\/cameroun\/#\/schema\/person\/2b1cf3cd81a31e3cd26889ca66d677f1\",\"name\":\"cfeditorfr\"}]}<\/script>\n<!-- \/ Yoast SEO Premium plugin. -->","yoast_head_json":{"title":"Nomination : Paul Biya choisit la 4\u00e8me \u00e9pouse de Maxime Eko Eko - Cameroun","description":"Le Directeur ge\u0301ne\u0301ral de la DGRE Maxime Eko Eko poursuit son se\u0301jour carce\u0301ral a\u0300 la prison centrale de Kondengui. En a ...","robots":{"index":"index","follow":"follow","max-snippet":"max-snippet:-1","max-image-preview":"max-image-preview:large","max-video-preview":"max-video-preview:-1"},"canonical":"https:\/\/www.africa-press.net\/cameroun\/politique\/nomination-paul-biya-choisit-la-4eme-epouse-de-maxime-eko-eko","og_locale":"fr_FR","og_type":"article","og_title":"Nomination : Paul Biya choisit la 4\u00e8me \u00e9pouse de Maxime Eko Eko","og_description":"Le Directeur ge\u0301ne\u0301ral de la DGRE Maxime Eko Eko poursuit son se\u0301jour carce\u0301ral a\u0300 la prison centrale de Kondengui. En a ...","og_url":"https:\/\/www.africa-press.net\/cameroun\/politique\/nomination-paul-biya-choisit-la-4eme-epouse-de-maxime-eko-eko","og_site_name":"Cameroun","article_published_time":"2023-03-11T12:26:28+00:00","article_modified_time":"2023-03-11T12:54:21+00:00","og_image":[{"width":770,"height":440,"url":"https:\/\/static.africa-press.net\/cameroun\/sites\/57\/2023\/03\/postQueueImg_1678524992.29.jpg","type":"image\/jpeg"}],"author":"cfeditorfr","twitter_card":"summary_large_image","twitter_misc":{"\u00c9crit par":"cfeditorfr","Dur\u00e9e de lecture estim\u00e9e":"3 minutes"},"schema":{"@context":"https:\/\/schema.org","@graph":[{"@type":"Article","@id":"https:\/\/www.africa-press.net\/cameroun\/politique\/nomination-paul-biya-choisit-la-4eme-epouse-de-maxime-eko-eko#article","isPartOf":{"@id":"https:\/\/www.africa-press.net\/cameroun\/politique\/nomination-paul-biya-choisit-la-4eme-epouse-de-maxime-eko-eko"},"author":{"name":"cfeditorfr","@id":"https:\/\/www.africa-press.net\/cameroun\/#\/schema\/person\/2b1cf3cd81a31e3cd26889ca66d677f1"},"headline":"Nomination : Paul Biya choisit la 4\u00e8me \u00e9pouse de Maxime Eko Eko","datePublished":"2023-03-11T12:26:28+00:00","dateModified":"2023-03-11T12:54:21+00:00","mainEntityOfPage":{"@id":"https:\/\/www.africa-press.net\/cameroun\/politique\/nomination-paul-biya-choisit-la-4eme-epouse-de-maxime-eko-eko"},"wordCount":660,"commentCount":0,"image":{"@id":"https:\/\/www.africa-press.net\/cameroun\/politique\/nomination-paul-biya-choisit-la-4eme-epouse-de-maxime-eko-eko#primaryimage"},"thumbnailUrl":"https:\/\/static.africa-press.net\/cameroun\/sites\/57\/2023\/03\/postQueueImg_1678524992.29.jpg","keywords":["Africa Press","Africa Press-Cameroun","Cameroun"],"articleSection":["Politique","Toutes les actualit\u00e9s","vid\u00e9o"],"inLanguage":"fr-FR","potentialAction":[{"@type":"CommentAction","name":"Comment","target":["https:\/\/www.africa-press.net\/cameroun\/politique\/nomination-paul-biya-choisit-la-4eme-epouse-de-maxime-eko-eko#respond"]}]},{"@type":"WebPage","@id":"https:\/\/www.africa-press.net\/cameroun\/politique\/nomination-paul-biya-choisit-la-4eme-epouse-de-maxime-eko-eko","url":"https:\/\/www.africa-press.net\/cameroun\/politique\/nomination-paul-biya-choisit-la-4eme-epouse-de-maxime-eko-eko","name":"Nomination : Paul Biya choisit la 4\u00e8me \u00e9pouse de Maxime Eko Eko - Cameroun","isPartOf":{"@id":"https:\/\/www.africa-press.net\/cameroun\/#website"},"primaryImageOfPage":{"@id":"https:\/\/www.africa-press.net\/cameroun\/politique\/nomination-paul-biya-choisit-la-4eme-epouse-de-maxime-eko-eko#primaryimage"},"image":{"@id":"https:\/\/www.africa-press.net\/cameroun\/politique\/nomination-paul-biya-choisit-la-4eme-epouse-de-maxime-eko-eko#primaryimage"},"thumbnailUrl":"https:\/\/static.africa-press.net\/cameroun\/sites\/57\/2023\/03\/postQueueImg_1678524992.29.jpg","datePublished":"2023-03-11T12:26:28+00:00","dateModified":"2023-03-11T12:54:21+00:00","author":{"@id":"https:\/\/www.africa-press.net\/cameroun\/#\/schema\/person\/2b1cf3cd81a31e3cd26889ca66d677f1"},"description":"Le Directeur ge\u0301ne\u0301ral de la DGRE Maxime Eko Eko poursuit son se\u0301jour carce\u0301ral a\u0300 la prison centrale de Kondengui. En a ...","breadcrumb":{"@id":"https:\/\/www.africa-press.net\/cameroun\/politique\/nomination-paul-biya-choisit-la-4eme-epouse-de-maxime-eko-eko#breadcrumb"},"inLanguage":"fr-FR","potentialAction":[{"@type":"ReadAction","target":["https:\/\/www.africa-press.net\/cameroun\/politique\/nomination-paul-biya-choisit-la-4eme-epouse-de-maxime-eko-eko"]}]},{"@type":"ImageObject","inLanguage":"fr-FR","@id":"https:\/\/www.africa-press.net\/cameroun\/politique\/nomination-paul-biya-choisit-la-4eme-epouse-de-maxime-eko-eko#primaryimage","url":"https:\/\/static.africa-press.net\/cameroun\/sites\/57\/2023\/03\/postQueueImg_1678524992.29.jpg","contentUrl":"https:\/\/static.africa-press.net\/cameroun\/sites\/57\/2023\/03\/postQueueImg_1678524992.29.jpg","width":770,"height":440,"caption":"Nomination : Paul Biya choisit la 4\u00e8me \u00e9pouse de Maxime Eko Eko"},{"@type":"BreadcrumbList","@id":"https:\/\/www.africa-press.net\/cameroun\/politique\/nomination-paul-biya-choisit-la-4eme-epouse-de-maxime-eko-eko#breadcrumb","itemListElement":[{"@type":"ListItem","position":1,"name":"Accueil","item":"https:\/\/www.africa-press.net\/cameroun\/"},{"@type":"ListItem","position":2,"name":"Nomination : Paul Biya choisit la 4\u00e8me \u00e9pouse de Maxime Eko Eko"}]},{"@type":"WebSite","@id":"https:\/\/www.africa-press.net\/cameroun\/#website","url":"https:\/\/www.africa-press.net\/cameroun\/","name":"Cameroun","description":"Just another Africa News Agency Sites site","potentialAction":[{"@type":"SearchAction","target":{"@type":"EntryPoint","urlTemplate":"https:\/\/www.africa-press.net\/cameroun\/?s={search_term_string}"},"query-input":{"@type":"PropertyValueSpecification","valueRequired":true,"valueName":"search_term_string"}}],"inLanguage":"fr-FR"},{"@type":"Person","@id":"https:\/\/www.africa-press.net\/cameroun\/#\/schema\/person\/2b1cf3cd81a31e3cd26889ca66d677f1","name":"cfeditorfr"}]}},"_links":{"self":[{"href":"https:\/\/www.africa-press.net\/cameroun\/wp-json\/wp\/v2\/posts\/38986","targetHints":{"allow":["GET"]}}],"collection":[{"href":"https:\/\/www.africa-press.net\/cameroun\/wp-json\/wp\/v2\/posts"}],"about":[{"href":"https:\/\/www.africa-press.net\/cameroun\/wp-json\/wp\/v2\/types\/post"}],"author":[{"embeddable":true,"href":"https:\/\/www.africa-press.net\/cameroun\/wp-json\/wp\/v2\/users\/82"}],"replies":[{"embeddable":true,"href":"https:\/\/www.africa-press.net\/cameroun\/wp-json\/wp\/v2\/comments?post=38986"}],"version-history":[{"count":0,"href":"https:\/\/www.africa-press.net\/cameroun\/wp-json\/wp\/v2\/posts\/38986\/revisions"}],"wp:featuredmedia":[{"embeddable":true,"href":"https:\/\/www.africa-press.net\/cameroun\/wp-json\/wp\/v2\/media\/38984"}],"wp:attachment":[{"href":"https:\/\/www.africa-press.net\/cameroun\/wp-json\/wp\/v2\/media?parent=38986"}],"wp:term":[{"taxonomy":"category","embeddable":true,"href":"https:\/\/www.africa-press.net\/cameroun\/wp-json\/wp\/v2\/categories?post=38986"},{"taxonomy":"post_tag","embeddable":true,"href":"https:\/\/www.africa-press.net\/cameroun\/wp-json\/wp\/v2\/tags?post=38986"}],"curies":[{"name":"wp","href":"https:\/\/api.w.org\/{rel}","templated":true}]}}