{"id":38989,"date":"2023-03-11T12:26:33","date_gmt":"2023-03-11T12:26:33","guid":{"rendered":"https:\/\/www.africa-press.net\/cameroun\/politique\/presidence-compliquee-avant-de-passer-la-main-paul-biya-va-poser-un-dernier-acte"},"modified":"2023-03-11T12:54:43","modified_gmt":"2023-03-11T12:54:43","slug":"presidence-compliquee-avant-de-passer-la-main-paul-biya-va-poser-un-dernier-acte","status":"publish","type":"post","link":"https:\/\/www.africa-press.net\/cameroun\/politique\/presidence-compliquee-avant-de-passer-la-main-paul-biya-va-poser-un-dernier-acte","title":{"rendered":"Pr\u00e9sidence compliqu\u00e9e : avant de passer la main, Paul Biya va poser un dernier acte"},"content":{"rendered":"<p><span style=\"color: #ff6600\"><strong>Africa-Press &#8211; Cameroun. <\/strong><\/span>La prochaine confe\u0301rence des chefs d\u2019E\u0301tat de l\u2019organisation re\u0301gionale devrait se tenir ce 17 mars a\u0300 Yaounde\u0301. Au menu des discussions, des annonces fortes, notamment sur la re\u0301forme du Franc CFA. Avant que Paul Biya ne passe la main, il devrait pre\u0301sider les travaux. Mais ce sommet s\u2019annonce complique\u0301, a\u0300 en croire le lanceur d\u2019alerte Boris Bertolt.<\/p>\n<p>\u00ab La 15e session ordinaire de la Confe\u0301rence des chefs d\u2019E\u0301tat de la Communaute\u0301 e\u0301conomique et mone\u0301taire de l\u2019Afrique centrale (Cemac) est convoque\u0301e pour le 17 mars 2023 a\u0300 Yaounde\u0301. Elle sera pre\u0301side\u0301e par le pre\u0301sident camerounais, Paul Biya. Paul Biya devrait passer la main. Lui qui est arrive\u0301 en fin de mandat. Ainsi que six membres du gouvernement de la Cemac, en fonction depuis fe\u0301vrier 2017 pour un mandat de 5 ans ; le pre\u0301sident de la Commission de surveillance du marche\u0301 financier de l\u2019Afrique centrale (Cosumaf), en poste depuis de\u0301cembre 2017. Mais, l\u2019un des enjeux politiques du sommet est celui de savoir si les chefs d\u2019Etat de la sous-re\u0301gion laisseront le pre\u0301sident centrafricain, Faustin Archange Touadera, russophile assume\u0301 prendre la te\u0302te de la sous-re\u0301gion ? \u00bb, se questionne Boris Bertolt.<\/p>\n<p>\u00ab Ce sera une re\u0301union en pre\u0301sentiel, contrairement au sommet extraordinaire organise\u0301 en visioconfe\u0301rence en aou\u0302t 2021. La dernie\u0300re assise du genre remonte a\u0300 novembre 2019 dans la me\u0302me ville. Selon l\u2019ordre du jour, que Jeune Afrique a pu consulter, le Camerounais Paul Biya ce\u0301dera la pre\u0301sidence de l\u2019organisation a\u0300 l\u2019un de ses homologues de la sous-re\u0301gion. Si l\u2019on s\u2019en tient au principe de rotation par ordre alphabe\u0301tique, le fauteuil doit e\u0302tre attribue\u0301 au Centrafricain Faustin-Archange Touade\u0301ra \u00bb, e\u0301voquait Jeune Afrique.<\/p>\n<p><strong>Pour plus d&rsquo;informations et d&rsquo;analyses sur la <a href=\"https:\/\/www.africa-press.net\/cameroun\">Cameroun<\/a>, suivez <a href=\"https:\/\/www.africa-press.net\/\">Africa-Press<\/a><\/strong><\/p>\n","protected":false},"excerpt":{"rendered":"<p>Africa-Press &#8211; Cameroun. La prochaine confe\u0301rence des chefs d\u2019E\u0301tat de l\u2019organisation re\u0301gionale devrait se tenir ce 17 mars a\u0300 Yaounde\u0301. Au menu des discussions, des annonces fortes, notamment sur la re\u0301forme du Franc CFA. Avant que Paul Biya ne passe la main, il devrait pre\u0301sider les travaux. Mais ce sommet s\u2019annonce complique\u0301, a\u0300 en croire [&hellip;]<\/p>\n","protected":false},"author":82,"featured_media":38987,"comment_status":"open","ping_status":"closed","sticky":false,"template":"","format":"standard","meta":{"footnotes":""},"categories":[2,20,10],"tags":[36,50,49],"class_list":["post-38989","post","type-post","status-publish","format-standard","has-post-thumbnail","hentry","category-politique","category-top-nouvelles","category-toutes-les-actualites","tag-africa-press","tag-africa-press-cameroun","tag-cameroun"],"yoast_head":"<!-- This site is optimized with the Yoast SEO Premium plugin v26.1 (Yoast SEO v27.0) - https:\/\/yoast.com\/product\/yoast-seo-premium-wordpress\/ -->\n<title>Pr\u00e9sidence compliqu\u00e9e : avant de passer la main, Paul Biya va poser un dernier acte - Cameroun<\/title>\n<meta name=\"description\" content=\"La prochaine confe\u0301rence des chefs d\u2019E\u0301tat de l\u2019organisation re\u0301gionale devrait se tenir ce 17 mars a\u0300 Yaounde\u0301. Au menu ...\" \/>\n<meta name=\"robots\" content=\"index, follow, max-snippet:-1, max-image-preview:large, max-video-preview:-1\" \/>\n<link rel=\"canonical\" href=\"https:\/\/www.africa-press.net\/cameroun\/politique\/presidence-compliquee-avant-de-passer-la-main-paul-biya-va-poser-un-dernier-acte\" \/>\n<meta property=\"og:locale\" content=\"fr_FR\" \/>\n<meta property=\"og:type\" content=\"article\" \/>\n<meta property=\"og:title\" content=\"Pr\u00e9sidence compliqu\u00e9e : avant de passer la main, Paul Biya va poser un dernier acte\" \/>\n<meta property=\"og:description\" content=\"La prochaine confe\u0301rence des chefs d\u2019E\u0301tat de l\u2019organisation re\u0301gionale devrait se tenir ce 17 mars a\u0300 Yaounde\u0301. Au menu ...\" \/>\n<meta property=\"og:url\" content=\"https:\/\/www.africa-press.net\/cameroun\/politique\/presidence-compliquee-avant-de-passer-la-main-paul-biya-va-poser-un-dernier-acte\" \/>\n<meta property=\"og:site_name\" content=\"Cameroun\" \/>\n<meta property=\"article:published_time\" content=\"2023-03-11T12:26:33+00:00\" \/>\n<meta property=\"article:modified_time\" content=\"2023-03-11T12:54:43+00:00\" \/>\n<meta property=\"og:image\" content=\"https:\/\/static.africa-press.net\/cameroun\/sites\/57\/2023\/03\/postQueueImg_1678525016.17.jpg\" \/>\n\t<meta property=\"og:image:width\" content=\"720\" \/>\n\t<meta property=\"og:image:height\" content=\"480\" \/>\n\t<meta property=\"og:image:type\" content=\"image\/jpeg\" \/>\n<meta name=\"author\" content=\"cfeditorfr\" \/>\n<meta name=\"twitter:card\" content=\"summary_large_image\" \/>\n<meta name=\"twitter:label1\" content=\"\u00c9crit par\" \/>\n\t<meta name=\"twitter:data1\" content=\"cfeditorfr\" \/>\n\t<meta name=\"twitter:label2\" content=\"Dur\u00e9e de lecture estim\u00e9e\" \/>\n\t<meta name=\"twitter:data2\" content=\"2 minutes\" \/>\n<script type=\"application\/ld+json\" class=\"yoast-schema-graph\">{\"@context\":\"https:\/\/schema.org\",\"@graph\":[{\"@type\":\"Article\",\"@id\":\"https:\/\/www.africa-press.net\/cameroun\/politique\/presidence-compliquee-avant-de-passer-la-main-paul-biya-va-poser-un-dernier-acte#article\",\"isPartOf\":{\"@id\":\"https:\/\/www.africa-press.net\/cameroun\/politique\/presidence-compliquee-avant-de-passer-la-main-paul-biya-va-poser-un-dernier-acte\"},\"author\":{\"name\":\"cfeditorfr\",\"@id\":\"https:\/\/www.africa-press.net\/cameroun\/#\/schema\/person\/2b1cf3cd81a31e3cd26889ca66d677f1\"},\"headline\":\"Pr\u00e9sidence compliqu\u00e9e : avant de passer la main, Paul Biya va poser un dernier acte\",\"datePublished\":\"2023-03-11T12:26:33+00:00\",\"dateModified\":\"2023-03-11T12:54:43+00:00\",\"mainEntityOfPage\":{\"@id\":\"https:\/\/www.africa-press.net\/cameroun\/politique\/presidence-compliquee-avant-de-passer-la-main-paul-biya-va-poser-un-dernier-acte\"},\"wordCount\":334,\"commentCount\":0,\"image\":{\"@id\":\"https:\/\/www.africa-press.net\/cameroun\/politique\/presidence-compliquee-avant-de-passer-la-main-paul-biya-va-poser-un-dernier-acte#primaryimage\"},\"thumbnailUrl\":\"https:\/\/static.africa-press.net\/cameroun\/sites\/57\/2023\/03\/postQueueImg_1678525016.17.jpg\",\"keywords\":[\"Africa Press\",\"Africa Press-Cameroun\",\"Cameroun\"],\"articleSection\":[\"Politique\",\"Top Nouvelles\",\"Toutes les actualit\u00e9s\"],\"inLanguage\":\"fr-FR\",\"potentialAction\":[{\"@type\":\"CommentAction\",\"name\":\"Comment\",\"target\":[\"https:\/\/www.africa-press.net\/cameroun\/politique\/presidence-compliquee-avant-de-passer-la-main-paul-biya-va-poser-un-dernier-acte#respond\"]}]},{\"@type\":\"WebPage\",\"@id\":\"https:\/\/www.africa-press.net\/cameroun\/politique\/presidence-compliquee-avant-de-passer-la-main-paul-biya-va-poser-un-dernier-acte\",\"url\":\"https:\/\/www.africa-press.net\/cameroun\/politique\/presidence-compliquee-avant-de-passer-la-main-paul-biya-va-poser-un-dernier-acte\",\"name\":\"Pr\u00e9sidence compliqu\u00e9e : avant de passer la main, Paul Biya va poser un dernier acte - Cameroun\",\"isPartOf\":{\"@id\":\"https:\/\/www.africa-press.net\/cameroun\/#website\"},\"primaryImageOfPage\":{\"@id\":\"https:\/\/www.africa-press.net\/cameroun\/politique\/presidence-compliquee-avant-de-passer-la-main-paul-biya-va-poser-un-dernier-acte#primaryimage\"},\"image\":{\"@id\":\"https:\/\/www.africa-press.net\/cameroun\/politique\/presidence-compliquee-avant-de-passer-la-main-paul-biya-va-poser-un-dernier-acte#primaryimage\"},\"thumbnailUrl\":\"https:\/\/static.africa-press.net\/cameroun\/sites\/57\/2023\/03\/postQueueImg_1678525016.17.jpg\",\"datePublished\":\"2023-03-11T12:26:33+00:00\",\"dateModified\":\"2023-03-11T12:54:43+00:00\",\"author\":{\"@id\":\"https:\/\/www.africa-press.net\/cameroun\/#\/schema\/person\/2b1cf3cd81a31e3cd26889ca66d677f1\"},\"description\":\"La prochaine confe\u0301rence des chefs d\u2019E\u0301tat de l\u2019organisation re\u0301gionale devrait se tenir ce 17 mars a\u0300 Yaounde\u0301. Au menu ...\",\"breadcrumb\":{\"@id\":\"https:\/\/www.africa-press.net\/cameroun\/politique\/presidence-compliquee-avant-de-passer-la-main-paul-biya-va-poser-un-dernier-acte#breadcrumb\"},\"inLanguage\":\"fr-FR\",\"potentialAction\":[{\"@type\":\"ReadAction\",\"target\":[\"https:\/\/www.africa-press.net\/cameroun\/politique\/presidence-compliquee-avant-de-passer-la-main-paul-biya-va-poser-un-dernier-acte\"]}]},{\"@type\":\"ImageObject\",\"inLanguage\":\"fr-FR\",\"@id\":\"https:\/\/www.africa-press.net\/cameroun\/politique\/presidence-compliquee-avant-de-passer-la-main-paul-biya-va-poser-un-dernier-acte#primaryimage\",\"url\":\"https:\/\/static.africa-press.net\/cameroun\/sites\/57\/2023\/03\/postQueueImg_1678525016.17.jpg\",\"contentUrl\":\"https:\/\/static.africa-press.net\/cameroun\/sites\/57\/2023\/03\/postQueueImg_1678525016.17.jpg\",\"width\":720,\"height\":480,\"caption\":\"Pr\u00e9sidence compliqu\u00e9e : avant de passer la main, Paul Biya va poser un dernier acte\"},{\"@type\":\"BreadcrumbList\",\"@id\":\"https:\/\/www.africa-press.net\/cameroun\/politique\/presidence-compliquee-avant-de-passer-la-main-paul-biya-va-poser-un-dernier-acte#breadcrumb\",\"itemListElement\":[{\"@type\":\"ListItem\",\"position\":1,\"name\":\"Accueil\",\"item\":\"https:\/\/www.africa-press.net\/cameroun\/\"},{\"@type\":\"ListItem\",\"position\":2,\"name\":\"Pr\u00e9sidence compliqu\u00e9e : avant de passer la main, Paul Biya va poser un dernier acte\"}]},{\"@type\":\"WebSite\",\"@id\":\"https:\/\/www.africa-press.net\/cameroun\/#website\",\"url\":\"https:\/\/www.africa-press.net\/cameroun\/\",\"name\":\"Cameroun\",\"description\":\"Just another Africa News Agency Sites site\",\"potentialAction\":[{\"@type\":\"SearchAction\",\"target\":{\"@type\":\"EntryPoint\",\"urlTemplate\":\"https:\/\/www.africa-press.net\/cameroun\/?s={search_term_string}\"},\"query-input\":{\"@type\":\"PropertyValueSpecification\",\"valueRequired\":true,\"valueName\":\"search_term_string\"}}],\"inLanguage\":\"fr-FR\"},{\"@type\":\"Person\",\"@id\":\"https:\/\/www.africa-press.net\/cameroun\/#\/schema\/person\/2b1cf3cd81a31e3cd26889ca66d677f1\",\"name\":\"cfeditorfr\"}]}<\/script>\n<!-- \/ Yoast SEO Premium plugin. -->","yoast_head_json":{"title":"Pr\u00e9sidence compliqu\u00e9e : avant de passer la main, Paul Biya va poser un dernier acte - Cameroun","description":"La prochaine confe\u0301rence des chefs d\u2019E\u0301tat de l\u2019organisation re\u0301gionale devrait se tenir ce 17 mars a\u0300 Yaounde\u0301. Au menu ...","robots":{"index":"index","follow":"follow","max-snippet":"max-snippet:-1","max-image-preview":"max-image-preview:large","max-video-preview":"max-video-preview:-1"},"canonical":"https:\/\/www.africa-press.net\/cameroun\/politique\/presidence-compliquee-avant-de-passer-la-main-paul-biya-va-poser-un-dernier-acte","og_locale":"fr_FR","og_type":"article","og_title":"Pr\u00e9sidence compliqu\u00e9e : avant de passer la main, Paul Biya va poser un dernier acte","og_description":"La prochaine confe\u0301rence des chefs d\u2019E\u0301tat de l\u2019organisation re\u0301gionale devrait se tenir ce 17 mars a\u0300 Yaounde\u0301. Au menu ...","og_url":"https:\/\/www.africa-press.net\/cameroun\/politique\/presidence-compliquee-avant-de-passer-la-main-paul-biya-va-poser-un-dernier-acte","og_site_name":"Cameroun","article_published_time":"2023-03-11T12:26:33+00:00","article_modified_time":"2023-03-11T12:54:43+00:00","og_image":[{"width":720,"height":480,"url":"https:\/\/static.africa-press.net\/cameroun\/sites\/57\/2023\/03\/postQueueImg_1678525016.17.jpg","type":"image\/jpeg"}],"author":"cfeditorfr","twitter_card":"summary_large_image","twitter_misc":{"\u00c9crit par":"cfeditorfr","Dur\u00e9e de lecture estim\u00e9e":"2 minutes"},"schema":{"@context":"https:\/\/schema.org","@graph":[{"@type":"Article","@id":"https:\/\/www.africa-press.net\/cameroun\/politique\/presidence-compliquee-avant-de-passer-la-main-paul-biya-va-poser-un-dernier-acte#article","isPartOf":{"@id":"https:\/\/www.africa-press.net\/cameroun\/politique\/presidence-compliquee-avant-de-passer-la-main-paul-biya-va-poser-un-dernier-acte"},"author":{"name":"cfeditorfr","@id":"https:\/\/www.africa-press.net\/cameroun\/#\/schema\/person\/2b1cf3cd81a31e3cd26889ca66d677f1"},"headline":"Pr\u00e9sidence compliqu\u00e9e : avant de passer la main, Paul Biya va poser un dernier acte","datePublished":"2023-03-11T12:26:33+00:00","dateModified":"2023-03-11T12:54:43+00:00","mainEntityOfPage":{"@id":"https:\/\/www.africa-press.net\/cameroun\/politique\/presidence-compliquee-avant-de-passer-la-main-paul-biya-va-poser-un-dernier-acte"},"wordCount":334,"commentCount":0,"image":{"@id":"https:\/\/www.africa-press.net\/cameroun\/politique\/presidence-compliquee-avant-de-passer-la-main-paul-biya-va-poser-un-dernier-acte#primaryimage"},"thumbnailUrl":"https:\/\/static.africa-press.net\/cameroun\/sites\/57\/2023\/03\/postQueueImg_1678525016.17.jpg","keywords":["Africa Press","Africa Press-Cameroun","Cameroun"],"articleSection":["Politique","Top Nouvelles","Toutes les actualit\u00e9s"],"inLanguage":"fr-FR","potentialAction":[{"@type":"CommentAction","name":"Comment","target":["https:\/\/www.africa-press.net\/cameroun\/politique\/presidence-compliquee-avant-de-passer-la-main-paul-biya-va-poser-un-dernier-acte#respond"]}]},{"@type":"WebPage","@id":"https:\/\/www.africa-press.net\/cameroun\/politique\/presidence-compliquee-avant-de-passer-la-main-paul-biya-va-poser-un-dernier-acte","url":"https:\/\/www.africa-press.net\/cameroun\/politique\/presidence-compliquee-avant-de-passer-la-main-paul-biya-va-poser-un-dernier-acte","name":"Pr\u00e9sidence compliqu\u00e9e : avant de passer la main, Paul Biya va poser un dernier acte - Cameroun","isPartOf":{"@id":"https:\/\/www.africa-press.net\/cameroun\/#website"},"primaryImageOfPage":{"@id":"https:\/\/www.africa-press.net\/cameroun\/politique\/presidence-compliquee-avant-de-passer-la-main-paul-biya-va-poser-un-dernier-acte#primaryimage"},"image":{"@id":"https:\/\/www.africa-press.net\/cameroun\/politique\/presidence-compliquee-avant-de-passer-la-main-paul-biya-va-poser-un-dernier-acte#primaryimage"},"thumbnailUrl":"https:\/\/static.africa-press.net\/cameroun\/sites\/57\/2023\/03\/postQueueImg_1678525016.17.jpg","datePublished":"2023-03-11T12:26:33+00:00","dateModified":"2023-03-11T12:54:43+00:00","author":{"@id":"https:\/\/www.africa-press.net\/cameroun\/#\/schema\/person\/2b1cf3cd81a31e3cd26889ca66d677f1"},"description":"La prochaine confe\u0301rence des chefs d\u2019E\u0301tat de l\u2019organisation re\u0301gionale devrait se tenir ce 17 mars a\u0300 Yaounde\u0301. Au menu ...","breadcrumb":{"@id":"https:\/\/www.africa-press.net\/cameroun\/politique\/presidence-compliquee-avant-de-passer-la-main-paul-biya-va-poser-un-dernier-acte#breadcrumb"},"inLanguage":"fr-FR","potentialAction":[{"@type":"ReadAction","target":["https:\/\/www.africa-press.net\/cameroun\/politique\/presidence-compliquee-avant-de-passer-la-main-paul-biya-va-poser-un-dernier-acte"]}]},{"@type":"ImageObject","inLanguage":"fr-FR","@id":"https:\/\/www.africa-press.net\/cameroun\/politique\/presidence-compliquee-avant-de-passer-la-main-paul-biya-va-poser-un-dernier-acte#primaryimage","url":"https:\/\/static.africa-press.net\/cameroun\/sites\/57\/2023\/03\/postQueueImg_1678525016.17.jpg","contentUrl":"https:\/\/static.africa-press.net\/cameroun\/sites\/57\/2023\/03\/postQueueImg_1678525016.17.jpg","width":720,"height":480,"caption":"Pr\u00e9sidence compliqu\u00e9e : avant de passer la main, Paul Biya va poser un dernier acte"},{"@type":"BreadcrumbList","@id":"https:\/\/www.africa-press.net\/cameroun\/politique\/presidence-compliquee-avant-de-passer-la-main-paul-biya-va-poser-un-dernier-acte#breadcrumb","itemListElement":[{"@type":"ListItem","position":1,"name":"Accueil","item":"https:\/\/www.africa-press.net\/cameroun\/"},{"@type":"ListItem","position":2,"name":"Pr\u00e9sidence compliqu\u00e9e : avant de passer la main, Paul Biya va poser un dernier acte"}]},{"@type":"WebSite","@id":"https:\/\/www.africa-press.net\/cameroun\/#website","url":"https:\/\/www.africa-press.net\/cameroun\/","name":"Cameroun","description":"Just another Africa News Agency Sites site","potentialAction":[{"@type":"SearchAction","target":{"@type":"EntryPoint","urlTemplate":"https:\/\/www.africa-press.net\/cameroun\/?s={search_term_string}"},"query-input":{"@type":"PropertyValueSpecification","valueRequired":true,"valueName":"search_term_string"}}],"inLanguage":"fr-FR"},{"@type":"Person","@id":"https:\/\/www.africa-press.net\/cameroun\/#\/schema\/person\/2b1cf3cd81a31e3cd26889ca66d677f1","name":"cfeditorfr"}]}},"_links":{"self":[{"href":"https:\/\/www.africa-press.net\/cameroun\/wp-json\/wp\/v2\/posts\/38989","targetHints":{"allow":["GET"]}}],"collection":[{"href":"https:\/\/www.africa-press.net\/cameroun\/wp-json\/wp\/v2\/posts"}],"about":[{"href":"https:\/\/www.africa-press.net\/cameroun\/wp-json\/wp\/v2\/types\/post"}],"author":[{"embeddable":true,"href":"https:\/\/www.africa-press.net\/cameroun\/wp-json\/wp\/v2\/users\/82"}],"replies":[{"embeddable":true,"href":"https:\/\/www.africa-press.net\/cameroun\/wp-json\/wp\/v2\/comments?post=38989"}],"version-history":[{"count":0,"href":"https:\/\/www.africa-press.net\/cameroun\/wp-json\/wp\/v2\/posts\/38989\/revisions"}],"wp:featuredmedia":[{"embeddable":true,"href":"https:\/\/www.africa-press.net\/cameroun\/wp-json\/wp\/v2\/media\/38987"}],"wp:attachment":[{"href":"https:\/\/www.africa-press.net\/cameroun\/wp-json\/wp\/v2\/media?parent=38989"}],"wp:term":[{"taxonomy":"category","embeddable":true,"href":"https:\/\/www.africa-press.net\/cameroun\/wp-json\/wp\/v2\/categories?post=38989"},{"taxonomy":"post_tag","embeddable":true,"href":"https:\/\/www.africa-press.net\/cameroun\/wp-json\/wp\/v2\/tags?post=38989"}],"curies":[{"name":"wp","href":"https:\/\/api.w.org\/{rel}","templated":true}]}}