{"id":38992,"date":"2023-03-11T12:26:39","date_gmt":"2023-03-11T12:26:39","guid":{"rendered":"https:\/\/www.africa-press.net\/cameroun\/politique\/apres-avoir-donne-sa-benediction-a-franck-biya-garoua-envoie-un-important-message-a-paul-biya"},"modified":"2023-03-11T12:55:13","modified_gmt":"2023-03-11T12:55:13","slug":"apres-avoir-donne-sa-benediction-a-franck-biya-garoua-envoie-un-important-message-a-paul-biya","status":"publish","type":"post","link":"https:\/\/www.africa-press.net\/cameroun\/politique\/apres-avoir-donne-sa-benediction-a-franck-biya-garoua-envoie-un-important-message-a-paul-biya","title":{"rendered":"Apr\u00e8s avoir donn\u00e9 sa b\u00e9n\u00e9diction \u00e0 Franck Biya, Garoua envoie un important  message \u00e0 Paul Biya"},"content":{"rendered":"<p><span style=\"color: #ff6600\"><strong>Africa-Press &#8211; Cameroun. <\/strong><\/span>Des milliers de Fali ont pris d\u2019assaut la devanture de l\u2019ae\u0301roport international de Garoua ce lundi 06 mars 2023. Mobilise\u0301s en masse, ils ont brave\u0301 le soleil ardent afin de re\u0301server un accueil chaleureux au ministre de la sante\u0301 publique, mais surtout exprimer en mondovision leur remerciement au chef de l\u2019E\u0301tat pour la nomination d\u2019un fils Fali, en la personne de Tobi Mahonde\u0301 au poste de pre\u0301sident du conseil d\u2019administration de l\u2019ho\u0302pital ge\u0301ne\u0301ral de Garoua.<\/p>\n<p>Au son des tambours et autres tam-tam, accompagne\u0301 des chants traditionnels, cette forte mobilisation traduisait surtout l\u2019hospitalite\u0301 le\u0301gendaire du peuple Fali que le ministre Dr Manaouda Malachi va personnellement de\u0301couvrir a\u0300 sa sortie de l\u2019ae\u0301roport.<\/p>\n<p>Pour l\u2019ensemble de la communaute\u0301 Fali, la nomination de Tobi Mahonde\u0301 a\u0300 ce poste est avant tout une marque d\u2019estime et de reconnaissance de la part du pre\u0301sident de la re\u0301publique, son excellence Paul Biya, qui a e\u0301te\u0301 abondamment remercier par le peuple Fali a\u0300 travers des messages sur les banderoles ainsi qu\u2019une motion de soutien, de de\u0301fe\u0301rence et de remerciement des filles et fils Fali.<\/p>\n<p>\u00abConside\u0301rant vos efforts inlassables, votre clairvoyance, votre tact, votre dexte\u0301rite\u0301, votre sens e\u0301leve\u0301 de compre\u0301hension des affaires de l&rsquo;E\u0301tat qui assure a\u0300 notre pays, paix, stabilite\u0301 et progre\u0300s dans un monde en proie a\u0300 des difficulte\u0301s de toute nature.<\/p>\n<p>Conside\u0301rant la marche irre\u0301versible de notre pays vers l&rsquo;e\u0301mergence avec la mise en \u0153uvre des projets structurants dont entre autres la cre\u0301ation de l&rsquo;universite\u0301 de Garoua, la construction des infrastructures sportives, routie\u0300res et ho\u0302telie\u0300res, la construction et l&rsquo;e\u0301quipement de l&rsquo;Ho\u0302pital Ge\u0301ne\u0301ral et du Centre Hospitalier re\u0301gional de Garoua, conside\u0301rant votre engagement permanent de lutte contre la corruption et les de\u0301tournements des deniers publics.<\/p>\n<p>Nous vous te\u0301moignons notre gratitude pour toutes les \u0153uvres faites au profit de nos populations, vous re\u0301ite\u0301rons sans re\u0301serve notre inde\u0301fectible attachement a\u0300 votre personne ainsi qu&rsquo;aux institutions re\u0301publicaines que vous incarnez avec bonheur depuis votre accession au gouvernement.<\/p>\n<p>Nous vous assurons notre soutien total et inconditionnel dans l&rsquo;accomplissement de votre noble et exaltante mission a\u0300 la te\u0302te de l&rsquo;E\u0301tat, notamment la lutte contre la criminalite\u0301 urbaine et rurale\u00bb, peuton lire dans le document dont votre journal a pu entrer en possession.<\/p>\n<p>Le peuple Fali appelle e\u0301galement le pre\u0301sident Paul Biya a\u0300 se porter candidat pour la prochaine e\u0301lection pre\u0301sidentielle : \u00abVous sollicitons d&rsquo;accepter une fois de plus d&rsquo;e\u0302tre candidats a\u0300 la prochaine e\u0301lection pre\u0301sidentielle\u00bb.<\/p>\n<p>Nomme\u0301 le 22 fe\u0301vrier 2023 par de\u0301cret pre\u0301sidentiel, le tout premier pre\u0301sident du conseil d\u2019administration de l\u2019ho\u0302pital ge\u0301ne\u0301ral de Garoua est bien conscient de l\u2019ampleur de la ta\u0302che et de la lourde responsabilite\u0301 qui lui incombe et s\u2019engage a\u0300 l\u2019assumer : \u00abJ\u2019adresse mes remerciements sans fin a\u0300 son excellence le pre\u0301sident Paul Biya pour le choix porte\u0301 sur ma personne.<\/p>\n<p>Un geste qui m\u2019interpelle sur la responsabilite\u0301 qui est mienne de\u0301sormais, en ma qualite\u0301 de pre\u0301sident du conseil de cet ho\u0302pital ultra moderne, fruit de la volonte\u0301 du chef de l\u2019e\u0301tat, de permettre aux populations du Septentrion d\u2019avoir acce\u0300s aux soins de qualite\u0301.<\/p>\n<p>Je ne les de\u0301cevrais pas, je ferais ce que la haute hie\u0301rarchie m\u2019a confie\u0301 de faire. Je m\u2019engage a\u0300 \u0153uvrer pour que le personnel de cet ho\u0302pital apporte des soins parame\u0301dicaux de haute facture aux populations\u00bb.<\/p>\n<p>Tobi Mahonde ainsi que le directeur ge\u0301ne\u0301ral et le directeur ge\u0301ne\u0301ral adjoint de l\u2019ho\u0302pital ge\u0301ne\u0301ral de Garoua, ont e\u0301te\u0301 officiellement installe\u0301 le mardi 07 mars 2023 par le ministre de la sante\u0301 publique.<\/p>\n<p>Un rendez-vous historique que le peuple Fali a marque\u0301 d\u2019une empreinte particulie\u0300re a\u0300 travers une forte mobilisation lors de la ce\u0301re\u0301monie qui s\u2019est de\u0301roule\u0301e dans l\u2019enceinte de l\u2019ho\u0302pital ge\u0301ne\u0301ral de Garoua<\/p>\n<p><strong>Pour plus d&rsquo;informations et d&rsquo;analyses sur la <a href=\"https:\/\/www.africa-press.net\/cameroun\">Cameroun<\/a>, suivez <a href=\"https:\/\/www.africa-press.net\/\">Africa-Press<\/a><\/strong><\/p>\n","protected":false},"excerpt":{"rendered":"<p>Africa-Press &#8211; Cameroun. Des milliers de Fali ont pris d\u2019assaut la devanture de l\u2019ae\u0301roport international de Garoua ce lundi 06 mars 2023. Mobilise\u0301s en masse, ils ont brave\u0301 le soleil ardent afin de re\u0301server un accueil chaleureux au ministre de la sante\u0301 publique, mais surtout exprimer en mondovision leur remerciement au chef de l\u2019E\u0301tat pour [&hellip;]<\/p>\n","protected":false},"author":82,"featured_media":38990,"comment_status":"open","ping_status":"closed","sticky":false,"template":"","format":"standard","meta":{"footnotes":""},"categories":[2,10],"tags":[36,50,49],"class_list":["post-38992","post","type-post","status-publish","format-standard","has-post-thumbnail","hentry","category-politique","category-toutes-les-actualites","tag-africa-press","tag-africa-press-cameroun","tag-cameroun"],"yoast_head":"<!-- This site is optimized with the Yoast SEO Premium plugin v26.1 (Yoast SEO v27.0) - https:\/\/yoast.com\/product\/yoast-seo-premium-wordpress\/ -->\n<title>Apr\u00e8s avoir donn\u00e9 sa b\u00e9n\u00e9diction \u00e0 Franck Biya, Garoua envoie un important message \u00e0 Paul Biya - Cameroun<\/title>\n<meta name=\"description\" content=\"Des milliers de Fali ont pris d\u2019assaut la devanture de l\u2019ae\u0301roport international de Garoua ce lundi 06 mars 2023. Mobili ...\" \/>\n<meta name=\"robots\" content=\"index, follow, max-snippet:-1, max-image-preview:large, max-video-preview:-1\" \/>\n<link rel=\"canonical\" href=\"https:\/\/www.africa-press.net\/cameroun\/politique\/apres-avoir-donne-sa-benediction-a-franck-biya-garoua-envoie-un-important-message-a-paul-biya\" \/>\n<meta property=\"og:locale\" content=\"fr_FR\" \/>\n<meta property=\"og:type\" content=\"article\" \/>\n<meta property=\"og:title\" content=\"Apr\u00e8s avoir donn\u00e9 sa b\u00e9n\u00e9diction \u00e0 Franck Biya, Garoua envoie un important message \u00e0 Paul Biya\" \/>\n<meta property=\"og:description\" content=\"Des milliers de Fali ont pris d\u2019assaut la devanture de l\u2019ae\u0301roport international de Garoua ce lundi 06 mars 2023. Mobili ...\" \/>\n<meta property=\"og:url\" content=\"https:\/\/www.africa-press.net\/cameroun\/politique\/apres-avoir-donne-sa-benediction-a-franck-biya-garoua-envoie-un-important-message-a-paul-biya\" \/>\n<meta property=\"og:site_name\" content=\"Cameroun\" \/>\n<meta property=\"article:published_time\" content=\"2023-03-11T12:26:39+00:00\" \/>\n<meta property=\"article:modified_time\" content=\"2023-03-11T12:55:13+00:00\" \/>\n<meta property=\"og:image\" content=\"https:\/\/static.africa-press.net\/cameroun\/sites\/57\/2023\/03\/postQueueImg_1678525004.78.jpg\" \/>\n\t<meta property=\"og:image:width\" content=\"720\" \/>\n\t<meta property=\"og:image:height\" content=\"392\" \/>\n\t<meta property=\"og:image:type\" content=\"image\/jpeg\" \/>\n<meta name=\"author\" content=\"cfeditorfr\" \/>\n<meta name=\"twitter:card\" content=\"summary_large_image\" \/>\n<meta name=\"twitter:label1\" content=\"\u00c9crit par\" \/>\n\t<meta name=\"twitter:data1\" content=\"cfeditorfr\" \/>\n\t<meta name=\"twitter:label2\" content=\"Dur\u00e9e de lecture estim\u00e9e\" \/>\n\t<meta name=\"twitter:data2\" content=\"4 minutes\" \/>\n<script type=\"application\/ld+json\" class=\"yoast-schema-graph\">{\"@context\":\"https:\/\/schema.org\",\"@graph\":[{\"@type\":\"Article\",\"@id\":\"https:\/\/www.africa-press.net\/cameroun\/politique\/apres-avoir-donne-sa-benediction-a-franck-biya-garoua-envoie-un-important-message-a-paul-biya#article\",\"isPartOf\":{\"@id\":\"https:\/\/www.africa-press.net\/cameroun\/politique\/apres-avoir-donne-sa-benediction-a-franck-biya-garoua-envoie-un-important-message-a-paul-biya\"},\"author\":{\"name\":\"cfeditorfr\",\"@id\":\"https:\/\/www.africa-press.net\/cameroun\/#\/schema\/person\/2b1cf3cd81a31e3cd26889ca66d677f1\"},\"headline\":\"Apr\u00e8s avoir donn\u00e9 sa b\u00e9n\u00e9diction \u00e0 Franck Biya, Garoua envoie un important message \u00e0 Paul Biya\",\"datePublished\":\"2023-03-11T12:26:39+00:00\",\"dateModified\":\"2023-03-11T12:55:13+00:00\",\"mainEntityOfPage\":{\"@id\":\"https:\/\/www.africa-press.net\/cameroun\/politique\/apres-avoir-donne-sa-benediction-a-franck-biya-garoua-envoie-un-important-message-a-paul-biya\"},\"wordCount\":743,\"commentCount\":0,\"image\":{\"@id\":\"https:\/\/www.africa-press.net\/cameroun\/politique\/apres-avoir-donne-sa-benediction-a-franck-biya-garoua-envoie-un-important-message-a-paul-biya#primaryimage\"},\"thumbnailUrl\":\"https:\/\/static.africa-press.net\/cameroun\/sites\/57\/2023\/03\/postQueueImg_1678525004.78.jpg\",\"keywords\":[\"Africa Press\",\"Africa Press-Cameroun\",\"Cameroun\"],\"articleSection\":[\"Politique\",\"Toutes les actualit\u00e9s\"],\"inLanguage\":\"fr-FR\",\"potentialAction\":[{\"@type\":\"CommentAction\",\"name\":\"Comment\",\"target\":[\"https:\/\/www.africa-press.net\/cameroun\/politique\/apres-avoir-donne-sa-benediction-a-franck-biya-garoua-envoie-un-important-message-a-paul-biya#respond\"]}]},{\"@type\":\"WebPage\",\"@id\":\"https:\/\/www.africa-press.net\/cameroun\/politique\/apres-avoir-donne-sa-benediction-a-franck-biya-garoua-envoie-un-important-message-a-paul-biya\",\"url\":\"https:\/\/www.africa-press.net\/cameroun\/politique\/apres-avoir-donne-sa-benediction-a-franck-biya-garoua-envoie-un-important-message-a-paul-biya\",\"name\":\"Apr\u00e8s avoir donn\u00e9 sa b\u00e9n\u00e9diction \u00e0 Franck Biya, Garoua envoie un important message \u00e0 Paul Biya - Cameroun\",\"isPartOf\":{\"@id\":\"https:\/\/www.africa-press.net\/cameroun\/#website\"},\"primaryImageOfPage\":{\"@id\":\"https:\/\/www.africa-press.net\/cameroun\/politique\/apres-avoir-donne-sa-benediction-a-franck-biya-garoua-envoie-un-important-message-a-paul-biya#primaryimage\"},\"image\":{\"@id\":\"https:\/\/www.africa-press.net\/cameroun\/politique\/apres-avoir-donne-sa-benediction-a-franck-biya-garoua-envoie-un-important-message-a-paul-biya#primaryimage\"},\"thumbnailUrl\":\"https:\/\/static.africa-press.net\/cameroun\/sites\/57\/2023\/03\/postQueueImg_1678525004.78.jpg\",\"datePublished\":\"2023-03-11T12:26:39+00:00\",\"dateModified\":\"2023-03-11T12:55:13+00:00\",\"author\":{\"@id\":\"https:\/\/www.africa-press.net\/cameroun\/#\/schema\/person\/2b1cf3cd81a31e3cd26889ca66d677f1\"},\"description\":\"Des milliers de Fali ont pris d\u2019assaut la devanture de l\u2019ae\u0301roport international de Garoua ce lundi 06 mars 2023. Mobili ...\",\"breadcrumb\":{\"@id\":\"https:\/\/www.africa-press.net\/cameroun\/politique\/apres-avoir-donne-sa-benediction-a-franck-biya-garoua-envoie-un-important-message-a-paul-biya#breadcrumb\"},\"inLanguage\":\"fr-FR\",\"potentialAction\":[{\"@type\":\"ReadAction\",\"target\":[\"https:\/\/www.africa-press.net\/cameroun\/politique\/apres-avoir-donne-sa-benediction-a-franck-biya-garoua-envoie-un-important-message-a-paul-biya\"]}]},{\"@type\":\"ImageObject\",\"inLanguage\":\"fr-FR\",\"@id\":\"https:\/\/www.africa-press.net\/cameroun\/politique\/apres-avoir-donne-sa-benediction-a-franck-biya-garoua-envoie-un-important-message-a-paul-biya#primaryimage\",\"url\":\"https:\/\/static.africa-press.net\/cameroun\/sites\/57\/2023\/03\/postQueueImg_1678525004.78.jpg\",\"contentUrl\":\"https:\/\/static.africa-press.net\/cameroun\/sites\/57\/2023\/03\/postQueueImg_1678525004.78.jpg\",\"width\":720,\"height\":392,\"caption\":\"Apr\u00e8s avoir donn\u00e9 sa b\u00e9n\u00e9diction \u00e0 Franck Biya, Garoua envoie un important message \u00e0 Paul Biya\"},{\"@type\":\"BreadcrumbList\",\"@id\":\"https:\/\/www.africa-press.net\/cameroun\/politique\/apres-avoir-donne-sa-benediction-a-franck-biya-garoua-envoie-un-important-message-a-paul-biya#breadcrumb\",\"itemListElement\":[{\"@type\":\"ListItem\",\"position\":1,\"name\":\"Accueil\",\"item\":\"https:\/\/www.africa-press.net\/cameroun\/\"},{\"@type\":\"ListItem\",\"position\":2,\"name\":\"Apr\u00e8s avoir donn\u00e9 sa b\u00e9n\u00e9diction \u00e0 Franck Biya, Garoua envoie un important message \u00e0 Paul Biya\"}]},{\"@type\":\"WebSite\",\"@id\":\"https:\/\/www.africa-press.net\/cameroun\/#website\",\"url\":\"https:\/\/www.africa-press.net\/cameroun\/\",\"name\":\"Cameroun\",\"description\":\"Just another Africa News Agency Sites site\",\"potentialAction\":[{\"@type\":\"SearchAction\",\"target\":{\"@type\":\"EntryPoint\",\"urlTemplate\":\"https:\/\/www.africa-press.net\/cameroun\/?s={search_term_string}\"},\"query-input\":{\"@type\":\"PropertyValueSpecification\",\"valueRequired\":true,\"valueName\":\"search_term_string\"}}],\"inLanguage\":\"fr-FR\"},{\"@type\":\"Person\",\"@id\":\"https:\/\/www.africa-press.net\/cameroun\/#\/schema\/person\/2b1cf3cd81a31e3cd26889ca66d677f1\",\"name\":\"cfeditorfr\"}]}<\/script>\n<!-- \/ Yoast SEO Premium plugin. -->","yoast_head_json":{"title":"Apr\u00e8s avoir donn\u00e9 sa b\u00e9n\u00e9diction \u00e0 Franck Biya, Garoua envoie un important message \u00e0 Paul Biya - Cameroun","description":"Des milliers de Fali ont pris d\u2019assaut la devanture de l\u2019ae\u0301roport international de Garoua ce lundi 06 mars 2023. Mobili ...","robots":{"index":"index","follow":"follow","max-snippet":"max-snippet:-1","max-image-preview":"max-image-preview:large","max-video-preview":"max-video-preview:-1"},"canonical":"https:\/\/www.africa-press.net\/cameroun\/politique\/apres-avoir-donne-sa-benediction-a-franck-biya-garoua-envoie-un-important-message-a-paul-biya","og_locale":"fr_FR","og_type":"article","og_title":"Apr\u00e8s avoir donn\u00e9 sa b\u00e9n\u00e9diction \u00e0 Franck Biya, Garoua envoie un important message \u00e0 Paul Biya","og_description":"Des milliers de Fali ont pris d\u2019assaut la devanture de l\u2019ae\u0301roport international de Garoua ce lundi 06 mars 2023. Mobili ...","og_url":"https:\/\/www.africa-press.net\/cameroun\/politique\/apres-avoir-donne-sa-benediction-a-franck-biya-garoua-envoie-un-important-message-a-paul-biya","og_site_name":"Cameroun","article_published_time":"2023-03-11T12:26:39+00:00","article_modified_time":"2023-03-11T12:55:13+00:00","og_image":[{"width":720,"height":392,"url":"https:\/\/static.africa-press.net\/cameroun\/sites\/57\/2023\/03\/postQueueImg_1678525004.78.jpg","type":"image\/jpeg"}],"author":"cfeditorfr","twitter_card":"summary_large_image","twitter_misc":{"\u00c9crit par":"cfeditorfr","Dur\u00e9e de lecture estim\u00e9e":"4 minutes"},"schema":{"@context":"https:\/\/schema.org","@graph":[{"@type":"Article","@id":"https:\/\/www.africa-press.net\/cameroun\/politique\/apres-avoir-donne-sa-benediction-a-franck-biya-garoua-envoie-un-important-message-a-paul-biya#article","isPartOf":{"@id":"https:\/\/www.africa-press.net\/cameroun\/politique\/apres-avoir-donne-sa-benediction-a-franck-biya-garoua-envoie-un-important-message-a-paul-biya"},"author":{"name":"cfeditorfr","@id":"https:\/\/www.africa-press.net\/cameroun\/#\/schema\/person\/2b1cf3cd81a31e3cd26889ca66d677f1"},"headline":"Apr\u00e8s avoir donn\u00e9 sa b\u00e9n\u00e9diction \u00e0 Franck Biya, Garoua envoie un important message \u00e0 Paul Biya","datePublished":"2023-03-11T12:26:39+00:00","dateModified":"2023-03-11T12:55:13+00:00","mainEntityOfPage":{"@id":"https:\/\/www.africa-press.net\/cameroun\/politique\/apres-avoir-donne-sa-benediction-a-franck-biya-garoua-envoie-un-important-message-a-paul-biya"},"wordCount":743,"commentCount":0,"image":{"@id":"https:\/\/www.africa-press.net\/cameroun\/politique\/apres-avoir-donne-sa-benediction-a-franck-biya-garoua-envoie-un-important-message-a-paul-biya#primaryimage"},"thumbnailUrl":"https:\/\/static.africa-press.net\/cameroun\/sites\/57\/2023\/03\/postQueueImg_1678525004.78.jpg","keywords":["Africa Press","Africa Press-Cameroun","Cameroun"],"articleSection":["Politique","Toutes les actualit\u00e9s"],"inLanguage":"fr-FR","potentialAction":[{"@type":"CommentAction","name":"Comment","target":["https:\/\/www.africa-press.net\/cameroun\/politique\/apres-avoir-donne-sa-benediction-a-franck-biya-garoua-envoie-un-important-message-a-paul-biya#respond"]}]},{"@type":"WebPage","@id":"https:\/\/www.africa-press.net\/cameroun\/politique\/apres-avoir-donne-sa-benediction-a-franck-biya-garoua-envoie-un-important-message-a-paul-biya","url":"https:\/\/www.africa-press.net\/cameroun\/politique\/apres-avoir-donne-sa-benediction-a-franck-biya-garoua-envoie-un-important-message-a-paul-biya","name":"Apr\u00e8s avoir donn\u00e9 sa b\u00e9n\u00e9diction \u00e0 Franck Biya, Garoua envoie un important message \u00e0 Paul Biya - Cameroun","isPartOf":{"@id":"https:\/\/www.africa-press.net\/cameroun\/#website"},"primaryImageOfPage":{"@id":"https:\/\/www.africa-press.net\/cameroun\/politique\/apres-avoir-donne-sa-benediction-a-franck-biya-garoua-envoie-un-important-message-a-paul-biya#primaryimage"},"image":{"@id":"https:\/\/www.africa-press.net\/cameroun\/politique\/apres-avoir-donne-sa-benediction-a-franck-biya-garoua-envoie-un-important-message-a-paul-biya#primaryimage"},"thumbnailUrl":"https:\/\/static.africa-press.net\/cameroun\/sites\/57\/2023\/03\/postQueueImg_1678525004.78.jpg","datePublished":"2023-03-11T12:26:39+00:00","dateModified":"2023-03-11T12:55:13+00:00","author":{"@id":"https:\/\/www.africa-press.net\/cameroun\/#\/schema\/person\/2b1cf3cd81a31e3cd26889ca66d677f1"},"description":"Des milliers de Fali ont pris d\u2019assaut la devanture de l\u2019ae\u0301roport international de Garoua ce lundi 06 mars 2023. Mobili ...","breadcrumb":{"@id":"https:\/\/www.africa-press.net\/cameroun\/politique\/apres-avoir-donne-sa-benediction-a-franck-biya-garoua-envoie-un-important-message-a-paul-biya#breadcrumb"},"inLanguage":"fr-FR","potentialAction":[{"@type":"ReadAction","target":["https:\/\/www.africa-press.net\/cameroun\/politique\/apres-avoir-donne-sa-benediction-a-franck-biya-garoua-envoie-un-important-message-a-paul-biya"]}]},{"@type":"ImageObject","inLanguage":"fr-FR","@id":"https:\/\/www.africa-press.net\/cameroun\/politique\/apres-avoir-donne-sa-benediction-a-franck-biya-garoua-envoie-un-important-message-a-paul-biya#primaryimage","url":"https:\/\/static.africa-press.net\/cameroun\/sites\/57\/2023\/03\/postQueueImg_1678525004.78.jpg","contentUrl":"https:\/\/static.africa-press.net\/cameroun\/sites\/57\/2023\/03\/postQueueImg_1678525004.78.jpg","width":720,"height":392,"caption":"Apr\u00e8s avoir donn\u00e9 sa b\u00e9n\u00e9diction \u00e0 Franck Biya, Garoua envoie un important message \u00e0 Paul Biya"},{"@type":"BreadcrumbList","@id":"https:\/\/www.africa-press.net\/cameroun\/politique\/apres-avoir-donne-sa-benediction-a-franck-biya-garoua-envoie-un-important-message-a-paul-biya#breadcrumb","itemListElement":[{"@type":"ListItem","position":1,"name":"Accueil","item":"https:\/\/www.africa-press.net\/cameroun\/"},{"@type":"ListItem","position":2,"name":"Apr\u00e8s avoir donn\u00e9 sa b\u00e9n\u00e9diction \u00e0 Franck Biya, Garoua envoie un important message \u00e0 Paul Biya"}]},{"@type":"WebSite","@id":"https:\/\/www.africa-press.net\/cameroun\/#website","url":"https:\/\/www.africa-press.net\/cameroun\/","name":"Cameroun","description":"Just another Africa News Agency Sites site","potentialAction":[{"@type":"SearchAction","target":{"@type":"EntryPoint","urlTemplate":"https:\/\/www.africa-press.net\/cameroun\/?s={search_term_string}"},"query-input":{"@type":"PropertyValueSpecification","valueRequired":true,"valueName":"search_term_string"}}],"inLanguage":"fr-FR"},{"@type":"Person","@id":"https:\/\/www.africa-press.net\/cameroun\/#\/schema\/person\/2b1cf3cd81a31e3cd26889ca66d677f1","name":"cfeditorfr"}]}},"_links":{"self":[{"href":"https:\/\/www.africa-press.net\/cameroun\/wp-json\/wp\/v2\/posts\/38992","targetHints":{"allow":["GET"]}}],"collection":[{"href":"https:\/\/www.africa-press.net\/cameroun\/wp-json\/wp\/v2\/posts"}],"about":[{"href":"https:\/\/www.africa-press.net\/cameroun\/wp-json\/wp\/v2\/types\/post"}],"author":[{"embeddable":true,"href":"https:\/\/www.africa-press.net\/cameroun\/wp-json\/wp\/v2\/users\/82"}],"replies":[{"embeddable":true,"href":"https:\/\/www.africa-press.net\/cameroun\/wp-json\/wp\/v2\/comments?post=38992"}],"version-history":[{"count":0,"href":"https:\/\/www.africa-press.net\/cameroun\/wp-json\/wp\/v2\/posts\/38992\/revisions"}],"wp:featuredmedia":[{"embeddable":true,"href":"https:\/\/www.africa-press.net\/cameroun\/wp-json\/wp\/v2\/media\/38990"}],"wp:attachment":[{"href":"https:\/\/www.africa-press.net\/cameroun\/wp-json\/wp\/v2\/media?parent=38992"}],"wp:term":[{"taxonomy":"category","embeddable":true,"href":"https:\/\/www.africa-press.net\/cameroun\/wp-json\/wp\/v2\/categories?post=38992"},{"taxonomy":"post_tag","embeddable":true,"href":"https:\/\/www.africa-press.net\/cameroun\/wp-json\/wp\/v2\/tags?post=38992"}],"curies":[{"name":"wp","href":"https:\/\/api.w.org\/{rel}","templated":true}]}}