{"id":38995,"date":"2023-03-11T12:26:46","date_gmt":"2023-03-11T12:26:46","guid":{"rendered":"https:\/\/www.africa-press.net\/cameroun\/politique\/cameroun-inauguration-dune-base-du-bir-a-beka-guiwan"},"modified":"2023-03-11T12:55:33","modified_gmt":"2023-03-11T12:55:33","slug":"cameroun-inauguration-dune-base-du-bir-a-beka-guiwan","status":"publish","type":"post","link":"https:\/\/www.africa-press.net\/cameroun\/politique\/cameroun-inauguration-dune-base-du-bir-a-beka-guiwan","title":{"rendered":"Cameroun : inauguration d\u2019une base du BIR \u00e0 Beka Guiwan"},"content":{"rendered":"<p><span style=\"color: #ff6600\"><strong>Africa-Press &#8211; Cameroun. <\/strong><\/span>De\u0301ploye\u0301s sur plusieurs the\u0301a\u0302tres d&rsquo;ope\u0301ration au Nord et dans les re\u0301gions du Sud-Ouest et du Nord-Ouest du Cameroun, le Bataillon d&rsquo;Intervention rapide (BIR) renforce sa pre\u0301sence dans les re\u0301gions en crise du pays. Une nouvelle base vient d&rsquo;e\u0302tre inaugure\u0301e a\u0300 Beka Guiwan dans l\u2019arrondissement de Meiganga re\u0301gion de l\u2019Adamaoua. Ce nouveau poste se situe dans une localite\u0301 frontalie\u0300re de la Re\u0301publique centrafricaine. De\u0301ja\u0300 en fe\u0301virer 2023, le BIR avait ouvert une base a\u0300 Basche\u0301o, dans le de\u0301partement de Be\u0301noue\u0301 (re\u0301gion du Nord). Les groupes terroristes de la secte islamique Boko Haram se\u0301vissent dans la partie septentrionale du Cameroun. Ils proce\u0300dent re\u0301gulie\u0300rement a\u0300 des enle\u0300vements et assassinats.<\/p>\n<p>Reconque\u0302te<\/p>\n<p>Des soldats du BIR ont encore une fois mis fin aux desseins de certains bandits qui se\u0301vissent dans l&rsquo;extre\u0302me nord du pays. Il y a 48 heures, ils ont e\u0301limine\u0301 trois preneurs d&rsquo;otages arme\u0301s a\u0300 Mbe\u0301, dans l&rsquo;Adamaoua.<\/p>\n<p>D&rsquo;une source officielle, la re\u0301daction de CamerounWeb a appris que \u00ab\u00a0des e\u0301le\u0301ments du BIR ont abattu 3 preneurs d&rsquo;otage dans la nuit d&rsquo;hier dans la localite\u0301 de Mbe\u0301\u00a0\u00bb.<\/p>\n<p>\u00ab\u00a0Ces bandits de grand chemin s&rsquo;e\u0301taient introduits dans la communaute\u0301 afin d&rsquo;enlever quelques bergers peuls avec demande de ranc\u0327on\u00a0\u00bb, ajoute notre source.<\/p>\n<p>Depuis 2013, les communaute\u0301s de la re\u0301gion de l\u2019Extre\u0302me-Nord du Cameroun subissent des attaques du groupe extre\u0301miste violent Boko Haram. Les de\u0301partements de Mayo-Tsanaga, Mayo-Sava et Logone-et-Chari ont e\u0301te\u0301 les plus durement touche\u0301es.<\/p>\n<p>Le groupe terroriste est e\u0301galement responsable de plusieurs enle\u0300vements, dont les plus re\u0301cents ont eu lieu dans les communaute\u0301s du lac Tchad a\u0300 Tchika (en aou\u0302t 2022) et a\u0300 Kofia (en septembre 2022).<\/p>\n<p>Cependant, selon des recherches mene\u0301es dans les re\u0301gions du Nord et de l&rsquo;Extre\u0302me-Nord par l&rsquo;Institut d&rsquo;e\u0301tudes de se\u0301curite\u0301 (ISS) et l&rsquo;Association Sembe, en dehors de Boko Haram, d&rsquo;autres groupes se livrent de plus en plus a\u0300 des enle\u0300vements. Les auteurs de ces actes sont d\u2019anciens bergers et des bandes criminelles compose\u0301es de Camerounais, de Nige\u0301rians, de Nige\u0301riens et de Tchadiens.<\/p>\n<p>Les ravisseurs vivent dans la brousse et dans les montagnes le long de la frontie\u0300re qui se\u0301pare le Cameroun et le Nigeria, et font e\u0301quipe avec des complices locaux qui leur servent d\u2019informateurs.<\/p>\n<p><strong>Pour plus d&rsquo;informations et d&rsquo;analyses sur la <a href=\"https:\/\/www.africa-press.net\/cameroun\">Cameroun<\/a>, suivez <a href=\"https:\/\/www.africa-press.net\/\">Africa-Press<\/a><\/strong><\/p>\n","protected":false},"excerpt":{"rendered":"<p>Africa-Press &#8211; Cameroun. De\u0301ploye\u0301s sur plusieurs the\u0301a\u0302tres d&rsquo;ope\u0301ration au Nord et dans les re\u0301gions du Sud-Ouest et du Nord-Ouest du Cameroun, le Bataillon d&rsquo;Intervention rapide (BIR) renforce sa pre\u0301sence dans les re\u0301gions en crise du pays. Une nouvelle base vient d&rsquo;e\u0302tre inaugure\u0301e a\u0300 Beka Guiwan dans l\u2019arrondissement de Meiganga re\u0301gion de l\u2019Adamaoua. Ce nouveau poste [&hellip;]<\/p>\n","protected":false},"author":82,"featured_media":38993,"comment_status":"open","ping_status":"closed","sticky":false,"template":"","format":"standard","meta":{"footnotes":""},"categories":[2,10],"tags":[36,50,49],"class_list":["post-38995","post","type-post","status-publish","format-standard","has-post-thumbnail","hentry","category-politique","category-toutes-les-actualites","tag-africa-press","tag-africa-press-cameroun","tag-cameroun"],"yoast_head":"<!-- This site is optimized with the Yoast SEO Premium plugin v26.1 (Yoast SEO v27.0) - https:\/\/yoast.com\/product\/yoast-seo-premium-wordpress\/ -->\n<title>Cameroun : inauguration d\u2019une base du BIR \u00e0 Beka Guiwan - Cameroun<\/title>\n<meta name=\"description\" content=\"De\u0301ploye\u0301s sur plusieurs the\u0301a\u0302tres d&#039;ope\u0301ration au Nord et dans les re\u0301gions du Sud-Ouest et du Nord-Ouest du Cameroun, ...\" \/>\n<meta name=\"robots\" content=\"index, follow, max-snippet:-1, max-image-preview:large, max-video-preview:-1\" \/>\n<link rel=\"canonical\" href=\"https:\/\/www.africa-press.net\/cameroun\/politique\/cameroun-inauguration-dune-base-du-bir-a-beka-guiwan\" \/>\n<meta property=\"og:locale\" content=\"fr_FR\" \/>\n<meta property=\"og:type\" content=\"article\" \/>\n<meta property=\"og:title\" content=\"Cameroun : inauguration d\u2019une base du BIR \u00e0 Beka Guiwan\" \/>\n<meta property=\"og:description\" content=\"De\u0301ploye\u0301s sur plusieurs the\u0301a\u0302tres d&#039;ope\u0301ration au Nord et dans les re\u0301gions du Sud-Ouest et du Nord-Ouest du Cameroun, ...\" \/>\n<meta property=\"og:url\" content=\"https:\/\/www.africa-press.net\/cameroun\/politique\/cameroun-inauguration-dune-base-du-bir-a-beka-guiwan\" \/>\n<meta property=\"og:site_name\" content=\"Cameroun\" \/>\n<meta property=\"article:published_time\" content=\"2023-03-11T12:26:46+00:00\" \/>\n<meta property=\"article:modified_time\" content=\"2023-03-11T12:55:33+00:00\" \/>\n<meta property=\"og:image\" content=\"https:\/\/static.africa-press.net\/cameroun\/sites\/57\/2023\/03\/postQueueImg_1678525010.56.jpg\" \/>\n\t<meta property=\"og:image:width\" content=\"720\" \/>\n\t<meta property=\"og:image:height\" content=\"345\" \/>\n\t<meta property=\"og:image:type\" content=\"image\/jpeg\" \/>\n<meta name=\"author\" content=\"cfeditorfr\" \/>\n<meta name=\"twitter:card\" content=\"summary_large_image\" \/>\n<meta name=\"twitter:label1\" content=\"\u00c9crit par\" \/>\n\t<meta name=\"twitter:data1\" content=\"cfeditorfr\" \/>\n\t<meta name=\"twitter:label2\" content=\"Dur\u00e9e de lecture estim\u00e9e\" \/>\n\t<meta name=\"twitter:data2\" content=\"2 minutes\" \/>\n<script type=\"application\/ld+json\" class=\"yoast-schema-graph\">{\"@context\":\"https:\/\/schema.org\",\"@graph\":[{\"@type\":\"Article\",\"@id\":\"https:\/\/www.africa-press.net\/cameroun\/politique\/cameroun-inauguration-dune-base-du-bir-a-beka-guiwan#article\",\"isPartOf\":{\"@id\":\"https:\/\/www.africa-press.net\/cameroun\/politique\/cameroun-inauguration-dune-base-du-bir-a-beka-guiwan\"},\"author\":{\"name\":\"cfeditorfr\",\"@id\":\"https:\/\/www.africa-press.net\/cameroun\/#\/schema\/person\/2b1cf3cd81a31e3cd26889ca66d677f1\"},\"headline\":\"Cameroun : inauguration d\u2019une base du BIR \u00e0 Beka Guiwan\",\"datePublished\":\"2023-03-11T12:26:46+00:00\",\"dateModified\":\"2023-03-11T12:55:33+00:00\",\"mainEntityOfPage\":{\"@id\":\"https:\/\/www.africa-press.net\/cameroun\/politique\/cameroun-inauguration-dune-base-du-bir-a-beka-guiwan\"},\"wordCount\":451,\"commentCount\":0,\"image\":{\"@id\":\"https:\/\/www.africa-press.net\/cameroun\/politique\/cameroun-inauguration-dune-base-du-bir-a-beka-guiwan#primaryimage\"},\"thumbnailUrl\":\"https:\/\/static.africa-press.net\/cameroun\/sites\/57\/2023\/03\/postQueueImg_1678525010.56.jpg\",\"keywords\":[\"Africa Press\",\"Africa Press-Cameroun\",\"Cameroun\"],\"articleSection\":[\"Politique\",\"Toutes les actualit\u00e9s\"],\"inLanguage\":\"fr-FR\",\"potentialAction\":[{\"@type\":\"CommentAction\",\"name\":\"Comment\",\"target\":[\"https:\/\/www.africa-press.net\/cameroun\/politique\/cameroun-inauguration-dune-base-du-bir-a-beka-guiwan#respond\"]}]},{\"@type\":\"WebPage\",\"@id\":\"https:\/\/www.africa-press.net\/cameroun\/politique\/cameroun-inauguration-dune-base-du-bir-a-beka-guiwan\",\"url\":\"https:\/\/www.africa-press.net\/cameroun\/politique\/cameroun-inauguration-dune-base-du-bir-a-beka-guiwan\",\"name\":\"Cameroun : inauguration d\u2019une base du BIR \u00e0 Beka Guiwan - Cameroun\",\"isPartOf\":{\"@id\":\"https:\/\/www.africa-press.net\/cameroun\/#website\"},\"primaryImageOfPage\":{\"@id\":\"https:\/\/www.africa-press.net\/cameroun\/politique\/cameroun-inauguration-dune-base-du-bir-a-beka-guiwan#primaryimage\"},\"image\":{\"@id\":\"https:\/\/www.africa-press.net\/cameroun\/politique\/cameroun-inauguration-dune-base-du-bir-a-beka-guiwan#primaryimage\"},\"thumbnailUrl\":\"https:\/\/static.africa-press.net\/cameroun\/sites\/57\/2023\/03\/postQueueImg_1678525010.56.jpg\",\"datePublished\":\"2023-03-11T12:26:46+00:00\",\"dateModified\":\"2023-03-11T12:55:33+00:00\",\"author\":{\"@id\":\"https:\/\/www.africa-press.net\/cameroun\/#\/schema\/person\/2b1cf3cd81a31e3cd26889ca66d677f1\"},\"description\":\"De\u0301ploye\u0301s sur plusieurs the\u0301a\u0302tres d'ope\u0301ration au Nord et dans les re\u0301gions du Sud-Ouest et du Nord-Ouest du Cameroun, ...\",\"breadcrumb\":{\"@id\":\"https:\/\/www.africa-press.net\/cameroun\/politique\/cameroun-inauguration-dune-base-du-bir-a-beka-guiwan#breadcrumb\"},\"inLanguage\":\"fr-FR\",\"potentialAction\":[{\"@type\":\"ReadAction\",\"target\":[\"https:\/\/www.africa-press.net\/cameroun\/politique\/cameroun-inauguration-dune-base-du-bir-a-beka-guiwan\"]}]},{\"@type\":\"ImageObject\",\"inLanguage\":\"fr-FR\",\"@id\":\"https:\/\/www.africa-press.net\/cameroun\/politique\/cameroun-inauguration-dune-base-du-bir-a-beka-guiwan#primaryimage\",\"url\":\"https:\/\/static.africa-press.net\/cameroun\/sites\/57\/2023\/03\/postQueueImg_1678525010.56.jpg\",\"contentUrl\":\"https:\/\/static.africa-press.net\/cameroun\/sites\/57\/2023\/03\/postQueueImg_1678525010.56.jpg\",\"width\":720,\"height\":345,\"caption\":\"Cameroun : inauguration d\u2019une base du BIR \u00e0 Beka Guiwan\"},{\"@type\":\"BreadcrumbList\",\"@id\":\"https:\/\/www.africa-press.net\/cameroun\/politique\/cameroun-inauguration-dune-base-du-bir-a-beka-guiwan#breadcrumb\",\"itemListElement\":[{\"@type\":\"ListItem\",\"position\":1,\"name\":\"Accueil\",\"item\":\"https:\/\/www.africa-press.net\/cameroun\/\"},{\"@type\":\"ListItem\",\"position\":2,\"name\":\"Cameroun : inauguration d\u2019une base du BIR \u00e0 Beka Guiwan\"}]},{\"@type\":\"WebSite\",\"@id\":\"https:\/\/www.africa-press.net\/cameroun\/#website\",\"url\":\"https:\/\/www.africa-press.net\/cameroun\/\",\"name\":\"Cameroun\",\"description\":\"Just another Africa News Agency Sites site\",\"potentialAction\":[{\"@type\":\"SearchAction\",\"target\":{\"@type\":\"EntryPoint\",\"urlTemplate\":\"https:\/\/www.africa-press.net\/cameroun\/?s={search_term_string}\"},\"query-input\":{\"@type\":\"PropertyValueSpecification\",\"valueRequired\":true,\"valueName\":\"search_term_string\"}}],\"inLanguage\":\"fr-FR\"},{\"@type\":\"Person\",\"@id\":\"https:\/\/www.africa-press.net\/cameroun\/#\/schema\/person\/2b1cf3cd81a31e3cd26889ca66d677f1\",\"name\":\"cfeditorfr\"}]}<\/script>\n<!-- \/ Yoast SEO Premium plugin. -->","yoast_head_json":{"title":"Cameroun : inauguration d\u2019une base du BIR \u00e0 Beka Guiwan - Cameroun","description":"De\u0301ploye\u0301s sur plusieurs the\u0301a\u0302tres d'ope\u0301ration au Nord et dans les re\u0301gions du Sud-Ouest et du Nord-Ouest du Cameroun, ...","robots":{"index":"index","follow":"follow","max-snippet":"max-snippet:-1","max-image-preview":"max-image-preview:large","max-video-preview":"max-video-preview:-1"},"canonical":"https:\/\/www.africa-press.net\/cameroun\/politique\/cameroun-inauguration-dune-base-du-bir-a-beka-guiwan","og_locale":"fr_FR","og_type":"article","og_title":"Cameroun : inauguration d\u2019une base du BIR \u00e0 Beka Guiwan","og_description":"De\u0301ploye\u0301s sur plusieurs the\u0301a\u0302tres d'ope\u0301ration au Nord et dans les re\u0301gions du Sud-Ouest et du Nord-Ouest du Cameroun, ...","og_url":"https:\/\/www.africa-press.net\/cameroun\/politique\/cameroun-inauguration-dune-base-du-bir-a-beka-guiwan","og_site_name":"Cameroun","article_published_time":"2023-03-11T12:26:46+00:00","article_modified_time":"2023-03-11T12:55:33+00:00","og_image":[{"width":720,"height":345,"url":"https:\/\/static.africa-press.net\/cameroun\/sites\/57\/2023\/03\/postQueueImg_1678525010.56.jpg","type":"image\/jpeg"}],"author":"cfeditorfr","twitter_card":"summary_large_image","twitter_misc":{"\u00c9crit par":"cfeditorfr","Dur\u00e9e de lecture estim\u00e9e":"2 minutes"},"schema":{"@context":"https:\/\/schema.org","@graph":[{"@type":"Article","@id":"https:\/\/www.africa-press.net\/cameroun\/politique\/cameroun-inauguration-dune-base-du-bir-a-beka-guiwan#article","isPartOf":{"@id":"https:\/\/www.africa-press.net\/cameroun\/politique\/cameroun-inauguration-dune-base-du-bir-a-beka-guiwan"},"author":{"name":"cfeditorfr","@id":"https:\/\/www.africa-press.net\/cameroun\/#\/schema\/person\/2b1cf3cd81a31e3cd26889ca66d677f1"},"headline":"Cameroun : inauguration d\u2019une base du BIR \u00e0 Beka Guiwan","datePublished":"2023-03-11T12:26:46+00:00","dateModified":"2023-03-11T12:55:33+00:00","mainEntityOfPage":{"@id":"https:\/\/www.africa-press.net\/cameroun\/politique\/cameroun-inauguration-dune-base-du-bir-a-beka-guiwan"},"wordCount":451,"commentCount":0,"image":{"@id":"https:\/\/www.africa-press.net\/cameroun\/politique\/cameroun-inauguration-dune-base-du-bir-a-beka-guiwan#primaryimage"},"thumbnailUrl":"https:\/\/static.africa-press.net\/cameroun\/sites\/57\/2023\/03\/postQueueImg_1678525010.56.jpg","keywords":["Africa Press","Africa Press-Cameroun","Cameroun"],"articleSection":["Politique","Toutes les actualit\u00e9s"],"inLanguage":"fr-FR","potentialAction":[{"@type":"CommentAction","name":"Comment","target":["https:\/\/www.africa-press.net\/cameroun\/politique\/cameroun-inauguration-dune-base-du-bir-a-beka-guiwan#respond"]}]},{"@type":"WebPage","@id":"https:\/\/www.africa-press.net\/cameroun\/politique\/cameroun-inauguration-dune-base-du-bir-a-beka-guiwan","url":"https:\/\/www.africa-press.net\/cameroun\/politique\/cameroun-inauguration-dune-base-du-bir-a-beka-guiwan","name":"Cameroun : inauguration d\u2019une base du BIR \u00e0 Beka Guiwan - Cameroun","isPartOf":{"@id":"https:\/\/www.africa-press.net\/cameroun\/#website"},"primaryImageOfPage":{"@id":"https:\/\/www.africa-press.net\/cameroun\/politique\/cameroun-inauguration-dune-base-du-bir-a-beka-guiwan#primaryimage"},"image":{"@id":"https:\/\/www.africa-press.net\/cameroun\/politique\/cameroun-inauguration-dune-base-du-bir-a-beka-guiwan#primaryimage"},"thumbnailUrl":"https:\/\/static.africa-press.net\/cameroun\/sites\/57\/2023\/03\/postQueueImg_1678525010.56.jpg","datePublished":"2023-03-11T12:26:46+00:00","dateModified":"2023-03-11T12:55:33+00:00","author":{"@id":"https:\/\/www.africa-press.net\/cameroun\/#\/schema\/person\/2b1cf3cd81a31e3cd26889ca66d677f1"},"description":"De\u0301ploye\u0301s sur plusieurs the\u0301a\u0302tres d'ope\u0301ration au Nord et dans les re\u0301gions du Sud-Ouest et du Nord-Ouest du Cameroun, ...","breadcrumb":{"@id":"https:\/\/www.africa-press.net\/cameroun\/politique\/cameroun-inauguration-dune-base-du-bir-a-beka-guiwan#breadcrumb"},"inLanguage":"fr-FR","potentialAction":[{"@type":"ReadAction","target":["https:\/\/www.africa-press.net\/cameroun\/politique\/cameroun-inauguration-dune-base-du-bir-a-beka-guiwan"]}]},{"@type":"ImageObject","inLanguage":"fr-FR","@id":"https:\/\/www.africa-press.net\/cameroun\/politique\/cameroun-inauguration-dune-base-du-bir-a-beka-guiwan#primaryimage","url":"https:\/\/static.africa-press.net\/cameroun\/sites\/57\/2023\/03\/postQueueImg_1678525010.56.jpg","contentUrl":"https:\/\/static.africa-press.net\/cameroun\/sites\/57\/2023\/03\/postQueueImg_1678525010.56.jpg","width":720,"height":345,"caption":"Cameroun : inauguration d\u2019une base du BIR \u00e0 Beka Guiwan"},{"@type":"BreadcrumbList","@id":"https:\/\/www.africa-press.net\/cameroun\/politique\/cameroun-inauguration-dune-base-du-bir-a-beka-guiwan#breadcrumb","itemListElement":[{"@type":"ListItem","position":1,"name":"Accueil","item":"https:\/\/www.africa-press.net\/cameroun\/"},{"@type":"ListItem","position":2,"name":"Cameroun : inauguration d\u2019une base du BIR \u00e0 Beka Guiwan"}]},{"@type":"WebSite","@id":"https:\/\/www.africa-press.net\/cameroun\/#website","url":"https:\/\/www.africa-press.net\/cameroun\/","name":"Cameroun","description":"Just another Africa News Agency Sites site","potentialAction":[{"@type":"SearchAction","target":{"@type":"EntryPoint","urlTemplate":"https:\/\/www.africa-press.net\/cameroun\/?s={search_term_string}"},"query-input":{"@type":"PropertyValueSpecification","valueRequired":true,"valueName":"search_term_string"}}],"inLanguage":"fr-FR"},{"@type":"Person","@id":"https:\/\/www.africa-press.net\/cameroun\/#\/schema\/person\/2b1cf3cd81a31e3cd26889ca66d677f1","name":"cfeditorfr"}]}},"_links":{"self":[{"href":"https:\/\/www.africa-press.net\/cameroun\/wp-json\/wp\/v2\/posts\/38995","targetHints":{"allow":["GET"]}}],"collection":[{"href":"https:\/\/www.africa-press.net\/cameroun\/wp-json\/wp\/v2\/posts"}],"about":[{"href":"https:\/\/www.africa-press.net\/cameroun\/wp-json\/wp\/v2\/types\/post"}],"author":[{"embeddable":true,"href":"https:\/\/www.africa-press.net\/cameroun\/wp-json\/wp\/v2\/users\/82"}],"replies":[{"embeddable":true,"href":"https:\/\/www.africa-press.net\/cameroun\/wp-json\/wp\/v2\/comments?post=38995"}],"version-history":[{"count":0,"href":"https:\/\/www.africa-press.net\/cameroun\/wp-json\/wp\/v2\/posts\/38995\/revisions"}],"wp:featuredmedia":[{"embeddable":true,"href":"https:\/\/www.africa-press.net\/cameroun\/wp-json\/wp\/v2\/media\/38993"}],"wp:attachment":[{"href":"https:\/\/www.africa-press.net\/cameroun\/wp-json\/wp\/v2\/media?parent=38995"}],"wp:term":[{"taxonomy":"category","embeddable":true,"href":"https:\/\/www.africa-press.net\/cameroun\/wp-json\/wp\/v2\/categories?post=38995"},{"taxonomy":"post_tag","embeddable":true,"href":"https:\/\/www.africa-press.net\/cameroun\/wp-json\/wp\/v2\/tags?post=38995"}],"curies":[{"name":"wp","href":"https:\/\/api.w.org\/{rel}","templated":true}]}}