{"id":38998,"date":"2023-03-11T19:13:01","date_gmt":"2023-03-11T19:13:01","guid":{"rendered":"https:\/\/www.africa-press.net\/cameroun\/politique\/cameroun-disgrace-caprices-folie-des-grandeurs-et-souci-de-sante-ont-marque-la-premiere-semaine-de-jean-pierre-amougou-belinga-a-la-prison-de-kondengui"},"modified":"2023-03-11T19:27:51","modified_gmt":"2023-03-11T19:27:51","slug":"cameroun-disgrace-caprices-folie-des-grandeurs-et-souci-de-sante-ont-marque-la-premiere-semaine-de-jean-pierre-amougou-belinga-a-la-prison-de-kondengui","status":"publish","type":"post","link":"https:\/\/www.africa-press.net\/cameroun\/toutes-les-actualites\/cameroun-disgrace-caprices-folie-des-grandeurs-et-souci-de-sante-ont-marque-la-premiere-semaine-de-jean-pierre-amougou-belinga-a-la-prison-de-kondengui","title":{"rendered":"Cameroun \u2013 Disgr\u00e2ce: Caprices, folie des grandeurs et souci de sant\u00e9 ont marqu\u00e9 la premi\u00e8re semaine de Jean Pierre Amougou Belinga \u00e0 la prison de Kondengui"},"content":{"rendered":"<p><span style=\"color: #ff6600\"><strong>Africa-Press &#8211; Cameroun. <\/strong><\/span>Re\u0301pute\u0301 homme puissant, le Pre\u0301sident directeur ge\u0301ne\u0301ral du groupe de presse l&rsquo;Anecdote a e\u0301te\u0301 jete\u0301 en prison apre\u0300s trois semaines de garde a\u0300 vue dans une cellule au Secre\u0301tariat d&rsquo;E\u0301tat a\u0300 la de\u0301fense (SED).<\/p>\n<p>la de\u0301cision du Tribunal militaire de Yaounde\u0301 de placer Depuis sous mandat de de\u0301po\u0302t la vingtaine de personnes interpelle\u0301es dans le cadre de l&rsquo;affaire Martinez Zogo, les officiels n&rsquo;ont fait aucune communication pour informer sur les premie\u0300res conclusions de l&rsquo;enque\u0302te lie\u0301e a\u0300 cette affaire qui a tenu en haleine pendant plusieurs jours l&rsquo;opinion publique nationale et internationale, qui s&rsquo;abreuve a\u0300 de\u0301faut a\u0300 la source des rumeurs recueillies aupre\u0300s des proches des de\u0301tenus.<\/p>\n<p>Afin de reconstituer les moments forts qui ont marque\u0301 la premie\u0300re semaine que le PDG de Vision 4 a passe\u0301 sous les verrous, rappelons que Jean Pierre Amougou Belinga arrive sous forte escorte au quartier Kondengui vers 7 heures, le samedi 04 mars , en provenance <b>du<\/b> Tribunal militaire ou\u0300 il a passe\u0301 une nuit blanche.<\/p>\n<p>Sur le chemin du pe\u0301nitencier, le \u00ab Zomloa des Zomloas \u00bb apprend qu&rsquo;il sera incarce\u0301re\u0301 a\u0300 la prison principale de Kondengui, sie\u0300ge en face de la tre\u0300s ce\u0301le\u0300bre prison centrale.<\/p>\n<p>La prison principale est sortie de terre il y a une dizaine d&rsquo;anne\u0301e sur les cendres de l&rsquo;ancienne Brigade mixte mobile (BMM) fonde\u0301e en 1964 pour re\u0301primer les graves infractions a\u0300 la su\u0302rete\u0301 inte\u0301rieure et exte\u0301rieure de l&rsquo;E\u0301tat avec la particularite\u0301 que les les conditions de de\u0301tention et de la torture y e\u0301taient inhumaines.<\/p>\n<p>Les conditions de de\u0301tention se sont nettement ame\u0301liore\u0301es aujourd&rsquo;hui au point ou\u0300 Jean Pierre Amougou Belinga a demande\u0301 et obtenu que les travaux d&rsquo;ame\u0301nagement soient faits avant qu&rsquo;il n&rsquo;inte\u0300gre sa cellule&#8230;<\/p>\n<p><b>Le lundi 06 mars 2023<\/b> , l&rsquo;ami intime de Laurent Esso, le ministre de la justice et patron de toutes les prisons du Cameroun, \u00ab ce\u0301le\u0300bre \u00bb le premier mois de sa privation de liberte\u0301 dans une cellule entie\u0300rement relooke\u0301e avec e\u0301cran plasma, re\u0301frige\u0301rateur, climatiseur, etc.. Ce cachot luxueux est situe\u0301 dans le quartier qui a abrite\u0301 il y a environ quatre ans, le Professeur Maurice Kamto, principal opposant au re\u0301gime de Paul Biya. Il y a neuf mois passe\u0301s pour avoir organise\u0301 des manifestations anti Biya&#8230;<\/p>\n<p><b>Le mercredi 08 mars 2023<\/b> , Jean Pierre Amougou Belinga est visiblement mal, malgre\u0301 le privile\u0300ge qu&rsquo;il a de recevoir ses multiples visiteurs dans un espace VIP. L&rsquo;homme qui faisant emprisonner des collaborateurs sur un simple claquement de doigts, semble ne pas encore accepter sa nouvelle situation de prisonnier. Il est rec\u0327u en consultation au centre me\u0301dical de la prison. Le personnel soignant a juge\u0301 son e\u0301tat critique. Le me\u0301decin pe\u0301nitencier, Nkem Efon Kevin, re\u0301fe\u0300re l&rsquo;illustre patient chez le Docteur Ntone, expert en sante\u0301 mentale en service au Centre hospitalier Universitaire de Yaounde\u0301.<\/p>\n<p><b>Le jeudi 09 mars 2023,<\/b> le Re\u0301gisseur de la prison adresse une correspondance au Commissaire du gouvernement pre\u0300s le tribunal militaire de Yaounde\u0301 pour demander une \u00ab escorte mixte avec les e\u0301le\u0301ments du groupement polyvalent d&rsquo;intervention de la gendarmerie nationale \u00bb afin d&rsquo;encadrer l&rsquo; extraction du Magnat des me\u0301dias. Selon des sources, cette ope\u0301ration qualifie\u0301e de tre\u0300s \u00ab sensible \u00bb par le re\u0301gisseur, s&rsquo;est de\u0301roule\u0301e sans couac.<\/p>\n<p><b>Le vendredi 10 mars 2023<\/b> , Jean Pierre Amougou Belinga rec\u0327oit entre autres, certains avocats membres de son conseil, qui lui font le point sur la tentative de perquisition mene\u0301e par la gendarmerie sur certaines de ses entreprises, notamment au sie\u0300ge du groupe de presse l&rsquo; Anecdote et a\u0300 l&rsquo;Institut supe\u0301rieur des sciences, arts et me\u0301tiers (ISSAM)&#8230;<\/p>\n<p>Apre\u0300s l&rsquo;e\u0301prouvante phase des auditions au SED, Jean Pierre Amougou Belinga et cie s&rsquo;appre\u0302tent a\u0300 subir une autre grosse e\u0301preuve, celle de la phase de l&rsquo;instruction de cette affaire. A ce sujet, le pre\u0301sident de la Re\u0301publique a nomme\u0301 le 06 mars dernier, le Lieutenant-Colonel Florent SIKATI II KAMWO au poste de juge d&rsquo;instruction au Tribunal militaire de Yaounde\u0301. Ce dernier est charge\u0301 de boucler cette deuxie\u0300me e\u0301tape avant l&rsquo;ouverture du proce\u0300s de l&rsquo;affaire Martinez Zogo.<\/p>\n<p><strong>Pour plus d&rsquo;informations et d&rsquo;analyses sur la <a href=\"https:\/\/www.africa-press.net\/cameroun\">Cameroun<\/a>, suivez <a href=\"https:\/\/www.africa-press.net\/\">Africa-Press<\/a><\/strong><\/p>\n","protected":false},"excerpt":{"rendered":"<p>Africa-Press &#8211; Cameroun. Re\u0301pute\u0301 homme puissant, le Pre\u0301sident directeur ge\u0301ne\u0301ral du groupe de presse l&rsquo;Anecdote a e\u0301te\u0301 jete\u0301 en prison apre\u0300s trois semaines de garde a\u0300 vue dans une cellule au Secre\u0301tariat d&rsquo;E\u0301tat a\u0300 la de\u0301fense (SED). la de\u0301cision du Tribunal militaire de Yaounde\u0301 de placer Depuis sous mandat de de\u0301po\u0302t la vingtaine de personnes [&hellip;]<\/p>\n","protected":false},"author":82,"featured_media":38997,"comment_status":"open","ping_status":"closed","sticky":false,"template":"","format":"standard","meta":{"footnotes":""},"categories":[21,10],"tags":[36,50,49],"class_list":["post-38998","post","type-post","status-publish","format-standard","has-post-thumbnail","hentry","category-communaute","category-toutes-les-actualites","tag-africa-press","tag-africa-press-cameroun","tag-cameroun"],"yoast_head":"<!-- This site is optimized with the Yoast SEO Premium plugin v26.1 (Yoast SEO v27.0) - https:\/\/yoast.com\/product\/yoast-seo-premium-wordpress\/ -->\n<title>Cameroun \u2013 Disgr\u00e2ce: Caprices, folie des grandeurs et souci de sant\u00e9 ont marqu\u00e9 la premi\u00e8re semaine de Jean Pierre Amougou Belinga \u00e0 la prison de Kondengui - Cameroun<\/title>\n<meta name=\"description\" content=\"Re\u0301pute\u0301 homme puissant, le Pre\u0301sident directeur ge\u0301ne\u0301ral du groupe de presse l&#039;Anecdote a e\u0301te\u0301 jete\u0301 en prison apre\u0300s ...\" \/>\n<meta name=\"robots\" content=\"index, follow, max-snippet:-1, max-image-preview:large, max-video-preview:-1\" \/>\n<link rel=\"canonical\" href=\"https:\/\/www.africa-press.net\/cameroun\/toutes-les-actualites\/cameroun-disgrace-caprices-folie-des-grandeurs-et-souci-de-sante-ont-marque-la-premiere-semaine-de-jean-pierre-amougou-belinga-a-la-prison-de-kondengui\" \/>\n<meta property=\"og:locale\" content=\"fr_FR\" \/>\n<meta property=\"og:type\" content=\"article\" \/>\n<meta property=\"og:title\" content=\"Cameroun \u2013 Disgr\u00e2ce: Caprices, folie des grandeurs et souci de sant\u00e9 ont marqu\u00e9 la premi\u00e8re semaine de Jean Pierre Amougou Belinga \u00e0 la prison de Kondengui\" \/>\n<meta property=\"og:description\" content=\"Re\u0301pute\u0301 homme puissant, le Pre\u0301sident directeur ge\u0301ne\u0301ral du groupe de presse l&#039;Anecdote a e\u0301te\u0301 jete\u0301 en prison apre\u0300s ...\" \/>\n<meta property=\"og:url\" content=\"https:\/\/www.africa-press.net\/cameroun\/toutes-les-actualites\/cameroun-disgrace-caprices-folie-des-grandeurs-et-souci-de-sante-ont-marque-la-premiere-semaine-de-jean-pierre-amougou-belinga-a-la-prison-de-kondengui\" \/>\n<meta property=\"og:site_name\" content=\"Cameroun\" \/>\n<meta property=\"article:published_time\" content=\"2023-03-11T19:13:01+00:00\" \/>\n<meta property=\"article:modified_time\" content=\"2023-03-11T19:27:51+00:00\" \/>\n<meta property=\"og:image\" content=\"https:\/\/static.africa-press.net\/cameroun\/sites\/57\/2023\/03\/postQueueImg_1678549421.13.jpg\" \/>\n\t<meta property=\"og:image:width\" content=\"800\" \/>\n\t<meta property=\"og:image:height\" content=\"600\" \/>\n\t<meta property=\"og:image:type\" content=\"image\/jpeg\" \/>\n<meta name=\"author\" content=\"cfeditorfr\" \/>\n<meta name=\"twitter:card\" content=\"summary_large_image\" \/>\n<meta name=\"twitter:label1\" content=\"\u00c9crit par\" \/>\n\t<meta name=\"twitter:data1\" content=\"cfeditorfr\" \/>\n\t<meta name=\"twitter:label2\" content=\"Dur\u00e9e de lecture estim\u00e9e\" \/>\n\t<meta name=\"twitter:data2\" content=\"4 minutes\" \/>\n<script type=\"application\/ld+json\" class=\"yoast-schema-graph\">{\"@context\":\"https:\/\/schema.org\",\"@graph\":[{\"@type\":\"Article\",\"@id\":\"https:\/\/www.africa-press.net\/cameroun\/toutes-les-actualites\/cameroun-disgrace-caprices-folie-des-grandeurs-et-souci-de-sante-ont-marque-la-premiere-semaine-de-jean-pierre-amougou-belinga-a-la-prison-de-kondengui#article\",\"isPartOf\":{\"@id\":\"https:\/\/www.africa-press.net\/cameroun\/toutes-les-actualites\/cameroun-disgrace-caprices-folie-des-grandeurs-et-souci-de-sante-ont-marque-la-premiere-semaine-de-jean-pierre-amougou-belinga-a-la-prison-de-kondengui\"},\"author\":{\"name\":\"cfeditorfr\",\"@id\":\"https:\/\/www.africa-press.net\/cameroun\/#\/schema\/person\/2b1cf3cd81a31e3cd26889ca66d677f1\"},\"headline\":\"Cameroun \u2013 Disgr\u00e2ce: Caprices, folie des grandeurs et souci de sant\u00e9 ont marqu\u00e9 la premi\u00e8re semaine de Jean Pierre Amougou Belinga \u00e0 la prison de Kondengui\",\"datePublished\":\"2023-03-11T19:13:01+00:00\",\"dateModified\":\"2023-03-11T19:27:51+00:00\",\"mainEntityOfPage\":{\"@id\":\"https:\/\/www.africa-press.net\/cameroun\/toutes-les-actualites\/cameroun-disgrace-caprices-folie-des-grandeurs-et-souci-de-sante-ont-marque-la-premiere-semaine-de-jean-pierre-amougou-belinga-a-la-prison-de-kondengui\"},\"wordCount\":784,\"commentCount\":0,\"image\":{\"@id\":\"https:\/\/www.africa-press.net\/cameroun\/toutes-les-actualites\/cameroun-disgrace-caprices-folie-des-grandeurs-et-souci-de-sante-ont-marque-la-premiere-semaine-de-jean-pierre-amougou-belinga-a-la-prison-de-kondengui#primaryimage\"},\"thumbnailUrl\":\"https:\/\/static.africa-press.net\/cameroun\/sites\/57\/2023\/03\/postQueueImg_1678549421.13.jpg\",\"keywords\":[\"Africa Press\",\"Africa Press-Cameroun\",\"Cameroun\"],\"articleSection\":[\"Communaut\u00e9\",\"Toutes les actualit\u00e9s\"],\"inLanguage\":\"fr-FR\",\"potentialAction\":[{\"@type\":\"CommentAction\",\"name\":\"Comment\",\"target\":[\"https:\/\/www.africa-press.net\/cameroun\/toutes-les-actualites\/cameroun-disgrace-caprices-folie-des-grandeurs-et-souci-de-sante-ont-marque-la-premiere-semaine-de-jean-pierre-amougou-belinga-a-la-prison-de-kondengui#respond\"]}]},{\"@type\":\"WebPage\",\"@id\":\"https:\/\/www.africa-press.net\/cameroun\/toutes-les-actualites\/cameroun-disgrace-caprices-folie-des-grandeurs-et-souci-de-sante-ont-marque-la-premiere-semaine-de-jean-pierre-amougou-belinga-a-la-prison-de-kondengui\",\"url\":\"https:\/\/www.africa-press.net\/cameroun\/toutes-les-actualites\/cameroun-disgrace-caprices-folie-des-grandeurs-et-souci-de-sante-ont-marque-la-premiere-semaine-de-jean-pierre-amougou-belinga-a-la-prison-de-kondengui\",\"name\":\"Cameroun \u2013 Disgr\u00e2ce: Caprices, folie des grandeurs et souci de sant\u00e9 ont marqu\u00e9 la premi\u00e8re semaine de Jean Pierre Amougou Belinga \u00e0 la prison de Kondengui - Cameroun\",\"isPartOf\":{\"@id\":\"https:\/\/www.africa-press.net\/cameroun\/#website\"},\"primaryImageOfPage\":{\"@id\":\"https:\/\/www.africa-press.net\/cameroun\/toutes-les-actualites\/cameroun-disgrace-caprices-folie-des-grandeurs-et-souci-de-sante-ont-marque-la-premiere-semaine-de-jean-pierre-amougou-belinga-a-la-prison-de-kondengui#primaryimage\"},\"image\":{\"@id\":\"https:\/\/www.africa-press.net\/cameroun\/toutes-les-actualites\/cameroun-disgrace-caprices-folie-des-grandeurs-et-souci-de-sante-ont-marque-la-premiere-semaine-de-jean-pierre-amougou-belinga-a-la-prison-de-kondengui#primaryimage\"},\"thumbnailUrl\":\"https:\/\/static.africa-press.net\/cameroun\/sites\/57\/2023\/03\/postQueueImg_1678549421.13.jpg\",\"datePublished\":\"2023-03-11T19:13:01+00:00\",\"dateModified\":\"2023-03-11T19:27:51+00:00\",\"author\":{\"@id\":\"https:\/\/www.africa-press.net\/cameroun\/#\/schema\/person\/2b1cf3cd81a31e3cd26889ca66d677f1\"},\"description\":\"Re\u0301pute\u0301 homme puissant, le Pre\u0301sident directeur ge\u0301ne\u0301ral du groupe de presse l'Anecdote a e\u0301te\u0301 jete\u0301 en prison apre\u0300s ...\",\"breadcrumb\":{\"@id\":\"https:\/\/www.africa-press.net\/cameroun\/toutes-les-actualites\/cameroun-disgrace-caprices-folie-des-grandeurs-et-souci-de-sante-ont-marque-la-premiere-semaine-de-jean-pierre-amougou-belinga-a-la-prison-de-kondengui#breadcrumb\"},\"inLanguage\":\"fr-FR\",\"potentialAction\":[{\"@type\":\"ReadAction\",\"target\":[\"https:\/\/www.africa-press.net\/cameroun\/toutes-les-actualites\/cameroun-disgrace-caprices-folie-des-grandeurs-et-souci-de-sante-ont-marque-la-premiere-semaine-de-jean-pierre-amougou-belinga-a-la-prison-de-kondengui\"]}]},{\"@type\":\"ImageObject\",\"inLanguage\":\"fr-FR\",\"@id\":\"https:\/\/www.africa-press.net\/cameroun\/toutes-les-actualites\/cameroun-disgrace-caprices-folie-des-grandeurs-et-souci-de-sante-ont-marque-la-premiere-semaine-de-jean-pierre-amougou-belinga-a-la-prison-de-kondengui#primaryimage\",\"url\":\"https:\/\/static.africa-press.net\/cameroun\/sites\/57\/2023\/03\/postQueueImg_1678549421.13.jpg\",\"contentUrl\":\"https:\/\/static.africa-press.net\/cameroun\/sites\/57\/2023\/03\/postQueueImg_1678549421.13.jpg\",\"width\":800,\"height\":600,\"caption\":\"Cameroun \u2013 Disgr\u00e2ce: Caprices, folie des grandeurs et souci de sant\u00e9 ont marqu\u00e9 la premi\u00e8re semaine de Jean Pierre Amougou Belinga \u00e0 la prison de Kondengui\"},{\"@type\":\"BreadcrumbList\",\"@id\":\"https:\/\/www.africa-press.net\/cameroun\/toutes-les-actualites\/cameroun-disgrace-caprices-folie-des-grandeurs-et-souci-de-sante-ont-marque-la-premiere-semaine-de-jean-pierre-amougou-belinga-a-la-prison-de-kondengui#breadcrumb\",\"itemListElement\":[{\"@type\":\"ListItem\",\"position\":1,\"name\":\"Accueil\",\"item\":\"https:\/\/www.africa-press.net\/cameroun\/\"},{\"@type\":\"ListItem\",\"position\":2,\"name\":\"Cameroun \u2013 Disgr\u00e2ce: Caprices, folie des grandeurs et souci de sant\u00e9 ont marqu\u00e9 la premi\u00e8re semaine de Jean Pierre Amougou Belinga \u00e0 la prison de Kondengui\"}]},{\"@type\":\"WebSite\",\"@id\":\"https:\/\/www.africa-press.net\/cameroun\/#website\",\"url\":\"https:\/\/www.africa-press.net\/cameroun\/\",\"name\":\"Cameroun\",\"description\":\"Just another Africa News Agency Sites site\",\"potentialAction\":[{\"@type\":\"SearchAction\",\"target\":{\"@type\":\"EntryPoint\",\"urlTemplate\":\"https:\/\/www.africa-press.net\/cameroun\/?s={search_term_string}\"},\"query-input\":{\"@type\":\"PropertyValueSpecification\",\"valueRequired\":true,\"valueName\":\"search_term_string\"}}],\"inLanguage\":\"fr-FR\"},{\"@type\":\"Person\",\"@id\":\"https:\/\/www.africa-press.net\/cameroun\/#\/schema\/person\/2b1cf3cd81a31e3cd26889ca66d677f1\",\"name\":\"cfeditorfr\"}]}<\/script>\n<!-- \/ Yoast SEO Premium plugin. -->","yoast_head_json":{"title":"Cameroun \u2013 Disgr\u00e2ce: Caprices, folie des grandeurs et souci de sant\u00e9 ont marqu\u00e9 la premi\u00e8re semaine de Jean Pierre Amougou Belinga \u00e0 la prison de Kondengui - Cameroun","description":"Re\u0301pute\u0301 homme puissant, le Pre\u0301sident directeur ge\u0301ne\u0301ral du groupe de presse l'Anecdote a e\u0301te\u0301 jete\u0301 en prison apre\u0300s ...","robots":{"index":"index","follow":"follow","max-snippet":"max-snippet:-1","max-image-preview":"max-image-preview:large","max-video-preview":"max-video-preview:-1"},"canonical":"https:\/\/www.africa-press.net\/cameroun\/toutes-les-actualites\/cameroun-disgrace-caprices-folie-des-grandeurs-et-souci-de-sante-ont-marque-la-premiere-semaine-de-jean-pierre-amougou-belinga-a-la-prison-de-kondengui","og_locale":"fr_FR","og_type":"article","og_title":"Cameroun \u2013 Disgr\u00e2ce: Caprices, folie des grandeurs et souci de sant\u00e9 ont marqu\u00e9 la premi\u00e8re semaine de Jean Pierre Amougou Belinga \u00e0 la prison de Kondengui","og_description":"Re\u0301pute\u0301 homme puissant, le Pre\u0301sident directeur ge\u0301ne\u0301ral du groupe de presse l'Anecdote a e\u0301te\u0301 jete\u0301 en prison apre\u0300s ...","og_url":"https:\/\/www.africa-press.net\/cameroun\/toutes-les-actualites\/cameroun-disgrace-caprices-folie-des-grandeurs-et-souci-de-sante-ont-marque-la-premiere-semaine-de-jean-pierre-amougou-belinga-a-la-prison-de-kondengui","og_site_name":"Cameroun","article_published_time":"2023-03-11T19:13:01+00:00","article_modified_time":"2023-03-11T19:27:51+00:00","og_image":[{"width":800,"height":600,"url":"https:\/\/static.africa-press.net\/cameroun\/sites\/57\/2023\/03\/postQueueImg_1678549421.13.jpg","type":"image\/jpeg"}],"author":"cfeditorfr","twitter_card":"summary_large_image","twitter_misc":{"\u00c9crit par":"cfeditorfr","Dur\u00e9e de lecture estim\u00e9e":"4 minutes"},"schema":{"@context":"https:\/\/schema.org","@graph":[{"@type":"Article","@id":"https:\/\/www.africa-press.net\/cameroun\/toutes-les-actualites\/cameroun-disgrace-caprices-folie-des-grandeurs-et-souci-de-sante-ont-marque-la-premiere-semaine-de-jean-pierre-amougou-belinga-a-la-prison-de-kondengui#article","isPartOf":{"@id":"https:\/\/www.africa-press.net\/cameroun\/toutes-les-actualites\/cameroun-disgrace-caprices-folie-des-grandeurs-et-souci-de-sante-ont-marque-la-premiere-semaine-de-jean-pierre-amougou-belinga-a-la-prison-de-kondengui"},"author":{"name":"cfeditorfr","@id":"https:\/\/www.africa-press.net\/cameroun\/#\/schema\/person\/2b1cf3cd81a31e3cd26889ca66d677f1"},"headline":"Cameroun \u2013 Disgr\u00e2ce: Caprices, folie des grandeurs et souci de sant\u00e9 ont marqu\u00e9 la premi\u00e8re semaine de Jean Pierre Amougou Belinga \u00e0 la prison de Kondengui","datePublished":"2023-03-11T19:13:01+00:00","dateModified":"2023-03-11T19:27:51+00:00","mainEntityOfPage":{"@id":"https:\/\/www.africa-press.net\/cameroun\/toutes-les-actualites\/cameroun-disgrace-caprices-folie-des-grandeurs-et-souci-de-sante-ont-marque-la-premiere-semaine-de-jean-pierre-amougou-belinga-a-la-prison-de-kondengui"},"wordCount":784,"commentCount":0,"image":{"@id":"https:\/\/www.africa-press.net\/cameroun\/toutes-les-actualites\/cameroun-disgrace-caprices-folie-des-grandeurs-et-souci-de-sante-ont-marque-la-premiere-semaine-de-jean-pierre-amougou-belinga-a-la-prison-de-kondengui#primaryimage"},"thumbnailUrl":"https:\/\/static.africa-press.net\/cameroun\/sites\/57\/2023\/03\/postQueueImg_1678549421.13.jpg","keywords":["Africa Press","Africa Press-Cameroun","Cameroun"],"articleSection":["Communaut\u00e9","Toutes les actualit\u00e9s"],"inLanguage":"fr-FR","potentialAction":[{"@type":"CommentAction","name":"Comment","target":["https:\/\/www.africa-press.net\/cameroun\/toutes-les-actualites\/cameroun-disgrace-caprices-folie-des-grandeurs-et-souci-de-sante-ont-marque-la-premiere-semaine-de-jean-pierre-amougou-belinga-a-la-prison-de-kondengui#respond"]}]},{"@type":"WebPage","@id":"https:\/\/www.africa-press.net\/cameroun\/toutes-les-actualites\/cameroun-disgrace-caprices-folie-des-grandeurs-et-souci-de-sante-ont-marque-la-premiere-semaine-de-jean-pierre-amougou-belinga-a-la-prison-de-kondengui","url":"https:\/\/www.africa-press.net\/cameroun\/toutes-les-actualites\/cameroun-disgrace-caprices-folie-des-grandeurs-et-souci-de-sante-ont-marque-la-premiere-semaine-de-jean-pierre-amougou-belinga-a-la-prison-de-kondengui","name":"Cameroun \u2013 Disgr\u00e2ce: Caprices, folie des grandeurs et souci de sant\u00e9 ont marqu\u00e9 la premi\u00e8re semaine de Jean Pierre Amougou Belinga \u00e0 la prison de Kondengui - Cameroun","isPartOf":{"@id":"https:\/\/www.africa-press.net\/cameroun\/#website"},"primaryImageOfPage":{"@id":"https:\/\/www.africa-press.net\/cameroun\/toutes-les-actualites\/cameroun-disgrace-caprices-folie-des-grandeurs-et-souci-de-sante-ont-marque-la-premiere-semaine-de-jean-pierre-amougou-belinga-a-la-prison-de-kondengui#primaryimage"},"image":{"@id":"https:\/\/www.africa-press.net\/cameroun\/toutes-les-actualites\/cameroun-disgrace-caprices-folie-des-grandeurs-et-souci-de-sante-ont-marque-la-premiere-semaine-de-jean-pierre-amougou-belinga-a-la-prison-de-kondengui#primaryimage"},"thumbnailUrl":"https:\/\/static.africa-press.net\/cameroun\/sites\/57\/2023\/03\/postQueueImg_1678549421.13.jpg","datePublished":"2023-03-11T19:13:01+00:00","dateModified":"2023-03-11T19:27:51+00:00","author":{"@id":"https:\/\/www.africa-press.net\/cameroun\/#\/schema\/person\/2b1cf3cd81a31e3cd26889ca66d677f1"},"description":"Re\u0301pute\u0301 homme puissant, le Pre\u0301sident directeur ge\u0301ne\u0301ral du groupe de presse l'Anecdote a e\u0301te\u0301 jete\u0301 en prison apre\u0300s ...","breadcrumb":{"@id":"https:\/\/www.africa-press.net\/cameroun\/toutes-les-actualites\/cameroun-disgrace-caprices-folie-des-grandeurs-et-souci-de-sante-ont-marque-la-premiere-semaine-de-jean-pierre-amougou-belinga-a-la-prison-de-kondengui#breadcrumb"},"inLanguage":"fr-FR","potentialAction":[{"@type":"ReadAction","target":["https:\/\/www.africa-press.net\/cameroun\/toutes-les-actualites\/cameroun-disgrace-caprices-folie-des-grandeurs-et-souci-de-sante-ont-marque-la-premiere-semaine-de-jean-pierre-amougou-belinga-a-la-prison-de-kondengui"]}]},{"@type":"ImageObject","inLanguage":"fr-FR","@id":"https:\/\/www.africa-press.net\/cameroun\/toutes-les-actualites\/cameroun-disgrace-caprices-folie-des-grandeurs-et-souci-de-sante-ont-marque-la-premiere-semaine-de-jean-pierre-amougou-belinga-a-la-prison-de-kondengui#primaryimage","url":"https:\/\/static.africa-press.net\/cameroun\/sites\/57\/2023\/03\/postQueueImg_1678549421.13.jpg","contentUrl":"https:\/\/static.africa-press.net\/cameroun\/sites\/57\/2023\/03\/postQueueImg_1678549421.13.jpg","width":800,"height":600,"caption":"Cameroun \u2013 Disgr\u00e2ce: Caprices, folie des grandeurs et souci de sant\u00e9 ont marqu\u00e9 la premi\u00e8re semaine de Jean Pierre Amougou Belinga \u00e0 la prison de Kondengui"},{"@type":"BreadcrumbList","@id":"https:\/\/www.africa-press.net\/cameroun\/toutes-les-actualites\/cameroun-disgrace-caprices-folie-des-grandeurs-et-souci-de-sante-ont-marque-la-premiere-semaine-de-jean-pierre-amougou-belinga-a-la-prison-de-kondengui#breadcrumb","itemListElement":[{"@type":"ListItem","position":1,"name":"Accueil","item":"https:\/\/www.africa-press.net\/cameroun\/"},{"@type":"ListItem","position":2,"name":"Cameroun \u2013 Disgr\u00e2ce: Caprices, folie des grandeurs et souci de sant\u00e9 ont marqu\u00e9 la premi\u00e8re semaine de Jean Pierre Amougou Belinga \u00e0 la prison de Kondengui"}]},{"@type":"WebSite","@id":"https:\/\/www.africa-press.net\/cameroun\/#website","url":"https:\/\/www.africa-press.net\/cameroun\/","name":"Cameroun","description":"Just another Africa News Agency Sites site","potentialAction":[{"@type":"SearchAction","target":{"@type":"EntryPoint","urlTemplate":"https:\/\/www.africa-press.net\/cameroun\/?s={search_term_string}"},"query-input":{"@type":"PropertyValueSpecification","valueRequired":true,"valueName":"search_term_string"}}],"inLanguage":"fr-FR"},{"@type":"Person","@id":"https:\/\/www.africa-press.net\/cameroun\/#\/schema\/person\/2b1cf3cd81a31e3cd26889ca66d677f1","name":"cfeditorfr"}]}},"_links":{"self":[{"href":"https:\/\/www.africa-press.net\/cameroun\/wp-json\/wp\/v2\/posts\/38998","targetHints":{"allow":["GET"]}}],"collection":[{"href":"https:\/\/www.africa-press.net\/cameroun\/wp-json\/wp\/v2\/posts"}],"about":[{"href":"https:\/\/www.africa-press.net\/cameroun\/wp-json\/wp\/v2\/types\/post"}],"author":[{"embeddable":true,"href":"https:\/\/www.africa-press.net\/cameroun\/wp-json\/wp\/v2\/users\/82"}],"replies":[{"embeddable":true,"href":"https:\/\/www.africa-press.net\/cameroun\/wp-json\/wp\/v2\/comments?post=38998"}],"version-history":[{"count":0,"href":"https:\/\/www.africa-press.net\/cameroun\/wp-json\/wp\/v2\/posts\/38998\/revisions"}],"wp:featuredmedia":[{"embeddable":true,"href":"https:\/\/www.africa-press.net\/cameroun\/wp-json\/wp\/v2\/media\/38997"}],"wp:attachment":[{"href":"https:\/\/www.africa-press.net\/cameroun\/wp-json\/wp\/v2\/media?parent=38998"}],"wp:term":[{"taxonomy":"category","embeddable":true,"href":"https:\/\/www.africa-press.net\/cameroun\/wp-json\/wp\/v2\/categories?post=38998"},{"taxonomy":"post_tag","embeddable":true,"href":"https:\/\/www.africa-press.net\/cameroun\/wp-json\/wp\/v2\/tags?post=38998"}],"curies":[{"name":"wp","href":"https:\/\/api.w.org\/{rel}","templated":true}]}}