{"id":39005,"date":"2023-03-11T19:14:32","date_gmt":"2023-03-11T19:14:32","guid":{"rendered":"https:\/\/www.africa-press.net\/cameroun\/politique\/laurent-esso-coince-les-problemes-damougou-belinga-commencent-a-kondengui-video"},"modified":"2023-03-11T19:30:27","modified_gmt":"2023-03-11T19:30:27","slug":"laurent-esso-coince-les-problemes-damougou-belinga-commencent-a-kondengui-video","status":"publish","type":"post","link":"https:\/\/www.africa-press.net\/cameroun\/video\/laurent-esso-coince-les-problemes-damougou-belinga-commencent-a-kondengui-video","title":{"rendered":"Laurent Esso coinc\u00e9 : les probl\u00e8mes d\u2019Amougou Belinga commencent \u00e0 Kondengui (vid\u00e9o)"},"content":{"rendered":"<p><span style=\"color: #ff6600\"><strong>Africa-Press &#8211; Cameroun. <\/strong><\/span>Est-ce la fin des privile\u0300ges d\u2019Amougou Belinga a\u0300 la prison centrale de Yaounde\u0301 Kondengue\u0301. Loge\u0301 pre\u0301ce\u0301demment une cellule spe\u0301ciale, le pre\u0301sident du groupe l\u2019Anecdote aurait entrepris les travaux de reconstruction de sa nouvelle prison. Selon les informations rapporte\u0301es par certains de\u0301tenus, il aurait de\u0301ja\u0300 commande\u0301 des lits bien larges ainsi que des climatiseurs et un re\u0301frige\u0301rateur. Il n\u2019aura pas le temps de les utiliser. Selon l\u2019artiste Valsero qui a des connexions a\u0300 Kondengui pour y avoir se\u0301journe\u0301, les autorite\u0301s pe\u0301nitentiaires ont change\u0301 de cellule a\u0300 Amougou Belinga. Le patron du groupe l\u2019Anecdote loge de\u0301sormais dans une cellule ordinaire avec des de\u0301tenus qui ne le portent pas force\u0301ment dans son c\u0153ur.<\/p>\n<p>Selon Valsero, Etoudi aurait ordonne\u0301 a\u0300 Laurent Esso de mettre imme\u0301diatement fin aux privile\u0300ges d\u2019Amougou Belinga. Le ministre de la justice, grand ami d\u2019Amougou Belinaga ne lui refusait rien en prison jusqu\u2019a\u0300 pre\u0301sent. Le Zomloa des Zomloa aurait ainsi rec\u0327u dans sa cellule, sa troisie\u0300me e\u0301pouse Melissa, pour un moment d\u2019intimite\u0301. Cette situation aurait provoque\u0301 la cole\u0300re des autres prisonniers qui ne comprennent pas le traitement spe\u0301cial et les faveurs dont be\u0301ne\u0301ficient Amougou Be\u0301linga.<\/p>\n<p>La situation a commence\u0301 par e\u0301voluer lorsque le commissaire du gouvernement s\u2019est oppose\u0301 a\u0300 l\u2019extradition de l\u2019homme d\u2019affaires pour une visite me\u0301dicale. Amougou Belinga avait souhaite\u0301 rencontrer son me\u0301decin pour les maladies mentales dont il souffre. Le commissaire du gouvernement, avant de faire changer de cellule a\u0300 Amougou Belinga, aurait mene\u0301 une ope\u0301ration de nettoyage qui a consiste\u0301 a\u0300 confisquer les te\u0301le\u0301phones portables du Zomloa des Zomloa.<\/p>\n<p><iframe loading=\"lazy\" title=\"G\u00e9n\u00e9ral Valsero\" width=\"696\" height=\"392\" src=\"https:\/\/www.youtube.com\/embed\/U22TtXjNReM?feature=oembed\" frameborder=\"0\" allow=\"accelerometer; autoplay; clipboard-write; encrypted-media; gyroscope; picture-in-picture; web-share\" allowfullscreen><\/iframe><\/p>\n<p><strong>Pour plus d&rsquo;informations et d&rsquo;analyses sur la <a href=\"https:\/\/www.africa-press.net\/cameroun\">Cameroun<\/a>, suivez <a href=\"https:\/\/www.africa-press.net\/\">Africa-Press<\/a><\/strong><\/p>\n","protected":false},"excerpt":{"rendered":"<p>Africa-Press &#8211; Cameroun. Est-ce la fin des privile\u0300ges d\u2019Amougou Belinga a\u0300 la prison centrale de Yaounde\u0301 Kondengue\u0301. Loge\u0301 pre\u0301ce\u0301demment une cellule spe\u0301ciale, le pre\u0301sident du groupe l\u2019Anecdote aurait entrepris les travaux de reconstruction de sa nouvelle prison. Selon les informations rapporte\u0301es par certains de\u0301tenus, il aurait de\u0301ja\u0300 commande\u0301 des lits bien larges ainsi que des [&hellip;]<\/p>\n","protected":false},"author":82,"featured_media":39004,"comment_status":"open","ping_status":"closed","sticky":false,"template":"","format":"standard","meta":{"footnotes":""},"categories":[21,10,9],"tags":[36,50,49],"class_list":["post-39005","post","type-post","status-publish","format-standard","has-post-thumbnail","hentry","category-communaute","category-toutes-les-actualites","category-video","tag-africa-press","tag-africa-press-cameroun","tag-cameroun"],"yoast_head":"<!-- This site is optimized with the Yoast SEO Premium plugin v26.1 (Yoast SEO v27.0) - https:\/\/yoast.com\/product\/yoast-seo-premium-wordpress\/ -->\n<title>Laurent Esso coinc\u00e9 : les probl\u00e8mes d\u2019Amougou Belinga commencent \u00e0 Kondengui (vid\u00e9o) - Cameroun<\/title>\n<meta name=\"description\" content=\"Est-ce la fin des privile\u0300ges d\u2019Amougou Belinga a\u0300 la prison centrale de Yaounde\u0301 Kondengue\u0301. Loge\u0301 pre\u0301ce\u0301demment une c ...\" \/>\n<meta name=\"robots\" content=\"index, follow, max-snippet:-1, max-image-preview:large, max-video-preview:-1\" \/>\n<link rel=\"canonical\" href=\"https:\/\/www.africa-press.net\/cameroun\/video\/laurent-esso-coince-les-problemes-damougou-belinga-commencent-a-kondengui-video\" \/>\n<meta property=\"og:locale\" content=\"fr_FR\" \/>\n<meta property=\"og:type\" content=\"article\" \/>\n<meta property=\"og:title\" content=\"Laurent Esso coinc\u00e9 : les probl\u00e8mes d\u2019Amougou Belinga commencent \u00e0 Kondengui (vid\u00e9o)\" \/>\n<meta property=\"og:description\" content=\"Est-ce la fin des privile\u0300ges d\u2019Amougou Belinga a\u0300 la prison centrale de Yaounde\u0301 Kondengue\u0301. Loge\u0301 pre\u0301ce\u0301demment une c ...\" \/>\n<meta property=\"og:url\" content=\"https:\/\/www.africa-press.net\/cameroun\/video\/laurent-esso-coince-les-problemes-damougou-belinga-commencent-a-kondengui-video\" \/>\n<meta property=\"og:site_name\" content=\"Cameroun\" \/>\n<meta property=\"article:published_time\" content=\"2023-03-11T19:14:32+00:00\" \/>\n<meta property=\"article:modified_time\" content=\"2023-03-11T19:30:27+00:00\" \/>\n<meta property=\"og:image\" content=\"https:\/\/static.africa-press.net\/cameroun\/sites\/57\/2023\/03\/postQueueImg_1678549476.70.jpg\" \/>\n\t<meta property=\"og:image:width\" content=\"720\" \/>\n\t<meta property=\"og:image:height\" content=\"432\" \/>\n\t<meta property=\"og:image:type\" content=\"image\/jpeg\" \/>\n<meta name=\"author\" content=\"cfeditorfr\" \/>\n<meta name=\"twitter:card\" content=\"summary_large_image\" \/>\n<meta name=\"twitter:label1\" content=\"\u00c9crit par\" \/>\n\t<meta name=\"twitter:data1\" content=\"cfeditorfr\" \/>\n\t<meta name=\"twitter:label2\" content=\"Dur\u00e9e de lecture estim\u00e9e\" \/>\n\t<meta name=\"twitter:data2\" content=\"2 minutes\" \/>\n<script type=\"application\/ld+json\" class=\"yoast-schema-graph\">{\"@context\":\"https:\/\/schema.org\",\"@graph\":[{\"@type\":\"Article\",\"@id\":\"https:\/\/www.africa-press.net\/cameroun\/video\/laurent-esso-coince-les-problemes-damougou-belinga-commencent-a-kondengui-video#article\",\"isPartOf\":{\"@id\":\"https:\/\/www.africa-press.net\/cameroun\/video\/laurent-esso-coince-les-problemes-damougou-belinga-commencent-a-kondengui-video\"},\"author\":{\"name\":\"cfeditorfr\",\"@id\":\"https:\/\/www.africa-press.net\/cameroun\/#\/schema\/person\/2b1cf3cd81a31e3cd26889ca66d677f1\"},\"headline\":\"Laurent Esso coinc\u00e9 : les probl\u00e8mes d\u2019Amougou Belinga commencent \u00e0 Kondengui (vid\u00e9o)\",\"datePublished\":\"2023-03-11T19:14:32+00:00\",\"dateModified\":\"2023-03-11T19:30:27+00:00\",\"mainEntityOfPage\":{\"@id\":\"https:\/\/www.africa-press.net\/cameroun\/video\/laurent-esso-coince-les-problemes-damougou-belinga-commencent-a-kondengui-video\"},\"wordCount\":334,\"commentCount\":0,\"image\":{\"@id\":\"https:\/\/www.africa-press.net\/cameroun\/video\/laurent-esso-coince-les-problemes-damougou-belinga-commencent-a-kondengui-video#primaryimage\"},\"thumbnailUrl\":\"https:\/\/static.africa-press.net\/cameroun\/sites\/57\/2023\/03\/postQueueImg_1678549476.70.jpg\",\"keywords\":[\"Africa Press\",\"Africa Press-Cameroun\",\"Cameroun\"],\"articleSection\":[\"Communaut\u00e9\",\"Toutes les actualit\u00e9s\",\"vid\u00e9o\"],\"inLanguage\":\"fr-FR\",\"potentialAction\":[{\"@type\":\"CommentAction\",\"name\":\"Comment\",\"target\":[\"https:\/\/www.africa-press.net\/cameroun\/video\/laurent-esso-coince-les-problemes-damougou-belinga-commencent-a-kondengui-video#respond\"]}]},{\"@type\":\"WebPage\",\"@id\":\"https:\/\/www.africa-press.net\/cameroun\/video\/laurent-esso-coince-les-problemes-damougou-belinga-commencent-a-kondengui-video\",\"url\":\"https:\/\/www.africa-press.net\/cameroun\/video\/laurent-esso-coince-les-problemes-damougou-belinga-commencent-a-kondengui-video\",\"name\":\"Laurent Esso coinc\u00e9 : les probl\u00e8mes d\u2019Amougou Belinga commencent \u00e0 Kondengui (vid\u00e9o) - Cameroun\",\"isPartOf\":{\"@id\":\"https:\/\/www.africa-press.net\/cameroun\/#website\"},\"primaryImageOfPage\":{\"@id\":\"https:\/\/www.africa-press.net\/cameroun\/video\/laurent-esso-coince-les-problemes-damougou-belinga-commencent-a-kondengui-video#primaryimage\"},\"image\":{\"@id\":\"https:\/\/www.africa-press.net\/cameroun\/video\/laurent-esso-coince-les-problemes-damougou-belinga-commencent-a-kondengui-video#primaryimage\"},\"thumbnailUrl\":\"https:\/\/static.africa-press.net\/cameroun\/sites\/57\/2023\/03\/postQueueImg_1678549476.70.jpg\",\"datePublished\":\"2023-03-11T19:14:32+00:00\",\"dateModified\":\"2023-03-11T19:30:27+00:00\",\"author\":{\"@id\":\"https:\/\/www.africa-press.net\/cameroun\/#\/schema\/person\/2b1cf3cd81a31e3cd26889ca66d677f1\"},\"description\":\"Est-ce la fin des privile\u0300ges d\u2019Amougou Belinga a\u0300 la prison centrale de Yaounde\u0301 Kondengue\u0301. Loge\u0301 pre\u0301ce\u0301demment une c ...\",\"breadcrumb\":{\"@id\":\"https:\/\/www.africa-press.net\/cameroun\/video\/laurent-esso-coince-les-problemes-damougou-belinga-commencent-a-kondengui-video#breadcrumb\"},\"inLanguage\":\"fr-FR\",\"potentialAction\":[{\"@type\":\"ReadAction\",\"target\":[\"https:\/\/www.africa-press.net\/cameroun\/video\/laurent-esso-coince-les-problemes-damougou-belinga-commencent-a-kondengui-video\"]}]},{\"@type\":\"ImageObject\",\"inLanguage\":\"fr-FR\",\"@id\":\"https:\/\/www.africa-press.net\/cameroun\/video\/laurent-esso-coince-les-problemes-damougou-belinga-commencent-a-kondengui-video#primaryimage\",\"url\":\"https:\/\/static.africa-press.net\/cameroun\/sites\/57\/2023\/03\/postQueueImg_1678549476.70.jpg\",\"contentUrl\":\"https:\/\/static.africa-press.net\/cameroun\/sites\/57\/2023\/03\/postQueueImg_1678549476.70.jpg\",\"width\":720,\"height\":432,\"caption\":\"Laurent Esso coinc\u00e9 : les probl\u00e8mes d\u2019Amougou Belinga commencent \u00e0 Kondengui (vid\u00e9o)\"},{\"@type\":\"BreadcrumbList\",\"@id\":\"https:\/\/www.africa-press.net\/cameroun\/video\/laurent-esso-coince-les-problemes-damougou-belinga-commencent-a-kondengui-video#breadcrumb\",\"itemListElement\":[{\"@type\":\"ListItem\",\"position\":1,\"name\":\"Accueil\",\"item\":\"https:\/\/www.africa-press.net\/cameroun\/\"},{\"@type\":\"ListItem\",\"position\":2,\"name\":\"Laurent Esso coinc\u00e9 : les probl\u00e8mes d\u2019Amougou Belinga commencent \u00e0 Kondengui (vid\u00e9o)\"}]},{\"@type\":\"WebSite\",\"@id\":\"https:\/\/www.africa-press.net\/cameroun\/#website\",\"url\":\"https:\/\/www.africa-press.net\/cameroun\/\",\"name\":\"Cameroun\",\"description\":\"Just another Africa News Agency Sites site\",\"potentialAction\":[{\"@type\":\"SearchAction\",\"target\":{\"@type\":\"EntryPoint\",\"urlTemplate\":\"https:\/\/www.africa-press.net\/cameroun\/?s={search_term_string}\"},\"query-input\":{\"@type\":\"PropertyValueSpecification\",\"valueRequired\":true,\"valueName\":\"search_term_string\"}}],\"inLanguage\":\"fr-FR\"},{\"@type\":\"Person\",\"@id\":\"https:\/\/www.africa-press.net\/cameroun\/#\/schema\/person\/2b1cf3cd81a31e3cd26889ca66d677f1\",\"name\":\"cfeditorfr\"}]}<\/script>\n<!-- \/ Yoast SEO Premium plugin. -->","yoast_head_json":{"title":"Laurent Esso coinc\u00e9 : les probl\u00e8mes d\u2019Amougou Belinga commencent \u00e0 Kondengui (vid\u00e9o) - Cameroun","description":"Est-ce la fin des privile\u0300ges d\u2019Amougou Belinga a\u0300 la prison centrale de Yaounde\u0301 Kondengue\u0301. Loge\u0301 pre\u0301ce\u0301demment une c ...","robots":{"index":"index","follow":"follow","max-snippet":"max-snippet:-1","max-image-preview":"max-image-preview:large","max-video-preview":"max-video-preview:-1"},"canonical":"https:\/\/www.africa-press.net\/cameroun\/video\/laurent-esso-coince-les-problemes-damougou-belinga-commencent-a-kondengui-video","og_locale":"fr_FR","og_type":"article","og_title":"Laurent Esso coinc\u00e9 : les probl\u00e8mes d\u2019Amougou Belinga commencent \u00e0 Kondengui (vid\u00e9o)","og_description":"Est-ce la fin des privile\u0300ges d\u2019Amougou Belinga a\u0300 la prison centrale de Yaounde\u0301 Kondengue\u0301. Loge\u0301 pre\u0301ce\u0301demment une c ...","og_url":"https:\/\/www.africa-press.net\/cameroun\/video\/laurent-esso-coince-les-problemes-damougou-belinga-commencent-a-kondengui-video","og_site_name":"Cameroun","article_published_time":"2023-03-11T19:14:32+00:00","article_modified_time":"2023-03-11T19:30:27+00:00","og_image":[{"width":720,"height":432,"url":"https:\/\/static.africa-press.net\/cameroun\/sites\/57\/2023\/03\/postQueueImg_1678549476.70.jpg","type":"image\/jpeg"}],"author":"cfeditorfr","twitter_card":"summary_large_image","twitter_misc":{"\u00c9crit par":"cfeditorfr","Dur\u00e9e de lecture estim\u00e9e":"2 minutes"},"schema":{"@context":"https:\/\/schema.org","@graph":[{"@type":"Article","@id":"https:\/\/www.africa-press.net\/cameroun\/video\/laurent-esso-coince-les-problemes-damougou-belinga-commencent-a-kondengui-video#article","isPartOf":{"@id":"https:\/\/www.africa-press.net\/cameroun\/video\/laurent-esso-coince-les-problemes-damougou-belinga-commencent-a-kondengui-video"},"author":{"name":"cfeditorfr","@id":"https:\/\/www.africa-press.net\/cameroun\/#\/schema\/person\/2b1cf3cd81a31e3cd26889ca66d677f1"},"headline":"Laurent Esso coinc\u00e9 : les probl\u00e8mes d\u2019Amougou Belinga commencent \u00e0 Kondengui (vid\u00e9o)","datePublished":"2023-03-11T19:14:32+00:00","dateModified":"2023-03-11T19:30:27+00:00","mainEntityOfPage":{"@id":"https:\/\/www.africa-press.net\/cameroun\/video\/laurent-esso-coince-les-problemes-damougou-belinga-commencent-a-kondengui-video"},"wordCount":334,"commentCount":0,"image":{"@id":"https:\/\/www.africa-press.net\/cameroun\/video\/laurent-esso-coince-les-problemes-damougou-belinga-commencent-a-kondengui-video#primaryimage"},"thumbnailUrl":"https:\/\/static.africa-press.net\/cameroun\/sites\/57\/2023\/03\/postQueueImg_1678549476.70.jpg","keywords":["Africa Press","Africa Press-Cameroun","Cameroun"],"articleSection":["Communaut\u00e9","Toutes les actualit\u00e9s","vid\u00e9o"],"inLanguage":"fr-FR","potentialAction":[{"@type":"CommentAction","name":"Comment","target":["https:\/\/www.africa-press.net\/cameroun\/video\/laurent-esso-coince-les-problemes-damougou-belinga-commencent-a-kondengui-video#respond"]}]},{"@type":"WebPage","@id":"https:\/\/www.africa-press.net\/cameroun\/video\/laurent-esso-coince-les-problemes-damougou-belinga-commencent-a-kondengui-video","url":"https:\/\/www.africa-press.net\/cameroun\/video\/laurent-esso-coince-les-problemes-damougou-belinga-commencent-a-kondengui-video","name":"Laurent Esso coinc\u00e9 : les probl\u00e8mes d\u2019Amougou Belinga commencent \u00e0 Kondengui (vid\u00e9o) - Cameroun","isPartOf":{"@id":"https:\/\/www.africa-press.net\/cameroun\/#website"},"primaryImageOfPage":{"@id":"https:\/\/www.africa-press.net\/cameroun\/video\/laurent-esso-coince-les-problemes-damougou-belinga-commencent-a-kondengui-video#primaryimage"},"image":{"@id":"https:\/\/www.africa-press.net\/cameroun\/video\/laurent-esso-coince-les-problemes-damougou-belinga-commencent-a-kondengui-video#primaryimage"},"thumbnailUrl":"https:\/\/static.africa-press.net\/cameroun\/sites\/57\/2023\/03\/postQueueImg_1678549476.70.jpg","datePublished":"2023-03-11T19:14:32+00:00","dateModified":"2023-03-11T19:30:27+00:00","author":{"@id":"https:\/\/www.africa-press.net\/cameroun\/#\/schema\/person\/2b1cf3cd81a31e3cd26889ca66d677f1"},"description":"Est-ce la fin des privile\u0300ges d\u2019Amougou Belinga a\u0300 la prison centrale de Yaounde\u0301 Kondengue\u0301. Loge\u0301 pre\u0301ce\u0301demment une c ...","breadcrumb":{"@id":"https:\/\/www.africa-press.net\/cameroun\/video\/laurent-esso-coince-les-problemes-damougou-belinga-commencent-a-kondengui-video#breadcrumb"},"inLanguage":"fr-FR","potentialAction":[{"@type":"ReadAction","target":["https:\/\/www.africa-press.net\/cameroun\/video\/laurent-esso-coince-les-problemes-damougou-belinga-commencent-a-kondengui-video"]}]},{"@type":"ImageObject","inLanguage":"fr-FR","@id":"https:\/\/www.africa-press.net\/cameroun\/video\/laurent-esso-coince-les-problemes-damougou-belinga-commencent-a-kondengui-video#primaryimage","url":"https:\/\/static.africa-press.net\/cameroun\/sites\/57\/2023\/03\/postQueueImg_1678549476.70.jpg","contentUrl":"https:\/\/static.africa-press.net\/cameroun\/sites\/57\/2023\/03\/postQueueImg_1678549476.70.jpg","width":720,"height":432,"caption":"Laurent Esso coinc\u00e9 : les probl\u00e8mes d\u2019Amougou Belinga commencent \u00e0 Kondengui (vid\u00e9o)"},{"@type":"BreadcrumbList","@id":"https:\/\/www.africa-press.net\/cameroun\/video\/laurent-esso-coince-les-problemes-damougou-belinga-commencent-a-kondengui-video#breadcrumb","itemListElement":[{"@type":"ListItem","position":1,"name":"Accueil","item":"https:\/\/www.africa-press.net\/cameroun\/"},{"@type":"ListItem","position":2,"name":"Laurent Esso coinc\u00e9 : les probl\u00e8mes d\u2019Amougou Belinga commencent \u00e0 Kondengui (vid\u00e9o)"}]},{"@type":"WebSite","@id":"https:\/\/www.africa-press.net\/cameroun\/#website","url":"https:\/\/www.africa-press.net\/cameroun\/","name":"Cameroun","description":"Just another Africa News Agency Sites site","potentialAction":[{"@type":"SearchAction","target":{"@type":"EntryPoint","urlTemplate":"https:\/\/www.africa-press.net\/cameroun\/?s={search_term_string}"},"query-input":{"@type":"PropertyValueSpecification","valueRequired":true,"valueName":"search_term_string"}}],"inLanguage":"fr-FR"},{"@type":"Person","@id":"https:\/\/www.africa-press.net\/cameroun\/#\/schema\/person\/2b1cf3cd81a31e3cd26889ca66d677f1","name":"cfeditorfr"}]}},"_links":{"self":[{"href":"https:\/\/www.africa-press.net\/cameroun\/wp-json\/wp\/v2\/posts\/39005","targetHints":{"allow":["GET"]}}],"collection":[{"href":"https:\/\/www.africa-press.net\/cameroun\/wp-json\/wp\/v2\/posts"}],"about":[{"href":"https:\/\/www.africa-press.net\/cameroun\/wp-json\/wp\/v2\/types\/post"}],"author":[{"embeddable":true,"href":"https:\/\/www.africa-press.net\/cameroun\/wp-json\/wp\/v2\/users\/82"}],"replies":[{"embeddable":true,"href":"https:\/\/www.africa-press.net\/cameroun\/wp-json\/wp\/v2\/comments?post=39005"}],"version-history":[{"count":0,"href":"https:\/\/www.africa-press.net\/cameroun\/wp-json\/wp\/v2\/posts\/39005\/revisions"}],"wp:featuredmedia":[{"embeddable":true,"href":"https:\/\/www.africa-press.net\/cameroun\/wp-json\/wp\/v2\/media\/39004"}],"wp:attachment":[{"href":"https:\/\/www.africa-press.net\/cameroun\/wp-json\/wp\/v2\/media?parent=39005"}],"wp:term":[{"taxonomy":"category","embeddable":true,"href":"https:\/\/www.africa-press.net\/cameroun\/wp-json\/wp\/v2\/categories?post=39005"},{"taxonomy":"post_tag","embeddable":true,"href":"https:\/\/www.africa-press.net\/cameroun\/wp-json\/wp\/v2\/tags?post=39005"}],"curies":[{"name":"wp","href":"https:\/\/api.w.org\/{rel}","templated":true}]}}