{"id":39017,"date":"2023-03-11T19:14:14","date_gmt":"2023-03-11T19:14:14","guid":{"rendered":"https:\/\/www.africa-press.net\/cameroun\/politique\/derniere-minute-situation-tendue-a-bamenda-des-militaires-deployes-dans-toute-la-ville"},"modified":"2023-03-11T20:46:15","modified_gmt":"2023-03-11T20:46:15","slug":"derniere-minute-situation-tendue-a-bamenda-des-militaires-deployes-dans-toute-la-ville","status":"publish","type":"post","link":"https:\/\/www.africa-press.net\/cameroun\/politique\/derniere-minute-situation-tendue-a-bamenda-des-militaires-deployes-dans-toute-la-ville","title":{"rendered":"DERNIERE MINUTE : situation tendue \u00e0 Bamenda, des militaires d\u00e9ploy\u00e9s dans toute la ville"},"content":{"rendered":"<p><span style=\"color: #ff6600\"><strong>Africa-Press &#8211; Cameroun. <\/strong><\/span>Se dirige-t-on vers un dimanche mouvemente\u0301 dans le NOSO notamment a\u0300 Bamenda, chef-lieu du de\u0301partement de la Mezam et de la re\u0301gion du Nord-Ouest ? La question a tout son sens au regard des derniers bruits de bottes constate\u0301s dans cette localite\u0301. En effet, en re\u0301ponse aux menaces des Ambazoniens qui comptent perturber l\u2019e\u0301lection se\u0301natoriale ce 12 mars, Yaounde\u0301 n\u2019a eu d\u2019autres choix que d\u2019envoyer des renforts dans la ville. Ceci d\u2019ailleurs en raison d\u2019un confinement impose\u0301 par les se\u0301paratistes.<\/p>\n<p>Selon le confre\u0300re MimiMefoInfo, plusieurs de\u0301tachements de militaires ont e\u0301te\u0301 observe\u0301s ce samedi matin dans divers carrefours, des ronds-points et dans les principales rues ou\u0300 pourraient frapper les se\u0301paratistes pour perturber les e\u0301lections.<\/p>\n<p>Au regard de la psychose, les populations ont pre\u0301fe\u0301re\u0301 se terrer chez elles dans leur maison. Avant les e\u0301lections, les habitants de Bamenda se sont plaints de l\u2019augmentation des raids et du harce\u0300lement des hommes en tenue, particulie\u0300rement les policiers et les gendarmes. \u00ab L\u2019arme\u0301e, c\u2019est mieux. Certains ont demande\u0301 de l\u2019aide de telle manie\u0300re qu\u2019on ne peut pas refuser. Ils semblent sympathiques mais les policiers et gendarmes sont toujours agressifs. Ils continuent de harceler des personnes quotidiennement \u00bb, a de\u0301clare\u0301 Atuh, un habitant de Bamenda, et rapporte\u0301 par le confre\u0300re MimiMefoInfo.<\/p>\n<p>Rappelons que le Se\u0301nat est compose\u0301 de 100 se\u0301nateurs renouvele\u0301s inte\u0301gralement tous les cinq ans. Chacune des 10 re\u0301gions du Cameroun est repre\u0301sente\u0301e par dix se\u0301nateurs dont sept e\u0301lus par un colle\u0300ge e\u0301lectoral compose\u0301 des membres des conseils municipaux et re\u0301gionaux, soit 70 se\u0301nateurs e\u0301lus.<\/p>\n<p><strong>Pour plus d&rsquo;informations et d&rsquo;analyses sur la <a href=\"https:\/\/www.africa-press.net\/cameroun\">Cameroun<\/a>, suivez <a href=\"https:\/\/www.africa-press.net\/\">Africa-Press<\/a><\/strong><\/p>\n","protected":false},"excerpt":{"rendered":"<p>Africa-Press &#8211; Cameroun. Se dirige-t-on vers un dimanche mouvemente\u0301 dans le NOSO notamment a\u0300 Bamenda, chef-lieu du de\u0301partement de la Mezam et de la re\u0301gion du Nord-Ouest ? La question a tout son sens au regard des derniers bruits de bottes constate\u0301s dans cette localite\u0301. En effet, en re\u0301ponse aux menaces des Ambazoniens qui comptent [&hellip;]<\/p>\n","protected":false},"author":82,"featured_media":39016,"comment_status":"open","ping_status":"closed","sticky":false,"template":"","format":"standard","meta":{"footnotes":""},"categories":[2,10],"tags":[36,50,49],"class_list":["post-39017","post","type-post","status-publish","format-standard","has-post-thumbnail","hentry","category-politique","category-toutes-les-actualites","tag-africa-press","tag-africa-press-cameroun","tag-cameroun"],"yoast_head":"<!-- This site is optimized with the Yoast SEO Premium plugin v26.1 (Yoast SEO v27.0) - https:\/\/yoast.com\/product\/yoast-seo-premium-wordpress\/ -->\n<title>DERNIERE MINUTE : situation tendue \u00e0 Bamenda, des militaires d\u00e9ploy\u00e9s dans toute la ville - Cameroun<\/title>\n<meta name=\"description\" content=\"Se dirige-t-on vers un dimanche mouvemente\u0301 dans le NOSO notamment a\u0300 Bamenda, chef-lieu du de\u0301partement de la Mezam et ...\" \/>\n<meta name=\"robots\" content=\"index, follow, max-snippet:-1, max-image-preview:large, max-video-preview:-1\" \/>\n<link rel=\"canonical\" href=\"https:\/\/www.africa-press.net\/cameroun\/politique\/derniere-minute-situation-tendue-a-bamenda-des-militaires-deployes-dans-toute-la-ville\" \/>\n<meta property=\"og:locale\" content=\"fr_FR\" \/>\n<meta property=\"og:type\" content=\"article\" \/>\n<meta property=\"og:title\" content=\"DERNIERE MINUTE : situation tendue \u00e0 Bamenda, des militaires d\u00e9ploy\u00e9s dans toute la ville\" \/>\n<meta property=\"og:description\" content=\"Se dirige-t-on vers un dimanche mouvemente\u0301 dans le NOSO notamment a\u0300 Bamenda, chef-lieu du de\u0301partement de la Mezam et ...\" \/>\n<meta property=\"og:url\" content=\"https:\/\/www.africa-press.net\/cameroun\/politique\/derniere-minute-situation-tendue-a-bamenda-des-militaires-deployes-dans-toute-la-ville\" \/>\n<meta property=\"og:site_name\" content=\"Cameroun\" \/>\n<meta property=\"article:published_time\" content=\"2023-03-11T19:14:14+00:00\" \/>\n<meta property=\"article:modified_time\" content=\"2023-03-11T20:46:15+00:00\" \/>\n<meta property=\"og:image\" content=\"https:\/\/static.africa-press.net\/cameroun\/sites\/57\/2023\/03\/postQueueImg_1678554908.28.jpg\" \/>\n\t<meta property=\"og:image:width\" content=\"720\" \/>\n\t<meta property=\"og:image:height\" content=\"404\" \/>\n\t<meta property=\"og:image:type\" content=\"image\/jpeg\" \/>\n<meta name=\"author\" content=\"cfeditorfr\" \/>\n<meta name=\"twitter:card\" content=\"summary_large_image\" \/>\n<meta name=\"twitter:label1\" content=\"\u00c9crit par\" \/>\n\t<meta name=\"twitter:data1\" content=\"cfeditorfr\" \/>\n\t<meta name=\"twitter:label2\" content=\"Dur\u00e9e de lecture estim\u00e9e\" \/>\n\t<meta name=\"twitter:data2\" content=\"2 minutes\" \/>\n<script type=\"application\/ld+json\" class=\"yoast-schema-graph\">{\"@context\":\"https:\/\/schema.org\",\"@graph\":[{\"@type\":\"Article\",\"@id\":\"https:\/\/www.africa-press.net\/cameroun\/politique\/derniere-minute-situation-tendue-a-bamenda-des-militaires-deployes-dans-toute-la-ville#article\",\"isPartOf\":{\"@id\":\"https:\/\/www.africa-press.net\/cameroun\/politique\/derniere-minute-situation-tendue-a-bamenda-des-militaires-deployes-dans-toute-la-ville\"},\"author\":{\"name\":\"cfeditorfr\",\"@id\":\"https:\/\/www.africa-press.net\/cameroun\/#\/schema\/person\/2b1cf3cd81a31e3cd26889ca66d677f1\"},\"headline\":\"DERNIERE MINUTE : situation tendue \u00e0 Bamenda, des militaires d\u00e9ploy\u00e9s dans toute la ville\",\"datePublished\":\"2023-03-11T19:14:14+00:00\",\"dateModified\":\"2023-03-11T20:46:15+00:00\",\"mainEntityOfPage\":{\"@id\":\"https:\/\/www.africa-press.net\/cameroun\/politique\/derniere-minute-situation-tendue-a-bamenda-des-militaires-deployes-dans-toute-la-ville\"},\"wordCount\":319,\"commentCount\":0,\"image\":{\"@id\":\"https:\/\/www.africa-press.net\/cameroun\/politique\/derniere-minute-situation-tendue-a-bamenda-des-militaires-deployes-dans-toute-la-ville#primaryimage\"},\"thumbnailUrl\":\"https:\/\/static.africa-press.net\/cameroun\/sites\/57\/2023\/03\/postQueueImg_1678554908.28.jpg\",\"keywords\":[\"Africa Press\",\"Africa Press-Cameroun\",\"Cameroun\"],\"articleSection\":[\"Politique\",\"Toutes les actualit\u00e9s\"],\"inLanguage\":\"fr-FR\",\"potentialAction\":[{\"@type\":\"CommentAction\",\"name\":\"Comment\",\"target\":[\"https:\/\/www.africa-press.net\/cameroun\/politique\/derniere-minute-situation-tendue-a-bamenda-des-militaires-deployes-dans-toute-la-ville#respond\"]}]},{\"@type\":\"WebPage\",\"@id\":\"https:\/\/www.africa-press.net\/cameroun\/politique\/derniere-minute-situation-tendue-a-bamenda-des-militaires-deployes-dans-toute-la-ville\",\"url\":\"https:\/\/www.africa-press.net\/cameroun\/politique\/derniere-minute-situation-tendue-a-bamenda-des-militaires-deployes-dans-toute-la-ville\",\"name\":\"DERNIERE MINUTE : situation tendue \u00e0 Bamenda, des militaires d\u00e9ploy\u00e9s dans toute la ville - Cameroun\",\"isPartOf\":{\"@id\":\"https:\/\/www.africa-press.net\/cameroun\/#website\"},\"primaryImageOfPage\":{\"@id\":\"https:\/\/www.africa-press.net\/cameroun\/politique\/derniere-minute-situation-tendue-a-bamenda-des-militaires-deployes-dans-toute-la-ville#primaryimage\"},\"image\":{\"@id\":\"https:\/\/www.africa-press.net\/cameroun\/politique\/derniere-minute-situation-tendue-a-bamenda-des-militaires-deployes-dans-toute-la-ville#primaryimage\"},\"thumbnailUrl\":\"https:\/\/static.africa-press.net\/cameroun\/sites\/57\/2023\/03\/postQueueImg_1678554908.28.jpg\",\"datePublished\":\"2023-03-11T19:14:14+00:00\",\"dateModified\":\"2023-03-11T20:46:15+00:00\",\"author\":{\"@id\":\"https:\/\/www.africa-press.net\/cameroun\/#\/schema\/person\/2b1cf3cd81a31e3cd26889ca66d677f1\"},\"description\":\"Se dirige-t-on vers un dimanche mouvemente\u0301 dans le NOSO notamment a\u0300 Bamenda, chef-lieu du de\u0301partement de la Mezam et ...\",\"breadcrumb\":{\"@id\":\"https:\/\/www.africa-press.net\/cameroun\/politique\/derniere-minute-situation-tendue-a-bamenda-des-militaires-deployes-dans-toute-la-ville#breadcrumb\"},\"inLanguage\":\"fr-FR\",\"potentialAction\":[{\"@type\":\"ReadAction\",\"target\":[\"https:\/\/www.africa-press.net\/cameroun\/politique\/derniere-minute-situation-tendue-a-bamenda-des-militaires-deployes-dans-toute-la-ville\"]}]},{\"@type\":\"ImageObject\",\"inLanguage\":\"fr-FR\",\"@id\":\"https:\/\/www.africa-press.net\/cameroun\/politique\/derniere-minute-situation-tendue-a-bamenda-des-militaires-deployes-dans-toute-la-ville#primaryimage\",\"url\":\"https:\/\/static.africa-press.net\/cameroun\/sites\/57\/2023\/03\/postQueueImg_1678554908.28.jpg\",\"contentUrl\":\"https:\/\/static.africa-press.net\/cameroun\/sites\/57\/2023\/03\/postQueueImg_1678554908.28.jpg\",\"width\":720,\"height\":404,\"caption\":\"DERNIERE MINUTE : situation tendue \u00e0 Bamenda, des militaires d\u00e9ploy\u00e9s dans toute la ville\"},{\"@type\":\"BreadcrumbList\",\"@id\":\"https:\/\/www.africa-press.net\/cameroun\/politique\/derniere-minute-situation-tendue-a-bamenda-des-militaires-deployes-dans-toute-la-ville#breadcrumb\",\"itemListElement\":[{\"@type\":\"ListItem\",\"position\":1,\"name\":\"Accueil\",\"item\":\"https:\/\/www.africa-press.net\/cameroun\/\"},{\"@type\":\"ListItem\",\"position\":2,\"name\":\"DERNIERE MINUTE : situation tendue \u00e0 Bamenda, des militaires d\u00e9ploy\u00e9s dans toute la ville\"}]},{\"@type\":\"WebSite\",\"@id\":\"https:\/\/www.africa-press.net\/cameroun\/#website\",\"url\":\"https:\/\/www.africa-press.net\/cameroun\/\",\"name\":\"Cameroun\",\"description\":\"Just another Africa News Agency Sites site\",\"potentialAction\":[{\"@type\":\"SearchAction\",\"target\":{\"@type\":\"EntryPoint\",\"urlTemplate\":\"https:\/\/www.africa-press.net\/cameroun\/?s={search_term_string}\"},\"query-input\":{\"@type\":\"PropertyValueSpecification\",\"valueRequired\":true,\"valueName\":\"search_term_string\"}}],\"inLanguage\":\"fr-FR\"},{\"@type\":\"Person\",\"@id\":\"https:\/\/www.africa-press.net\/cameroun\/#\/schema\/person\/2b1cf3cd81a31e3cd26889ca66d677f1\",\"name\":\"cfeditorfr\"}]}<\/script>\n<!-- \/ Yoast SEO Premium plugin. -->","yoast_head_json":{"title":"DERNIERE MINUTE : situation tendue \u00e0 Bamenda, des militaires d\u00e9ploy\u00e9s dans toute la ville - Cameroun","description":"Se dirige-t-on vers un dimanche mouvemente\u0301 dans le NOSO notamment a\u0300 Bamenda, chef-lieu du de\u0301partement de la Mezam et ...","robots":{"index":"index","follow":"follow","max-snippet":"max-snippet:-1","max-image-preview":"max-image-preview:large","max-video-preview":"max-video-preview:-1"},"canonical":"https:\/\/www.africa-press.net\/cameroun\/politique\/derniere-minute-situation-tendue-a-bamenda-des-militaires-deployes-dans-toute-la-ville","og_locale":"fr_FR","og_type":"article","og_title":"DERNIERE MINUTE : situation tendue \u00e0 Bamenda, des militaires d\u00e9ploy\u00e9s dans toute la ville","og_description":"Se dirige-t-on vers un dimanche mouvemente\u0301 dans le NOSO notamment a\u0300 Bamenda, chef-lieu du de\u0301partement de la Mezam et ...","og_url":"https:\/\/www.africa-press.net\/cameroun\/politique\/derniere-minute-situation-tendue-a-bamenda-des-militaires-deployes-dans-toute-la-ville","og_site_name":"Cameroun","article_published_time":"2023-03-11T19:14:14+00:00","article_modified_time":"2023-03-11T20:46:15+00:00","og_image":[{"width":720,"height":404,"url":"https:\/\/static.africa-press.net\/cameroun\/sites\/57\/2023\/03\/postQueueImg_1678554908.28.jpg","type":"image\/jpeg"}],"author":"cfeditorfr","twitter_card":"summary_large_image","twitter_misc":{"\u00c9crit par":"cfeditorfr","Dur\u00e9e de lecture estim\u00e9e":"2 minutes"},"schema":{"@context":"https:\/\/schema.org","@graph":[{"@type":"Article","@id":"https:\/\/www.africa-press.net\/cameroun\/politique\/derniere-minute-situation-tendue-a-bamenda-des-militaires-deployes-dans-toute-la-ville#article","isPartOf":{"@id":"https:\/\/www.africa-press.net\/cameroun\/politique\/derniere-minute-situation-tendue-a-bamenda-des-militaires-deployes-dans-toute-la-ville"},"author":{"name":"cfeditorfr","@id":"https:\/\/www.africa-press.net\/cameroun\/#\/schema\/person\/2b1cf3cd81a31e3cd26889ca66d677f1"},"headline":"DERNIERE MINUTE : situation tendue \u00e0 Bamenda, des militaires d\u00e9ploy\u00e9s dans toute la ville","datePublished":"2023-03-11T19:14:14+00:00","dateModified":"2023-03-11T20:46:15+00:00","mainEntityOfPage":{"@id":"https:\/\/www.africa-press.net\/cameroun\/politique\/derniere-minute-situation-tendue-a-bamenda-des-militaires-deployes-dans-toute-la-ville"},"wordCount":319,"commentCount":0,"image":{"@id":"https:\/\/www.africa-press.net\/cameroun\/politique\/derniere-minute-situation-tendue-a-bamenda-des-militaires-deployes-dans-toute-la-ville#primaryimage"},"thumbnailUrl":"https:\/\/static.africa-press.net\/cameroun\/sites\/57\/2023\/03\/postQueueImg_1678554908.28.jpg","keywords":["Africa Press","Africa Press-Cameroun","Cameroun"],"articleSection":["Politique","Toutes les actualit\u00e9s"],"inLanguage":"fr-FR","potentialAction":[{"@type":"CommentAction","name":"Comment","target":["https:\/\/www.africa-press.net\/cameroun\/politique\/derniere-minute-situation-tendue-a-bamenda-des-militaires-deployes-dans-toute-la-ville#respond"]}]},{"@type":"WebPage","@id":"https:\/\/www.africa-press.net\/cameroun\/politique\/derniere-minute-situation-tendue-a-bamenda-des-militaires-deployes-dans-toute-la-ville","url":"https:\/\/www.africa-press.net\/cameroun\/politique\/derniere-minute-situation-tendue-a-bamenda-des-militaires-deployes-dans-toute-la-ville","name":"DERNIERE MINUTE : situation tendue \u00e0 Bamenda, des militaires d\u00e9ploy\u00e9s dans toute la ville - Cameroun","isPartOf":{"@id":"https:\/\/www.africa-press.net\/cameroun\/#website"},"primaryImageOfPage":{"@id":"https:\/\/www.africa-press.net\/cameroun\/politique\/derniere-minute-situation-tendue-a-bamenda-des-militaires-deployes-dans-toute-la-ville#primaryimage"},"image":{"@id":"https:\/\/www.africa-press.net\/cameroun\/politique\/derniere-minute-situation-tendue-a-bamenda-des-militaires-deployes-dans-toute-la-ville#primaryimage"},"thumbnailUrl":"https:\/\/static.africa-press.net\/cameroun\/sites\/57\/2023\/03\/postQueueImg_1678554908.28.jpg","datePublished":"2023-03-11T19:14:14+00:00","dateModified":"2023-03-11T20:46:15+00:00","author":{"@id":"https:\/\/www.africa-press.net\/cameroun\/#\/schema\/person\/2b1cf3cd81a31e3cd26889ca66d677f1"},"description":"Se dirige-t-on vers un dimanche mouvemente\u0301 dans le NOSO notamment a\u0300 Bamenda, chef-lieu du de\u0301partement de la Mezam et ...","breadcrumb":{"@id":"https:\/\/www.africa-press.net\/cameroun\/politique\/derniere-minute-situation-tendue-a-bamenda-des-militaires-deployes-dans-toute-la-ville#breadcrumb"},"inLanguage":"fr-FR","potentialAction":[{"@type":"ReadAction","target":["https:\/\/www.africa-press.net\/cameroun\/politique\/derniere-minute-situation-tendue-a-bamenda-des-militaires-deployes-dans-toute-la-ville"]}]},{"@type":"ImageObject","inLanguage":"fr-FR","@id":"https:\/\/www.africa-press.net\/cameroun\/politique\/derniere-minute-situation-tendue-a-bamenda-des-militaires-deployes-dans-toute-la-ville#primaryimage","url":"https:\/\/static.africa-press.net\/cameroun\/sites\/57\/2023\/03\/postQueueImg_1678554908.28.jpg","contentUrl":"https:\/\/static.africa-press.net\/cameroun\/sites\/57\/2023\/03\/postQueueImg_1678554908.28.jpg","width":720,"height":404,"caption":"DERNIERE MINUTE : situation tendue \u00e0 Bamenda, des militaires d\u00e9ploy\u00e9s dans toute la ville"},{"@type":"BreadcrumbList","@id":"https:\/\/www.africa-press.net\/cameroun\/politique\/derniere-minute-situation-tendue-a-bamenda-des-militaires-deployes-dans-toute-la-ville#breadcrumb","itemListElement":[{"@type":"ListItem","position":1,"name":"Accueil","item":"https:\/\/www.africa-press.net\/cameroun\/"},{"@type":"ListItem","position":2,"name":"DERNIERE MINUTE : situation tendue \u00e0 Bamenda, des militaires d\u00e9ploy\u00e9s dans toute la ville"}]},{"@type":"WebSite","@id":"https:\/\/www.africa-press.net\/cameroun\/#website","url":"https:\/\/www.africa-press.net\/cameroun\/","name":"Cameroun","description":"Just another Africa News Agency Sites site","potentialAction":[{"@type":"SearchAction","target":{"@type":"EntryPoint","urlTemplate":"https:\/\/www.africa-press.net\/cameroun\/?s={search_term_string}"},"query-input":{"@type":"PropertyValueSpecification","valueRequired":true,"valueName":"search_term_string"}}],"inLanguage":"fr-FR"},{"@type":"Person","@id":"https:\/\/www.africa-press.net\/cameroun\/#\/schema\/person\/2b1cf3cd81a31e3cd26889ca66d677f1","name":"cfeditorfr"}]}},"_links":{"self":[{"href":"https:\/\/www.africa-press.net\/cameroun\/wp-json\/wp\/v2\/posts\/39017","targetHints":{"allow":["GET"]}}],"collection":[{"href":"https:\/\/www.africa-press.net\/cameroun\/wp-json\/wp\/v2\/posts"}],"about":[{"href":"https:\/\/www.africa-press.net\/cameroun\/wp-json\/wp\/v2\/types\/post"}],"author":[{"embeddable":true,"href":"https:\/\/www.africa-press.net\/cameroun\/wp-json\/wp\/v2\/users\/82"}],"replies":[{"embeddable":true,"href":"https:\/\/www.africa-press.net\/cameroun\/wp-json\/wp\/v2\/comments?post=39017"}],"version-history":[{"count":0,"href":"https:\/\/www.africa-press.net\/cameroun\/wp-json\/wp\/v2\/posts\/39017\/revisions"}],"wp:featuredmedia":[{"embeddable":true,"href":"https:\/\/www.africa-press.net\/cameroun\/wp-json\/wp\/v2\/media\/39016"}],"wp:attachment":[{"href":"https:\/\/www.africa-press.net\/cameroun\/wp-json\/wp\/v2\/media?parent=39017"}],"wp:term":[{"taxonomy":"category","embeddable":true,"href":"https:\/\/www.africa-press.net\/cameroun\/wp-json\/wp\/v2\/categories?post=39017"},{"taxonomy":"post_tag","embeddable":true,"href":"https:\/\/www.africa-press.net\/cameroun\/wp-json\/wp\/v2\/tags?post=39017"}],"curies":[{"name":"wp","href":"https:\/\/api.w.org\/{rel}","templated":true}]}}