{"id":39024,"date":"2023-03-12T18:17:28","date_gmt":"2023-03-12T18:17:28","guid":{"rendered":"https:\/\/www.africa-press.net\/cameroun\/politique\/cameroun-voici-les-dates-officielles-du-ramadan-2023"},"modified":"2023-03-12T18:36:15","modified_gmt":"2023-03-12T18:36:15","slug":"cameroun-voici-les-dates-officielles-du-ramadan-2023","status":"publish","type":"post","link":"https:\/\/www.africa-press.net\/cameroun\/toutes-les-actualites\/cameroun-voici-les-dates-officielles-du-ramadan-2023","title":{"rendered":"Cameroun : voici les dates officielles du ramadan 2023"},"content":{"rendered":"<p><span style=\"color: #ff6600\"><strong>Africa-Press &#8211; Cameroun. <\/strong><\/span>La commission nationale du croissant lunaire informe la communaute\u0301 musulmane du Cameroun que la recherche du croissant lunaire devant marquer le de\u0301but du mois de Ramadan se fera in sha Allah, le mardi 21 mars 2023 (&#8230;)Si le croissant lunaire fait sa parution en cette date, le 1er jour de ramadan sera le mercredi 22 mars 2023. Dans le cas contraire, le mois de Shaaban sera comple\u0301te\u0301 a\u0300 30 jours et le de\u0301but de Ramadan sera le jeudi 23 mars 2023 \u00bb. C\u2019est par ces mots que le Comite\u0301 National du Croissant Lunaire informe le public camerounais des probables dates du de\u0301but des care\u0302mes.<\/p>\n<p>La commission a e\u0301galement profite\u0301 de l\u2019occasion pour demander aux fide\u0300les musulmans de prier pour la paix au Cameroun durant ces pe\u0301riodes de Ramadan. \u00ab La Commission nationale du croissant lunaire souhaite a\u0300 tous les musulmans un tre\u0300s bon de\u0301but de jeu\u0302ne et les invite a\u0300 intensifier les prie\u0300res durant tout le mois de Ramadan afin qu&rsquo;Allah, le Tre\u0300s-haut, consolide la paix, la justice et la sante\u0301 dans notre pays \u00bb, indique la note.<\/p>\n<p>Le jeune du mois de Ramadan fait partie des cinq piliers de l\u2019Islam. C\u2019est un moment de sanctification pour les fide\u0300les musulmans qui renforcent leurs liens avec Dieu leur cre\u0301ateur. Durant cette pe\u0301riode, ils s\u2019abstiennent des rapports sexuels et re\u0301glementent leur consommation de nourriture.<\/p>\n<p><strong>Pour plus d&rsquo;informations et d&rsquo;analyses sur la <a href=\"https:\/\/www.africa-press.net\/cameroun\">Cameroun<\/a>, suivez <a href=\"https:\/\/www.africa-press.net\/\">Africa-Press<\/a><\/strong><\/p>\n","protected":false},"excerpt":{"rendered":"<p>Africa-Press &#8211; Cameroun. La commission nationale du croissant lunaire informe la communaute\u0301 musulmane du Cameroun que la recherche du croissant lunaire devant marquer le de\u0301but du mois de Ramadan se fera in sha Allah, le mardi 21 mars 2023 (&#8230;)Si le croissant lunaire fait sa parution en cette date, le 1er jour de ramadan sera [&hellip;]<\/p>\n","protected":false},"author":82,"featured_media":39023,"comment_status":"open","ping_status":"closed","sticky":false,"template":"","format":"standard","meta":{"footnotes":""},"categories":[21,10],"tags":[36,50,49],"class_list":["post-39024","post","type-post","status-publish","format-standard","has-post-thumbnail","hentry","category-communaute","category-toutes-les-actualites","tag-africa-press","tag-africa-press-cameroun","tag-cameroun"],"yoast_head":"<!-- This site is optimized with the Yoast SEO Premium plugin v26.1 (Yoast SEO v27.0) - https:\/\/yoast.com\/product\/yoast-seo-premium-wordpress\/ -->\n<title>Cameroun : voici les dates officielles du ramadan 2023 - Cameroun<\/title>\n<meta name=\"description\" content=\"La commission nationale du croissant lunaire informe la communaute\u0301 musulmane du Cameroun que la recherche du croissant ...\" \/>\n<meta name=\"robots\" content=\"index, follow, max-snippet:-1, max-image-preview:large, max-video-preview:-1\" \/>\n<link rel=\"canonical\" href=\"https:\/\/www.africa-press.net\/cameroun\/toutes-les-actualites\/cameroun-voici-les-dates-officielles-du-ramadan-2023\" \/>\n<meta property=\"og:locale\" content=\"fr_FR\" \/>\n<meta property=\"og:type\" content=\"article\" \/>\n<meta property=\"og:title\" content=\"Cameroun : voici les dates officielles du ramadan 2023\" \/>\n<meta property=\"og:description\" content=\"La commission nationale du croissant lunaire informe la communaute\u0301 musulmane du Cameroun que la recherche du croissant ...\" \/>\n<meta property=\"og:url\" content=\"https:\/\/www.africa-press.net\/cameroun\/toutes-les-actualites\/cameroun-voici-les-dates-officielles-du-ramadan-2023\" \/>\n<meta property=\"og:site_name\" content=\"Cameroun\" \/>\n<meta property=\"article:published_time\" content=\"2023-03-12T18:17:28+00:00\" \/>\n<meta property=\"article:modified_time\" content=\"2023-03-12T18:36:15+00:00\" \/>\n<meta property=\"og:image\" content=\"https:\/\/static.africa-press.net\/cameroun\/sites\/57\/2023\/03\/postQueueImg_1678632452.45.jpg\" \/>\n\t<meta property=\"og:image:width\" content=\"720\" \/>\n\t<meta property=\"og:image:height\" content=\"405\" \/>\n\t<meta property=\"og:image:type\" content=\"image\/jpeg\" \/>\n<meta name=\"author\" content=\"cfeditorfr\" \/>\n<meta name=\"twitter:card\" content=\"summary_large_image\" \/>\n<meta name=\"twitter:label1\" content=\"\u00c9crit par\" \/>\n\t<meta name=\"twitter:data1\" content=\"cfeditorfr\" \/>\n\t<meta name=\"twitter:label2\" content=\"Dur\u00e9e de lecture estim\u00e9e\" \/>\n\t<meta name=\"twitter:data2\" content=\"1 minute\" \/>\n<script type=\"application\/ld+json\" class=\"yoast-schema-graph\">{\"@context\":\"https:\/\/schema.org\",\"@graph\":[{\"@type\":\"Article\",\"@id\":\"https:\/\/www.africa-press.net\/cameroun\/toutes-les-actualites\/cameroun-voici-les-dates-officielles-du-ramadan-2023#article\",\"isPartOf\":{\"@id\":\"https:\/\/www.africa-press.net\/cameroun\/toutes-les-actualites\/cameroun-voici-les-dates-officielles-du-ramadan-2023\"},\"author\":{\"name\":\"cfeditorfr\",\"@id\":\"https:\/\/www.africa-press.net\/cameroun\/#\/schema\/person\/2b1cf3cd81a31e3cd26889ca66d677f1\"},\"headline\":\"Cameroun : voici les dates officielles du ramadan 2023\",\"datePublished\":\"2023-03-12T18:17:28+00:00\",\"dateModified\":\"2023-03-12T18:36:15+00:00\",\"mainEntityOfPage\":{\"@id\":\"https:\/\/www.africa-press.net\/cameroun\/toutes-les-actualites\/cameroun-voici-les-dates-officielles-du-ramadan-2023\"},\"wordCount\":257,\"commentCount\":0,\"image\":{\"@id\":\"https:\/\/www.africa-press.net\/cameroun\/toutes-les-actualites\/cameroun-voici-les-dates-officielles-du-ramadan-2023#primaryimage\"},\"thumbnailUrl\":\"https:\/\/static.africa-press.net\/cameroun\/sites\/57\/2023\/03\/postQueueImg_1678632452.45.jpg\",\"keywords\":[\"Africa Press\",\"Africa Press-Cameroun\",\"Cameroun\"],\"articleSection\":[\"Communaut\u00e9\",\"Toutes les actualit\u00e9s\"],\"inLanguage\":\"fr-FR\",\"potentialAction\":[{\"@type\":\"CommentAction\",\"name\":\"Comment\",\"target\":[\"https:\/\/www.africa-press.net\/cameroun\/toutes-les-actualites\/cameroun-voici-les-dates-officielles-du-ramadan-2023#respond\"]}]},{\"@type\":\"WebPage\",\"@id\":\"https:\/\/www.africa-press.net\/cameroun\/toutes-les-actualites\/cameroun-voici-les-dates-officielles-du-ramadan-2023\",\"url\":\"https:\/\/www.africa-press.net\/cameroun\/toutes-les-actualites\/cameroun-voici-les-dates-officielles-du-ramadan-2023\",\"name\":\"Cameroun : voici les dates officielles du ramadan 2023 - Cameroun\",\"isPartOf\":{\"@id\":\"https:\/\/www.africa-press.net\/cameroun\/#website\"},\"primaryImageOfPage\":{\"@id\":\"https:\/\/www.africa-press.net\/cameroun\/toutes-les-actualites\/cameroun-voici-les-dates-officielles-du-ramadan-2023#primaryimage\"},\"image\":{\"@id\":\"https:\/\/www.africa-press.net\/cameroun\/toutes-les-actualites\/cameroun-voici-les-dates-officielles-du-ramadan-2023#primaryimage\"},\"thumbnailUrl\":\"https:\/\/static.africa-press.net\/cameroun\/sites\/57\/2023\/03\/postQueueImg_1678632452.45.jpg\",\"datePublished\":\"2023-03-12T18:17:28+00:00\",\"dateModified\":\"2023-03-12T18:36:15+00:00\",\"author\":{\"@id\":\"https:\/\/www.africa-press.net\/cameroun\/#\/schema\/person\/2b1cf3cd81a31e3cd26889ca66d677f1\"},\"description\":\"La commission nationale du croissant lunaire informe la communaute\u0301 musulmane du Cameroun que la recherche du croissant ...\",\"breadcrumb\":{\"@id\":\"https:\/\/www.africa-press.net\/cameroun\/toutes-les-actualites\/cameroun-voici-les-dates-officielles-du-ramadan-2023#breadcrumb\"},\"inLanguage\":\"fr-FR\",\"potentialAction\":[{\"@type\":\"ReadAction\",\"target\":[\"https:\/\/www.africa-press.net\/cameroun\/toutes-les-actualites\/cameroun-voici-les-dates-officielles-du-ramadan-2023\"]}]},{\"@type\":\"ImageObject\",\"inLanguage\":\"fr-FR\",\"@id\":\"https:\/\/www.africa-press.net\/cameroun\/toutes-les-actualites\/cameroun-voici-les-dates-officielles-du-ramadan-2023#primaryimage\",\"url\":\"https:\/\/static.africa-press.net\/cameroun\/sites\/57\/2023\/03\/postQueueImg_1678632452.45.jpg\",\"contentUrl\":\"https:\/\/static.africa-press.net\/cameroun\/sites\/57\/2023\/03\/postQueueImg_1678632452.45.jpg\",\"width\":720,\"height\":405,\"caption\":\"Cameroun : voici les dates officielles du ramadan 2023\"},{\"@type\":\"BreadcrumbList\",\"@id\":\"https:\/\/www.africa-press.net\/cameroun\/toutes-les-actualites\/cameroun-voici-les-dates-officielles-du-ramadan-2023#breadcrumb\",\"itemListElement\":[{\"@type\":\"ListItem\",\"position\":1,\"name\":\"Accueil\",\"item\":\"https:\/\/www.africa-press.net\/cameroun\/\"},{\"@type\":\"ListItem\",\"position\":2,\"name\":\"Cameroun : voici les dates officielles du ramadan 2023\"}]},{\"@type\":\"WebSite\",\"@id\":\"https:\/\/www.africa-press.net\/cameroun\/#website\",\"url\":\"https:\/\/www.africa-press.net\/cameroun\/\",\"name\":\"Cameroun\",\"description\":\"Just another Africa News Agency Sites site\",\"potentialAction\":[{\"@type\":\"SearchAction\",\"target\":{\"@type\":\"EntryPoint\",\"urlTemplate\":\"https:\/\/www.africa-press.net\/cameroun\/?s={search_term_string}\"},\"query-input\":{\"@type\":\"PropertyValueSpecification\",\"valueRequired\":true,\"valueName\":\"search_term_string\"}}],\"inLanguage\":\"fr-FR\"},{\"@type\":\"Person\",\"@id\":\"https:\/\/www.africa-press.net\/cameroun\/#\/schema\/person\/2b1cf3cd81a31e3cd26889ca66d677f1\",\"name\":\"cfeditorfr\"}]}<\/script>\n<!-- \/ Yoast SEO Premium plugin. -->","yoast_head_json":{"title":"Cameroun : voici les dates officielles du ramadan 2023 - Cameroun","description":"La commission nationale du croissant lunaire informe la communaute\u0301 musulmane du Cameroun que la recherche du croissant ...","robots":{"index":"index","follow":"follow","max-snippet":"max-snippet:-1","max-image-preview":"max-image-preview:large","max-video-preview":"max-video-preview:-1"},"canonical":"https:\/\/www.africa-press.net\/cameroun\/toutes-les-actualites\/cameroun-voici-les-dates-officielles-du-ramadan-2023","og_locale":"fr_FR","og_type":"article","og_title":"Cameroun : voici les dates officielles du ramadan 2023","og_description":"La commission nationale du croissant lunaire informe la communaute\u0301 musulmane du Cameroun que la recherche du croissant ...","og_url":"https:\/\/www.africa-press.net\/cameroun\/toutes-les-actualites\/cameroun-voici-les-dates-officielles-du-ramadan-2023","og_site_name":"Cameroun","article_published_time":"2023-03-12T18:17:28+00:00","article_modified_time":"2023-03-12T18:36:15+00:00","og_image":[{"width":720,"height":405,"url":"https:\/\/static.africa-press.net\/cameroun\/sites\/57\/2023\/03\/postQueueImg_1678632452.45.jpg","type":"image\/jpeg"}],"author":"cfeditorfr","twitter_card":"summary_large_image","twitter_misc":{"\u00c9crit par":"cfeditorfr","Dur\u00e9e de lecture estim\u00e9e":"1 minute"},"schema":{"@context":"https:\/\/schema.org","@graph":[{"@type":"Article","@id":"https:\/\/www.africa-press.net\/cameroun\/toutes-les-actualites\/cameroun-voici-les-dates-officielles-du-ramadan-2023#article","isPartOf":{"@id":"https:\/\/www.africa-press.net\/cameroun\/toutes-les-actualites\/cameroun-voici-les-dates-officielles-du-ramadan-2023"},"author":{"name":"cfeditorfr","@id":"https:\/\/www.africa-press.net\/cameroun\/#\/schema\/person\/2b1cf3cd81a31e3cd26889ca66d677f1"},"headline":"Cameroun : voici les dates officielles du ramadan 2023","datePublished":"2023-03-12T18:17:28+00:00","dateModified":"2023-03-12T18:36:15+00:00","mainEntityOfPage":{"@id":"https:\/\/www.africa-press.net\/cameroun\/toutes-les-actualites\/cameroun-voici-les-dates-officielles-du-ramadan-2023"},"wordCount":257,"commentCount":0,"image":{"@id":"https:\/\/www.africa-press.net\/cameroun\/toutes-les-actualites\/cameroun-voici-les-dates-officielles-du-ramadan-2023#primaryimage"},"thumbnailUrl":"https:\/\/static.africa-press.net\/cameroun\/sites\/57\/2023\/03\/postQueueImg_1678632452.45.jpg","keywords":["Africa Press","Africa Press-Cameroun","Cameroun"],"articleSection":["Communaut\u00e9","Toutes les actualit\u00e9s"],"inLanguage":"fr-FR","potentialAction":[{"@type":"CommentAction","name":"Comment","target":["https:\/\/www.africa-press.net\/cameroun\/toutes-les-actualites\/cameroun-voici-les-dates-officielles-du-ramadan-2023#respond"]}]},{"@type":"WebPage","@id":"https:\/\/www.africa-press.net\/cameroun\/toutes-les-actualites\/cameroun-voici-les-dates-officielles-du-ramadan-2023","url":"https:\/\/www.africa-press.net\/cameroun\/toutes-les-actualites\/cameroun-voici-les-dates-officielles-du-ramadan-2023","name":"Cameroun : voici les dates officielles du ramadan 2023 - Cameroun","isPartOf":{"@id":"https:\/\/www.africa-press.net\/cameroun\/#website"},"primaryImageOfPage":{"@id":"https:\/\/www.africa-press.net\/cameroun\/toutes-les-actualites\/cameroun-voici-les-dates-officielles-du-ramadan-2023#primaryimage"},"image":{"@id":"https:\/\/www.africa-press.net\/cameroun\/toutes-les-actualites\/cameroun-voici-les-dates-officielles-du-ramadan-2023#primaryimage"},"thumbnailUrl":"https:\/\/static.africa-press.net\/cameroun\/sites\/57\/2023\/03\/postQueueImg_1678632452.45.jpg","datePublished":"2023-03-12T18:17:28+00:00","dateModified":"2023-03-12T18:36:15+00:00","author":{"@id":"https:\/\/www.africa-press.net\/cameroun\/#\/schema\/person\/2b1cf3cd81a31e3cd26889ca66d677f1"},"description":"La commission nationale du croissant lunaire informe la communaute\u0301 musulmane du Cameroun que la recherche du croissant ...","breadcrumb":{"@id":"https:\/\/www.africa-press.net\/cameroun\/toutes-les-actualites\/cameroun-voici-les-dates-officielles-du-ramadan-2023#breadcrumb"},"inLanguage":"fr-FR","potentialAction":[{"@type":"ReadAction","target":["https:\/\/www.africa-press.net\/cameroun\/toutes-les-actualites\/cameroun-voici-les-dates-officielles-du-ramadan-2023"]}]},{"@type":"ImageObject","inLanguage":"fr-FR","@id":"https:\/\/www.africa-press.net\/cameroun\/toutes-les-actualites\/cameroun-voici-les-dates-officielles-du-ramadan-2023#primaryimage","url":"https:\/\/static.africa-press.net\/cameroun\/sites\/57\/2023\/03\/postQueueImg_1678632452.45.jpg","contentUrl":"https:\/\/static.africa-press.net\/cameroun\/sites\/57\/2023\/03\/postQueueImg_1678632452.45.jpg","width":720,"height":405,"caption":"Cameroun : voici les dates officielles du ramadan 2023"},{"@type":"BreadcrumbList","@id":"https:\/\/www.africa-press.net\/cameroun\/toutes-les-actualites\/cameroun-voici-les-dates-officielles-du-ramadan-2023#breadcrumb","itemListElement":[{"@type":"ListItem","position":1,"name":"Accueil","item":"https:\/\/www.africa-press.net\/cameroun\/"},{"@type":"ListItem","position":2,"name":"Cameroun : voici les dates officielles du ramadan 2023"}]},{"@type":"WebSite","@id":"https:\/\/www.africa-press.net\/cameroun\/#website","url":"https:\/\/www.africa-press.net\/cameroun\/","name":"Cameroun","description":"Just another Africa News Agency Sites site","potentialAction":[{"@type":"SearchAction","target":{"@type":"EntryPoint","urlTemplate":"https:\/\/www.africa-press.net\/cameroun\/?s={search_term_string}"},"query-input":{"@type":"PropertyValueSpecification","valueRequired":true,"valueName":"search_term_string"}}],"inLanguage":"fr-FR"},{"@type":"Person","@id":"https:\/\/www.africa-press.net\/cameroun\/#\/schema\/person\/2b1cf3cd81a31e3cd26889ca66d677f1","name":"cfeditorfr"}]}},"_links":{"self":[{"href":"https:\/\/www.africa-press.net\/cameroun\/wp-json\/wp\/v2\/posts\/39024","targetHints":{"allow":["GET"]}}],"collection":[{"href":"https:\/\/www.africa-press.net\/cameroun\/wp-json\/wp\/v2\/posts"}],"about":[{"href":"https:\/\/www.africa-press.net\/cameroun\/wp-json\/wp\/v2\/types\/post"}],"author":[{"embeddable":true,"href":"https:\/\/www.africa-press.net\/cameroun\/wp-json\/wp\/v2\/users\/82"}],"replies":[{"embeddable":true,"href":"https:\/\/www.africa-press.net\/cameroun\/wp-json\/wp\/v2\/comments?post=39024"}],"version-history":[{"count":0,"href":"https:\/\/www.africa-press.net\/cameroun\/wp-json\/wp\/v2\/posts\/39024\/revisions"}],"wp:featuredmedia":[{"embeddable":true,"href":"https:\/\/www.africa-press.net\/cameroun\/wp-json\/wp\/v2\/media\/39023"}],"wp:attachment":[{"href":"https:\/\/www.africa-press.net\/cameroun\/wp-json\/wp\/v2\/media?parent=39024"}],"wp:term":[{"taxonomy":"category","embeddable":true,"href":"https:\/\/www.africa-press.net\/cameroun\/wp-json\/wp\/v2\/categories?post=39024"},{"taxonomy":"post_tag","embeddable":true,"href":"https:\/\/www.africa-press.net\/cameroun\/wp-json\/wp\/v2\/tags?post=39024"}],"curies":[{"name":"wp","href":"https:\/\/api.w.org\/{rel}","templated":true}]}}