{"id":39027,"date":"2023-03-12T18:17:35","date_gmt":"2023-03-12T18:17:35","guid":{"rendered":"https:\/\/www.africa-press.net\/cameroun\/politique\/vision-4-bruno-bidjang-deja-a-la-touche"},"modified":"2023-03-12T18:37:34","modified_gmt":"2023-03-12T18:37:34","slug":"vision-4-bruno-bidjang-deja-a-la-touche","status":"publish","type":"post","link":"https:\/\/www.africa-press.net\/cameroun\/dossiers\/vision-4-bruno-bidjang-deja-a-la-touche","title":{"rendered":"Vision 4 : Bruno Bidjang d\u00e9j\u00e0 \u00e0 la touche ?"},"content":{"rendered":"<p><span style=\"color: #ff6600\"><strong>Africa-Press &#8211; Cameroun. <\/strong><\/span>Une semaine apre\u0300s sa libe\u0301ration, Bruno Bidjang se fait discret. Le directeur des me\u0301dias du groupe l\u2019Anecdote ne reprendra pas ce dimanche l\u2019e\u0301mission dominicale \u00ab Club d\u2019Elites \u00bb. Elle sera une fois de plus pre\u0301sente\u0301e par Bonney Philippe qui assure l\u2019inte\u0301rim depuis l\u2019arrestation du journaliste le 06 fe\u0301vrier dernier. Seront sur le plateau ce jour, Leonel Kungaba du SDF, Dr Xalters Chuo, analyste politique, SM Patric Ondondo du RDPC, Pr Messanga Nyamding politologue et Dr Dieudonne\u0301 Essomba, consultant. Les panelistes e\u0301voqueront la prochaine se\u0301natoriale et la crise au sien du parti politique SDF.<\/p>\n<p>Et pourtant le jour de la libe\u0301ration, les proches de Bidjang ont fait fuiter sur les re\u0301seaux sociaux des images de la ce\u0301le\u0301bration du retour du journaliste. Cette ce\u0301le\u0301bration arrose\u0301e par des boissons de luxe aurait e\u0301te\u0301 mal perc\u0327ue par les proches d\u2019Amougou Belinga qui pleurent toujours l\u2019incarce\u0301ration de l\u2019homme d\u2019affaires a\u0300 la prison centrale de Kondengui. Pour l\u2019heure aucune information ne filtre sur la date de retour a\u0300 l\u2019antenne de Bruno Bidjang.<\/p>\n<p>Des sources proches du groupes l\u2019Anecdote annoncent des proble\u0300mes de tre\u0301sorerie quelques semaines seulement apre\u0300s l\u2019arrestation d\u2019Amougou Belinga. Des re\u0301ductions et retards de salaires sont pre\u0301vus dans les prochains mois si la situation du Zomloa des Zomoa n\u2019e\u0301volue pas dans le bon sens.<\/p>\n<p>Kondengui<\/p>\n<p>Est-ce la fin des privile\u0300ges d\u2019Amougou Belinga a\u0300 la prison centrale de Yaounde\u0301 Kondengue\u0301. Loge\u0301 pre\u0301ce\u0301demment une cellule spe\u0301ciale, le pre\u0301sident du groupe l\u2019Anecdote aurait entrepris les travaux de reconstruction de sa nouvelle prison. Selon les informations rapporte\u0301es par certains de\u0301tenus, il aurait de\u0301ja\u0300 commande\u0301 des lits bien larges ainsi que des climatiseurs et un re\u0301frige\u0301rateur. Il n\u2019aura pas le temps de les utiliser. Selon l\u2019artiste Valsero qui a des connexions a\u0300 Kondengui pour y avoir se\u0301journe\u0301, les autorite\u0301s pe\u0301nitentiaires ont change\u0301 de cellule a\u0300 Amougou Belinga. Le patron du groupe l\u2019Anecdote loge de\u0301sormais dans une cellule ordinaire avec des de\u0301tenus qui ne le portent pas force\u0301ment dans son c\u0153ur.<\/p>\n<p>Selon Valsero, Etoudi aurait ordonne\u0301 a\u0300 Laurent Esso de mettre imme\u0301diatement fin aux privile\u0300ges d\u2019Amougou Belinga. Le ministre de la justice, grand ami d\u2019Amougou Belinaga ne lui refusait rien en prison jusqu\u2019a\u0300 pre\u0301sent. Le Zomloa des Zomloa aurait ainsi rec\u0327u dans sa cellule, sa troisie\u0300me e\u0301pouse Melissa, pour un moment d\u2019intimite\u0301. Cette situation aurait provoque\u0301 la cole\u0300re des autres prisonniers qui ne comprennent pas le traitement spe\u0301cial et les faveurs dont be\u0301ne\u0301ficient Amougou Be\u0301linga.<\/p>\n<p>La situation a commence\u0301 par e\u0301voluer lorsque le commissaire du gouvernement s\u2019est oppose\u0301 a\u0300 l\u2019extradition de l\u2019homme d\u2019affaires pour une visite me\u0301dicale. Amougou Belinga avait souhaite\u0301 rencontrer son me\u0301decin pour les maladies mentales dont il souffre. Le commissaire du gouvernement, avant de faire changer de cellule a\u0300 Amougou Belinga, aurait mene\u0301 une ope\u0301ration de nettoyage qui a consiste\u0301 a\u0300 confisquer les te\u0301le\u0301phones portables du Zomloa des Zomloa.<\/p>\n<p><iframe loading=\"lazy\" title=\"G\u00e9n\u00e9ral Valsero\" width=\"696\" height=\"392\" src=\"https:\/\/www.youtube.com\/embed\/U22TtXjNReM?feature=oembed\" frameborder=\"0\" allow=\"accelerometer; autoplay; clipboard-write; encrypted-media; gyroscope; picture-in-picture; web-share\" allowfullscreen><\/iframe><\/p>\n<p><strong>Pour plus d&rsquo;informations et d&rsquo;analyses sur la <a href=\"https:\/\/www.africa-press.net\/cameroun\">Cameroun<\/a>, suivez <a href=\"https:\/\/www.africa-press.net\/\">Africa-Press<\/a><\/strong><\/p>\n","protected":false},"excerpt":{"rendered":"<p>Africa-Press &#8211; Cameroun. Une semaine apre\u0300s sa libe\u0301ration, Bruno Bidjang se fait discret. Le directeur des me\u0301dias du groupe l\u2019Anecdote ne reprendra pas ce dimanche l\u2019e\u0301mission dominicale \u00ab Club d\u2019Elites \u00bb. Elle sera une fois de plus pre\u0301sente\u0301e par Bonney Philippe qui assure l\u2019inte\u0301rim depuis l\u2019arrestation du journaliste le 06 fe\u0301vrier dernier. Seront sur le [&hellip;]<\/p>\n","protected":false},"author":82,"featured_media":39026,"comment_status":"open","ping_status":"closed","sticky":false,"template":"","format":"standard","meta":{"footnotes":""},"categories":[7,10,9],"tags":[36,50,49],"class_list":["post-39027","post","type-post","status-publish","format-standard","has-post-thumbnail","hentry","category-dossiers","category-toutes-les-actualites","category-video","tag-africa-press","tag-africa-press-cameroun","tag-cameroun"],"yoast_head":"<!-- This site is optimized with the Yoast SEO Premium plugin v26.1 (Yoast SEO v27.0) - https:\/\/yoast.com\/product\/yoast-seo-premium-wordpress\/ -->\n<title>Vision 4 : Bruno Bidjang d\u00e9j\u00e0 \u00e0 la touche ? - Cameroun<\/title>\n<meta name=\"description\" content=\"Une semaine apre\u0300s sa libe\u0301ration, Bruno Bidjang se fait discret. Le directeur des me\u0301dias du groupe l\u2019Anecdote ne repre ...\" \/>\n<meta name=\"robots\" content=\"index, follow, max-snippet:-1, max-image-preview:large, max-video-preview:-1\" \/>\n<link rel=\"canonical\" href=\"https:\/\/www.africa-press.net\/cameroun\/dossiers\/vision-4-bruno-bidjang-deja-a-la-touche\" \/>\n<meta property=\"og:locale\" content=\"fr_FR\" \/>\n<meta property=\"og:type\" content=\"article\" \/>\n<meta property=\"og:title\" content=\"Vision 4 : Bruno Bidjang d\u00e9j\u00e0 \u00e0 la touche ?\" \/>\n<meta property=\"og:description\" content=\"Une semaine apre\u0300s sa libe\u0301ration, Bruno Bidjang se fait discret. Le directeur des me\u0301dias du groupe l\u2019Anecdote ne repre ...\" \/>\n<meta property=\"og:url\" content=\"https:\/\/www.africa-press.net\/cameroun\/dossiers\/vision-4-bruno-bidjang-deja-a-la-touche\" \/>\n<meta property=\"og:site_name\" content=\"Cameroun\" \/>\n<meta property=\"article:published_time\" content=\"2023-03-12T18:17:35+00:00\" \/>\n<meta property=\"article:modified_time\" content=\"2023-03-12T18:37:34+00:00\" \/>\n<meta property=\"og:image\" content=\"https:\/\/static.africa-press.net\/cameroun\/sites\/57\/2023\/03\/postQueueImg_1678632465.04.jpg\" \/>\n\t<meta property=\"og:image:width\" content=\"720\" \/>\n\t<meta property=\"og:image:height\" content=\"404\" \/>\n\t<meta property=\"og:image:type\" content=\"image\/jpeg\" \/>\n<meta name=\"author\" content=\"cfeditorfr\" \/>\n<meta name=\"twitter:card\" content=\"summary_large_image\" \/>\n<meta name=\"twitter:label1\" content=\"\u00c9crit par\" \/>\n\t<meta name=\"twitter:data1\" content=\"cfeditorfr\" \/>\n\t<meta name=\"twitter:label2\" content=\"Dur\u00e9e de lecture estim\u00e9e\" \/>\n\t<meta name=\"twitter:data2\" content=\"3 minutes\" \/>\n<script type=\"application\/ld+json\" class=\"yoast-schema-graph\">{\"@context\":\"https:\/\/schema.org\",\"@graph\":[{\"@type\":\"Article\",\"@id\":\"https:\/\/www.africa-press.net\/cameroun\/dossiers\/vision-4-bruno-bidjang-deja-a-la-touche#article\",\"isPartOf\":{\"@id\":\"https:\/\/www.africa-press.net\/cameroun\/dossiers\/vision-4-bruno-bidjang-deja-a-la-touche\"},\"author\":{\"name\":\"cfeditorfr\",\"@id\":\"https:\/\/www.africa-press.net\/cameroun\/#\/schema\/person\/2b1cf3cd81a31e3cd26889ca66d677f1\"},\"headline\":\"Vision 4 : Bruno Bidjang d\u00e9j\u00e0 \u00e0 la touche ?\",\"datePublished\":\"2023-03-12T18:17:35+00:00\",\"dateModified\":\"2023-03-12T18:37:34+00:00\",\"mainEntityOfPage\":{\"@id\":\"https:\/\/www.africa-press.net\/cameroun\/dossiers\/vision-4-bruno-bidjang-deja-a-la-touche\"},\"wordCount\":576,\"commentCount\":0,\"image\":{\"@id\":\"https:\/\/www.africa-press.net\/cameroun\/dossiers\/vision-4-bruno-bidjang-deja-a-la-touche#primaryimage\"},\"thumbnailUrl\":\"https:\/\/static.africa-press.net\/cameroun\/sites\/57\/2023\/03\/postQueueImg_1678632465.04.jpg\",\"keywords\":[\"Africa Press\",\"Africa Press-Cameroun\",\"Cameroun\"],\"articleSection\":[\"Dossiers\",\"Toutes les actualit\u00e9s\",\"vid\u00e9o\"],\"inLanguage\":\"fr-FR\",\"potentialAction\":[{\"@type\":\"CommentAction\",\"name\":\"Comment\",\"target\":[\"https:\/\/www.africa-press.net\/cameroun\/dossiers\/vision-4-bruno-bidjang-deja-a-la-touche#respond\"]}]},{\"@type\":\"WebPage\",\"@id\":\"https:\/\/www.africa-press.net\/cameroun\/dossiers\/vision-4-bruno-bidjang-deja-a-la-touche\",\"url\":\"https:\/\/www.africa-press.net\/cameroun\/dossiers\/vision-4-bruno-bidjang-deja-a-la-touche\",\"name\":\"Vision 4 : Bruno Bidjang d\u00e9j\u00e0 \u00e0 la touche ? - Cameroun\",\"isPartOf\":{\"@id\":\"https:\/\/www.africa-press.net\/cameroun\/#website\"},\"primaryImageOfPage\":{\"@id\":\"https:\/\/www.africa-press.net\/cameroun\/dossiers\/vision-4-bruno-bidjang-deja-a-la-touche#primaryimage\"},\"image\":{\"@id\":\"https:\/\/www.africa-press.net\/cameroun\/dossiers\/vision-4-bruno-bidjang-deja-a-la-touche#primaryimage\"},\"thumbnailUrl\":\"https:\/\/static.africa-press.net\/cameroun\/sites\/57\/2023\/03\/postQueueImg_1678632465.04.jpg\",\"datePublished\":\"2023-03-12T18:17:35+00:00\",\"dateModified\":\"2023-03-12T18:37:34+00:00\",\"author\":{\"@id\":\"https:\/\/www.africa-press.net\/cameroun\/#\/schema\/person\/2b1cf3cd81a31e3cd26889ca66d677f1\"},\"description\":\"Une semaine apre\u0300s sa libe\u0301ration, Bruno Bidjang se fait discret. Le directeur des me\u0301dias du groupe l\u2019Anecdote ne repre ...\",\"breadcrumb\":{\"@id\":\"https:\/\/www.africa-press.net\/cameroun\/dossiers\/vision-4-bruno-bidjang-deja-a-la-touche#breadcrumb\"},\"inLanguage\":\"fr-FR\",\"potentialAction\":[{\"@type\":\"ReadAction\",\"target\":[\"https:\/\/www.africa-press.net\/cameroun\/dossiers\/vision-4-bruno-bidjang-deja-a-la-touche\"]}]},{\"@type\":\"ImageObject\",\"inLanguage\":\"fr-FR\",\"@id\":\"https:\/\/www.africa-press.net\/cameroun\/dossiers\/vision-4-bruno-bidjang-deja-a-la-touche#primaryimage\",\"url\":\"https:\/\/static.africa-press.net\/cameroun\/sites\/57\/2023\/03\/postQueueImg_1678632465.04.jpg\",\"contentUrl\":\"https:\/\/static.africa-press.net\/cameroun\/sites\/57\/2023\/03\/postQueueImg_1678632465.04.jpg\",\"width\":720,\"height\":404,\"caption\":\"Vision 4 : Bruno Bidjang d\u00e9j\u00e0 \u00e0 la touche ?\"},{\"@type\":\"BreadcrumbList\",\"@id\":\"https:\/\/www.africa-press.net\/cameroun\/dossiers\/vision-4-bruno-bidjang-deja-a-la-touche#breadcrumb\",\"itemListElement\":[{\"@type\":\"ListItem\",\"position\":1,\"name\":\"Accueil\",\"item\":\"https:\/\/www.africa-press.net\/cameroun\/\"},{\"@type\":\"ListItem\",\"position\":2,\"name\":\"Vision 4 : Bruno Bidjang d\u00e9j\u00e0 \u00e0 la touche ?\"}]},{\"@type\":\"WebSite\",\"@id\":\"https:\/\/www.africa-press.net\/cameroun\/#website\",\"url\":\"https:\/\/www.africa-press.net\/cameroun\/\",\"name\":\"Cameroun\",\"description\":\"Just another Africa News Agency Sites site\",\"potentialAction\":[{\"@type\":\"SearchAction\",\"target\":{\"@type\":\"EntryPoint\",\"urlTemplate\":\"https:\/\/www.africa-press.net\/cameroun\/?s={search_term_string}\"},\"query-input\":{\"@type\":\"PropertyValueSpecification\",\"valueRequired\":true,\"valueName\":\"search_term_string\"}}],\"inLanguage\":\"fr-FR\"},{\"@type\":\"Person\",\"@id\":\"https:\/\/www.africa-press.net\/cameroun\/#\/schema\/person\/2b1cf3cd81a31e3cd26889ca66d677f1\",\"name\":\"cfeditorfr\"}]}<\/script>\n<!-- \/ Yoast SEO Premium plugin. -->","yoast_head_json":{"title":"Vision 4 : Bruno Bidjang d\u00e9j\u00e0 \u00e0 la touche ? - Cameroun","description":"Une semaine apre\u0300s sa libe\u0301ration, Bruno Bidjang se fait discret. Le directeur des me\u0301dias du groupe l\u2019Anecdote ne repre ...","robots":{"index":"index","follow":"follow","max-snippet":"max-snippet:-1","max-image-preview":"max-image-preview:large","max-video-preview":"max-video-preview:-1"},"canonical":"https:\/\/www.africa-press.net\/cameroun\/dossiers\/vision-4-bruno-bidjang-deja-a-la-touche","og_locale":"fr_FR","og_type":"article","og_title":"Vision 4 : Bruno Bidjang d\u00e9j\u00e0 \u00e0 la touche ?","og_description":"Une semaine apre\u0300s sa libe\u0301ration, Bruno Bidjang se fait discret. Le directeur des me\u0301dias du groupe l\u2019Anecdote ne repre ...","og_url":"https:\/\/www.africa-press.net\/cameroun\/dossiers\/vision-4-bruno-bidjang-deja-a-la-touche","og_site_name":"Cameroun","article_published_time":"2023-03-12T18:17:35+00:00","article_modified_time":"2023-03-12T18:37:34+00:00","og_image":[{"width":720,"height":404,"url":"https:\/\/static.africa-press.net\/cameroun\/sites\/57\/2023\/03\/postQueueImg_1678632465.04.jpg","type":"image\/jpeg"}],"author":"cfeditorfr","twitter_card":"summary_large_image","twitter_misc":{"\u00c9crit par":"cfeditorfr","Dur\u00e9e de lecture estim\u00e9e":"3 minutes"},"schema":{"@context":"https:\/\/schema.org","@graph":[{"@type":"Article","@id":"https:\/\/www.africa-press.net\/cameroun\/dossiers\/vision-4-bruno-bidjang-deja-a-la-touche#article","isPartOf":{"@id":"https:\/\/www.africa-press.net\/cameroun\/dossiers\/vision-4-bruno-bidjang-deja-a-la-touche"},"author":{"name":"cfeditorfr","@id":"https:\/\/www.africa-press.net\/cameroun\/#\/schema\/person\/2b1cf3cd81a31e3cd26889ca66d677f1"},"headline":"Vision 4 : Bruno Bidjang d\u00e9j\u00e0 \u00e0 la touche ?","datePublished":"2023-03-12T18:17:35+00:00","dateModified":"2023-03-12T18:37:34+00:00","mainEntityOfPage":{"@id":"https:\/\/www.africa-press.net\/cameroun\/dossiers\/vision-4-bruno-bidjang-deja-a-la-touche"},"wordCount":576,"commentCount":0,"image":{"@id":"https:\/\/www.africa-press.net\/cameroun\/dossiers\/vision-4-bruno-bidjang-deja-a-la-touche#primaryimage"},"thumbnailUrl":"https:\/\/static.africa-press.net\/cameroun\/sites\/57\/2023\/03\/postQueueImg_1678632465.04.jpg","keywords":["Africa Press","Africa Press-Cameroun","Cameroun"],"articleSection":["Dossiers","Toutes les actualit\u00e9s","vid\u00e9o"],"inLanguage":"fr-FR","potentialAction":[{"@type":"CommentAction","name":"Comment","target":["https:\/\/www.africa-press.net\/cameroun\/dossiers\/vision-4-bruno-bidjang-deja-a-la-touche#respond"]}]},{"@type":"WebPage","@id":"https:\/\/www.africa-press.net\/cameroun\/dossiers\/vision-4-bruno-bidjang-deja-a-la-touche","url":"https:\/\/www.africa-press.net\/cameroun\/dossiers\/vision-4-bruno-bidjang-deja-a-la-touche","name":"Vision 4 : Bruno Bidjang d\u00e9j\u00e0 \u00e0 la touche ? - Cameroun","isPartOf":{"@id":"https:\/\/www.africa-press.net\/cameroun\/#website"},"primaryImageOfPage":{"@id":"https:\/\/www.africa-press.net\/cameroun\/dossiers\/vision-4-bruno-bidjang-deja-a-la-touche#primaryimage"},"image":{"@id":"https:\/\/www.africa-press.net\/cameroun\/dossiers\/vision-4-bruno-bidjang-deja-a-la-touche#primaryimage"},"thumbnailUrl":"https:\/\/static.africa-press.net\/cameroun\/sites\/57\/2023\/03\/postQueueImg_1678632465.04.jpg","datePublished":"2023-03-12T18:17:35+00:00","dateModified":"2023-03-12T18:37:34+00:00","author":{"@id":"https:\/\/www.africa-press.net\/cameroun\/#\/schema\/person\/2b1cf3cd81a31e3cd26889ca66d677f1"},"description":"Une semaine apre\u0300s sa libe\u0301ration, Bruno Bidjang se fait discret. Le directeur des me\u0301dias du groupe l\u2019Anecdote ne repre ...","breadcrumb":{"@id":"https:\/\/www.africa-press.net\/cameroun\/dossiers\/vision-4-bruno-bidjang-deja-a-la-touche#breadcrumb"},"inLanguage":"fr-FR","potentialAction":[{"@type":"ReadAction","target":["https:\/\/www.africa-press.net\/cameroun\/dossiers\/vision-4-bruno-bidjang-deja-a-la-touche"]}]},{"@type":"ImageObject","inLanguage":"fr-FR","@id":"https:\/\/www.africa-press.net\/cameroun\/dossiers\/vision-4-bruno-bidjang-deja-a-la-touche#primaryimage","url":"https:\/\/static.africa-press.net\/cameroun\/sites\/57\/2023\/03\/postQueueImg_1678632465.04.jpg","contentUrl":"https:\/\/static.africa-press.net\/cameroun\/sites\/57\/2023\/03\/postQueueImg_1678632465.04.jpg","width":720,"height":404,"caption":"Vision 4 : Bruno Bidjang d\u00e9j\u00e0 \u00e0 la touche ?"},{"@type":"BreadcrumbList","@id":"https:\/\/www.africa-press.net\/cameroun\/dossiers\/vision-4-bruno-bidjang-deja-a-la-touche#breadcrumb","itemListElement":[{"@type":"ListItem","position":1,"name":"Accueil","item":"https:\/\/www.africa-press.net\/cameroun\/"},{"@type":"ListItem","position":2,"name":"Vision 4 : Bruno Bidjang d\u00e9j\u00e0 \u00e0 la touche ?"}]},{"@type":"WebSite","@id":"https:\/\/www.africa-press.net\/cameroun\/#website","url":"https:\/\/www.africa-press.net\/cameroun\/","name":"Cameroun","description":"Just another Africa News Agency Sites site","potentialAction":[{"@type":"SearchAction","target":{"@type":"EntryPoint","urlTemplate":"https:\/\/www.africa-press.net\/cameroun\/?s={search_term_string}"},"query-input":{"@type":"PropertyValueSpecification","valueRequired":true,"valueName":"search_term_string"}}],"inLanguage":"fr-FR"},{"@type":"Person","@id":"https:\/\/www.africa-press.net\/cameroun\/#\/schema\/person\/2b1cf3cd81a31e3cd26889ca66d677f1","name":"cfeditorfr"}]}},"_links":{"self":[{"href":"https:\/\/www.africa-press.net\/cameroun\/wp-json\/wp\/v2\/posts\/39027","targetHints":{"allow":["GET"]}}],"collection":[{"href":"https:\/\/www.africa-press.net\/cameroun\/wp-json\/wp\/v2\/posts"}],"about":[{"href":"https:\/\/www.africa-press.net\/cameroun\/wp-json\/wp\/v2\/types\/post"}],"author":[{"embeddable":true,"href":"https:\/\/www.africa-press.net\/cameroun\/wp-json\/wp\/v2\/users\/82"}],"replies":[{"embeddable":true,"href":"https:\/\/www.africa-press.net\/cameroun\/wp-json\/wp\/v2\/comments?post=39027"}],"version-history":[{"count":0,"href":"https:\/\/www.africa-press.net\/cameroun\/wp-json\/wp\/v2\/posts\/39027\/revisions"}],"wp:featuredmedia":[{"embeddable":true,"href":"https:\/\/www.africa-press.net\/cameroun\/wp-json\/wp\/v2\/media\/39026"}],"wp:attachment":[{"href":"https:\/\/www.africa-press.net\/cameroun\/wp-json\/wp\/v2\/media?parent=39027"}],"wp:term":[{"taxonomy":"category","embeddable":true,"href":"https:\/\/www.africa-press.net\/cameroun\/wp-json\/wp\/v2\/categories?post=39027"},{"taxonomy":"post_tag","embeddable":true,"href":"https:\/\/www.africa-press.net\/cameroun\/wp-json\/wp\/v2\/tags?post=39027"}],"curies":[{"name":"wp","href":"https:\/\/api.w.org\/{rel}","templated":true}]}}