{"id":39030,"date":"2023-03-12T18:17:50","date_gmt":"2023-03-12T18:17:50","guid":{"rendered":"https:\/\/www.africa-press.net\/cameroun\/politique\/sous-controle-judiciaire-retournement-de-situation-pour-bruno-bidjang-a-vision-4"},"modified":"2023-03-12T18:38:20","modified_gmt":"2023-03-12T18:38:20","slug":"sous-controle-judiciaire-retournement-de-situation-pour-bruno-bidjang-a-vision-4","status":"publish","type":"post","link":"https:\/\/www.africa-press.net\/cameroun\/dossiers\/sous-controle-judiciaire-retournement-de-situation-pour-bruno-bidjang-a-vision-4","title":{"rendered":"Sous contr\u00f4le judiciaire : retournement de situation pour Bruno Bidjang \u00e0 Vision 4"},"content":{"rendered":"<p><span style=\"color: #ff6600\"><strong>Africa-Press &#8211; Cameroun. <\/strong><\/span>C\u2019est la fin d\u2019un suspens qui n\u2019aura pas dure\u0301 longtemps. Bruno Bidjang apre\u0300s sa libe\u0301ration du SED n\u2019aura pas pris assez de temps de repos. Il a repris le service au niveau de Vision 4. C\u2019est ce qu\u2019a re\u0301ve\u0301le\u0301 ce dimanche Bonney Phillipe lors de l\u2019e\u0301mission Club d\u2019Elites.<\/p>\n<p>Alors que Bruno bidjang n\u2019a pas eu le temps de prendre ses marques au poste de directeur ge\u0301ne\u0301ral des me\u0301dia du groupe l&rsquo;anecdote, il avait e\u0301te\u0301 arre\u0302te\u0301 le me\u0302me jour que son patron Jean-Pierre Amougou Belinga le 7 fe\u0301vrier dernier, alors que sa nomination e\u0301tait acte\u0301e fin janvier. Apre\u0300s quelques semaines en garde-a\u0300-vue au SED, il a e\u0301te\u0301 libe\u0301re\u0301 comme certains autres des proches d\u2019Amougu Belinga.<\/p>\n<p>A en croire Bonney Phillipe, son nouveau Directeur a repris de\u0301ja\u0300 le service. Il est aussi possible de le revoir a\u0300 l\u2019antenne dans les jours a\u0300 venir.<\/p>\n<p>Le tribunal militaire de Yaounde\u0301 avait remis en liberte\u0301 le journaliste Bruno Bidjang. Pour rappel, le directeur ge\u0301ne\u0301ral du groupe L\u2019Anecdote d\u2019Amougou Belinga avait e\u0301te\u0301 arre\u0302te\u0301 dans l\u2019enque\u0302te sur l\u2019assassinat de Martinez Zogo. Par contre, ce 4 mars, Jean-Pierre Amougou Belinga, Le\u0301opold Maxime Eko Eko, Justin Danwe et les membres du commando suspecte\u0301 d\u2019avoir enleve\u0301, torture\u0301 puis tue\u0301 Martinez Zogo ont finalement e\u0301te\u0301 inculpe\u0301s par le tribunal militaire de Yaounde\u0301 et incarce\u0301re\u0301s a\u0300 la prison principale de Kondengui.<\/p>\n<p><strong>Pour plus d&rsquo;informations et d&rsquo;analyses sur la <a href=\"https:\/\/www.africa-press.net\/cameroun\">Cameroun<\/a>, suivez <a href=\"https:\/\/www.africa-press.net\/\">Africa-Press<\/a><\/strong><\/p>\n","protected":false},"excerpt":{"rendered":"<p>Africa-Press &#8211; Cameroun. C\u2019est la fin d\u2019un suspens qui n\u2019aura pas dure\u0301 longtemps. Bruno Bidjang apre\u0300s sa libe\u0301ration du SED n\u2019aura pas pris assez de temps de repos. Il a repris le service au niveau de Vision 4. C\u2019est ce qu\u2019a re\u0301ve\u0301le\u0301 ce dimanche Bonney Phillipe lors de l\u2019e\u0301mission Club d\u2019Elites. Alors que Bruno bidjang [&hellip;]<\/p>\n","protected":false},"author":82,"featured_media":39029,"comment_status":"open","ping_status":"closed","sticky":false,"template":"","format":"standard","meta":{"footnotes":""},"categories":[7,10],"tags":[36,50,49],"class_list":["post-39030","post","type-post","status-publish","format-standard","has-post-thumbnail","hentry","category-dossiers","category-toutes-les-actualites","tag-africa-press","tag-africa-press-cameroun","tag-cameroun"],"yoast_head":"<!-- This site is optimized with the Yoast SEO Premium plugin v26.1 (Yoast SEO v27.0) - https:\/\/yoast.com\/product\/yoast-seo-premium-wordpress\/ -->\n<title>Sous contr\u00f4le judiciaire : retournement de situation pour Bruno Bidjang \u00e0 Vision 4 - Cameroun<\/title>\n<meta name=\"description\" content=\"C\u2019est la fin d\u2019un suspens qui n\u2019aura pas dure\u0301 longtemps. Bruno Bidjang apre\u0300s sa libe\u0301ration du SED n\u2019aura pas pris ass ...\" \/>\n<meta name=\"robots\" content=\"index, follow, max-snippet:-1, max-image-preview:large, max-video-preview:-1\" \/>\n<link rel=\"canonical\" href=\"https:\/\/www.africa-press.net\/cameroun\/dossiers\/sous-controle-judiciaire-retournement-de-situation-pour-bruno-bidjang-a-vision-4\" \/>\n<meta property=\"og:locale\" content=\"fr_FR\" \/>\n<meta property=\"og:type\" content=\"article\" \/>\n<meta property=\"og:title\" content=\"Sous contr\u00f4le judiciaire : retournement de situation pour Bruno Bidjang \u00e0 Vision 4\" \/>\n<meta property=\"og:description\" content=\"C\u2019est la fin d\u2019un suspens qui n\u2019aura pas dure\u0301 longtemps. Bruno Bidjang apre\u0300s sa libe\u0301ration du SED n\u2019aura pas pris ass ...\" \/>\n<meta property=\"og:url\" content=\"https:\/\/www.africa-press.net\/cameroun\/dossiers\/sous-controle-judiciaire-retournement-de-situation-pour-bruno-bidjang-a-vision-4\" \/>\n<meta property=\"og:site_name\" content=\"Cameroun\" \/>\n<meta property=\"article:published_time\" content=\"2023-03-12T18:17:50+00:00\" \/>\n<meta property=\"article:modified_time\" content=\"2023-03-12T18:38:20+00:00\" \/>\n<meta property=\"og:image\" content=\"https:\/\/static.africa-press.net\/cameroun\/sites\/57\/2023\/03\/postQueueImg_1678632475.40.jpg\" \/>\n\t<meta property=\"og:image:width\" content=\"720\" \/>\n\t<meta property=\"og:image:height\" content=\"519\" \/>\n\t<meta property=\"og:image:type\" content=\"image\/jpeg\" \/>\n<meta name=\"author\" content=\"cfeditorfr\" \/>\n<meta name=\"twitter:card\" content=\"summary_large_image\" \/>\n<meta name=\"twitter:label1\" content=\"\u00c9crit par\" \/>\n\t<meta name=\"twitter:data1\" content=\"cfeditorfr\" \/>\n\t<meta name=\"twitter:label2\" content=\"Dur\u00e9e de lecture estim\u00e9e\" \/>\n\t<meta name=\"twitter:data2\" content=\"1 minute\" \/>\n<script type=\"application\/ld+json\" class=\"yoast-schema-graph\">{\"@context\":\"https:\/\/schema.org\",\"@graph\":[{\"@type\":\"Article\",\"@id\":\"https:\/\/www.africa-press.net\/cameroun\/dossiers\/sous-controle-judiciaire-retournement-de-situation-pour-bruno-bidjang-a-vision-4#article\",\"isPartOf\":{\"@id\":\"https:\/\/www.africa-press.net\/cameroun\/dossiers\/sous-controle-judiciaire-retournement-de-situation-pour-bruno-bidjang-a-vision-4\"},\"author\":{\"name\":\"cfeditorfr\",\"@id\":\"https:\/\/www.africa-press.net\/cameroun\/#\/schema\/person\/2b1cf3cd81a31e3cd26889ca66d677f1\"},\"headline\":\"Sous contr\u00f4le judiciaire : retournement de situation pour Bruno Bidjang \u00e0 Vision 4\",\"datePublished\":\"2023-03-12T18:17:50+00:00\",\"dateModified\":\"2023-03-12T18:38:20+00:00\",\"mainEntityOfPage\":{\"@id\":\"https:\/\/www.africa-press.net\/cameroun\/dossiers\/sous-controle-judiciaire-retournement-de-situation-pour-bruno-bidjang-a-vision-4\"},\"wordCount\":288,\"commentCount\":0,\"image\":{\"@id\":\"https:\/\/www.africa-press.net\/cameroun\/dossiers\/sous-controle-judiciaire-retournement-de-situation-pour-bruno-bidjang-a-vision-4#primaryimage\"},\"thumbnailUrl\":\"https:\/\/static.africa-press.net\/cameroun\/sites\/57\/2023\/03\/postQueueImg_1678632475.40.jpg\",\"keywords\":[\"Africa Press\",\"Africa Press-Cameroun\",\"Cameroun\"],\"articleSection\":[\"Dossiers\",\"Toutes les actualit\u00e9s\"],\"inLanguage\":\"fr-FR\",\"potentialAction\":[{\"@type\":\"CommentAction\",\"name\":\"Comment\",\"target\":[\"https:\/\/www.africa-press.net\/cameroun\/dossiers\/sous-controle-judiciaire-retournement-de-situation-pour-bruno-bidjang-a-vision-4#respond\"]}]},{\"@type\":\"WebPage\",\"@id\":\"https:\/\/www.africa-press.net\/cameroun\/dossiers\/sous-controle-judiciaire-retournement-de-situation-pour-bruno-bidjang-a-vision-4\",\"url\":\"https:\/\/www.africa-press.net\/cameroun\/dossiers\/sous-controle-judiciaire-retournement-de-situation-pour-bruno-bidjang-a-vision-4\",\"name\":\"Sous contr\u00f4le judiciaire : retournement de situation pour Bruno Bidjang \u00e0 Vision 4 - Cameroun\",\"isPartOf\":{\"@id\":\"https:\/\/www.africa-press.net\/cameroun\/#website\"},\"primaryImageOfPage\":{\"@id\":\"https:\/\/www.africa-press.net\/cameroun\/dossiers\/sous-controle-judiciaire-retournement-de-situation-pour-bruno-bidjang-a-vision-4#primaryimage\"},\"image\":{\"@id\":\"https:\/\/www.africa-press.net\/cameroun\/dossiers\/sous-controle-judiciaire-retournement-de-situation-pour-bruno-bidjang-a-vision-4#primaryimage\"},\"thumbnailUrl\":\"https:\/\/static.africa-press.net\/cameroun\/sites\/57\/2023\/03\/postQueueImg_1678632475.40.jpg\",\"datePublished\":\"2023-03-12T18:17:50+00:00\",\"dateModified\":\"2023-03-12T18:38:20+00:00\",\"author\":{\"@id\":\"https:\/\/www.africa-press.net\/cameroun\/#\/schema\/person\/2b1cf3cd81a31e3cd26889ca66d677f1\"},\"description\":\"C\u2019est la fin d\u2019un suspens qui n\u2019aura pas dure\u0301 longtemps. Bruno Bidjang apre\u0300s sa libe\u0301ration du SED n\u2019aura pas pris ass ...\",\"breadcrumb\":{\"@id\":\"https:\/\/www.africa-press.net\/cameroun\/dossiers\/sous-controle-judiciaire-retournement-de-situation-pour-bruno-bidjang-a-vision-4#breadcrumb\"},\"inLanguage\":\"fr-FR\",\"potentialAction\":[{\"@type\":\"ReadAction\",\"target\":[\"https:\/\/www.africa-press.net\/cameroun\/dossiers\/sous-controle-judiciaire-retournement-de-situation-pour-bruno-bidjang-a-vision-4\"]}]},{\"@type\":\"ImageObject\",\"inLanguage\":\"fr-FR\",\"@id\":\"https:\/\/www.africa-press.net\/cameroun\/dossiers\/sous-controle-judiciaire-retournement-de-situation-pour-bruno-bidjang-a-vision-4#primaryimage\",\"url\":\"https:\/\/static.africa-press.net\/cameroun\/sites\/57\/2023\/03\/postQueueImg_1678632475.40.jpg\",\"contentUrl\":\"https:\/\/static.africa-press.net\/cameroun\/sites\/57\/2023\/03\/postQueueImg_1678632475.40.jpg\",\"width\":720,\"height\":519,\"caption\":\"Sous contr\u00f4le judiciaire : retournement de situation pour Bruno Bidjang \u00e0 Vision 4\"},{\"@type\":\"BreadcrumbList\",\"@id\":\"https:\/\/www.africa-press.net\/cameroun\/dossiers\/sous-controle-judiciaire-retournement-de-situation-pour-bruno-bidjang-a-vision-4#breadcrumb\",\"itemListElement\":[{\"@type\":\"ListItem\",\"position\":1,\"name\":\"Accueil\",\"item\":\"https:\/\/www.africa-press.net\/cameroun\/\"},{\"@type\":\"ListItem\",\"position\":2,\"name\":\"Sous contr\u00f4le judiciaire : retournement de situation pour Bruno Bidjang \u00e0 Vision 4\"}]},{\"@type\":\"WebSite\",\"@id\":\"https:\/\/www.africa-press.net\/cameroun\/#website\",\"url\":\"https:\/\/www.africa-press.net\/cameroun\/\",\"name\":\"Cameroun\",\"description\":\"Just another Africa News Agency Sites site\",\"potentialAction\":[{\"@type\":\"SearchAction\",\"target\":{\"@type\":\"EntryPoint\",\"urlTemplate\":\"https:\/\/www.africa-press.net\/cameroun\/?s={search_term_string}\"},\"query-input\":{\"@type\":\"PropertyValueSpecification\",\"valueRequired\":true,\"valueName\":\"search_term_string\"}}],\"inLanguage\":\"fr-FR\"},{\"@type\":\"Person\",\"@id\":\"https:\/\/www.africa-press.net\/cameroun\/#\/schema\/person\/2b1cf3cd81a31e3cd26889ca66d677f1\",\"name\":\"cfeditorfr\"}]}<\/script>\n<!-- \/ Yoast SEO Premium plugin. -->","yoast_head_json":{"title":"Sous contr\u00f4le judiciaire : retournement de situation pour Bruno Bidjang \u00e0 Vision 4 - Cameroun","description":"C\u2019est la fin d\u2019un suspens qui n\u2019aura pas dure\u0301 longtemps. Bruno Bidjang apre\u0300s sa libe\u0301ration du SED n\u2019aura pas pris ass ...","robots":{"index":"index","follow":"follow","max-snippet":"max-snippet:-1","max-image-preview":"max-image-preview:large","max-video-preview":"max-video-preview:-1"},"canonical":"https:\/\/www.africa-press.net\/cameroun\/dossiers\/sous-controle-judiciaire-retournement-de-situation-pour-bruno-bidjang-a-vision-4","og_locale":"fr_FR","og_type":"article","og_title":"Sous contr\u00f4le judiciaire : retournement de situation pour Bruno Bidjang \u00e0 Vision 4","og_description":"C\u2019est la fin d\u2019un suspens qui n\u2019aura pas dure\u0301 longtemps. Bruno Bidjang apre\u0300s sa libe\u0301ration du SED n\u2019aura pas pris ass ...","og_url":"https:\/\/www.africa-press.net\/cameroun\/dossiers\/sous-controle-judiciaire-retournement-de-situation-pour-bruno-bidjang-a-vision-4","og_site_name":"Cameroun","article_published_time":"2023-03-12T18:17:50+00:00","article_modified_time":"2023-03-12T18:38:20+00:00","og_image":[{"width":720,"height":519,"url":"https:\/\/static.africa-press.net\/cameroun\/sites\/57\/2023\/03\/postQueueImg_1678632475.40.jpg","type":"image\/jpeg"}],"author":"cfeditorfr","twitter_card":"summary_large_image","twitter_misc":{"\u00c9crit par":"cfeditorfr","Dur\u00e9e de lecture estim\u00e9e":"1 minute"},"schema":{"@context":"https:\/\/schema.org","@graph":[{"@type":"Article","@id":"https:\/\/www.africa-press.net\/cameroun\/dossiers\/sous-controle-judiciaire-retournement-de-situation-pour-bruno-bidjang-a-vision-4#article","isPartOf":{"@id":"https:\/\/www.africa-press.net\/cameroun\/dossiers\/sous-controle-judiciaire-retournement-de-situation-pour-bruno-bidjang-a-vision-4"},"author":{"name":"cfeditorfr","@id":"https:\/\/www.africa-press.net\/cameroun\/#\/schema\/person\/2b1cf3cd81a31e3cd26889ca66d677f1"},"headline":"Sous contr\u00f4le judiciaire : retournement de situation pour Bruno Bidjang \u00e0 Vision 4","datePublished":"2023-03-12T18:17:50+00:00","dateModified":"2023-03-12T18:38:20+00:00","mainEntityOfPage":{"@id":"https:\/\/www.africa-press.net\/cameroun\/dossiers\/sous-controle-judiciaire-retournement-de-situation-pour-bruno-bidjang-a-vision-4"},"wordCount":288,"commentCount":0,"image":{"@id":"https:\/\/www.africa-press.net\/cameroun\/dossiers\/sous-controle-judiciaire-retournement-de-situation-pour-bruno-bidjang-a-vision-4#primaryimage"},"thumbnailUrl":"https:\/\/static.africa-press.net\/cameroun\/sites\/57\/2023\/03\/postQueueImg_1678632475.40.jpg","keywords":["Africa Press","Africa Press-Cameroun","Cameroun"],"articleSection":["Dossiers","Toutes les actualit\u00e9s"],"inLanguage":"fr-FR","potentialAction":[{"@type":"CommentAction","name":"Comment","target":["https:\/\/www.africa-press.net\/cameroun\/dossiers\/sous-controle-judiciaire-retournement-de-situation-pour-bruno-bidjang-a-vision-4#respond"]}]},{"@type":"WebPage","@id":"https:\/\/www.africa-press.net\/cameroun\/dossiers\/sous-controle-judiciaire-retournement-de-situation-pour-bruno-bidjang-a-vision-4","url":"https:\/\/www.africa-press.net\/cameroun\/dossiers\/sous-controle-judiciaire-retournement-de-situation-pour-bruno-bidjang-a-vision-4","name":"Sous contr\u00f4le judiciaire : retournement de situation pour Bruno Bidjang \u00e0 Vision 4 - Cameroun","isPartOf":{"@id":"https:\/\/www.africa-press.net\/cameroun\/#website"},"primaryImageOfPage":{"@id":"https:\/\/www.africa-press.net\/cameroun\/dossiers\/sous-controle-judiciaire-retournement-de-situation-pour-bruno-bidjang-a-vision-4#primaryimage"},"image":{"@id":"https:\/\/www.africa-press.net\/cameroun\/dossiers\/sous-controle-judiciaire-retournement-de-situation-pour-bruno-bidjang-a-vision-4#primaryimage"},"thumbnailUrl":"https:\/\/static.africa-press.net\/cameroun\/sites\/57\/2023\/03\/postQueueImg_1678632475.40.jpg","datePublished":"2023-03-12T18:17:50+00:00","dateModified":"2023-03-12T18:38:20+00:00","author":{"@id":"https:\/\/www.africa-press.net\/cameroun\/#\/schema\/person\/2b1cf3cd81a31e3cd26889ca66d677f1"},"description":"C\u2019est la fin d\u2019un suspens qui n\u2019aura pas dure\u0301 longtemps. Bruno Bidjang apre\u0300s sa libe\u0301ration du SED n\u2019aura pas pris ass ...","breadcrumb":{"@id":"https:\/\/www.africa-press.net\/cameroun\/dossiers\/sous-controle-judiciaire-retournement-de-situation-pour-bruno-bidjang-a-vision-4#breadcrumb"},"inLanguage":"fr-FR","potentialAction":[{"@type":"ReadAction","target":["https:\/\/www.africa-press.net\/cameroun\/dossiers\/sous-controle-judiciaire-retournement-de-situation-pour-bruno-bidjang-a-vision-4"]}]},{"@type":"ImageObject","inLanguage":"fr-FR","@id":"https:\/\/www.africa-press.net\/cameroun\/dossiers\/sous-controle-judiciaire-retournement-de-situation-pour-bruno-bidjang-a-vision-4#primaryimage","url":"https:\/\/static.africa-press.net\/cameroun\/sites\/57\/2023\/03\/postQueueImg_1678632475.40.jpg","contentUrl":"https:\/\/static.africa-press.net\/cameroun\/sites\/57\/2023\/03\/postQueueImg_1678632475.40.jpg","width":720,"height":519,"caption":"Sous contr\u00f4le judiciaire : retournement de situation pour Bruno Bidjang \u00e0 Vision 4"},{"@type":"BreadcrumbList","@id":"https:\/\/www.africa-press.net\/cameroun\/dossiers\/sous-controle-judiciaire-retournement-de-situation-pour-bruno-bidjang-a-vision-4#breadcrumb","itemListElement":[{"@type":"ListItem","position":1,"name":"Accueil","item":"https:\/\/www.africa-press.net\/cameroun\/"},{"@type":"ListItem","position":2,"name":"Sous contr\u00f4le judiciaire : retournement de situation pour Bruno Bidjang \u00e0 Vision 4"}]},{"@type":"WebSite","@id":"https:\/\/www.africa-press.net\/cameroun\/#website","url":"https:\/\/www.africa-press.net\/cameroun\/","name":"Cameroun","description":"Just another Africa News Agency Sites site","potentialAction":[{"@type":"SearchAction","target":{"@type":"EntryPoint","urlTemplate":"https:\/\/www.africa-press.net\/cameroun\/?s={search_term_string}"},"query-input":{"@type":"PropertyValueSpecification","valueRequired":true,"valueName":"search_term_string"}}],"inLanguage":"fr-FR"},{"@type":"Person","@id":"https:\/\/www.africa-press.net\/cameroun\/#\/schema\/person\/2b1cf3cd81a31e3cd26889ca66d677f1","name":"cfeditorfr"}]}},"_links":{"self":[{"href":"https:\/\/www.africa-press.net\/cameroun\/wp-json\/wp\/v2\/posts\/39030","targetHints":{"allow":["GET"]}}],"collection":[{"href":"https:\/\/www.africa-press.net\/cameroun\/wp-json\/wp\/v2\/posts"}],"about":[{"href":"https:\/\/www.africa-press.net\/cameroun\/wp-json\/wp\/v2\/types\/post"}],"author":[{"embeddable":true,"href":"https:\/\/www.africa-press.net\/cameroun\/wp-json\/wp\/v2\/users\/82"}],"replies":[{"embeddable":true,"href":"https:\/\/www.africa-press.net\/cameroun\/wp-json\/wp\/v2\/comments?post=39030"}],"version-history":[{"count":0,"href":"https:\/\/www.africa-press.net\/cameroun\/wp-json\/wp\/v2\/posts\/39030\/revisions"}],"wp:featuredmedia":[{"embeddable":true,"href":"https:\/\/www.africa-press.net\/cameroun\/wp-json\/wp\/v2\/media\/39029"}],"wp:attachment":[{"href":"https:\/\/www.africa-press.net\/cameroun\/wp-json\/wp\/v2\/media?parent=39030"}],"wp:term":[{"taxonomy":"category","embeddable":true,"href":"https:\/\/www.africa-press.net\/cameroun\/wp-json\/wp\/v2\/categories?post=39030"},{"taxonomy":"post_tag","embeddable":true,"href":"https:\/\/www.africa-press.net\/cameroun\/wp-json\/wp\/v2\/tags?post=39030"}],"curies":[{"name":"wp","href":"https:\/\/api.w.org\/{rel}","templated":true}]}}