{"id":39040,"date":"2023-03-12T18:18:24","date_gmt":"2023-03-12T18:18:24","guid":{"rendered":"https:\/\/www.africa-press.net\/cameroun\/politique\/blaise-pascal-talla-le-camerounais-qui-cotoyait-les-puissants-du-monde-entier"},"modified":"2023-03-12T18:42:14","modified_gmt":"2023-03-12T18:42:14","slug":"blaise-pascal-talla-le-camerounais-qui-cotoyait-les-puissants-du-monde-entier","status":"publish","type":"post","link":"https:\/\/www.africa-press.net\/cameroun\/politique\/blaise-pascal-talla-le-camerounais-qui-cotoyait-les-puissants-du-monde-entier","title":{"rendered":"Blaise Pascal Talla : Le Camerounais qui c\u00f4toyait les puissants du monde entier"},"content":{"rendered":"<p><span style=\"color: #ff6600\"><strong>Africa-Press &#8211; Cameroun. <\/strong><\/span>S\u2019il y a un Camerounais qui a re\u0301ussi a\u0300 se faire de l\u2019argent dans le monde des me\u0301dias , c\u2019est bel et bien Blaise Pascal Talla. Aujourd\u2019hui, ardent de\u0301fenseur de Paul BIYA. Il a notamment battu campagne pour ce dernier lors des dernie\u0300res e\u0301lections pre\u0301sidentielles de 2018 en de\u0301ployant tout son arsenal communicationnel.<\/p>\n<p>C\u2019est l\u2019histoire d\u2019une re\u0301ussite a\u0300 l\u2019ame\u0301ricaine. L\u2019histoire d\u2019un garc\u0327on de course qui finira par devenir un chef d\u2019entreprise prospe\u0300re et influent dans le monde. Blaise Pascal Talla est l\u2019une des figures de la presse franco-africaine des anne\u0301es 1980. Et pourtant, rien a\u0300 priori ne lui pre\u0301disposait a\u0300 une brillante carrie\u0300re de dirigeant de me\u0301dia.<\/p>\n<p>Ne\u0301 a\u0300 Bandjoun au Cameroun, Blaise Pascal Talla, commence sa carrie\u0300re comme simple comme vendeur a\u0300 la crie\u0301e a\u0300 Jeune Afrique de Bechir Ben Yahmed a\u0300 Paris. Il gravit les e\u0301chelons a\u0300 une vitesse phe\u0301nome\u0301nale et occupe tre\u0300s vite des postes de responsabilite\u0301s. Il gagne la confiance de son employeur et devient le principal collaborateur de celui-ci. Ensemble, ils vont mettre en place le magazine : \u00ab Jeune Afrique Economie \u00bb.<\/p>\n<p>Le projet est innovant, futuriste et ambitieux ; Jeune Afrique Economie, veut e\u0302tre la re\u0301fe\u0301rence en matie\u0300re d\u2019e\u0301conomie dans toute l\u2019Afrique. Le projet conquiert a\u0300 ses de\u0301buts, les publications sont appre\u0301cie\u0301es et les abonne\u0301s se font nombreux.<\/p>\n<p>Tre\u0300s respecte\u0301 en tant que dirigeant de Me\u0301dia, Blaise Pascal Talla a rencontre\u0301 et co\u0302toye\u0301 les grands de ce monde. Il a co\u0302toye\u0301 la quasi-totalite\u0301 des chefs d\u2019Etat africains qui le conside\u0301raient comme un ami. Il avait aussi de l\u2019influence hors d\u2019Afrique. Les dirigeants europe\u0301ens lui faisaient assidument la cour ; voyant a\u0300 travers son journal, un moyen d\u2019assoir leur influence sur le continent africain et de gagner plusieurs marche\u0301s juteux. Il e\u0301tait l\u2019interme\u0301diaire des occidentaux aupre\u0300s des chefs d\u2019Etat africains.<\/p>\n<p>Son patron Bechir Ben Yahmed lui faisait aveuglement confiance au point ou\u0300 il lui a ce\u0301de\u0301 \u00ab Jeune Afrique Economie \u00bb sans me\u0302me en parler a\u0300 ses proches. Ce fut l\u2019erreur de sa vie. Be\u0301chir et Blaise Pascal entreront en conflit et Blaise Pascal de\u0301cidera de voler de ses propres ailes ; emportant avec lui \u00ab Jeune Afrique Economie \u00bb. Il a par la me\u0302me occasion voulu faire main basse sur \u00ab Jeune Afrique \u00bb de Ben Yahmed. Blaise Pascal cre\u0301e le Groupe International, d\u2019Edition et de Publication de PRESSE (GIDEPPE) a\u0300 travers lequel il publie Jeune Afrique E\u0301conomie, Divas et Journal de l\u2019Afrique en Expansion.<\/p>\n<p>C\u2019est la de\u0301cre\u0301pitude. Peu a\u0300 peu, il de\u0301cide de se mettre au service de l\u2019argent et re\u0301alise sans aucuns scrupules des publireportages paye\u0301s tre\u0300s chers pour redorer sur le plan international l\u2019image de plusieurs dirigeants africains (ge\u0301ne\u0301ralement des dictateurs). Bechir Ben Yahmed regrette encore aujourd\u2019hui d\u2019avoir ce\u0301der \u00ab Jeune Afrique Economie \u00bb a\u0300 Blaise Pascal. Pour lui, c\u2019est la plus grosse erreur de sa vie : \u00ab Oui, j\u2019ai fait l\u2019erreur de vendre Jeune Afrique E\u0301conomie a\u0300 Blaise-Pascal\u00ad Talla \u2013 en le laissant utiliser le nom Jeune Afrique. Cela lui est monte\u0301 a\u0300 la te\u0302te et, on le sait maintenant, il a voulu s\u2019en servir pour tuer Jeune Afrique.<\/p>\n<p>Depuis plus de vingt ans, il nous intente des proce\u0300s et a de\u0301pense\u0301 une fortune en honoraires d\u2019avocat. Il n\u2019a pas re\u0301ussi, mais j\u2019ai tout de me\u0302me commis une grave erreur en le choisissant lui et surtout en louant le titre. Ce que je voulais, c\u2019e\u0301tait aider un Subsaharien a\u0300 devenir un bon e\u0301diteur. Encore ma nai\u0308vete\u0301. \u00bb<\/p>\n<p>Au de\u0301but des anne\u0301es 2000, Blaise Pascal se re\u0301fugie au Cameroun ou\u0300 il dit craindre pour sa vie. Il affirme que le pre\u0301sident e\u0301quatoguine\u0301en Obiang Nguema aurait lance\u0301 des mercenaires a\u0300 ses trousses. En effet, une affaire d\u2019un publireportage de 2 milliards de F CFA oppose les deux hommes et Blaise Pascal a e\u0301te\u0301 condamne\u0301 a\u0300 12 ans de prison par contumace en Guine\u0301e e\u0301quatoriale.<\/p>\n<p>De\u0301crit comme e\u0301tant un habitue\u0301 du Palais d&rsquo;Etoudi, Blaise Pascal publie plusieurs e\u0301ditions spe\u0301ciales sur le Cameroun. Il volera me\u0302me au secours de Paul Biya en 1997, lorsque Titus Edzoa de\u0301missionne pour e\u0302tre candidat a\u0300 l\u2019e\u0301lection pre\u0301sidentielle contre Biya. Titus est arre\u0302te\u0301 et incarce\u0301re\u0301. Pour prouver que son arrestation n\u2019est pas politique, Blaise Pascal Talla va produire un nume\u0301ro hors-se\u0301rie spe\u0301cial pour salir Titus. Cette e\u0301dition comporte des publireportages sur les socie\u0301te\u0301s publiques et parapubliques du Cameroun dans lesquels il va relater comment Titus Edzoa a de\u0301tourne\u0301 les fonds publics.<\/p>\n<p>Depuis quelques anne\u0301es, Blaise Pascal Talla s\u2019affiche fie\u0300rement aux meetings du RDPC et en aou\u0302t 2018, il publie deux e\u0301ditions spe\u0301ciales de Jeune Afrique E\u0301conomie sur le Cameroun. La finalite\u0301 est de redorer l\u2019image de Paul Biya avant l\u2019e\u0301lection pre\u0301sidentielle d\u2019octobre 2018. Blaise Pascal a exprime\u0301 clairement son soutien a\u0300 Paul Biya. Le 13 fe\u0301vrier 2019, la justice camerounaise somme l\u2019Etat de lui verser 100 millions de Franc Cfa pour des publireportages impaye\u0301s.<\/p>\n<p>Quoiqu\u2019ayant du plomb dans l\u2019aile, Jeune Afrique Economie existe encore aujourd\u2019hui et Blaise Pascal Talla se bat comme un beau diable pour maintenir le cap. On aura beau ne pas e\u0302tre d\u2019accord avec ses choix de vie, mais il convient de saluer le parcours de ce monsieur qui a force de travail, d\u2019abne\u0301gation, d\u2019audace a su se hisser au sommet du paysage me\u0301diatique africain dans les anne\u0301es 80 et 90. Parti de rien, il a co\u0302toye\u0301 les grands de ce monde.<\/p>\n<p><strong>Pour plus d&rsquo;informations et d&rsquo;analyses sur la <a href=\"https:\/\/www.africa-press.net\/cameroun\">Cameroun<\/a>, suivez <a href=\"https:\/\/www.africa-press.net\/\">Africa-Press<\/a><\/strong><\/p>\n","protected":false},"excerpt":{"rendered":"<p>Africa-Press &#8211; Cameroun. S\u2019il y a un Camerounais qui a re\u0301ussi a\u0300 se faire de l\u2019argent dans le monde des me\u0301dias , c\u2019est bel et bien Blaise Pascal Talla. Aujourd\u2019hui, ardent de\u0301fenseur de Paul BIYA. Il a notamment battu campagne pour ce dernier lors des dernie\u0300res e\u0301lections pre\u0301sidentielles de 2018 en de\u0301ployant tout son arsenal [&hellip;]<\/p>\n","protected":false},"author":82,"featured_media":39038,"comment_status":"open","ping_status":"closed","sticky":false,"template":"","format":"standard","meta":{"footnotes":""},"categories":[2,10],"tags":[36,50,49],"class_list":["post-39040","post","type-post","status-publish","format-standard","has-post-thumbnail","hentry","category-politique","category-toutes-les-actualites","tag-africa-press","tag-africa-press-cameroun","tag-cameroun"],"yoast_head":"<!-- This site is optimized with the Yoast SEO Premium plugin v26.1 (Yoast SEO v27.0) - https:\/\/yoast.com\/product\/yoast-seo-premium-wordpress\/ -->\n<title>Blaise Pascal Talla : Le Camerounais qui c\u00f4toyait les puissants du monde entier - Cameroun<\/title>\n<meta name=\"description\" content=\"S\u2019il y a un Camerounais qui a re\u0301ussi a\u0300 se faire de l\u2019argent dans le monde des me\u0301dias , c\u2019est bel et bien Blaise Pasca ...\" \/>\n<meta name=\"robots\" content=\"index, follow, max-snippet:-1, max-image-preview:large, max-video-preview:-1\" \/>\n<link rel=\"canonical\" href=\"https:\/\/www.africa-press.net\/cameroun\/politique\/blaise-pascal-talla-le-camerounais-qui-cotoyait-les-puissants-du-monde-entier\" \/>\n<meta property=\"og:locale\" content=\"fr_FR\" \/>\n<meta property=\"og:type\" content=\"article\" \/>\n<meta property=\"og:title\" content=\"Blaise Pascal Talla : Le Camerounais qui c\u00f4toyait les puissants du monde entier\" \/>\n<meta property=\"og:description\" content=\"S\u2019il y a un Camerounais qui a re\u0301ussi a\u0300 se faire de l\u2019argent dans le monde des me\u0301dias , c\u2019est bel et bien Blaise Pasca ...\" \/>\n<meta property=\"og:url\" content=\"https:\/\/www.africa-press.net\/cameroun\/politique\/blaise-pascal-talla-le-camerounais-qui-cotoyait-les-puissants-du-monde-entier\" \/>\n<meta property=\"og:site_name\" content=\"Cameroun\" \/>\n<meta property=\"article:published_time\" content=\"2023-03-12T18:18:24+00:00\" \/>\n<meta property=\"article:modified_time\" content=\"2023-03-12T18:42:14+00:00\" \/>\n<meta property=\"og:image\" content=\"https:\/\/static.africa-press.net\/cameroun\/sites\/57\/2023\/03\/postQueueImg_1678632558.29.jpg\" \/>\n\t<meta property=\"og:image:width\" content=\"720\" \/>\n\t<meta property=\"og:image:height\" content=\"265\" \/>\n\t<meta property=\"og:image:type\" content=\"image\/jpeg\" \/>\n<meta name=\"author\" content=\"cfeditorfr\" \/>\n<meta name=\"twitter:card\" content=\"summary_large_image\" \/>\n<meta name=\"twitter:label1\" content=\"\u00c9crit par\" \/>\n\t<meta name=\"twitter:data1\" content=\"cfeditorfr\" \/>\n\t<meta name=\"twitter:label2\" content=\"Dur\u00e9e de lecture estim\u00e9e\" \/>\n\t<meta name=\"twitter:data2\" content=\"5 minutes\" \/>\n<script type=\"application\/ld+json\" class=\"yoast-schema-graph\">{\"@context\":\"https:\/\/schema.org\",\"@graph\":[{\"@type\":\"Article\",\"@id\":\"https:\/\/www.africa-press.net\/cameroun\/politique\/blaise-pascal-talla-le-camerounais-qui-cotoyait-les-puissants-du-monde-entier#article\",\"isPartOf\":{\"@id\":\"https:\/\/www.africa-press.net\/cameroun\/politique\/blaise-pascal-talla-le-camerounais-qui-cotoyait-les-puissants-du-monde-entier\"},\"author\":{\"name\":\"cfeditorfr\",\"@id\":\"https:\/\/www.africa-press.net\/cameroun\/#\/schema\/person\/2b1cf3cd81a31e3cd26889ca66d677f1\"},\"headline\":\"Blaise Pascal Talla : Le Camerounais qui c\u00f4toyait les puissants du monde entier\",\"datePublished\":\"2023-03-12T18:18:24+00:00\",\"dateModified\":\"2023-03-12T18:42:14+00:00\",\"mainEntityOfPage\":{\"@id\":\"https:\/\/www.africa-press.net\/cameroun\/politique\/blaise-pascal-talla-le-camerounais-qui-cotoyait-les-puissants-du-monde-entier\"},\"wordCount\":1033,\"commentCount\":0,\"image\":{\"@id\":\"https:\/\/www.africa-press.net\/cameroun\/politique\/blaise-pascal-talla-le-camerounais-qui-cotoyait-les-puissants-du-monde-entier#primaryimage\"},\"thumbnailUrl\":\"https:\/\/static.africa-press.net\/cameroun\/sites\/57\/2023\/03\/postQueueImg_1678632558.29.jpg\",\"keywords\":[\"Africa Press\",\"Africa Press-Cameroun\",\"Cameroun\"],\"articleSection\":[\"Politique\",\"Toutes les actualit\u00e9s\"],\"inLanguage\":\"fr-FR\",\"potentialAction\":[{\"@type\":\"CommentAction\",\"name\":\"Comment\",\"target\":[\"https:\/\/www.africa-press.net\/cameroun\/politique\/blaise-pascal-talla-le-camerounais-qui-cotoyait-les-puissants-du-monde-entier#respond\"]}]},{\"@type\":\"WebPage\",\"@id\":\"https:\/\/www.africa-press.net\/cameroun\/politique\/blaise-pascal-talla-le-camerounais-qui-cotoyait-les-puissants-du-monde-entier\",\"url\":\"https:\/\/www.africa-press.net\/cameroun\/politique\/blaise-pascal-talla-le-camerounais-qui-cotoyait-les-puissants-du-monde-entier\",\"name\":\"Blaise Pascal Talla : Le Camerounais qui c\u00f4toyait les puissants du monde entier - Cameroun\",\"isPartOf\":{\"@id\":\"https:\/\/www.africa-press.net\/cameroun\/#website\"},\"primaryImageOfPage\":{\"@id\":\"https:\/\/www.africa-press.net\/cameroun\/politique\/blaise-pascal-talla-le-camerounais-qui-cotoyait-les-puissants-du-monde-entier#primaryimage\"},\"image\":{\"@id\":\"https:\/\/www.africa-press.net\/cameroun\/politique\/blaise-pascal-talla-le-camerounais-qui-cotoyait-les-puissants-du-monde-entier#primaryimage\"},\"thumbnailUrl\":\"https:\/\/static.africa-press.net\/cameroun\/sites\/57\/2023\/03\/postQueueImg_1678632558.29.jpg\",\"datePublished\":\"2023-03-12T18:18:24+00:00\",\"dateModified\":\"2023-03-12T18:42:14+00:00\",\"author\":{\"@id\":\"https:\/\/www.africa-press.net\/cameroun\/#\/schema\/person\/2b1cf3cd81a31e3cd26889ca66d677f1\"},\"description\":\"S\u2019il y a un Camerounais qui a re\u0301ussi a\u0300 se faire de l\u2019argent dans le monde des me\u0301dias , c\u2019est bel et bien Blaise Pasca ...\",\"breadcrumb\":{\"@id\":\"https:\/\/www.africa-press.net\/cameroun\/politique\/blaise-pascal-talla-le-camerounais-qui-cotoyait-les-puissants-du-monde-entier#breadcrumb\"},\"inLanguage\":\"fr-FR\",\"potentialAction\":[{\"@type\":\"ReadAction\",\"target\":[\"https:\/\/www.africa-press.net\/cameroun\/politique\/blaise-pascal-talla-le-camerounais-qui-cotoyait-les-puissants-du-monde-entier\"]}]},{\"@type\":\"ImageObject\",\"inLanguage\":\"fr-FR\",\"@id\":\"https:\/\/www.africa-press.net\/cameroun\/politique\/blaise-pascal-talla-le-camerounais-qui-cotoyait-les-puissants-du-monde-entier#primaryimage\",\"url\":\"https:\/\/static.africa-press.net\/cameroun\/sites\/57\/2023\/03\/postQueueImg_1678632558.29.jpg\",\"contentUrl\":\"https:\/\/static.africa-press.net\/cameroun\/sites\/57\/2023\/03\/postQueueImg_1678632558.29.jpg\",\"width\":720,\"height\":265,\"caption\":\"Blaise Pascal Talla : Le Camerounais qui c\u00f4toyait les puissants du monde entier\"},{\"@type\":\"BreadcrumbList\",\"@id\":\"https:\/\/www.africa-press.net\/cameroun\/politique\/blaise-pascal-talla-le-camerounais-qui-cotoyait-les-puissants-du-monde-entier#breadcrumb\",\"itemListElement\":[{\"@type\":\"ListItem\",\"position\":1,\"name\":\"Accueil\",\"item\":\"https:\/\/www.africa-press.net\/cameroun\/\"},{\"@type\":\"ListItem\",\"position\":2,\"name\":\"Blaise Pascal Talla : Le Camerounais qui c\u00f4toyait les puissants du monde entier\"}]},{\"@type\":\"WebSite\",\"@id\":\"https:\/\/www.africa-press.net\/cameroun\/#website\",\"url\":\"https:\/\/www.africa-press.net\/cameroun\/\",\"name\":\"Cameroun\",\"description\":\"Just another Africa News Agency Sites site\",\"potentialAction\":[{\"@type\":\"SearchAction\",\"target\":{\"@type\":\"EntryPoint\",\"urlTemplate\":\"https:\/\/www.africa-press.net\/cameroun\/?s={search_term_string}\"},\"query-input\":{\"@type\":\"PropertyValueSpecification\",\"valueRequired\":true,\"valueName\":\"search_term_string\"}}],\"inLanguage\":\"fr-FR\"},{\"@type\":\"Person\",\"@id\":\"https:\/\/www.africa-press.net\/cameroun\/#\/schema\/person\/2b1cf3cd81a31e3cd26889ca66d677f1\",\"name\":\"cfeditorfr\"}]}<\/script>\n<!-- \/ Yoast SEO Premium plugin. -->","yoast_head_json":{"title":"Blaise Pascal Talla : Le Camerounais qui c\u00f4toyait les puissants du monde entier - Cameroun","description":"S\u2019il y a un Camerounais qui a re\u0301ussi a\u0300 se faire de l\u2019argent dans le monde des me\u0301dias , c\u2019est bel et bien Blaise Pasca ...","robots":{"index":"index","follow":"follow","max-snippet":"max-snippet:-1","max-image-preview":"max-image-preview:large","max-video-preview":"max-video-preview:-1"},"canonical":"https:\/\/www.africa-press.net\/cameroun\/politique\/blaise-pascal-talla-le-camerounais-qui-cotoyait-les-puissants-du-monde-entier","og_locale":"fr_FR","og_type":"article","og_title":"Blaise Pascal Talla : Le Camerounais qui c\u00f4toyait les puissants du monde entier","og_description":"S\u2019il y a un Camerounais qui a re\u0301ussi a\u0300 se faire de l\u2019argent dans le monde des me\u0301dias , c\u2019est bel et bien Blaise Pasca ...","og_url":"https:\/\/www.africa-press.net\/cameroun\/politique\/blaise-pascal-talla-le-camerounais-qui-cotoyait-les-puissants-du-monde-entier","og_site_name":"Cameroun","article_published_time":"2023-03-12T18:18:24+00:00","article_modified_time":"2023-03-12T18:42:14+00:00","og_image":[{"width":720,"height":265,"url":"https:\/\/static.africa-press.net\/cameroun\/sites\/57\/2023\/03\/postQueueImg_1678632558.29.jpg","type":"image\/jpeg"}],"author":"cfeditorfr","twitter_card":"summary_large_image","twitter_misc":{"\u00c9crit par":"cfeditorfr","Dur\u00e9e de lecture estim\u00e9e":"5 minutes"},"schema":{"@context":"https:\/\/schema.org","@graph":[{"@type":"Article","@id":"https:\/\/www.africa-press.net\/cameroun\/politique\/blaise-pascal-talla-le-camerounais-qui-cotoyait-les-puissants-du-monde-entier#article","isPartOf":{"@id":"https:\/\/www.africa-press.net\/cameroun\/politique\/blaise-pascal-talla-le-camerounais-qui-cotoyait-les-puissants-du-monde-entier"},"author":{"name":"cfeditorfr","@id":"https:\/\/www.africa-press.net\/cameroun\/#\/schema\/person\/2b1cf3cd81a31e3cd26889ca66d677f1"},"headline":"Blaise Pascal Talla : Le Camerounais qui c\u00f4toyait les puissants du monde entier","datePublished":"2023-03-12T18:18:24+00:00","dateModified":"2023-03-12T18:42:14+00:00","mainEntityOfPage":{"@id":"https:\/\/www.africa-press.net\/cameroun\/politique\/blaise-pascal-talla-le-camerounais-qui-cotoyait-les-puissants-du-monde-entier"},"wordCount":1033,"commentCount":0,"image":{"@id":"https:\/\/www.africa-press.net\/cameroun\/politique\/blaise-pascal-talla-le-camerounais-qui-cotoyait-les-puissants-du-monde-entier#primaryimage"},"thumbnailUrl":"https:\/\/static.africa-press.net\/cameroun\/sites\/57\/2023\/03\/postQueueImg_1678632558.29.jpg","keywords":["Africa Press","Africa Press-Cameroun","Cameroun"],"articleSection":["Politique","Toutes les actualit\u00e9s"],"inLanguage":"fr-FR","potentialAction":[{"@type":"CommentAction","name":"Comment","target":["https:\/\/www.africa-press.net\/cameroun\/politique\/blaise-pascal-talla-le-camerounais-qui-cotoyait-les-puissants-du-monde-entier#respond"]}]},{"@type":"WebPage","@id":"https:\/\/www.africa-press.net\/cameroun\/politique\/blaise-pascal-talla-le-camerounais-qui-cotoyait-les-puissants-du-monde-entier","url":"https:\/\/www.africa-press.net\/cameroun\/politique\/blaise-pascal-talla-le-camerounais-qui-cotoyait-les-puissants-du-monde-entier","name":"Blaise Pascal Talla : Le Camerounais qui c\u00f4toyait les puissants du monde entier - Cameroun","isPartOf":{"@id":"https:\/\/www.africa-press.net\/cameroun\/#website"},"primaryImageOfPage":{"@id":"https:\/\/www.africa-press.net\/cameroun\/politique\/blaise-pascal-talla-le-camerounais-qui-cotoyait-les-puissants-du-monde-entier#primaryimage"},"image":{"@id":"https:\/\/www.africa-press.net\/cameroun\/politique\/blaise-pascal-talla-le-camerounais-qui-cotoyait-les-puissants-du-monde-entier#primaryimage"},"thumbnailUrl":"https:\/\/static.africa-press.net\/cameroun\/sites\/57\/2023\/03\/postQueueImg_1678632558.29.jpg","datePublished":"2023-03-12T18:18:24+00:00","dateModified":"2023-03-12T18:42:14+00:00","author":{"@id":"https:\/\/www.africa-press.net\/cameroun\/#\/schema\/person\/2b1cf3cd81a31e3cd26889ca66d677f1"},"description":"S\u2019il y a un Camerounais qui a re\u0301ussi a\u0300 se faire de l\u2019argent dans le monde des me\u0301dias , c\u2019est bel et bien Blaise Pasca ...","breadcrumb":{"@id":"https:\/\/www.africa-press.net\/cameroun\/politique\/blaise-pascal-talla-le-camerounais-qui-cotoyait-les-puissants-du-monde-entier#breadcrumb"},"inLanguage":"fr-FR","potentialAction":[{"@type":"ReadAction","target":["https:\/\/www.africa-press.net\/cameroun\/politique\/blaise-pascal-talla-le-camerounais-qui-cotoyait-les-puissants-du-monde-entier"]}]},{"@type":"ImageObject","inLanguage":"fr-FR","@id":"https:\/\/www.africa-press.net\/cameroun\/politique\/blaise-pascal-talla-le-camerounais-qui-cotoyait-les-puissants-du-monde-entier#primaryimage","url":"https:\/\/static.africa-press.net\/cameroun\/sites\/57\/2023\/03\/postQueueImg_1678632558.29.jpg","contentUrl":"https:\/\/static.africa-press.net\/cameroun\/sites\/57\/2023\/03\/postQueueImg_1678632558.29.jpg","width":720,"height":265,"caption":"Blaise Pascal Talla : Le Camerounais qui c\u00f4toyait les puissants du monde entier"},{"@type":"BreadcrumbList","@id":"https:\/\/www.africa-press.net\/cameroun\/politique\/blaise-pascal-talla-le-camerounais-qui-cotoyait-les-puissants-du-monde-entier#breadcrumb","itemListElement":[{"@type":"ListItem","position":1,"name":"Accueil","item":"https:\/\/www.africa-press.net\/cameroun\/"},{"@type":"ListItem","position":2,"name":"Blaise Pascal Talla : Le Camerounais qui c\u00f4toyait les puissants du monde entier"}]},{"@type":"WebSite","@id":"https:\/\/www.africa-press.net\/cameroun\/#website","url":"https:\/\/www.africa-press.net\/cameroun\/","name":"Cameroun","description":"Just another Africa News Agency Sites site","potentialAction":[{"@type":"SearchAction","target":{"@type":"EntryPoint","urlTemplate":"https:\/\/www.africa-press.net\/cameroun\/?s={search_term_string}"},"query-input":{"@type":"PropertyValueSpecification","valueRequired":true,"valueName":"search_term_string"}}],"inLanguage":"fr-FR"},{"@type":"Person","@id":"https:\/\/www.africa-press.net\/cameroun\/#\/schema\/person\/2b1cf3cd81a31e3cd26889ca66d677f1","name":"cfeditorfr"}]}},"_links":{"self":[{"href":"https:\/\/www.africa-press.net\/cameroun\/wp-json\/wp\/v2\/posts\/39040","targetHints":{"allow":["GET"]}}],"collection":[{"href":"https:\/\/www.africa-press.net\/cameroun\/wp-json\/wp\/v2\/posts"}],"about":[{"href":"https:\/\/www.africa-press.net\/cameroun\/wp-json\/wp\/v2\/types\/post"}],"author":[{"embeddable":true,"href":"https:\/\/www.africa-press.net\/cameroun\/wp-json\/wp\/v2\/users\/82"}],"replies":[{"embeddable":true,"href":"https:\/\/www.africa-press.net\/cameroun\/wp-json\/wp\/v2\/comments?post=39040"}],"version-history":[{"count":0,"href":"https:\/\/www.africa-press.net\/cameroun\/wp-json\/wp\/v2\/posts\/39040\/revisions"}],"wp:featuredmedia":[{"embeddable":true,"href":"https:\/\/www.africa-press.net\/cameroun\/wp-json\/wp\/v2\/media\/39038"}],"wp:attachment":[{"href":"https:\/\/www.africa-press.net\/cameroun\/wp-json\/wp\/v2\/media?parent=39040"}],"wp:term":[{"taxonomy":"category","embeddable":true,"href":"https:\/\/www.africa-press.net\/cameroun\/wp-json\/wp\/v2\/categories?post=39040"},{"taxonomy":"post_tag","embeddable":true,"href":"https:\/\/www.africa-press.net\/cameroun\/wp-json\/wp\/v2\/tags?post=39040"}],"curies":[{"name":"wp","href":"https:\/\/api.w.org\/{rel}","templated":true}]}}