{"id":39043,"date":"2023-03-12T18:19:31","date_gmt":"2023-03-12T18:19:31","guid":{"rendered":"https:\/\/www.africa-press.net\/cameroun\/politique\/necrologie-alphonse-beni-licone-camerounaise-est-decede-ce-dimanche"},"modified":"2023-03-12T18:43:09","modified_gmt":"2023-03-12T18:43:09","slug":"necrologie-alphonse-beni-licone-camerounaise-est-decede-ce-dimanche","status":"publish","type":"post","link":"https:\/\/www.africa-press.net\/cameroun\/toutes-les-actualites\/necrologie-alphonse-beni-licone-camerounaise-est-decede-ce-dimanche","title":{"rendered":"N\u00e9crologie : Alphonse B\u00e9ni, l\u2019ic\u00f4ne camerounaise,   est d\u00e9c\u00e9d\u00e9 ce dimanche"},"content":{"rendered":"<p><span style=\"color: #ff6600\"><strong>Africa-Press &#8211; Cameroun. <\/strong><\/span>C\u2019est une mauvaise nouvelle qui frappe encore le Cameroun notamment le monde la culture. Le pays est frappe\u0301 par un nouveau deuil. Il s\u2019agit de du cine\u0301aste Alphonse Be\u0301ni qui est de\u0301ce\u0301de\u0301 ce dimanche.<\/p>\n<p>\u00ab Le cine\u0301aste camerounais Alphonse Be\u0301ni est de\u0301ce\u0301de\u0301 ce dimanche a\u0300 l&rsquo;a\u0302ge de 77 ans des suites de maladie. Acteur et re\u0301alisateur ne\u0301 en 1946 a\u0300 Nkongsamba , il e\u0301tait connu pour avoir tourne\u0301 plusieurs films d&rsquo;auteur au Cameroun, ainsi que pour avoir joue\u0301 dans des come\u0301dies e\u0301rotiques franc\u0327aises et dans les films \u00ab ninja \u00bb de Godfrey Ho sous les noms d&rsquo;Alfons Beny et Chris Kelly \u00bb, a poste\u0301 Boris Bertolt.<\/p>\n<p>Alphonse Beni a tourne\u0301 dans plusieurs films comme \u00ab Chasse a\u0300 l\u2019homme \u00bb, \u00ab Top mission \u00bb, \u00ab Fire operation \u00bb, \u00ab Camer Connexion \u00bb&#8230; il a e\u0301galement re\u0301alise\u0301 quelques films : Le re\u0301alisateur de la De\u0301chirure 1 et 2&#8230;\u00ab Le meilleur conseil que je peux donner aux jeunes cine\u0301astes Camerounais c\u2019est d\u2019e\u0302tre courageux, patient, volontaire et travailleur. \u00bb avait-il de\u0301clare\u0301 lors d\u2019une interview qu\u2019il a accorde\u0301 a\u0300 Culture Ebene, pre\u0301cise le confre\u0300re www.culturebene.com<\/p>\n<p>Alphonse BENI a re\u0301alise\u0301 :<\/p>\n<p>1985 &#8211; Cameroun connection<\/p>\n<p>Alphonse BENI a produit :<\/p>\n<p>1986 &#8211; Chasse a\u0300 l&rsquo;homme<\/p>\n<p>Alphonse BENI a joue\u0301 dans :<\/p>\n<p>1986 &#8211; Chasse a\u0300 l&rsquo;homme<\/p>\n<p>1985 &#8211; Cameroun connection<\/p>\n<p>1978 &#8211; L&rsquo;E\u0301tat sauvage<\/p>\n<p>1975 &#8211; Godefinger ou certaines chattes n&rsquo;aiment pas le mou<\/p>\n<p>Alphonse BENI a joue\u0301 dans la se\u0301rie ou le te\u0301le\u0301film :<\/p>\n<p>1968 &#8211; Les Secrets de la Mer rouge<\/p>\n<p>Alphonse BENI a contribue\u0301 au sce\u0301nario :<\/p>\n<p>1985 &#8211; Cameroun connection<\/p>\n<p><strong>Pour plus d&rsquo;informations et d&rsquo;analyses sur la <a href=\"https:\/\/www.africa-press.net\/cameroun\">Cameroun<\/a>, suivez <a href=\"https:\/\/www.africa-press.net\/\">Africa-Press<\/a><\/strong><\/p>\n","protected":false},"excerpt":{"rendered":"<p>Africa-Press &#8211; Cameroun. C\u2019est une mauvaise nouvelle qui frappe encore le Cameroun notamment le monde la culture. Le pays est frappe\u0301 par un nouveau deuil. Il s\u2019agit de du cine\u0301aste Alphonse Be\u0301ni qui est de\u0301ce\u0301de\u0301 ce dimanche. \u00ab Le cine\u0301aste camerounais Alphonse Be\u0301ni est de\u0301ce\u0301de\u0301 ce dimanche a\u0300 l&rsquo;a\u0302ge de 77 ans des suites de [&hellip;]<\/p>\n","protected":false},"author":82,"featured_media":39042,"comment_status":"open","ping_status":"closed","sticky":false,"template":"","format":"standard","meta":{"footnotes":""},"categories":[21,10],"tags":[36,50,49],"class_list":["post-39043","post","type-post","status-publish","format-standard","has-post-thumbnail","hentry","category-communaute","category-toutes-les-actualites","tag-africa-press","tag-africa-press-cameroun","tag-cameroun"],"yoast_head":"<!-- This site is optimized with the Yoast SEO Premium plugin v26.1 (Yoast SEO v27.0) - https:\/\/yoast.com\/product\/yoast-seo-premium-wordpress\/ -->\n<title>N\u00e9crologie : Alphonse B\u00e9ni, l\u2019ic\u00f4ne camerounaise,  est d\u00e9c\u00e9d\u00e9 ce dimanche - Cameroun<\/title>\n<meta name=\"description\" content=\"C\u2019est une mauvaise nouvelle qui frappe encore le Cameroun notamment le monde la culture. Le pays est frappe\u0301 par un nouv ...\" \/>\n<meta name=\"robots\" content=\"index, follow, max-snippet:-1, max-image-preview:large, max-video-preview:-1\" \/>\n<link rel=\"canonical\" href=\"https:\/\/www.africa-press.net\/cameroun\/toutes-les-actualites\/necrologie-alphonse-beni-licone-camerounaise-est-decede-ce-dimanche\" \/>\n<meta property=\"og:locale\" content=\"fr_FR\" \/>\n<meta property=\"og:type\" content=\"article\" \/>\n<meta property=\"og:title\" content=\"N\u00e9crologie : Alphonse B\u00e9ni, l\u2019ic\u00f4ne camerounaise,  est d\u00e9c\u00e9d\u00e9 ce dimanche\" \/>\n<meta property=\"og:description\" content=\"C\u2019est une mauvaise nouvelle qui frappe encore le Cameroun notamment le monde la culture. Le pays est frappe\u0301 par un nouv ...\" \/>\n<meta property=\"og:url\" content=\"https:\/\/www.africa-press.net\/cameroun\/toutes-les-actualites\/necrologie-alphonse-beni-licone-camerounaise-est-decede-ce-dimanche\" \/>\n<meta property=\"og:site_name\" content=\"Cameroun\" \/>\n<meta property=\"article:published_time\" content=\"2023-03-12T18:19:31+00:00\" \/>\n<meta property=\"article:modified_time\" content=\"2023-03-12T18:43:09+00:00\" \/>\n<meta property=\"og:image\" content=\"https:\/\/static.africa-press.net\/cameroun\/sites\/57\/2023\/03\/postQueueImg_1678632581.77.jpg\" \/>\n\t<meta property=\"og:image:width\" content=\"720\" \/>\n\t<meta property=\"og:image:height\" content=\"360\" \/>\n\t<meta property=\"og:image:type\" content=\"image\/jpeg\" \/>\n<meta name=\"author\" content=\"cfeditorfr\" \/>\n<meta name=\"twitter:card\" content=\"summary_large_image\" \/>\n<meta name=\"twitter:label1\" content=\"\u00c9crit par\" \/>\n\t<meta name=\"twitter:data1\" content=\"cfeditorfr\" \/>\n\t<meta name=\"twitter:label2\" content=\"Dur\u00e9e de lecture estim\u00e9e\" \/>\n\t<meta name=\"twitter:data2\" content=\"1 minute\" \/>\n<script type=\"application\/ld+json\" class=\"yoast-schema-graph\">{\"@context\":\"https:\/\/schema.org\",\"@graph\":[{\"@type\":\"Article\",\"@id\":\"https:\/\/www.africa-press.net\/cameroun\/toutes-les-actualites\/necrologie-alphonse-beni-licone-camerounaise-est-decede-ce-dimanche#article\",\"isPartOf\":{\"@id\":\"https:\/\/www.africa-press.net\/cameroun\/toutes-les-actualites\/necrologie-alphonse-beni-licone-camerounaise-est-decede-ce-dimanche\"},\"author\":{\"name\":\"cfeditorfr\",\"@id\":\"https:\/\/www.africa-press.net\/cameroun\/#\/schema\/person\/2b1cf3cd81a31e3cd26889ca66d677f1\"},\"headline\":\"N\u00e9crologie : Alphonse B\u00e9ni, l\u2019ic\u00f4ne camerounaise, est d\u00e9c\u00e9d\u00e9 ce dimanche\",\"datePublished\":\"2023-03-12T18:19:31+00:00\",\"dateModified\":\"2023-03-12T18:43:09+00:00\",\"mainEntityOfPage\":{\"@id\":\"https:\/\/www.africa-press.net\/cameroun\/toutes-les-actualites\/necrologie-alphonse-beni-licone-camerounaise-est-decede-ce-dimanche\"},\"wordCount\":301,\"commentCount\":0,\"image\":{\"@id\":\"https:\/\/www.africa-press.net\/cameroun\/toutes-les-actualites\/necrologie-alphonse-beni-licone-camerounaise-est-decede-ce-dimanche#primaryimage\"},\"thumbnailUrl\":\"https:\/\/static.africa-press.net\/cameroun\/sites\/57\/2023\/03\/postQueueImg_1678632581.77.jpg\",\"keywords\":[\"Africa Press\",\"Africa Press-Cameroun\",\"Cameroun\"],\"articleSection\":[\"Communaut\u00e9\",\"Toutes les actualit\u00e9s\"],\"inLanguage\":\"fr-FR\",\"potentialAction\":[{\"@type\":\"CommentAction\",\"name\":\"Comment\",\"target\":[\"https:\/\/www.africa-press.net\/cameroun\/toutes-les-actualites\/necrologie-alphonse-beni-licone-camerounaise-est-decede-ce-dimanche#respond\"]}]},{\"@type\":\"WebPage\",\"@id\":\"https:\/\/www.africa-press.net\/cameroun\/toutes-les-actualites\/necrologie-alphonse-beni-licone-camerounaise-est-decede-ce-dimanche\",\"url\":\"https:\/\/www.africa-press.net\/cameroun\/toutes-les-actualites\/necrologie-alphonse-beni-licone-camerounaise-est-decede-ce-dimanche\",\"name\":\"N\u00e9crologie : Alphonse B\u00e9ni, l\u2019ic\u00f4ne camerounaise, est d\u00e9c\u00e9d\u00e9 ce dimanche - Cameroun\",\"isPartOf\":{\"@id\":\"https:\/\/www.africa-press.net\/cameroun\/#website\"},\"primaryImageOfPage\":{\"@id\":\"https:\/\/www.africa-press.net\/cameroun\/toutes-les-actualites\/necrologie-alphonse-beni-licone-camerounaise-est-decede-ce-dimanche#primaryimage\"},\"image\":{\"@id\":\"https:\/\/www.africa-press.net\/cameroun\/toutes-les-actualites\/necrologie-alphonse-beni-licone-camerounaise-est-decede-ce-dimanche#primaryimage\"},\"thumbnailUrl\":\"https:\/\/static.africa-press.net\/cameroun\/sites\/57\/2023\/03\/postQueueImg_1678632581.77.jpg\",\"datePublished\":\"2023-03-12T18:19:31+00:00\",\"dateModified\":\"2023-03-12T18:43:09+00:00\",\"author\":{\"@id\":\"https:\/\/www.africa-press.net\/cameroun\/#\/schema\/person\/2b1cf3cd81a31e3cd26889ca66d677f1\"},\"description\":\"C\u2019est une mauvaise nouvelle qui frappe encore le Cameroun notamment le monde la culture. Le pays est frappe\u0301 par un nouv ...\",\"breadcrumb\":{\"@id\":\"https:\/\/www.africa-press.net\/cameroun\/toutes-les-actualites\/necrologie-alphonse-beni-licone-camerounaise-est-decede-ce-dimanche#breadcrumb\"},\"inLanguage\":\"fr-FR\",\"potentialAction\":[{\"@type\":\"ReadAction\",\"target\":[\"https:\/\/www.africa-press.net\/cameroun\/toutes-les-actualites\/necrologie-alphonse-beni-licone-camerounaise-est-decede-ce-dimanche\"]}]},{\"@type\":\"ImageObject\",\"inLanguage\":\"fr-FR\",\"@id\":\"https:\/\/www.africa-press.net\/cameroun\/toutes-les-actualites\/necrologie-alphonse-beni-licone-camerounaise-est-decede-ce-dimanche#primaryimage\",\"url\":\"https:\/\/static.africa-press.net\/cameroun\/sites\/57\/2023\/03\/postQueueImg_1678632581.77.jpg\",\"contentUrl\":\"https:\/\/static.africa-press.net\/cameroun\/sites\/57\/2023\/03\/postQueueImg_1678632581.77.jpg\",\"width\":720,\"height\":360,\"caption\":\"N\u00e9crologie : Alphonse B\u00e9ni, l\u2019ic\u00f4ne camerounaise, est d\u00e9c\u00e9d\u00e9 ce dimanche\"},{\"@type\":\"BreadcrumbList\",\"@id\":\"https:\/\/www.africa-press.net\/cameroun\/toutes-les-actualites\/necrologie-alphonse-beni-licone-camerounaise-est-decede-ce-dimanche#breadcrumb\",\"itemListElement\":[{\"@type\":\"ListItem\",\"position\":1,\"name\":\"Accueil\",\"item\":\"https:\/\/www.africa-press.net\/cameroun\/\"},{\"@type\":\"ListItem\",\"position\":2,\"name\":\"N\u00e9crologie : Alphonse B\u00e9ni, l\u2019ic\u00f4ne camerounaise, est d\u00e9c\u00e9d\u00e9 ce dimanche\"}]},{\"@type\":\"WebSite\",\"@id\":\"https:\/\/www.africa-press.net\/cameroun\/#website\",\"url\":\"https:\/\/www.africa-press.net\/cameroun\/\",\"name\":\"Cameroun\",\"description\":\"Just another Africa News Agency Sites site\",\"potentialAction\":[{\"@type\":\"SearchAction\",\"target\":{\"@type\":\"EntryPoint\",\"urlTemplate\":\"https:\/\/www.africa-press.net\/cameroun\/?s={search_term_string}\"},\"query-input\":{\"@type\":\"PropertyValueSpecification\",\"valueRequired\":true,\"valueName\":\"search_term_string\"}}],\"inLanguage\":\"fr-FR\"},{\"@type\":\"Person\",\"@id\":\"https:\/\/www.africa-press.net\/cameroun\/#\/schema\/person\/2b1cf3cd81a31e3cd26889ca66d677f1\",\"name\":\"cfeditorfr\"}]}<\/script>\n<!-- \/ Yoast SEO Premium plugin. -->","yoast_head_json":{"title":"N\u00e9crologie : Alphonse B\u00e9ni, l\u2019ic\u00f4ne camerounaise,  est d\u00e9c\u00e9d\u00e9 ce dimanche - Cameroun","description":"C\u2019est une mauvaise nouvelle qui frappe encore le Cameroun notamment le monde la culture. Le pays est frappe\u0301 par un nouv ...","robots":{"index":"index","follow":"follow","max-snippet":"max-snippet:-1","max-image-preview":"max-image-preview:large","max-video-preview":"max-video-preview:-1"},"canonical":"https:\/\/www.africa-press.net\/cameroun\/toutes-les-actualites\/necrologie-alphonse-beni-licone-camerounaise-est-decede-ce-dimanche","og_locale":"fr_FR","og_type":"article","og_title":"N\u00e9crologie : Alphonse B\u00e9ni, l\u2019ic\u00f4ne camerounaise,  est d\u00e9c\u00e9d\u00e9 ce dimanche","og_description":"C\u2019est une mauvaise nouvelle qui frappe encore le Cameroun notamment le monde la culture. Le pays est frappe\u0301 par un nouv ...","og_url":"https:\/\/www.africa-press.net\/cameroun\/toutes-les-actualites\/necrologie-alphonse-beni-licone-camerounaise-est-decede-ce-dimanche","og_site_name":"Cameroun","article_published_time":"2023-03-12T18:19:31+00:00","article_modified_time":"2023-03-12T18:43:09+00:00","og_image":[{"width":720,"height":360,"url":"https:\/\/static.africa-press.net\/cameroun\/sites\/57\/2023\/03\/postQueueImg_1678632581.77.jpg","type":"image\/jpeg"}],"author":"cfeditorfr","twitter_card":"summary_large_image","twitter_misc":{"\u00c9crit par":"cfeditorfr","Dur\u00e9e de lecture estim\u00e9e":"1 minute"},"schema":{"@context":"https:\/\/schema.org","@graph":[{"@type":"Article","@id":"https:\/\/www.africa-press.net\/cameroun\/toutes-les-actualites\/necrologie-alphonse-beni-licone-camerounaise-est-decede-ce-dimanche#article","isPartOf":{"@id":"https:\/\/www.africa-press.net\/cameroun\/toutes-les-actualites\/necrologie-alphonse-beni-licone-camerounaise-est-decede-ce-dimanche"},"author":{"name":"cfeditorfr","@id":"https:\/\/www.africa-press.net\/cameroun\/#\/schema\/person\/2b1cf3cd81a31e3cd26889ca66d677f1"},"headline":"N\u00e9crologie : Alphonse B\u00e9ni, l\u2019ic\u00f4ne camerounaise, est d\u00e9c\u00e9d\u00e9 ce dimanche","datePublished":"2023-03-12T18:19:31+00:00","dateModified":"2023-03-12T18:43:09+00:00","mainEntityOfPage":{"@id":"https:\/\/www.africa-press.net\/cameroun\/toutes-les-actualites\/necrologie-alphonse-beni-licone-camerounaise-est-decede-ce-dimanche"},"wordCount":301,"commentCount":0,"image":{"@id":"https:\/\/www.africa-press.net\/cameroun\/toutes-les-actualites\/necrologie-alphonse-beni-licone-camerounaise-est-decede-ce-dimanche#primaryimage"},"thumbnailUrl":"https:\/\/static.africa-press.net\/cameroun\/sites\/57\/2023\/03\/postQueueImg_1678632581.77.jpg","keywords":["Africa Press","Africa Press-Cameroun","Cameroun"],"articleSection":["Communaut\u00e9","Toutes les actualit\u00e9s"],"inLanguage":"fr-FR","potentialAction":[{"@type":"CommentAction","name":"Comment","target":["https:\/\/www.africa-press.net\/cameroun\/toutes-les-actualites\/necrologie-alphonse-beni-licone-camerounaise-est-decede-ce-dimanche#respond"]}]},{"@type":"WebPage","@id":"https:\/\/www.africa-press.net\/cameroun\/toutes-les-actualites\/necrologie-alphonse-beni-licone-camerounaise-est-decede-ce-dimanche","url":"https:\/\/www.africa-press.net\/cameroun\/toutes-les-actualites\/necrologie-alphonse-beni-licone-camerounaise-est-decede-ce-dimanche","name":"N\u00e9crologie : Alphonse B\u00e9ni, l\u2019ic\u00f4ne camerounaise, est d\u00e9c\u00e9d\u00e9 ce dimanche - Cameroun","isPartOf":{"@id":"https:\/\/www.africa-press.net\/cameroun\/#website"},"primaryImageOfPage":{"@id":"https:\/\/www.africa-press.net\/cameroun\/toutes-les-actualites\/necrologie-alphonse-beni-licone-camerounaise-est-decede-ce-dimanche#primaryimage"},"image":{"@id":"https:\/\/www.africa-press.net\/cameroun\/toutes-les-actualites\/necrologie-alphonse-beni-licone-camerounaise-est-decede-ce-dimanche#primaryimage"},"thumbnailUrl":"https:\/\/static.africa-press.net\/cameroun\/sites\/57\/2023\/03\/postQueueImg_1678632581.77.jpg","datePublished":"2023-03-12T18:19:31+00:00","dateModified":"2023-03-12T18:43:09+00:00","author":{"@id":"https:\/\/www.africa-press.net\/cameroun\/#\/schema\/person\/2b1cf3cd81a31e3cd26889ca66d677f1"},"description":"C\u2019est une mauvaise nouvelle qui frappe encore le Cameroun notamment le monde la culture. Le pays est frappe\u0301 par un nouv ...","breadcrumb":{"@id":"https:\/\/www.africa-press.net\/cameroun\/toutes-les-actualites\/necrologie-alphonse-beni-licone-camerounaise-est-decede-ce-dimanche#breadcrumb"},"inLanguage":"fr-FR","potentialAction":[{"@type":"ReadAction","target":["https:\/\/www.africa-press.net\/cameroun\/toutes-les-actualites\/necrologie-alphonse-beni-licone-camerounaise-est-decede-ce-dimanche"]}]},{"@type":"ImageObject","inLanguage":"fr-FR","@id":"https:\/\/www.africa-press.net\/cameroun\/toutes-les-actualites\/necrologie-alphonse-beni-licone-camerounaise-est-decede-ce-dimanche#primaryimage","url":"https:\/\/static.africa-press.net\/cameroun\/sites\/57\/2023\/03\/postQueueImg_1678632581.77.jpg","contentUrl":"https:\/\/static.africa-press.net\/cameroun\/sites\/57\/2023\/03\/postQueueImg_1678632581.77.jpg","width":720,"height":360,"caption":"N\u00e9crologie : Alphonse B\u00e9ni, l\u2019ic\u00f4ne camerounaise, est d\u00e9c\u00e9d\u00e9 ce dimanche"},{"@type":"BreadcrumbList","@id":"https:\/\/www.africa-press.net\/cameroun\/toutes-les-actualites\/necrologie-alphonse-beni-licone-camerounaise-est-decede-ce-dimanche#breadcrumb","itemListElement":[{"@type":"ListItem","position":1,"name":"Accueil","item":"https:\/\/www.africa-press.net\/cameroun\/"},{"@type":"ListItem","position":2,"name":"N\u00e9crologie : Alphonse B\u00e9ni, l\u2019ic\u00f4ne camerounaise, est d\u00e9c\u00e9d\u00e9 ce dimanche"}]},{"@type":"WebSite","@id":"https:\/\/www.africa-press.net\/cameroun\/#website","url":"https:\/\/www.africa-press.net\/cameroun\/","name":"Cameroun","description":"Just another Africa News Agency Sites site","potentialAction":[{"@type":"SearchAction","target":{"@type":"EntryPoint","urlTemplate":"https:\/\/www.africa-press.net\/cameroun\/?s={search_term_string}"},"query-input":{"@type":"PropertyValueSpecification","valueRequired":true,"valueName":"search_term_string"}}],"inLanguage":"fr-FR"},{"@type":"Person","@id":"https:\/\/www.africa-press.net\/cameroun\/#\/schema\/person\/2b1cf3cd81a31e3cd26889ca66d677f1","name":"cfeditorfr"}]}},"_links":{"self":[{"href":"https:\/\/www.africa-press.net\/cameroun\/wp-json\/wp\/v2\/posts\/39043","targetHints":{"allow":["GET"]}}],"collection":[{"href":"https:\/\/www.africa-press.net\/cameroun\/wp-json\/wp\/v2\/posts"}],"about":[{"href":"https:\/\/www.africa-press.net\/cameroun\/wp-json\/wp\/v2\/types\/post"}],"author":[{"embeddable":true,"href":"https:\/\/www.africa-press.net\/cameroun\/wp-json\/wp\/v2\/users\/82"}],"replies":[{"embeddable":true,"href":"https:\/\/www.africa-press.net\/cameroun\/wp-json\/wp\/v2\/comments?post=39043"}],"version-history":[{"count":0,"href":"https:\/\/www.africa-press.net\/cameroun\/wp-json\/wp\/v2\/posts\/39043\/revisions"}],"wp:featuredmedia":[{"embeddable":true,"href":"https:\/\/www.africa-press.net\/cameroun\/wp-json\/wp\/v2\/media\/39042"}],"wp:attachment":[{"href":"https:\/\/www.africa-press.net\/cameroun\/wp-json\/wp\/v2\/media?parent=39043"}],"wp:term":[{"taxonomy":"category","embeddable":true,"href":"https:\/\/www.africa-press.net\/cameroun\/wp-json\/wp\/v2\/categories?post=39043"},{"taxonomy":"post_tag","embeddable":true,"href":"https:\/\/www.africa-press.net\/cameroun\/wp-json\/wp\/v2\/tags?post=39043"}],"curies":[{"name":"wp","href":"https:\/\/api.w.org\/{rel}","templated":true}]}}