{"id":39052,"date":"2023-03-12T18:20:06","date_gmt":"2023-03-12T18:20:06","guid":{"rendered":"https:\/\/www.africa-press.net\/cameroun\/politique\/affaire-martinez-zogo-paul-biya-et-les-veritables-commanditaires"},"modified":"2023-03-12T18:45:36","modified_gmt":"2023-03-12T18:45:36","slug":"affaire-martinez-zogo-paul-biya-et-les-veritables-commanditaires","status":"publish","type":"post","link":"https:\/\/www.africa-press.net\/cameroun\/politique\/affaire-martinez-zogo-paul-biya-et-les-veritables-commanditaires","title":{"rendered":"Affaire Martinez Zogo : Paul Biya et les v\u00e9ritables commanditaires"},"content":{"rendered":"<p><span style=\"color: #ff6600\"><strong>Africa-Press &#8211; Cameroun. <\/strong><\/span>Qui sont les commanditaires de l\u2019assassinat de Martinez Zogo ? Cette question, risque de ne pas trouver de re\u0301ponse compte tenu des qualifications retenues contre les personnes mises en exa-men dans l\u2019affaire Martinez Zogo. Invite\u0301 dans l\u2019e\u0301mission Le Grand de\u0301bat sur Cam10, l\u2019homme politique camerounais Valere Bessala a indique\u0301 que le juge d\u2019instruction n\u2019a pas souhaite\u0301 s\u2019aventurer sur ce terrain car il sait que seul Paul Biya peut autoriser l\u2019arrestation des \u00ab comman-ditaires politiques de ce crime \u00bb.<\/p>\n<p>\u00ab Ils savent de\u0301ja\u0300 pratiquement ou\u0300 aller chercher les commanditaires politiques du meurtre de Martinez Zogo. Mais comme le juge d\u2019instruction n\u2019a pas la capacite\u0301 d\u2019aller les chercher par lui-me\u0302me, il a laisse\u0301 un vide au niveau de l\u2019article 97-a. Il veut par la\u0300 interpeller le pre\u0301sident de la Re\u0301-publique pour qu\u2019il fasse son travail \u00bb, a-t-il de\u0301clare\u0301.<\/p>\n<p>En effet, le commissaire du gouvernement avait retenu contre Amougou Belinga et Maxime Eko Eko les infractions de complicite\u0301 de torture par aide. Il a pris soin de pre\u0301ciser par aide pour que ces suspects ne soient pas assimile\u0301s aux commanditaires.<\/p>\n<p>Pour les avocats de la partie civile, les qualifications retenus par le commissaire du gouverne-ment et le juge d\u2019instruction militaire posent proble\u0300me.<\/p>\n<p>\u00ab C&rsquo;est des qualifications qui viennent enlever l&rsquo;e\u0301le\u0301ment intentionnel du crime qui a e\u0301te\u0301 commis. C&rsquo;est comme si apre\u0300s ces tortures, Martinez Zogo est rentre\u0301 chez lui et est de\u0301ce\u0301de\u0301 d&rsquo;une fie\u0300vre ou d&rsquo;un palu. Ce qui n&rsquo;est pas le cas \u00bb, a-t-il de\u0301clare\u0301 aux confre\u0300res d\u2019Equinoxe te\u0301le\u0301vision.<\/p>\n<p>De son co\u0302te\u0301 Me Fe\u0301licite\u0301 Zeifman, e\u0301galement membre du collectif des avocats des ayants-droits de Martinez Zogo entend de\u0301fendre jusqu\u2019au bout les inte\u0301re\u0302ts de leurs clients.<\/p>\n<p>\u00ab Nous allons demander si les qualifications retenues tant par le commissaire du gouvernement que par le juge d&rsquo;instruction le\u0300sent les inte\u0301re\u0302ts de nos clients. Si les qualifications ne refle\u0300tent pas la re\u0301alite\u0301 des faits, la re\u0301alite\u0301 de comment Martinez Zogo assassine\u0301, nous nous jetterons corps et a\u0302me dans le combat pour que le peuple Camerounais ait enfin la ve\u0301rite\u0301 \u00bb, a-t-elle confie\u0301.<\/p>\n<p><strong>Pour plus d&rsquo;informations et d&rsquo;analyses sur la <a href=\"https:\/\/www.africa-press.net\/cameroun\">Cameroun<\/a>, suivez <a href=\"https:\/\/www.africa-press.net\/\">Africa-Press<\/a><\/strong><\/p>\n","protected":false},"excerpt":{"rendered":"<p>Africa-Press &#8211; Cameroun. Qui sont les commanditaires de l\u2019assassinat de Martinez Zogo ? Cette question, risque de ne pas trouver de re\u0301ponse compte tenu des qualifications retenues contre les personnes mises en exa-men dans l\u2019affaire Martinez Zogo. Invite\u0301 dans l\u2019e\u0301mission Le Grand de\u0301bat sur Cam10, l\u2019homme politique camerounais Valere Bessala a indique\u0301 que le juge [&hellip;]<\/p>\n","protected":false},"author":82,"featured_media":39051,"comment_status":"open","ping_status":"closed","sticky":false,"template":"","format":"standard","meta":{"footnotes":""},"categories":[2,10],"tags":[36,50,49],"class_list":["post-39052","post","type-post","status-publish","format-standard","has-post-thumbnail","hentry","category-politique","category-toutes-les-actualites","tag-africa-press","tag-africa-press-cameroun","tag-cameroun"],"yoast_head":"<!-- This site is optimized with the Yoast SEO Premium plugin v26.1 (Yoast SEO v27.0) - https:\/\/yoast.com\/product\/yoast-seo-premium-wordpress\/ -->\n<title>Affaire Martinez Zogo : Paul Biya et les v\u00e9ritables commanditaires - Cameroun<\/title>\n<meta name=\"description\" content=\"Qui sont les commanditaires de l\u2019assassinat de Martinez Zogo ? Cette question, risque de ne pas trouver de re\u0301ponse comp ...\" \/>\n<meta name=\"robots\" content=\"index, follow, max-snippet:-1, max-image-preview:large, max-video-preview:-1\" \/>\n<link rel=\"canonical\" href=\"https:\/\/www.africa-press.net\/cameroun\/politique\/affaire-martinez-zogo-paul-biya-et-les-veritables-commanditaires\" \/>\n<meta property=\"og:locale\" content=\"fr_FR\" \/>\n<meta property=\"og:type\" content=\"article\" \/>\n<meta property=\"og:title\" content=\"Affaire Martinez Zogo : Paul Biya et les v\u00e9ritables commanditaires\" \/>\n<meta property=\"og:description\" content=\"Qui sont les commanditaires de l\u2019assassinat de Martinez Zogo ? Cette question, risque de ne pas trouver de re\u0301ponse comp ...\" \/>\n<meta property=\"og:url\" content=\"https:\/\/www.africa-press.net\/cameroun\/politique\/affaire-martinez-zogo-paul-biya-et-les-veritables-commanditaires\" \/>\n<meta property=\"og:site_name\" content=\"Cameroun\" \/>\n<meta property=\"article:published_time\" content=\"2023-03-12T18:20:06+00:00\" \/>\n<meta property=\"article:modified_time\" content=\"2023-03-12T18:45:36+00:00\" \/>\n<meta property=\"og:image\" content=\"https:\/\/static.africa-press.net\/cameroun\/sites\/57\/2023\/03\/postQueueImg_1678632612.06.jpg\" \/>\n\t<meta property=\"og:image:width\" content=\"720\" \/>\n\t<meta property=\"og:image:height\" content=\"439\" \/>\n\t<meta property=\"og:image:type\" content=\"image\/jpeg\" \/>\n<meta name=\"author\" content=\"cfeditorfr\" \/>\n<meta name=\"twitter:card\" content=\"summary_large_image\" \/>\n<meta name=\"twitter:label1\" content=\"\u00c9crit par\" \/>\n\t<meta name=\"twitter:data1\" content=\"cfeditorfr\" \/>\n\t<meta name=\"twitter:label2\" content=\"Dur\u00e9e de lecture estim\u00e9e\" \/>\n\t<meta name=\"twitter:data2\" content=\"2 minutes\" \/>\n<script type=\"application\/ld+json\" class=\"yoast-schema-graph\">{\"@context\":\"https:\/\/schema.org\",\"@graph\":[{\"@type\":\"Article\",\"@id\":\"https:\/\/www.africa-press.net\/cameroun\/politique\/affaire-martinez-zogo-paul-biya-et-les-veritables-commanditaires#article\",\"isPartOf\":{\"@id\":\"https:\/\/www.africa-press.net\/cameroun\/politique\/affaire-martinez-zogo-paul-biya-et-les-veritables-commanditaires\"},\"author\":{\"name\":\"cfeditorfr\",\"@id\":\"https:\/\/www.africa-press.net\/cameroun\/#\/schema\/person\/2b1cf3cd81a31e3cd26889ca66d677f1\"},\"headline\":\"Affaire Martinez Zogo : Paul Biya et les v\u00e9ritables commanditaires\",\"datePublished\":\"2023-03-12T18:20:06+00:00\",\"dateModified\":\"2023-03-12T18:45:36+00:00\",\"mainEntityOfPage\":{\"@id\":\"https:\/\/www.africa-press.net\/cameroun\/politique\/affaire-martinez-zogo-paul-biya-et-les-veritables-commanditaires\"},\"wordCount\":411,\"commentCount\":0,\"image\":{\"@id\":\"https:\/\/www.africa-press.net\/cameroun\/politique\/affaire-martinez-zogo-paul-biya-et-les-veritables-commanditaires#primaryimage\"},\"thumbnailUrl\":\"https:\/\/static.africa-press.net\/cameroun\/sites\/57\/2023\/03\/postQueueImg_1678632612.06.jpg\",\"keywords\":[\"Africa Press\",\"Africa Press-Cameroun\",\"Cameroun\"],\"articleSection\":[\"Politique\",\"Toutes les actualit\u00e9s\"],\"inLanguage\":\"fr-FR\",\"potentialAction\":[{\"@type\":\"CommentAction\",\"name\":\"Comment\",\"target\":[\"https:\/\/www.africa-press.net\/cameroun\/politique\/affaire-martinez-zogo-paul-biya-et-les-veritables-commanditaires#respond\"]}]},{\"@type\":\"WebPage\",\"@id\":\"https:\/\/www.africa-press.net\/cameroun\/politique\/affaire-martinez-zogo-paul-biya-et-les-veritables-commanditaires\",\"url\":\"https:\/\/www.africa-press.net\/cameroun\/politique\/affaire-martinez-zogo-paul-biya-et-les-veritables-commanditaires\",\"name\":\"Affaire Martinez Zogo : Paul Biya et les v\u00e9ritables commanditaires - Cameroun\",\"isPartOf\":{\"@id\":\"https:\/\/www.africa-press.net\/cameroun\/#website\"},\"primaryImageOfPage\":{\"@id\":\"https:\/\/www.africa-press.net\/cameroun\/politique\/affaire-martinez-zogo-paul-biya-et-les-veritables-commanditaires#primaryimage\"},\"image\":{\"@id\":\"https:\/\/www.africa-press.net\/cameroun\/politique\/affaire-martinez-zogo-paul-biya-et-les-veritables-commanditaires#primaryimage\"},\"thumbnailUrl\":\"https:\/\/static.africa-press.net\/cameroun\/sites\/57\/2023\/03\/postQueueImg_1678632612.06.jpg\",\"datePublished\":\"2023-03-12T18:20:06+00:00\",\"dateModified\":\"2023-03-12T18:45:36+00:00\",\"author\":{\"@id\":\"https:\/\/www.africa-press.net\/cameroun\/#\/schema\/person\/2b1cf3cd81a31e3cd26889ca66d677f1\"},\"description\":\"Qui sont les commanditaires de l\u2019assassinat de Martinez Zogo ? Cette question, risque de ne pas trouver de re\u0301ponse comp ...\",\"breadcrumb\":{\"@id\":\"https:\/\/www.africa-press.net\/cameroun\/politique\/affaire-martinez-zogo-paul-biya-et-les-veritables-commanditaires#breadcrumb\"},\"inLanguage\":\"fr-FR\",\"potentialAction\":[{\"@type\":\"ReadAction\",\"target\":[\"https:\/\/www.africa-press.net\/cameroun\/politique\/affaire-martinez-zogo-paul-biya-et-les-veritables-commanditaires\"]}]},{\"@type\":\"ImageObject\",\"inLanguage\":\"fr-FR\",\"@id\":\"https:\/\/www.africa-press.net\/cameroun\/politique\/affaire-martinez-zogo-paul-biya-et-les-veritables-commanditaires#primaryimage\",\"url\":\"https:\/\/static.africa-press.net\/cameroun\/sites\/57\/2023\/03\/postQueueImg_1678632612.06.jpg\",\"contentUrl\":\"https:\/\/static.africa-press.net\/cameroun\/sites\/57\/2023\/03\/postQueueImg_1678632612.06.jpg\",\"width\":720,\"height\":439,\"caption\":\"Affaire Martinez Zogo : Paul Biya et les v\u00e9ritables commanditaires\"},{\"@type\":\"BreadcrumbList\",\"@id\":\"https:\/\/www.africa-press.net\/cameroun\/politique\/affaire-martinez-zogo-paul-biya-et-les-veritables-commanditaires#breadcrumb\",\"itemListElement\":[{\"@type\":\"ListItem\",\"position\":1,\"name\":\"Accueil\",\"item\":\"https:\/\/www.africa-press.net\/cameroun\/\"},{\"@type\":\"ListItem\",\"position\":2,\"name\":\"Affaire Martinez Zogo : Paul Biya et les v\u00e9ritables commanditaires\"}]},{\"@type\":\"WebSite\",\"@id\":\"https:\/\/www.africa-press.net\/cameroun\/#website\",\"url\":\"https:\/\/www.africa-press.net\/cameroun\/\",\"name\":\"Cameroun\",\"description\":\"Just another Africa News Agency Sites site\",\"potentialAction\":[{\"@type\":\"SearchAction\",\"target\":{\"@type\":\"EntryPoint\",\"urlTemplate\":\"https:\/\/www.africa-press.net\/cameroun\/?s={search_term_string}\"},\"query-input\":{\"@type\":\"PropertyValueSpecification\",\"valueRequired\":true,\"valueName\":\"search_term_string\"}}],\"inLanguage\":\"fr-FR\"},{\"@type\":\"Person\",\"@id\":\"https:\/\/www.africa-press.net\/cameroun\/#\/schema\/person\/2b1cf3cd81a31e3cd26889ca66d677f1\",\"name\":\"cfeditorfr\"}]}<\/script>\n<!-- \/ Yoast SEO Premium plugin. -->","yoast_head_json":{"title":"Affaire Martinez Zogo : Paul Biya et les v\u00e9ritables commanditaires - Cameroun","description":"Qui sont les commanditaires de l\u2019assassinat de Martinez Zogo ? Cette question, risque de ne pas trouver de re\u0301ponse comp ...","robots":{"index":"index","follow":"follow","max-snippet":"max-snippet:-1","max-image-preview":"max-image-preview:large","max-video-preview":"max-video-preview:-1"},"canonical":"https:\/\/www.africa-press.net\/cameroun\/politique\/affaire-martinez-zogo-paul-biya-et-les-veritables-commanditaires","og_locale":"fr_FR","og_type":"article","og_title":"Affaire Martinez Zogo : Paul Biya et les v\u00e9ritables commanditaires","og_description":"Qui sont les commanditaires de l\u2019assassinat de Martinez Zogo ? Cette question, risque de ne pas trouver de re\u0301ponse comp ...","og_url":"https:\/\/www.africa-press.net\/cameroun\/politique\/affaire-martinez-zogo-paul-biya-et-les-veritables-commanditaires","og_site_name":"Cameroun","article_published_time":"2023-03-12T18:20:06+00:00","article_modified_time":"2023-03-12T18:45:36+00:00","og_image":[{"width":720,"height":439,"url":"https:\/\/static.africa-press.net\/cameroun\/sites\/57\/2023\/03\/postQueueImg_1678632612.06.jpg","type":"image\/jpeg"}],"author":"cfeditorfr","twitter_card":"summary_large_image","twitter_misc":{"\u00c9crit par":"cfeditorfr","Dur\u00e9e de lecture estim\u00e9e":"2 minutes"},"schema":{"@context":"https:\/\/schema.org","@graph":[{"@type":"Article","@id":"https:\/\/www.africa-press.net\/cameroun\/politique\/affaire-martinez-zogo-paul-biya-et-les-veritables-commanditaires#article","isPartOf":{"@id":"https:\/\/www.africa-press.net\/cameroun\/politique\/affaire-martinez-zogo-paul-biya-et-les-veritables-commanditaires"},"author":{"name":"cfeditorfr","@id":"https:\/\/www.africa-press.net\/cameroun\/#\/schema\/person\/2b1cf3cd81a31e3cd26889ca66d677f1"},"headline":"Affaire Martinez Zogo : Paul Biya et les v\u00e9ritables commanditaires","datePublished":"2023-03-12T18:20:06+00:00","dateModified":"2023-03-12T18:45:36+00:00","mainEntityOfPage":{"@id":"https:\/\/www.africa-press.net\/cameroun\/politique\/affaire-martinez-zogo-paul-biya-et-les-veritables-commanditaires"},"wordCount":411,"commentCount":0,"image":{"@id":"https:\/\/www.africa-press.net\/cameroun\/politique\/affaire-martinez-zogo-paul-biya-et-les-veritables-commanditaires#primaryimage"},"thumbnailUrl":"https:\/\/static.africa-press.net\/cameroun\/sites\/57\/2023\/03\/postQueueImg_1678632612.06.jpg","keywords":["Africa Press","Africa Press-Cameroun","Cameroun"],"articleSection":["Politique","Toutes les actualit\u00e9s"],"inLanguage":"fr-FR","potentialAction":[{"@type":"CommentAction","name":"Comment","target":["https:\/\/www.africa-press.net\/cameroun\/politique\/affaire-martinez-zogo-paul-biya-et-les-veritables-commanditaires#respond"]}]},{"@type":"WebPage","@id":"https:\/\/www.africa-press.net\/cameroun\/politique\/affaire-martinez-zogo-paul-biya-et-les-veritables-commanditaires","url":"https:\/\/www.africa-press.net\/cameroun\/politique\/affaire-martinez-zogo-paul-biya-et-les-veritables-commanditaires","name":"Affaire Martinez Zogo : Paul Biya et les v\u00e9ritables commanditaires - Cameroun","isPartOf":{"@id":"https:\/\/www.africa-press.net\/cameroun\/#website"},"primaryImageOfPage":{"@id":"https:\/\/www.africa-press.net\/cameroun\/politique\/affaire-martinez-zogo-paul-biya-et-les-veritables-commanditaires#primaryimage"},"image":{"@id":"https:\/\/www.africa-press.net\/cameroun\/politique\/affaire-martinez-zogo-paul-biya-et-les-veritables-commanditaires#primaryimage"},"thumbnailUrl":"https:\/\/static.africa-press.net\/cameroun\/sites\/57\/2023\/03\/postQueueImg_1678632612.06.jpg","datePublished":"2023-03-12T18:20:06+00:00","dateModified":"2023-03-12T18:45:36+00:00","author":{"@id":"https:\/\/www.africa-press.net\/cameroun\/#\/schema\/person\/2b1cf3cd81a31e3cd26889ca66d677f1"},"description":"Qui sont les commanditaires de l\u2019assassinat de Martinez Zogo ? Cette question, risque de ne pas trouver de re\u0301ponse comp ...","breadcrumb":{"@id":"https:\/\/www.africa-press.net\/cameroun\/politique\/affaire-martinez-zogo-paul-biya-et-les-veritables-commanditaires#breadcrumb"},"inLanguage":"fr-FR","potentialAction":[{"@type":"ReadAction","target":["https:\/\/www.africa-press.net\/cameroun\/politique\/affaire-martinez-zogo-paul-biya-et-les-veritables-commanditaires"]}]},{"@type":"ImageObject","inLanguage":"fr-FR","@id":"https:\/\/www.africa-press.net\/cameroun\/politique\/affaire-martinez-zogo-paul-biya-et-les-veritables-commanditaires#primaryimage","url":"https:\/\/static.africa-press.net\/cameroun\/sites\/57\/2023\/03\/postQueueImg_1678632612.06.jpg","contentUrl":"https:\/\/static.africa-press.net\/cameroun\/sites\/57\/2023\/03\/postQueueImg_1678632612.06.jpg","width":720,"height":439,"caption":"Affaire Martinez Zogo : Paul Biya et les v\u00e9ritables commanditaires"},{"@type":"BreadcrumbList","@id":"https:\/\/www.africa-press.net\/cameroun\/politique\/affaire-martinez-zogo-paul-biya-et-les-veritables-commanditaires#breadcrumb","itemListElement":[{"@type":"ListItem","position":1,"name":"Accueil","item":"https:\/\/www.africa-press.net\/cameroun\/"},{"@type":"ListItem","position":2,"name":"Affaire Martinez Zogo : Paul Biya et les v\u00e9ritables commanditaires"}]},{"@type":"WebSite","@id":"https:\/\/www.africa-press.net\/cameroun\/#website","url":"https:\/\/www.africa-press.net\/cameroun\/","name":"Cameroun","description":"Just another Africa News Agency Sites site","potentialAction":[{"@type":"SearchAction","target":{"@type":"EntryPoint","urlTemplate":"https:\/\/www.africa-press.net\/cameroun\/?s={search_term_string}"},"query-input":{"@type":"PropertyValueSpecification","valueRequired":true,"valueName":"search_term_string"}}],"inLanguage":"fr-FR"},{"@type":"Person","@id":"https:\/\/www.africa-press.net\/cameroun\/#\/schema\/person\/2b1cf3cd81a31e3cd26889ca66d677f1","name":"cfeditorfr"}]}},"_links":{"self":[{"href":"https:\/\/www.africa-press.net\/cameroun\/wp-json\/wp\/v2\/posts\/39052","targetHints":{"allow":["GET"]}}],"collection":[{"href":"https:\/\/www.africa-press.net\/cameroun\/wp-json\/wp\/v2\/posts"}],"about":[{"href":"https:\/\/www.africa-press.net\/cameroun\/wp-json\/wp\/v2\/types\/post"}],"author":[{"embeddable":true,"href":"https:\/\/www.africa-press.net\/cameroun\/wp-json\/wp\/v2\/users\/82"}],"replies":[{"embeddable":true,"href":"https:\/\/www.africa-press.net\/cameroun\/wp-json\/wp\/v2\/comments?post=39052"}],"version-history":[{"count":0,"href":"https:\/\/www.africa-press.net\/cameroun\/wp-json\/wp\/v2\/posts\/39052\/revisions"}],"wp:featuredmedia":[{"embeddable":true,"href":"https:\/\/www.africa-press.net\/cameroun\/wp-json\/wp\/v2\/media\/39051"}],"wp:attachment":[{"href":"https:\/\/www.africa-press.net\/cameroun\/wp-json\/wp\/v2\/media?parent=39052"}],"wp:term":[{"taxonomy":"category","embeddable":true,"href":"https:\/\/www.africa-press.net\/cameroun\/wp-json\/wp\/v2\/categories?post=39052"},{"taxonomy":"post_tag","embeddable":true,"href":"https:\/\/www.africa-press.net\/cameroun\/wp-json\/wp\/v2\/tags?post=39052"}],"curies":[{"name":"wp","href":"https:\/\/api.w.org\/{rel}","templated":true}]}}