{"id":39061,"date":"2023-03-12T18:21:42","date_gmt":"2023-03-12T18:21:42","guid":{"rendered":"https:\/\/www.africa-press.net\/cameroun\/politique\/crise-anglophone-le-japon-vient-en-aide-au-cameroun"},"modified":"2023-03-12T18:47:49","modified_gmt":"2023-03-12T18:47:49","slug":"crise-anglophone-le-japon-vient-en-aide-au-cameroun","status":"publish","type":"post","link":"https:\/\/www.africa-press.net\/cameroun\/toutes-les-actualites\/crise-anglophone-le-japon-vient-en-aide-au-cameroun","title":{"rendered":"Crise anglophone: Le Japon vient en aide au Cameroun"},"content":{"rendered":"<p><span style=\"color: #ff6600\"><strong>Africa-Press &#8211; Cameroun. <\/strong><\/span>Vendredi 10 mars 2023, l&rsquo;Ambassadeur du Japon au Cameroun et le Repre\u0301sentant re\u0301sident du Programme des Nations Unies pour le De\u0301veloppement (PNUD) ont signe\u0301 un accord de financement d\u2019un montant de 1,3 milliard de FCFA. Cette enveloppe du gouvernement japonais est destine\u0301e au Plan pre\u0301sidentiel de reconstruction et de de\u0301veloppement des re\u0301gions du Nord-Ouest et du Sud-Ouest (PPRD-No\/So) dont le PNUD est le partenaire technique.<\/p>\n<p>Cette somme alloue\u0301e par le Japon ira spe\u0301cifiquement a\u0300 des projets dans la re\u0301gion du Sud-Ouest. Elle servira a\u0300 la re\u0301habilitation de 9 centres de sante\u0301 inte\u0301gre\u0301s et de 17 points d\u2019eau a\u0300 e\u0301nergie solaire.<\/p>\n<p>Ce financement du Japon est le second du genre apre\u0300s celui de 2021. En effet, le 18 fe\u0301vrier 2021, le Japon avait de\u0301ja\u0300 accorde\u0301 1,5 milliard de FCFA au PPRD-No\/So. Ce financement, a\u0300 l\u2019instar de celui qui a fait l\u2019objet d\u2019un accord le 10 mars derniier, e\u0301tait de\u0301ja\u0300 destine\u0301 a\u0300 la re\u0301habilitation de 9 centres de sante\u0301 inte\u0301gre\u0301s et d\u2019une dizaine de points d\u2019eau dans le de\u0301partement du Fako, re\u0301gion du Sud-Ouest.<\/p>\n<p>Le Japon est ainsi le seul pays a\u0300 avoir contribue\u0301 au financement PPRD-No\/So, dont les besoins sont e\u0301value\u0301s a\u0300 154 milliards FCFA. Les autres financements viennent du gouvernement camerounais et du secteur prive\u0301.<\/p>\n<p><strong>Pour plus d&rsquo;informations et d&rsquo;analyses sur la <a href=\"https:\/\/www.africa-press.net\/cameroun\">Cameroun<\/a>, suivez <a href=\"https:\/\/www.africa-press.net\/\">Africa-Press<\/a><\/strong><\/p>\n","protected":false},"excerpt":{"rendered":"<p>Africa-Press &#8211; Cameroun. Vendredi 10 mars 2023, l&rsquo;Ambassadeur du Japon au Cameroun et le Repre\u0301sentant re\u0301sident du Programme des Nations Unies pour le De\u0301veloppement (PNUD) ont signe\u0301 un accord de financement d\u2019un montant de 1,3 milliard de FCFA. Cette enveloppe du gouvernement japonais est destine\u0301e au Plan pre\u0301sidentiel de reconstruction et de de\u0301veloppement des re\u0301gions [&hellip;]<\/p>\n","protected":false},"author":82,"featured_media":39060,"comment_status":"open","ping_status":"closed","sticky":false,"template":"","format":"standard","meta":{"footnotes":""},"categories":[21,10],"tags":[36,50,49],"class_list":["post-39061","post","type-post","status-publish","format-standard","has-post-thumbnail","hentry","category-communaute","category-toutes-les-actualites","tag-africa-press","tag-africa-press-cameroun","tag-cameroun"],"yoast_head":"<!-- This site is optimized with the Yoast SEO Premium plugin v26.1 (Yoast SEO v27.0) - https:\/\/yoast.com\/product\/yoast-seo-premium-wordpress\/ -->\n<title>Crise anglophone: Le Japon vient en aide au Cameroun - Cameroun<\/title>\n<meta name=\"description\" content=\"Vendredi 10 mars 2023, l&#039;Ambassadeur du Japon au Cameroun et le Repre\u0301sentant re\u0301sident du Programme des Nations Unies p ...\" \/>\n<meta name=\"robots\" content=\"index, follow, max-snippet:-1, max-image-preview:large, max-video-preview:-1\" \/>\n<link rel=\"canonical\" href=\"https:\/\/www.africa-press.net\/cameroun\/toutes-les-actualites\/crise-anglophone-le-japon-vient-en-aide-au-cameroun\" \/>\n<meta property=\"og:locale\" content=\"fr_FR\" \/>\n<meta property=\"og:type\" content=\"article\" \/>\n<meta property=\"og:title\" content=\"Crise anglophone: Le Japon vient en aide au Cameroun\" \/>\n<meta property=\"og:description\" content=\"Vendredi 10 mars 2023, l&#039;Ambassadeur du Japon au Cameroun et le Repre\u0301sentant re\u0301sident du Programme des Nations Unies p ...\" \/>\n<meta property=\"og:url\" content=\"https:\/\/www.africa-press.net\/cameroun\/toutes-les-actualites\/crise-anglophone-le-japon-vient-en-aide-au-cameroun\" \/>\n<meta property=\"og:site_name\" content=\"Cameroun\" \/>\n<meta property=\"article:published_time\" content=\"2023-03-12T18:21:42+00:00\" \/>\n<meta property=\"article:modified_time\" content=\"2023-03-12T18:47:49+00:00\" \/>\n<meta property=\"og:image\" content=\"https:\/\/static.africa-press.net\/cameroun\/sites\/57\/2023\/03\/postQueueImg_1678632714.96.jpg\" \/>\n\t<meta property=\"og:image:width\" content=\"800\" \/>\n\t<meta property=\"og:image:height\" content=\"225\" \/>\n\t<meta property=\"og:image:type\" content=\"image\/jpeg\" \/>\n<meta name=\"author\" content=\"cfeditorfr\" \/>\n<meta name=\"twitter:card\" content=\"summary_large_image\" \/>\n<meta name=\"twitter:label1\" content=\"\u00c9crit par\" \/>\n\t<meta name=\"twitter:data1\" content=\"cfeditorfr\" \/>\n\t<meta name=\"twitter:label2\" content=\"Dur\u00e9e de lecture estim\u00e9e\" \/>\n\t<meta name=\"twitter:data2\" content=\"1 minute\" \/>\n<script type=\"application\/ld+json\" class=\"yoast-schema-graph\">{\"@context\":\"https:\/\/schema.org\",\"@graph\":[{\"@type\":\"Article\",\"@id\":\"https:\/\/www.africa-press.net\/cameroun\/toutes-les-actualites\/crise-anglophone-le-japon-vient-en-aide-au-cameroun#article\",\"isPartOf\":{\"@id\":\"https:\/\/www.africa-press.net\/cameroun\/toutes-les-actualites\/crise-anglophone-le-japon-vient-en-aide-au-cameroun\"},\"author\":{\"name\":\"cfeditorfr\",\"@id\":\"https:\/\/www.africa-press.net\/cameroun\/#\/schema\/person\/2b1cf3cd81a31e3cd26889ca66d677f1\"},\"headline\":\"Crise anglophone: Le Japon vient en aide au Cameroun\",\"datePublished\":\"2023-03-12T18:21:42+00:00\",\"dateModified\":\"2023-03-12T18:47:49+00:00\",\"mainEntityOfPage\":{\"@id\":\"https:\/\/www.africa-press.net\/cameroun\/toutes-les-actualites\/crise-anglophone-le-japon-vient-en-aide-au-cameroun\"},\"wordCount\":254,\"commentCount\":0,\"image\":{\"@id\":\"https:\/\/www.africa-press.net\/cameroun\/toutes-les-actualites\/crise-anglophone-le-japon-vient-en-aide-au-cameroun#primaryimage\"},\"thumbnailUrl\":\"https:\/\/static.africa-press.net\/cameroun\/sites\/57\/2023\/03\/postQueueImg_1678632714.96.jpg\",\"keywords\":[\"Africa Press\",\"Africa Press-Cameroun\",\"Cameroun\"],\"articleSection\":[\"Communaut\u00e9\",\"Toutes les actualit\u00e9s\"],\"inLanguage\":\"fr-FR\",\"potentialAction\":[{\"@type\":\"CommentAction\",\"name\":\"Comment\",\"target\":[\"https:\/\/www.africa-press.net\/cameroun\/toutes-les-actualites\/crise-anglophone-le-japon-vient-en-aide-au-cameroun#respond\"]}]},{\"@type\":\"WebPage\",\"@id\":\"https:\/\/www.africa-press.net\/cameroun\/toutes-les-actualites\/crise-anglophone-le-japon-vient-en-aide-au-cameroun\",\"url\":\"https:\/\/www.africa-press.net\/cameroun\/toutes-les-actualites\/crise-anglophone-le-japon-vient-en-aide-au-cameroun\",\"name\":\"Crise anglophone: Le Japon vient en aide au Cameroun - Cameroun\",\"isPartOf\":{\"@id\":\"https:\/\/www.africa-press.net\/cameroun\/#website\"},\"primaryImageOfPage\":{\"@id\":\"https:\/\/www.africa-press.net\/cameroun\/toutes-les-actualites\/crise-anglophone-le-japon-vient-en-aide-au-cameroun#primaryimage\"},\"image\":{\"@id\":\"https:\/\/www.africa-press.net\/cameroun\/toutes-les-actualites\/crise-anglophone-le-japon-vient-en-aide-au-cameroun#primaryimage\"},\"thumbnailUrl\":\"https:\/\/static.africa-press.net\/cameroun\/sites\/57\/2023\/03\/postQueueImg_1678632714.96.jpg\",\"datePublished\":\"2023-03-12T18:21:42+00:00\",\"dateModified\":\"2023-03-12T18:47:49+00:00\",\"author\":{\"@id\":\"https:\/\/www.africa-press.net\/cameroun\/#\/schema\/person\/2b1cf3cd81a31e3cd26889ca66d677f1\"},\"description\":\"Vendredi 10 mars 2023, l'Ambassadeur du Japon au Cameroun et le Repre\u0301sentant re\u0301sident du Programme des Nations Unies p ...\",\"breadcrumb\":{\"@id\":\"https:\/\/www.africa-press.net\/cameroun\/toutes-les-actualites\/crise-anglophone-le-japon-vient-en-aide-au-cameroun#breadcrumb\"},\"inLanguage\":\"fr-FR\",\"potentialAction\":[{\"@type\":\"ReadAction\",\"target\":[\"https:\/\/www.africa-press.net\/cameroun\/toutes-les-actualites\/crise-anglophone-le-japon-vient-en-aide-au-cameroun\"]}]},{\"@type\":\"ImageObject\",\"inLanguage\":\"fr-FR\",\"@id\":\"https:\/\/www.africa-press.net\/cameroun\/toutes-les-actualites\/crise-anglophone-le-japon-vient-en-aide-au-cameroun#primaryimage\",\"url\":\"https:\/\/static.africa-press.net\/cameroun\/sites\/57\/2023\/03\/postQueueImg_1678632714.96.jpg\",\"contentUrl\":\"https:\/\/static.africa-press.net\/cameroun\/sites\/57\/2023\/03\/postQueueImg_1678632714.96.jpg\",\"width\":800,\"height\":225,\"caption\":\"Crise anglophone: Le Japon vient en aide au Cameroun\"},{\"@type\":\"BreadcrumbList\",\"@id\":\"https:\/\/www.africa-press.net\/cameroun\/toutes-les-actualites\/crise-anglophone-le-japon-vient-en-aide-au-cameroun#breadcrumb\",\"itemListElement\":[{\"@type\":\"ListItem\",\"position\":1,\"name\":\"Accueil\",\"item\":\"https:\/\/www.africa-press.net\/cameroun\/\"},{\"@type\":\"ListItem\",\"position\":2,\"name\":\"Crise anglophone: Le Japon vient en aide au Cameroun\"}]},{\"@type\":\"WebSite\",\"@id\":\"https:\/\/www.africa-press.net\/cameroun\/#website\",\"url\":\"https:\/\/www.africa-press.net\/cameroun\/\",\"name\":\"Cameroun\",\"description\":\"Just another Africa News Agency Sites site\",\"potentialAction\":[{\"@type\":\"SearchAction\",\"target\":{\"@type\":\"EntryPoint\",\"urlTemplate\":\"https:\/\/www.africa-press.net\/cameroun\/?s={search_term_string}\"},\"query-input\":{\"@type\":\"PropertyValueSpecification\",\"valueRequired\":true,\"valueName\":\"search_term_string\"}}],\"inLanguage\":\"fr-FR\"},{\"@type\":\"Person\",\"@id\":\"https:\/\/www.africa-press.net\/cameroun\/#\/schema\/person\/2b1cf3cd81a31e3cd26889ca66d677f1\",\"name\":\"cfeditorfr\"}]}<\/script>\n<!-- \/ Yoast SEO Premium plugin. -->","yoast_head_json":{"title":"Crise anglophone: Le Japon vient en aide au Cameroun - Cameroun","description":"Vendredi 10 mars 2023, l'Ambassadeur du Japon au Cameroun et le Repre\u0301sentant re\u0301sident du Programme des Nations Unies p ...","robots":{"index":"index","follow":"follow","max-snippet":"max-snippet:-1","max-image-preview":"max-image-preview:large","max-video-preview":"max-video-preview:-1"},"canonical":"https:\/\/www.africa-press.net\/cameroun\/toutes-les-actualites\/crise-anglophone-le-japon-vient-en-aide-au-cameroun","og_locale":"fr_FR","og_type":"article","og_title":"Crise anglophone: Le Japon vient en aide au Cameroun","og_description":"Vendredi 10 mars 2023, l'Ambassadeur du Japon au Cameroun et le Repre\u0301sentant re\u0301sident du Programme des Nations Unies p ...","og_url":"https:\/\/www.africa-press.net\/cameroun\/toutes-les-actualites\/crise-anglophone-le-japon-vient-en-aide-au-cameroun","og_site_name":"Cameroun","article_published_time":"2023-03-12T18:21:42+00:00","article_modified_time":"2023-03-12T18:47:49+00:00","og_image":[{"width":800,"height":225,"url":"https:\/\/static.africa-press.net\/cameroun\/sites\/57\/2023\/03\/postQueueImg_1678632714.96.jpg","type":"image\/jpeg"}],"author":"cfeditorfr","twitter_card":"summary_large_image","twitter_misc":{"\u00c9crit par":"cfeditorfr","Dur\u00e9e de lecture estim\u00e9e":"1 minute"},"schema":{"@context":"https:\/\/schema.org","@graph":[{"@type":"Article","@id":"https:\/\/www.africa-press.net\/cameroun\/toutes-les-actualites\/crise-anglophone-le-japon-vient-en-aide-au-cameroun#article","isPartOf":{"@id":"https:\/\/www.africa-press.net\/cameroun\/toutes-les-actualites\/crise-anglophone-le-japon-vient-en-aide-au-cameroun"},"author":{"name":"cfeditorfr","@id":"https:\/\/www.africa-press.net\/cameroun\/#\/schema\/person\/2b1cf3cd81a31e3cd26889ca66d677f1"},"headline":"Crise anglophone: Le Japon vient en aide au Cameroun","datePublished":"2023-03-12T18:21:42+00:00","dateModified":"2023-03-12T18:47:49+00:00","mainEntityOfPage":{"@id":"https:\/\/www.africa-press.net\/cameroun\/toutes-les-actualites\/crise-anglophone-le-japon-vient-en-aide-au-cameroun"},"wordCount":254,"commentCount":0,"image":{"@id":"https:\/\/www.africa-press.net\/cameroun\/toutes-les-actualites\/crise-anglophone-le-japon-vient-en-aide-au-cameroun#primaryimage"},"thumbnailUrl":"https:\/\/static.africa-press.net\/cameroun\/sites\/57\/2023\/03\/postQueueImg_1678632714.96.jpg","keywords":["Africa Press","Africa Press-Cameroun","Cameroun"],"articleSection":["Communaut\u00e9","Toutes les actualit\u00e9s"],"inLanguage":"fr-FR","potentialAction":[{"@type":"CommentAction","name":"Comment","target":["https:\/\/www.africa-press.net\/cameroun\/toutes-les-actualites\/crise-anglophone-le-japon-vient-en-aide-au-cameroun#respond"]}]},{"@type":"WebPage","@id":"https:\/\/www.africa-press.net\/cameroun\/toutes-les-actualites\/crise-anglophone-le-japon-vient-en-aide-au-cameroun","url":"https:\/\/www.africa-press.net\/cameroun\/toutes-les-actualites\/crise-anglophone-le-japon-vient-en-aide-au-cameroun","name":"Crise anglophone: Le Japon vient en aide au Cameroun - Cameroun","isPartOf":{"@id":"https:\/\/www.africa-press.net\/cameroun\/#website"},"primaryImageOfPage":{"@id":"https:\/\/www.africa-press.net\/cameroun\/toutes-les-actualites\/crise-anglophone-le-japon-vient-en-aide-au-cameroun#primaryimage"},"image":{"@id":"https:\/\/www.africa-press.net\/cameroun\/toutes-les-actualites\/crise-anglophone-le-japon-vient-en-aide-au-cameroun#primaryimage"},"thumbnailUrl":"https:\/\/static.africa-press.net\/cameroun\/sites\/57\/2023\/03\/postQueueImg_1678632714.96.jpg","datePublished":"2023-03-12T18:21:42+00:00","dateModified":"2023-03-12T18:47:49+00:00","author":{"@id":"https:\/\/www.africa-press.net\/cameroun\/#\/schema\/person\/2b1cf3cd81a31e3cd26889ca66d677f1"},"description":"Vendredi 10 mars 2023, l'Ambassadeur du Japon au Cameroun et le Repre\u0301sentant re\u0301sident du Programme des Nations Unies p ...","breadcrumb":{"@id":"https:\/\/www.africa-press.net\/cameroun\/toutes-les-actualites\/crise-anglophone-le-japon-vient-en-aide-au-cameroun#breadcrumb"},"inLanguage":"fr-FR","potentialAction":[{"@type":"ReadAction","target":["https:\/\/www.africa-press.net\/cameroun\/toutes-les-actualites\/crise-anglophone-le-japon-vient-en-aide-au-cameroun"]}]},{"@type":"ImageObject","inLanguage":"fr-FR","@id":"https:\/\/www.africa-press.net\/cameroun\/toutes-les-actualites\/crise-anglophone-le-japon-vient-en-aide-au-cameroun#primaryimage","url":"https:\/\/static.africa-press.net\/cameroun\/sites\/57\/2023\/03\/postQueueImg_1678632714.96.jpg","contentUrl":"https:\/\/static.africa-press.net\/cameroun\/sites\/57\/2023\/03\/postQueueImg_1678632714.96.jpg","width":800,"height":225,"caption":"Crise anglophone: Le Japon vient en aide au Cameroun"},{"@type":"BreadcrumbList","@id":"https:\/\/www.africa-press.net\/cameroun\/toutes-les-actualites\/crise-anglophone-le-japon-vient-en-aide-au-cameroun#breadcrumb","itemListElement":[{"@type":"ListItem","position":1,"name":"Accueil","item":"https:\/\/www.africa-press.net\/cameroun\/"},{"@type":"ListItem","position":2,"name":"Crise anglophone: Le Japon vient en aide au Cameroun"}]},{"@type":"WebSite","@id":"https:\/\/www.africa-press.net\/cameroun\/#website","url":"https:\/\/www.africa-press.net\/cameroun\/","name":"Cameroun","description":"Just another Africa News Agency Sites site","potentialAction":[{"@type":"SearchAction","target":{"@type":"EntryPoint","urlTemplate":"https:\/\/www.africa-press.net\/cameroun\/?s={search_term_string}"},"query-input":{"@type":"PropertyValueSpecification","valueRequired":true,"valueName":"search_term_string"}}],"inLanguage":"fr-FR"},{"@type":"Person","@id":"https:\/\/www.africa-press.net\/cameroun\/#\/schema\/person\/2b1cf3cd81a31e3cd26889ca66d677f1","name":"cfeditorfr"}]}},"_links":{"self":[{"href":"https:\/\/www.africa-press.net\/cameroun\/wp-json\/wp\/v2\/posts\/39061","targetHints":{"allow":["GET"]}}],"collection":[{"href":"https:\/\/www.africa-press.net\/cameroun\/wp-json\/wp\/v2\/posts"}],"about":[{"href":"https:\/\/www.africa-press.net\/cameroun\/wp-json\/wp\/v2\/types\/post"}],"author":[{"embeddable":true,"href":"https:\/\/www.africa-press.net\/cameroun\/wp-json\/wp\/v2\/users\/82"}],"replies":[{"embeddable":true,"href":"https:\/\/www.africa-press.net\/cameroun\/wp-json\/wp\/v2\/comments?post=39061"}],"version-history":[{"count":0,"href":"https:\/\/www.africa-press.net\/cameroun\/wp-json\/wp\/v2\/posts\/39061\/revisions"}],"wp:featuredmedia":[{"embeddable":true,"href":"https:\/\/www.africa-press.net\/cameroun\/wp-json\/wp\/v2\/media\/39060"}],"wp:attachment":[{"href":"https:\/\/www.africa-press.net\/cameroun\/wp-json\/wp\/v2\/media?parent=39061"}],"wp:term":[{"taxonomy":"category","embeddable":true,"href":"https:\/\/www.africa-press.net\/cameroun\/wp-json\/wp\/v2\/categories?post=39061"},{"taxonomy":"post_tag","embeddable":true,"href":"https:\/\/www.africa-press.net\/cameroun\/wp-json\/wp\/v2\/tags?post=39061"}],"curies":[{"name":"wp","href":"https:\/\/api.w.org\/{rel}","templated":true}]}}