{"id":39073,"date":"2023-03-12T18:17:04","date_gmt":"2023-03-12T18:17:04","guid":{"rendered":"https:\/\/www.africa-press.net\/cameroun\/politique\/cimetiere-dinjustice-reaction-ferme-des-avocats-de-martinez-zogo-2"},"modified":"2023-03-12T19:19:02","modified_gmt":"2023-03-12T19:19:02","slug":"cimetiere-dinjustice-reaction-ferme-des-avocats-de-martinez-zogo-2","status":"publish","type":"post","link":"https:\/\/www.africa-press.net\/cameroun\/video\/cimetiere-dinjustice-reaction-ferme-des-avocats-de-martinez-zogo-2","title":{"rendered":"Cimeti\u00e8re d&rsquo;injustice : r\u00e9action ferme des avocats de Martinez Zogo"},"content":{"rendered":"<p><span style=\"color: #ff6600\"><strong>Africa-Press &#8211; Cameroun. <\/strong><\/span>Amougou Belinga, Justin Danwe\u0301, Maxime Eko Eko et une dizaine de personnes suspecte\u0301es d\u2019avoir un lien avec l\u2019affaire Martinez Zogo ont e\u0301te\u0301 inculpe\u0301s pour filature, enle\u0300vement, torture et complicite\u0301 de torture. Ils sont place\u0301s sous mandat de de\u0301po\u0302t en attendant l\u2019instruction de l\u2019affaire. Les avocats de la famille de Martinez Zogo qui ont eu finalement eu acce\u0300s au dossier de l\u2019affaire s\u2019interrogent sur les qualifications des faits.<\/p>\n<p>Selon Me Calvin Job, le commissaire du gouvernement a\u0300 enlever l\u2019e\u0301le\u0301ment intentionnel aux qualifications. \u00ab C&rsquo;est des qualifications qui viennent enlever l&rsquo;e\u0301le\u0301ment intentionnel du crime qui a e\u0301te\u0301 commis. C&rsquo;est comme si apre\u0300s ces tortures, Martinez Zogo est rentre\u0301 chez lui et est de\u0301ce\u0301de\u0301 d&rsquo;une fie\u0300vre ou d&rsquo;un palu. Ce qui n&rsquo;est pas le cas \u00bb, a-t-il de\u0301clare\u0301 aux confre\u0300res d\u2019Equinoxe te\u0301le\u0301vision.<\/p>\n<p>De son co\u0302te\u0301 Me Fe\u0301licite\u0301 Zeifman, e\u0301galement membre du collectif des avocats des ayants-droits de Martinez Zogo entend de\u0301fendre jusqu\u2019au bout les inte\u0301re\u0302ts de leurs clients.<\/p>\n<p>\u00ab Nous allons demander si les qualifications retenues tant par le commissaire du gouvernement que par le juge d&rsquo;instruction le\u0300sent les inte\u0301re\u0302ts de nos clients. Si les qualifications ne refle\u0300tent pas la re\u0301alite\u0301 des faits, la re\u0301alite\u0301 de comment Martinez Zogo assassine\u0301, nous nous jetterons corps et a\u0302me dans le combat pour que le peuple Camerounais ait enfin la ve\u0301rite\u0301 \u00bb, a-t-elle confie\u0301.<\/p>\n<p>L &lsquo;affaire Martinez Zogo pourrait selon Me Zeifman, e\u0302tre l\u2019occasion pour les Camerounais de renouer avec la justice de leur pays. \u00ab On l&rsquo;a lui doit parce que le peuple camerounais fatigue\u0301. Fatigue\u0301 de voir le service public de son pays e\u0302tre un cimetie\u0300re d&rsquo;injustice alors il y a un re\u0302ve quelque part en lui. Il se dit Martinez, tu nous donnes l&rsquo;occasion afin que notre pays soit un pays de justice \u00bb, confie -t-elle.<\/p>\n<p><iframe loading=\"lazy\" title=\"RE\u0301ACTION DES AVOCATS DE MARTINEZ ZOGO - \u00c9QUINOXE TV\" width=\"696\" height=\"392\" src=\"https:\/\/www.youtube.com\/embed\/uUF5z8gY3SA?feature=oembed\" frameborder=\"0\" allow=\"accelerometer; autoplay; clipboard-write; encrypted-media; gyroscope; picture-in-picture; web-share\" allowfullscreen><\/iframe><\/p>\n<p><strong>Pour plus d&rsquo;informations et d&rsquo;analyses sur la <a href=\"https:\/\/www.africa-press.net\/cameroun\">Cameroun<\/a>, suivez <a href=\"https:\/\/www.africa-press.net\/\">Africa-Press<\/a><\/strong><\/p>\n","protected":false},"excerpt":{"rendered":"<p>Africa-Press &#8211; Cameroun. Amougou Belinga, Justin Danwe\u0301, Maxime Eko Eko et une dizaine de personnes suspecte\u0301es d\u2019avoir un lien avec l\u2019affaire Martinez Zogo ont e\u0301te\u0301 inculpe\u0301s pour filature, enle\u0300vement, torture et complicite\u0301 de torture. Ils sont place\u0301s sous mandat de de\u0301po\u0302t en attendant l\u2019instruction de l\u2019affaire. Les avocats de la famille de Martinez Zogo qui [&hellip;]<\/p>\n","protected":false},"author":82,"featured_media":39072,"comment_status":"open","ping_status":"closed","sticky":false,"template":"","format":"standard","meta":{"footnotes":""},"categories":[21,10,9],"tags":[36,50,49],"class_list":["post-39073","post","type-post","status-publish","format-standard","has-post-thumbnail","hentry","category-communaute","category-toutes-les-actualites","category-video","tag-africa-press","tag-africa-press-cameroun","tag-cameroun"],"yoast_head":"<!-- This site is optimized with the Yoast SEO Premium plugin v26.1 (Yoast SEO v27.0) - https:\/\/yoast.com\/product\/yoast-seo-premium-wordpress\/ -->\n<title>Cimeti\u00e8re d&#039;injustice : r\u00e9action ferme des avocats de Martinez Zogo - Cameroun<\/title>\n<meta name=\"description\" content=\"Amougou Belinga, Justin Danwe\u0301, Maxime Eko Eko et une dizaine de personnes suspecte\u0301es d\u2019avoir un lien avec l\u2019affaire Ma ...\" \/>\n<meta name=\"robots\" content=\"index, follow, max-snippet:-1, max-image-preview:large, max-video-preview:-1\" \/>\n<link rel=\"canonical\" href=\"https:\/\/www.africa-press.net\/cameroun\/video\/cimetiere-dinjustice-reaction-ferme-des-avocats-de-martinez-zogo-2\" \/>\n<meta property=\"og:locale\" content=\"fr_FR\" \/>\n<meta property=\"og:type\" content=\"article\" \/>\n<meta property=\"og:title\" content=\"Cimeti\u00e8re d&#039;injustice : r\u00e9action ferme des avocats de Martinez Zogo\" \/>\n<meta property=\"og:description\" content=\"Amougou Belinga, Justin Danwe\u0301, Maxime Eko Eko et une dizaine de personnes suspecte\u0301es d\u2019avoir un lien avec l\u2019affaire Ma ...\" \/>\n<meta property=\"og:url\" content=\"https:\/\/www.africa-press.net\/cameroun\/video\/cimetiere-dinjustice-reaction-ferme-des-avocats-de-martinez-zogo-2\" \/>\n<meta property=\"og:site_name\" content=\"Cameroun\" \/>\n<meta property=\"article:published_time\" content=\"2023-03-12T18:17:04+00:00\" \/>\n<meta property=\"article:modified_time\" content=\"2023-03-12T19:19:02+00:00\" \/>\n<meta property=\"og:image\" content=\"https:\/\/static.africa-press.net\/cameroun\/sites\/57\/2023\/03\/postQueueImg_1678632431.89-640e2557b02e1.jpg\" \/>\n\t<meta property=\"og:image:width\" content=\"720\" \/>\n\t<meta property=\"og:image:height\" content=\"337\" \/>\n\t<meta property=\"og:image:type\" content=\"image\/jpeg\" \/>\n<meta name=\"author\" content=\"cfeditorfr\" \/>\n<meta name=\"twitter:card\" content=\"summary_large_image\" \/>\n<meta name=\"twitter:label1\" content=\"\u00c9crit par\" \/>\n\t<meta name=\"twitter:data1\" content=\"cfeditorfr\" \/>\n\t<meta name=\"twitter:label2\" content=\"Dur\u00e9e de lecture estim\u00e9e\" \/>\n\t<meta name=\"twitter:data2\" content=\"2 minutes\" \/>\n<script type=\"application\/ld+json\" class=\"yoast-schema-graph\">{\"@context\":\"https:\/\/schema.org\",\"@graph\":[{\"@type\":\"Article\",\"@id\":\"https:\/\/www.africa-press.net\/cameroun\/video\/cimetiere-dinjustice-reaction-ferme-des-avocats-de-martinez-zogo-2#article\",\"isPartOf\":{\"@id\":\"https:\/\/www.africa-press.net\/cameroun\/video\/cimetiere-dinjustice-reaction-ferme-des-avocats-de-martinez-zogo-2\"},\"author\":{\"name\":\"cfeditorfr\",\"@id\":\"https:\/\/www.africa-press.net\/cameroun\/#\/schema\/person\/2b1cf3cd81a31e3cd26889ca66d677f1\"},\"headline\":\"Cimeti\u00e8re d&rsquo;injustice : r\u00e9action ferme des avocats de Martinez Zogo\",\"datePublished\":\"2023-03-12T18:17:04+00:00\",\"dateModified\":\"2023-03-12T19:19:02+00:00\",\"mainEntityOfPage\":{\"@id\":\"https:\/\/www.africa-press.net\/cameroun\/video\/cimetiere-dinjustice-reaction-ferme-des-avocats-de-martinez-zogo-2\"},\"wordCount\":383,\"commentCount\":0,\"image\":{\"@id\":\"https:\/\/www.africa-press.net\/cameroun\/video\/cimetiere-dinjustice-reaction-ferme-des-avocats-de-martinez-zogo-2#primaryimage\"},\"thumbnailUrl\":\"https:\/\/static.africa-press.net\/cameroun\/sites\/57\/2023\/03\/postQueueImg_1678632431.89-640e2557b02e1.jpg\",\"keywords\":[\"Africa Press\",\"Africa Press-Cameroun\",\"Cameroun\"],\"articleSection\":[\"Communaut\u00e9\",\"Toutes les actualit\u00e9s\",\"vid\u00e9o\"],\"inLanguage\":\"fr-FR\",\"potentialAction\":[{\"@type\":\"CommentAction\",\"name\":\"Comment\",\"target\":[\"https:\/\/www.africa-press.net\/cameroun\/video\/cimetiere-dinjustice-reaction-ferme-des-avocats-de-martinez-zogo-2#respond\"]}]},{\"@type\":\"WebPage\",\"@id\":\"https:\/\/www.africa-press.net\/cameroun\/video\/cimetiere-dinjustice-reaction-ferme-des-avocats-de-martinez-zogo-2\",\"url\":\"https:\/\/www.africa-press.net\/cameroun\/video\/cimetiere-dinjustice-reaction-ferme-des-avocats-de-martinez-zogo-2\",\"name\":\"Cimeti\u00e8re d'injustice : r\u00e9action ferme des avocats de Martinez Zogo - Cameroun\",\"isPartOf\":{\"@id\":\"https:\/\/www.africa-press.net\/cameroun\/#website\"},\"primaryImageOfPage\":{\"@id\":\"https:\/\/www.africa-press.net\/cameroun\/video\/cimetiere-dinjustice-reaction-ferme-des-avocats-de-martinez-zogo-2#primaryimage\"},\"image\":{\"@id\":\"https:\/\/www.africa-press.net\/cameroun\/video\/cimetiere-dinjustice-reaction-ferme-des-avocats-de-martinez-zogo-2#primaryimage\"},\"thumbnailUrl\":\"https:\/\/static.africa-press.net\/cameroun\/sites\/57\/2023\/03\/postQueueImg_1678632431.89-640e2557b02e1.jpg\",\"datePublished\":\"2023-03-12T18:17:04+00:00\",\"dateModified\":\"2023-03-12T19:19:02+00:00\",\"author\":{\"@id\":\"https:\/\/www.africa-press.net\/cameroun\/#\/schema\/person\/2b1cf3cd81a31e3cd26889ca66d677f1\"},\"description\":\"Amougou Belinga, Justin Danwe\u0301, Maxime Eko Eko et une dizaine de personnes suspecte\u0301es d\u2019avoir un lien avec l\u2019affaire Ma ...\",\"breadcrumb\":{\"@id\":\"https:\/\/www.africa-press.net\/cameroun\/video\/cimetiere-dinjustice-reaction-ferme-des-avocats-de-martinez-zogo-2#breadcrumb\"},\"inLanguage\":\"fr-FR\",\"potentialAction\":[{\"@type\":\"ReadAction\",\"target\":[\"https:\/\/www.africa-press.net\/cameroun\/video\/cimetiere-dinjustice-reaction-ferme-des-avocats-de-martinez-zogo-2\"]}]},{\"@type\":\"ImageObject\",\"inLanguage\":\"fr-FR\",\"@id\":\"https:\/\/www.africa-press.net\/cameroun\/video\/cimetiere-dinjustice-reaction-ferme-des-avocats-de-martinez-zogo-2#primaryimage\",\"url\":\"https:\/\/static.africa-press.net\/cameroun\/sites\/57\/2023\/03\/postQueueImg_1678632431.89-640e2557b02e1.jpg\",\"contentUrl\":\"https:\/\/static.africa-press.net\/cameroun\/sites\/57\/2023\/03\/postQueueImg_1678632431.89-640e2557b02e1.jpg\",\"width\":720,\"height\":337,\"caption\":\"Cimeti\u00e8re d'injustice : r\u00e9action ferme des avocats de Martinez Zogo\"},{\"@type\":\"BreadcrumbList\",\"@id\":\"https:\/\/www.africa-press.net\/cameroun\/video\/cimetiere-dinjustice-reaction-ferme-des-avocats-de-martinez-zogo-2#breadcrumb\",\"itemListElement\":[{\"@type\":\"ListItem\",\"position\":1,\"name\":\"Accueil\",\"item\":\"https:\/\/www.africa-press.net\/cameroun\/\"},{\"@type\":\"ListItem\",\"position\":2,\"name\":\"Cimeti\u00e8re d&rsquo;injustice : r\u00e9action ferme des avocats de Martinez Zogo\"}]},{\"@type\":\"WebSite\",\"@id\":\"https:\/\/www.africa-press.net\/cameroun\/#website\",\"url\":\"https:\/\/www.africa-press.net\/cameroun\/\",\"name\":\"Cameroun\",\"description\":\"Just another Africa News Agency Sites site\",\"potentialAction\":[{\"@type\":\"SearchAction\",\"target\":{\"@type\":\"EntryPoint\",\"urlTemplate\":\"https:\/\/www.africa-press.net\/cameroun\/?s={search_term_string}\"},\"query-input\":{\"@type\":\"PropertyValueSpecification\",\"valueRequired\":true,\"valueName\":\"search_term_string\"}}],\"inLanguage\":\"fr-FR\"},{\"@type\":\"Person\",\"@id\":\"https:\/\/www.africa-press.net\/cameroun\/#\/schema\/person\/2b1cf3cd81a31e3cd26889ca66d677f1\",\"name\":\"cfeditorfr\"}]}<\/script>\n<!-- \/ Yoast SEO Premium plugin. -->","yoast_head_json":{"title":"Cimeti\u00e8re d'injustice : r\u00e9action ferme des avocats de Martinez Zogo - Cameroun","description":"Amougou Belinga, Justin Danwe\u0301, Maxime Eko Eko et une dizaine de personnes suspecte\u0301es d\u2019avoir un lien avec l\u2019affaire Ma ...","robots":{"index":"index","follow":"follow","max-snippet":"max-snippet:-1","max-image-preview":"max-image-preview:large","max-video-preview":"max-video-preview:-1"},"canonical":"https:\/\/www.africa-press.net\/cameroun\/video\/cimetiere-dinjustice-reaction-ferme-des-avocats-de-martinez-zogo-2","og_locale":"fr_FR","og_type":"article","og_title":"Cimeti\u00e8re d'injustice : r\u00e9action ferme des avocats de Martinez Zogo","og_description":"Amougou Belinga, Justin Danwe\u0301, Maxime Eko Eko et une dizaine de personnes suspecte\u0301es d\u2019avoir un lien avec l\u2019affaire Ma ...","og_url":"https:\/\/www.africa-press.net\/cameroun\/video\/cimetiere-dinjustice-reaction-ferme-des-avocats-de-martinez-zogo-2","og_site_name":"Cameroun","article_published_time":"2023-03-12T18:17:04+00:00","article_modified_time":"2023-03-12T19:19:02+00:00","og_image":[{"width":720,"height":337,"url":"https:\/\/static.africa-press.net\/cameroun\/sites\/57\/2023\/03\/postQueueImg_1678632431.89-640e2557b02e1.jpg","type":"image\/jpeg"}],"author":"cfeditorfr","twitter_card":"summary_large_image","twitter_misc":{"\u00c9crit par":"cfeditorfr","Dur\u00e9e de lecture estim\u00e9e":"2 minutes"},"schema":{"@context":"https:\/\/schema.org","@graph":[{"@type":"Article","@id":"https:\/\/www.africa-press.net\/cameroun\/video\/cimetiere-dinjustice-reaction-ferme-des-avocats-de-martinez-zogo-2#article","isPartOf":{"@id":"https:\/\/www.africa-press.net\/cameroun\/video\/cimetiere-dinjustice-reaction-ferme-des-avocats-de-martinez-zogo-2"},"author":{"name":"cfeditorfr","@id":"https:\/\/www.africa-press.net\/cameroun\/#\/schema\/person\/2b1cf3cd81a31e3cd26889ca66d677f1"},"headline":"Cimeti\u00e8re d&rsquo;injustice : r\u00e9action ferme des avocats de Martinez Zogo","datePublished":"2023-03-12T18:17:04+00:00","dateModified":"2023-03-12T19:19:02+00:00","mainEntityOfPage":{"@id":"https:\/\/www.africa-press.net\/cameroun\/video\/cimetiere-dinjustice-reaction-ferme-des-avocats-de-martinez-zogo-2"},"wordCount":383,"commentCount":0,"image":{"@id":"https:\/\/www.africa-press.net\/cameroun\/video\/cimetiere-dinjustice-reaction-ferme-des-avocats-de-martinez-zogo-2#primaryimage"},"thumbnailUrl":"https:\/\/static.africa-press.net\/cameroun\/sites\/57\/2023\/03\/postQueueImg_1678632431.89-640e2557b02e1.jpg","keywords":["Africa Press","Africa Press-Cameroun","Cameroun"],"articleSection":["Communaut\u00e9","Toutes les actualit\u00e9s","vid\u00e9o"],"inLanguage":"fr-FR","potentialAction":[{"@type":"CommentAction","name":"Comment","target":["https:\/\/www.africa-press.net\/cameroun\/video\/cimetiere-dinjustice-reaction-ferme-des-avocats-de-martinez-zogo-2#respond"]}]},{"@type":"WebPage","@id":"https:\/\/www.africa-press.net\/cameroun\/video\/cimetiere-dinjustice-reaction-ferme-des-avocats-de-martinez-zogo-2","url":"https:\/\/www.africa-press.net\/cameroun\/video\/cimetiere-dinjustice-reaction-ferme-des-avocats-de-martinez-zogo-2","name":"Cimeti\u00e8re d'injustice : r\u00e9action ferme des avocats de Martinez Zogo - Cameroun","isPartOf":{"@id":"https:\/\/www.africa-press.net\/cameroun\/#website"},"primaryImageOfPage":{"@id":"https:\/\/www.africa-press.net\/cameroun\/video\/cimetiere-dinjustice-reaction-ferme-des-avocats-de-martinez-zogo-2#primaryimage"},"image":{"@id":"https:\/\/www.africa-press.net\/cameroun\/video\/cimetiere-dinjustice-reaction-ferme-des-avocats-de-martinez-zogo-2#primaryimage"},"thumbnailUrl":"https:\/\/static.africa-press.net\/cameroun\/sites\/57\/2023\/03\/postQueueImg_1678632431.89-640e2557b02e1.jpg","datePublished":"2023-03-12T18:17:04+00:00","dateModified":"2023-03-12T19:19:02+00:00","author":{"@id":"https:\/\/www.africa-press.net\/cameroun\/#\/schema\/person\/2b1cf3cd81a31e3cd26889ca66d677f1"},"description":"Amougou Belinga, Justin Danwe\u0301, Maxime Eko Eko et une dizaine de personnes suspecte\u0301es d\u2019avoir un lien avec l\u2019affaire Ma ...","breadcrumb":{"@id":"https:\/\/www.africa-press.net\/cameroun\/video\/cimetiere-dinjustice-reaction-ferme-des-avocats-de-martinez-zogo-2#breadcrumb"},"inLanguage":"fr-FR","potentialAction":[{"@type":"ReadAction","target":["https:\/\/www.africa-press.net\/cameroun\/video\/cimetiere-dinjustice-reaction-ferme-des-avocats-de-martinez-zogo-2"]}]},{"@type":"ImageObject","inLanguage":"fr-FR","@id":"https:\/\/www.africa-press.net\/cameroun\/video\/cimetiere-dinjustice-reaction-ferme-des-avocats-de-martinez-zogo-2#primaryimage","url":"https:\/\/static.africa-press.net\/cameroun\/sites\/57\/2023\/03\/postQueueImg_1678632431.89-640e2557b02e1.jpg","contentUrl":"https:\/\/static.africa-press.net\/cameroun\/sites\/57\/2023\/03\/postQueueImg_1678632431.89-640e2557b02e1.jpg","width":720,"height":337,"caption":"Cimeti\u00e8re d'injustice : r\u00e9action ferme des avocats de Martinez Zogo"},{"@type":"BreadcrumbList","@id":"https:\/\/www.africa-press.net\/cameroun\/video\/cimetiere-dinjustice-reaction-ferme-des-avocats-de-martinez-zogo-2#breadcrumb","itemListElement":[{"@type":"ListItem","position":1,"name":"Accueil","item":"https:\/\/www.africa-press.net\/cameroun\/"},{"@type":"ListItem","position":2,"name":"Cimeti\u00e8re d&rsquo;injustice : r\u00e9action ferme des avocats de Martinez Zogo"}]},{"@type":"WebSite","@id":"https:\/\/www.africa-press.net\/cameroun\/#website","url":"https:\/\/www.africa-press.net\/cameroun\/","name":"Cameroun","description":"Just another Africa News Agency Sites site","potentialAction":[{"@type":"SearchAction","target":{"@type":"EntryPoint","urlTemplate":"https:\/\/www.africa-press.net\/cameroun\/?s={search_term_string}"},"query-input":{"@type":"PropertyValueSpecification","valueRequired":true,"valueName":"search_term_string"}}],"inLanguage":"fr-FR"},{"@type":"Person","@id":"https:\/\/www.africa-press.net\/cameroun\/#\/schema\/person\/2b1cf3cd81a31e3cd26889ca66d677f1","name":"cfeditorfr"}]}},"_links":{"self":[{"href":"https:\/\/www.africa-press.net\/cameroun\/wp-json\/wp\/v2\/posts\/39073","targetHints":{"allow":["GET"]}}],"collection":[{"href":"https:\/\/www.africa-press.net\/cameroun\/wp-json\/wp\/v2\/posts"}],"about":[{"href":"https:\/\/www.africa-press.net\/cameroun\/wp-json\/wp\/v2\/types\/post"}],"author":[{"embeddable":true,"href":"https:\/\/www.africa-press.net\/cameroun\/wp-json\/wp\/v2\/users\/82"}],"replies":[{"embeddable":true,"href":"https:\/\/www.africa-press.net\/cameroun\/wp-json\/wp\/v2\/comments?post=39073"}],"version-history":[{"count":0,"href":"https:\/\/www.africa-press.net\/cameroun\/wp-json\/wp\/v2\/posts\/39073\/revisions"}],"wp:featuredmedia":[{"embeddable":true,"href":"https:\/\/www.africa-press.net\/cameroun\/wp-json\/wp\/v2\/media\/39072"}],"wp:attachment":[{"href":"https:\/\/www.africa-press.net\/cameroun\/wp-json\/wp\/v2\/media?parent=39073"}],"wp:term":[{"taxonomy":"category","embeddable":true,"href":"https:\/\/www.africa-press.net\/cameroun\/wp-json\/wp\/v2\/categories?post=39073"},{"taxonomy":"post_tag","embeddable":true,"href":"https:\/\/www.africa-press.net\/cameroun\/wp-json\/wp\/v2\/tags?post=39073"}],"curies":[{"name":"wp","href":"https:\/\/api.w.org\/{rel}","templated":true}]}}