{"id":39076,"date":"2023-03-12T18:23:37","date_gmt":"2023-03-12T18:23:37","guid":{"rendered":"https:\/\/www.africa-press.net\/cameroun\/politique\/football-nouveaux-questionnements-sur-lage-du-jeune-germano-camerounais-youssoufa-moukoko"},"modified":"2023-03-12T19:19:51","modified_gmt":"2023-03-12T19:19:51","slug":"football-nouveaux-questionnements-sur-lage-du-jeune-germano-camerounais-youssoufa-moukoko","status":"publish","type":"post","link":"https:\/\/www.africa-press.net\/cameroun\/sports\/football-nouveaux-questionnements-sur-lage-du-jeune-germano-camerounais-youssoufa-moukoko","title":{"rendered":"Football: Nouveaux questionnements sur l\u2019\u00e2ge du jeune germano-camerounais Youssoufa Moukoko"},"content":{"rendered":"<p><span style=\"color: #ff6600\"><strong>Africa-Press &#8211; Cameroun. <\/strong><\/span>Rebelote. Une fois de plus Youssoufa Moukoko est au c\u0153ur de l\u2019actualite\u0301 du ballon rond, non pas pour ses performances sur les pelouses, mais a\u0300 cause de son a\u0302ge. D\u2019apre\u0300s le magazine hebdomadaire allemand Bunte, qui en en fait la Une de sa dernie\u0300re parution, celui qui est jusqu\u2019ici le plus jeune buteur de la Bundesliga (16 ans et 28 jours en de\u0301cembre 2021) serait ne\u0301 le 19 juillet 2000 a\u0300 Yaounde\u0301, et pas le 20 novembre 2004 dans la me\u0302me ville comme il est indique\u0301 sur ses pie\u0300ces officielles.<\/p>\n<p>Un e\u0301cart de 4 anne\u0301es en plus pour l\u2019international allemand (2 se\u0301lections dont une durant la coupe du monde Qatar 2022 ou\u0300 il est entre\u0301 a\u0300 quelques minutes de la fin du match face au Japon), de\u0301crit par des spe\u0301cialistes comme un des joyaux du football en Allemagne. De plus, a\u0300 s\u2019en tenir a\u0300 l\u2019acte de naissance publie\u0301 par le journal Bunte, son ve\u0301ritable nom serait en fait Youssoufa Mohamadou.<\/p>\n<p>Les pole\u0301miques sur le ve\u0301ritable a\u0302ge de Youssoufa Moukoko existent depuis ses de\u0301buts dans les cate\u0301gories jeunes ou\u0300 il a re\u0301gulie\u0300rement e\u0301te\u0301 surclasse\u0301, battant au passage de nombreux records de pre\u0301cocite\u0301.<\/p>\n<p>L\u2019attaquant, auteur cette saison de 6 buts et 4 passes de\u0301cisives en 26 matchs toutes compe\u0301titions confondues avec son club, n\u2019a pas (encore) re\u0301agi a\u0300 cette nouvelle controverse.<\/p>\n<p>Dans une interview accorde\u0301e au journaliste de sport camerounais Clovis Yompang en janvier dernier, Joseph Moukoko, son pe\u0300re adoptif, s\u2019offusquait d\u2019une cabale contre son fils. Il rappelait que l\u2019acte de naissance du socie\u0301taire du Borussia Dortmund a fait l\u2019objet d\u2019une ve\u0301rification et d\u2019une authentification par les juridictions allemandes ainsi que son club lors de sa proce\u0301dure d\u2019adoption et avant la signature de son premier contrat.<\/p>\n<p><b>Patrick Julien POLLE\u0300<\/b><\/p>\n<p><strong>Pour plus d&rsquo;informations et d&rsquo;analyses sur la <a href=\"https:\/\/www.africa-press.net\/cameroun\">Cameroun<\/a>, suivez <a href=\"https:\/\/www.africa-press.net\/\">Africa-Press<\/a><\/strong><\/p>\n","protected":false},"excerpt":{"rendered":"<p>Africa-Press &#8211; Cameroun. Rebelote. Une fois de plus Youssoufa Moukoko est au c\u0153ur de l\u2019actualite\u0301 du ballon rond, non pas pour ses performances sur les pelouses, mais a\u0300 cause de son a\u0302ge. D\u2019apre\u0300s le magazine hebdomadaire allemand Bunte, qui en en fait la Une de sa dernie\u0300re parution, celui qui est jusqu\u2019ici le plus jeune [&hellip;]<\/p>\n","protected":false},"author":82,"featured_media":39074,"comment_status":"open","ping_status":"closed","sticky":false,"template":"","format":"standard","meta":{"footnotes":""},"categories":[6,10],"tags":[36,50,49],"class_list":["post-39076","post","type-post","status-publish","format-standard","has-post-thumbnail","hentry","category-sports","category-toutes-les-actualites","tag-africa-press","tag-africa-press-cameroun","tag-cameroun"],"yoast_head":"<!-- This site is optimized with the Yoast SEO Premium plugin v26.1 (Yoast SEO v27.0) - https:\/\/yoast.com\/product\/yoast-seo-premium-wordpress\/ -->\n<title>Football: Nouveaux questionnements sur l\u2019\u00e2ge du jeune germano-camerounais Youssoufa Moukoko - Cameroun<\/title>\n<meta name=\"description\" content=\"Rebelote. Une fois de plus Youssoufa Moukoko est au c\u0153ur de l\u2019actualite\u0301 du ballon rond, non pas pour ses performances s ...\" \/>\n<meta name=\"robots\" content=\"index, follow, max-snippet:-1, max-image-preview:large, max-video-preview:-1\" \/>\n<link rel=\"canonical\" href=\"https:\/\/www.africa-press.net\/cameroun\/sports\/football-nouveaux-questionnements-sur-lage-du-jeune-germano-camerounais-youssoufa-moukoko\" \/>\n<meta property=\"og:locale\" content=\"fr_FR\" \/>\n<meta property=\"og:type\" content=\"article\" \/>\n<meta property=\"og:title\" content=\"Football: Nouveaux questionnements sur l\u2019\u00e2ge du jeune germano-camerounais Youssoufa Moukoko\" \/>\n<meta property=\"og:description\" content=\"Rebelote. Une fois de plus Youssoufa Moukoko est au c\u0153ur de l\u2019actualite\u0301 du ballon rond, non pas pour ses performances s ...\" \/>\n<meta property=\"og:url\" content=\"https:\/\/www.africa-press.net\/cameroun\/sports\/football-nouveaux-questionnements-sur-lage-du-jeune-germano-camerounais-youssoufa-moukoko\" \/>\n<meta property=\"og:site_name\" content=\"Cameroun\" \/>\n<meta property=\"article:published_time\" content=\"2023-03-12T18:23:37+00:00\" \/>\n<meta property=\"article:modified_time\" content=\"2023-03-12T19:19:51+00:00\" \/>\n<meta property=\"og:image\" content=\"https:\/\/static.africa-press.net\/cameroun\/sites\/57\/2023\/03\/postQueueImg_1678632830.78.jpg\" \/>\n\t<meta property=\"og:image:width\" content=\"800\" \/>\n\t<meta property=\"og:image:height\" content=\"449\" \/>\n\t<meta property=\"og:image:type\" content=\"image\/jpeg\" \/>\n<meta name=\"author\" content=\"cfeditorfr\" \/>\n<meta name=\"twitter:card\" content=\"summary_large_image\" \/>\n<meta name=\"twitter:label1\" content=\"\u00c9crit par\" \/>\n\t<meta name=\"twitter:data1\" content=\"cfeditorfr\" \/>\n\t<meta name=\"twitter:label2\" content=\"Dur\u00e9e de lecture estim\u00e9e\" \/>\n\t<meta name=\"twitter:data2\" content=\"2 minutes\" \/>\n<script type=\"application\/ld+json\" class=\"yoast-schema-graph\">{\"@context\":\"https:\/\/schema.org\",\"@graph\":[{\"@type\":\"Article\",\"@id\":\"https:\/\/www.africa-press.net\/cameroun\/sports\/football-nouveaux-questionnements-sur-lage-du-jeune-germano-camerounais-youssoufa-moukoko#article\",\"isPartOf\":{\"@id\":\"https:\/\/www.africa-press.net\/cameroun\/sports\/football-nouveaux-questionnements-sur-lage-du-jeune-germano-camerounais-youssoufa-moukoko\"},\"author\":{\"name\":\"cfeditorfr\",\"@id\":\"https:\/\/www.africa-press.net\/cameroun\/#\/schema\/person\/2b1cf3cd81a31e3cd26889ca66d677f1\"},\"headline\":\"Football: Nouveaux questionnements sur l\u2019\u00e2ge du jeune germano-camerounais Youssoufa Moukoko\",\"datePublished\":\"2023-03-12T18:23:37+00:00\",\"dateModified\":\"2023-03-12T19:19:51+00:00\",\"mainEntityOfPage\":{\"@id\":\"https:\/\/www.africa-press.net\/cameroun\/sports\/football-nouveaux-questionnements-sur-lage-du-jeune-germano-camerounais-youssoufa-moukoko\"},\"wordCount\":345,\"commentCount\":0,\"image\":{\"@id\":\"https:\/\/www.africa-press.net\/cameroun\/sports\/football-nouveaux-questionnements-sur-lage-du-jeune-germano-camerounais-youssoufa-moukoko#primaryimage\"},\"thumbnailUrl\":\"https:\/\/static.africa-press.net\/cameroun\/sites\/57\/2023\/03\/postQueueImg_1678632830.78.jpg\",\"keywords\":[\"Africa Press\",\"Africa Press-Cameroun\",\"Cameroun\"],\"articleSection\":[\"Sports\",\"Toutes les actualit\u00e9s\"],\"inLanguage\":\"fr-FR\",\"potentialAction\":[{\"@type\":\"CommentAction\",\"name\":\"Comment\",\"target\":[\"https:\/\/www.africa-press.net\/cameroun\/sports\/football-nouveaux-questionnements-sur-lage-du-jeune-germano-camerounais-youssoufa-moukoko#respond\"]}]},{\"@type\":\"WebPage\",\"@id\":\"https:\/\/www.africa-press.net\/cameroun\/sports\/football-nouveaux-questionnements-sur-lage-du-jeune-germano-camerounais-youssoufa-moukoko\",\"url\":\"https:\/\/www.africa-press.net\/cameroun\/sports\/football-nouveaux-questionnements-sur-lage-du-jeune-germano-camerounais-youssoufa-moukoko\",\"name\":\"Football: Nouveaux questionnements sur l\u2019\u00e2ge du jeune germano-camerounais Youssoufa Moukoko - Cameroun\",\"isPartOf\":{\"@id\":\"https:\/\/www.africa-press.net\/cameroun\/#website\"},\"primaryImageOfPage\":{\"@id\":\"https:\/\/www.africa-press.net\/cameroun\/sports\/football-nouveaux-questionnements-sur-lage-du-jeune-germano-camerounais-youssoufa-moukoko#primaryimage\"},\"image\":{\"@id\":\"https:\/\/www.africa-press.net\/cameroun\/sports\/football-nouveaux-questionnements-sur-lage-du-jeune-germano-camerounais-youssoufa-moukoko#primaryimage\"},\"thumbnailUrl\":\"https:\/\/static.africa-press.net\/cameroun\/sites\/57\/2023\/03\/postQueueImg_1678632830.78.jpg\",\"datePublished\":\"2023-03-12T18:23:37+00:00\",\"dateModified\":\"2023-03-12T19:19:51+00:00\",\"author\":{\"@id\":\"https:\/\/www.africa-press.net\/cameroun\/#\/schema\/person\/2b1cf3cd81a31e3cd26889ca66d677f1\"},\"description\":\"Rebelote. Une fois de plus Youssoufa Moukoko est au c\u0153ur de l\u2019actualite\u0301 du ballon rond, non pas pour ses performances s ...\",\"breadcrumb\":{\"@id\":\"https:\/\/www.africa-press.net\/cameroun\/sports\/football-nouveaux-questionnements-sur-lage-du-jeune-germano-camerounais-youssoufa-moukoko#breadcrumb\"},\"inLanguage\":\"fr-FR\",\"potentialAction\":[{\"@type\":\"ReadAction\",\"target\":[\"https:\/\/www.africa-press.net\/cameroun\/sports\/football-nouveaux-questionnements-sur-lage-du-jeune-germano-camerounais-youssoufa-moukoko\"]}]},{\"@type\":\"ImageObject\",\"inLanguage\":\"fr-FR\",\"@id\":\"https:\/\/www.africa-press.net\/cameroun\/sports\/football-nouveaux-questionnements-sur-lage-du-jeune-germano-camerounais-youssoufa-moukoko#primaryimage\",\"url\":\"https:\/\/static.africa-press.net\/cameroun\/sites\/57\/2023\/03\/postQueueImg_1678632830.78.jpg\",\"contentUrl\":\"https:\/\/static.africa-press.net\/cameroun\/sites\/57\/2023\/03\/postQueueImg_1678632830.78.jpg\",\"width\":800,\"height\":449,\"caption\":\"Football: Nouveaux questionnements sur l\u2019\u00e2ge du jeune germano-camerounais Youssoufa Moukoko\"},{\"@type\":\"BreadcrumbList\",\"@id\":\"https:\/\/www.africa-press.net\/cameroun\/sports\/football-nouveaux-questionnements-sur-lage-du-jeune-germano-camerounais-youssoufa-moukoko#breadcrumb\",\"itemListElement\":[{\"@type\":\"ListItem\",\"position\":1,\"name\":\"Accueil\",\"item\":\"https:\/\/www.africa-press.net\/cameroun\/\"},{\"@type\":\"ListItem\",\"position\":2,\"name\":\"Football: Nouveaux questionnements sur l\u2019\u00e2ge du jeune germano-camerounais Youssoufa Moukoko\"}]},{\"@type\":\"WebSite\",\"@id\":\"https:\/\/www.africa-press.net\/cameroun\/#website\",\"url\":\"https:\/\/www.africa-press.net\/cameroun\/\",\"name\":\"Cameroun\",\"description\":\"Just another Africa News Agency Sites site\",\"potentialAction\":[{\"@type\":\"SearchAction\",\"target\":{\"@type\":\"EntryPoint\",\"urlTemplate\":\"https:\/\/www.africa-press.net\/cameroun\/?s={search_term_string}\"},\"query-input\":{\"@type\":\"PropertyValueSpecification\",\"valueRequired\":true,\"valueName\":\"search_term_string\"}}],\"inLanguage\":\"fr-FR\"},{\"@type\":\"Person\",\"@id\":\"https:\/\/www.africa-press.net\/cameroun\/#\/schema\/person\/2b1cf3cd81a31e3cd26889ca66d677f1\",\"name\":\"cfeditorfr\"}]}<\/script>\n<!-- \/ Yoast SEO Premium plugin. -->","yoast_head_json":{"title":"Football: Nouveaux questionnements sur l\u2019\u00e2ge du jeune germano-camerounais Youssoufa Moukoko - Cameroun","description":"Rebelote. Une fois de plus Youssoufa Moukoko est au c\u0153ur de l\u2019actualite\u0301 du ballon rond, non pas pour ses performances s ...","robots":{"index":"index","follow":"follow","max-snippet":"max-snippet:-1","max-image-preview":"max-image-preview:large","max-video-preview":"max-video-preview:-1"},"canonical":"https:\/\/www.africa-press.net\/cameroun\/sports\/football-nouveaux-questionnements-sur-lage-du-jeune-germano-camerounais-youssoufa-moukoko","og_locale":"fr_FR","og_type":"article","og_title":"Football: Nouveaux questionnements sur l\u2019\u00e2ge du jeune germano-camerounais Youssoufa Moukoko","og_description":"Rebelote. Une fois de plus Youssoufa Moukoko est au c\u0153ur de l\u2019actualite\u0301 du ballon rond, non pas pour ses performances s ...","og_url":"https:\/\/www.africa-press.net\/cameroun\/sports\/football-nouveaux-questionnements-sur-lage-du-jeune-germano-camerounais-youssoufa-moukoko","og_site_name":"Cameroun","article_published_time":"2023-03-12T18:23:37+00:00","article_modified_time":"2023-03-12T19:19:51+00:00","og_image":[{"width":800,"height":449,"url":"https:\/\/static.africa-press.net\/cameroun\/sites\/57\/2023\/03\/postQueueImg_1678632830.78.jpg","type":"image\/jpeg"}],"author":"cfeditorfr","twitter_card":"summary_large_image","twitter_misc":{"\u00c9crit par":"cfeditorfr","Dur\u00e9e de lecture estim\u00e9e":"2 minutes"},"schema":{"@context":"https:\/\/schema.org","@graph":[{"@type":"Article","@id":"https:\/\/www.africa-press.net\/cameroun\/sports\/football-nouveaux-questionnements-sur-lage-du-jeune-germano-camerounais-youssoufa-moukoko#article","isPartOf":{"@id":"https:\/\/www.africa-press.net\/cameroun\/sports\/football-nouveaux-questionnements-sur-lage-du-jeune-germano-camerounais-youssoufa-moukoko"},"author":{"name":"cfeditorfr","@id":"https:\/\/www.africa-press.net\/cameroun\/#\/schema\/person\/2b1cf3cd81a31e3cd26889ca66d677f1"},"headline":"Football: Nouveaux questionnements sur l\u2019\u00e2ge du jeune germano-camerounais Youssoufa Moukoko","datePublished":"2023-03-12T18:23:37+00:00","dateModified":"2023-03-12T19:19:51+00:00","mainEntityOfPage":{"@id":"https:\/\/www.africa-press.net\/cameroun\/sports\/football-nouveaux-questionnements-sur-lage-du-jeune-germano-camerounais-youssoufa-moukoko"},"wordCount":345,"commentCount":0,"image":{"@id":"https:\/\/www.africa-press.net\/cameroun\/sports\/football-nouveaux-questionnements-sur-lage-du-jeune-germano-camerounais-youssoufa-moukoko#primaryimage"},"thumbnailUrl":"https:\/\/static.africa-press.net\/cameroun\/sites\/57\/2023\/03\/postQueueImg_1678632830.78.jpg","keywords":["Africa Press","Africa Press-Cameroun","Cameroun"],"articleSection":["Sports","Toutes les actualit\u00e9s"],"inLanguage":"fr-FR","potentialAction":[{"@type":"CommentAction","name":"Comment","target":["https:\/\/www.africa-press.net\/cameroun\/sports\/football-nouveaux-questionnements-sur-lage-du-jeune-germano-camerounais-youssoufa-moukoko#respond"]}]},{"@type":"WebPage","@id":"https:\/\/www.africa-press.net\/cameroun\/sports\/football-nouveaux-questionnements-sur-lage-du-jeune-germano-camerounais-youssoufa-moukoko","url":"https:\/\/www.africa-press.net\/cameroun\/sports\/football-nouveaux-questionnements-sur-lage-du-jeune-germano-camerounais-youssoufa-moukoko","name":"Football: Nouveaux questionnements sur l\u2019\u00e2ge du jeune germano-camerounais Youssoufa Moukoko - Cameroun","isPartOf":{"@id":"https:\/\/www.africa-press.net\/cameroun\/#website"},"primaryImageOfPage":{"@id":"https:\/\/www.africa-press.net\/cameroun\/sports\/football-nouveaux-questionnements-sur-lage-du-jeune-germano-camerounais-youssoufa-moukoko#primaryimage"},"image":{"@id":"https:\/\/www.africa-press.net\/cameroun\/sports\/football-nouveaux-questionnements-sur-lage-du-jeune-germano-camerounais-youssoufa-moukoko#primaryimage"},"thumbnailUrl":"https:\/\/static.africa-press.net\/cameroun\/sites\/57\/2023\/03\/postQueueImg_1678632830.78.jpg","datePublished":"2023-03-12T18:23:37+00:00","dateModified":"2023-03-12T19:19:51+00:00","author":{"@id":"https:\/\/www.africa-press.net\/cameroun\/#\/schema\/person\/2b1cf3cd81a31e3cd26889ca66d677f1"},"description":"Rebelote. Une fois de plus Youssoufa Moukoko est au c\u0153ur de l\u2019actualite\u0301 du ballon rond, non pas pour ses performances s ...","breadcrumb":{"@id":"https:\/\/www.africa-press.net\/cameroun\/sports\/football-nouveaux-questionnements-sur-lage-du-jeune-germano-camerounais-youssoufa-moukoko#breadcrumb"},"inLanguage":"fr-FR","potentialAction":[{"@type":"ReadAction","target":["https:\/\/www.africa-press.net\/cameroun\/sports\/football-nouveaux-questionnements-sur-lage-du-jeune-germano-camerounais-youssoufa-moukoko"]}]},{"@type":"ImageObject","inLanguage":"fr-FR","@id":"https:\/\/www.africa-press.net\/cameroun\/sports\/football-nouveaux-questionnements-sur-lage-du-jeune-germano-camerounais-youssoufa-moukoko#primaryimage","url":"https:\/\/static.africa-press.net\/cameroun\/sites\/57\/2023\/03\/postQueueImg_1678632830.78.jpg","contentUrl":"https:\/\/static.africa-press.net\/cameroun\/sites\/57\/2023\/03\/postQueueImg_1678632830.78.jpg","width":800,"height":449,"caption":"Football: Nouveaux questionnements sur l\u2019\u00e2ge du jeune germano-camerounais Youssoufa Moukoko"},{"@type":"BreadcrumbList","@id":"https:\/\/www.africa-press.net\/cameroun\/sports\/football-nouveaux-questionnements-sur-lage-du-jeune-germano-camerounais-youssoufa-moukoko#breadcrumb","itemListElement":[{"@type":"ListItem","position":1,"name":"Accueil","item":"https:\/\/www.africa-press.net\/cameroun\/"},{"@type":"ListItem","position":2,"name":"Football: Nouveaux questionnements sur l\u2019\u00e2ge du jeune germano-camerounais Youssoufa Moukoko"}]},{"@type":"WebSite","@id":"https:\/\/www.africa-press.net\/cameroun\/#website","url":"https:\/\/www.africa-press.net\/cameroun\/","name":"Cameroun","description":"Just another Africa News Agency Sites site","potentialAction":[{"@type":"SearchAction","target":{"@type":"EntryPoint","urlTemplate":"https:\/\/www.africa-press.net\/cameroun\/?s={search_term_string}"},"query-input":{"@type":"PropertyValueSpecification","valueRequired":true,"valueName":"search_term_string"}}],"inLanguage":"fr-FR"},{"@type":"Person","@id":"https:\/\/www.africa-press.net\/cameroun\/#\/schema\/person\/2b1cf3cd81a31e3cd26889ca66d677f1","name":"cfeditorfr"}]}},"_links":{"self":[{"href":"https:\/\/www.africa-press.net\/cameroun\/wp-json\/wp\/v2\/posts\/39076","targetHints":{"allow":["GET"]}}],"collection":[{"href":"https:\/\/www.africa-press.net\/cameroun\/wp-json\/wp\/v2\/posts"}],"about":[{"href":"https:\/\/www.africa-press.net\/cameroun\/wp-json\/wp\/v2\/types\/post"}],"author":[{"embeddable":true,"href":"https:\/\/www.africa-press.net\/cameroun\/wp-json\/wp\/v2\/users\/82"}],"replies":[{"embeddable":true,"href":"https:\/\/www.africa-press.net\/cameroun\/wp-json\/wp\/v2\/comments?post=39076"}],"version-history":[{"count":0,"href":"https:\/\/www.africa-press.net\/cameroun\/wp-json\/wp\/v2\/posts\/39076\/revisions"}],"wp:featuredmedia":[{"embeddable":true,"href":"https:\/\/www.africa-press.net\/cameroun\/wp-json\/wp\/v2\/media\/39074"}],"wp:attachment":[{"href":"https:\/\/www.africa-press.net\/cameroun\/wp-json\/wp\/v2\/media?parent=39076"}],"wp:term":[{"taxonomy":"category","embeddable":true,"href":"https:\/\/www.africa-press.net\/cameroun\/wp-json\/wp\/v2\/categories?post=39076"},{"taxonomy":"post_tag","embeddable":true,"href":"https:\/\/www.africa-press.net\/cameroun\/wp-json\/wp\/v2\/tags?post=39076"}],"curies":[{"name":"wp","href":"https:\/\/api.w.org\/{rel}","templated":true}]}}