{"id":39082,"date":"2023-03-13T12:28:27","date_gmt":"2023-03-13T12:28:27","guid":{"rendered":"https:\/\/www.africa-press.net\/cameroun\/politique\/biya-sen-va-pour-ne-plus-revenir-aux-affaires-le-president-fait-ses-adieux-a-ses-amis-de-la-cemac"},"modified":"2023-03-13T12:42:26","modified_gmt":"2023-03-13T12:42:26","slug":"biya-sen-va-pour-ne-plus-revenir-aux-affaires-le-president-fait-ses-adieux-a-ses-amis-de-la-cemac","status":"publish","type":"post","link":"https:\/\/www.africa-press.net\/cameroun\/politique\/biya-sen-va-pour-ne-plus-revenir-aux-affaires-le-president-fait-ses-adieux-a-ses-amis-de-la-cemac","title":{"rendered":"Biya s&rsquo;en va pour ne plus revenir aux affaires: le pr\u00e9sident fait ses adieux \u00e0 ses &lsquo;amis&rsquo; de la CEMAC"},"content":{"rendered":"<p><span style=\"color: #ff6600\"><strong>Africa-Press &#8211; Cameroun. <\/strong><\/span>Biya n&rsquo;a plus vu plusieurs de ses pairs chefs d&rsquo;Etats des Etats d&rsquo;Afrique centrale depuis 2019, anne\u0301e ou\u0300 le chef de l&rsquo;Etat camerounais les a vu et serre\u0301 leurs mains.<\/p>\n<p>Le 17 mars prochain, ils seront sans doute a\u0300 Yaounde\u0301 pour un sommet en pre\u0301sentiel des chefs d&rsquo;Etats d&rsquo;Afrique centrale. Officiellement, ce sommet a pour objectif de faire le point sur les projets communautaires de l&rsquo;Union.<\/p>\n<p>Le sommet permettra e\u0301galement de passer la pre\u0301sidence tournante de la Cemac, au chef de l&rsquo;Etat centrafricain Faustin Archange Touade\u0301ra, la Centrafrique e\u0301tant le pays qui devrait assurer la pre\u0301sidence de l&rsquo;Institution.<\/p>\n<p>Ce sera dont l&rsquo;occasion pour Biya de faire ses adieux a\u0300 ses pairs. D&rsquo;apre\u0300s des informations de sources tre\u0300s introduites dans le se\u0301rail de Yaounde\u0301, Biya voyant son re\u0300gne tre\u0300s proche, fera e\u0301galement ses adieux aux chefs de l&rsquo;Etat d&rsquo;Afrique centrale et partagera les projets politiques et de successions a\u0300 certains de ses pairs.<\/p>\n<p>En d&rsquo;autres termes, cela veut dire que le chef de l&rsquo;Etat camerounais pourrait ne plus se repre\u0301senter a\u0300 la te\u0302te du Cameroun, et que celui qu&rsquo;il a choisi pour sa succession sera de\u0301voile\u0301.<\/p>\n<p>Le secteur financier de la Communaute\u0301 e\u0301conomique et mone\u0301taire de l\u2019Afrique centrale (CEMAC) qui regroupe six pays d\u2019Afrique centrale (Cameroun, Centrafrique, Congo, Gabon, Guine\u0301e e\u0301quatoriale et Tchad), connai\u0302t un re\u0301el dynamisme gra\u0302ce a\u0300 des re\u0301forme hardies, si l&rsquo;on en croit le bilan re\u0301alise\u0301 en 2022 par les e\u0301conomistes de l&rsquo;Institution.<\/p>\n<p>Gra\u0302ce aux re\u0301formes engage\u0301es, le marche\u0301 financier de la CEMAC est en pleine mutation depuis 2019. Le marche\u0301 mone\u0301taire, segment quasi inexistant de ce marche\u0301 financier en 2018, a enregistre\u0301 une forte croissance de l\u2019encours des transactions interbancaires qui a atteint 288 milliards de francs CFA en aou\u0302t 2021 contre 153 milliards en aou\u0302t 2020, soit une hausse de 88%. Sur le marche\u0301 des titres publics, l\u2019encours des valeurs des tre\u0301sors de la CEMAC au 31 mars 2022 a atteint 5820 milliards de francs CFA contre 1000 milliards de francs CFA en 2018, date du de\u0301but des re\u0301formes, repre\u0301sentant ainsi une augmentation de 482% en trois ans. Le recours au marche\u0301 sur ce segment est passe\u0301 de 2,1% du produit inte\u0301rieur brut (PIB) en 2018 a\u0300 8% en mars 2022.<\/p>\n<p><strong>Pour plus d&rsquo;informations et d&rsquo;analyses sur la <a href=\"https:\/\/www.africa-press.net\/cameroun\">Cameroun<\/a>, suivez <a href=\"https:\/\/www.africa-press.net\/\">Africa-Press<\/a><\/strong><\/p>\n","protected":false},"excerpt":{"rendered":"<p>Africa-Press &#8211; Cameroun. Biya n&rsquo;a plus vu plusieurs de ses pairs chefs d&rsquo;Etats des Etats d&rsquo;Afrique centrale depuis 2019, anne\u0301e ou\u0300 le chef de l&rsquo;Etat camerounais les a vu et serre\u0301 leurs mains. Le 17 mars prochain, ils seront sans doute a\u0300 Yaounde\u0301 pour un sommet en pre\u0301sentiel des chefs d&rsquo;Etats d&rsquo;Afrique centrale. Officiellement, ce [&hellip;]<\/p>\n","protected":false},"author":82,"featured_media":39081,"comment_status":"open","ping_status":"closed","sticky":false,"template":"","format":"standard","meta":{"footnotes":""},"categories":[2,10],"tags":[36,50,49],"class_list":["post-39082","post","type-post","status-publish","format-standard","has-post-thumbnail","hentry","category-politique","category-toutes-les-actualites","tag-africa-press","tag-africa-press-cameroun","tag-cameroun"],"yoast_head":"<!-- This site is optimized with the Yoast SEO Premium plugin v26.1 (Yoast SEO v27.0) - https:\/\/yoast.com\/product\/yoast-seo-premium-wordpress\/ -->\n<title>Biya s&#039;en va pour ne plus revenir aux affaires: le pr\u00e9sident fait ses adieux \u00e0 ses &#039;amis&#039; de la CEMAC - Cameroun<\/title>\n<meta name=\"description\" content=\"Biya n&#039;a plus vu plusieurs de ses pairs chefs d&#039;Etats des Etats d&#039;Afrique centrale depuis 2019, anne\u0301e ou\u0300 le chef de l&#039; ...\" \/>\n<meta name=\"robots\" content=\"index, follow, max-snippet:-1, max-image-preview:large, max-video-preview:-1\" \/>\n<link rel=\"canonical\" href=\"https:\/\/www.africa-press.net\/cameroun\/politique\/biya-sen-va-pour-ne-plus-revenir-aux-affaires-le-president-fait-ses-adieux-a-ses-amis-de-la-cemac\" \/>\n<meta property=\"og:locale\" content=\"fr_FR\" \/>\n<meta property=\"og:type\" content=\"article\" \/>\n<meta property=\"og:title\" content=\"Biya s&#039;en va pour ne plus revenir aux affaires: le pr\u00e9sident fait ses adieux \u00e0 ses &#039;amis&#039; de la CEMAC\" \/>\n<meta property=\"og:description\" content=\"Biya n&#039;a plus vu plusieurs de ses pairs chefs d&#039;Etats des Etats d&#039;Afrique centrale depuis 2019, anne\u0301e ou\u0300 le chef de l&#039; ...\" \/>\n<meta property=\"og:url\" content=\"https:\/\/www.africa-press.net\/cameroun\/politique\/biya-sen-va-pour-ne-plus-revenir-aux-affaires-le-president-fait-ses-adieux-a-ses-amis-de-la-cemac\" \/>\n<meta property=\"og:site_name\" content=\"Cameroun\" \/>\n<meta property=\"article:published_time\" content=\"2023-03-13T12:28:27+00:00\" \/>\n<meta property=\"article:modified_time\" content=\"2023-03-13T12:42:26+00:00\" \/>\n<meta property=\"og:image\" content=\"https:\/\/static.africa-press.net\/cameroun\/sites\/57\/2023\/03\/postQueueImg_1678697910.34.jpg\" \/>\n\t<meta property=\"og:image:width\" content=\"720\" \/>\n\t<meta property=\"og:image:height\" content=\"360\" \/>\n\t<meta property=\"og:image:type\" content=\"image\/jpeg\" \/>\n<meta name=\"author\" content=\"cfeditorfr\" \/>\n<meta name=\"twitter:card\" content=\"summary_large_image\" \/>\n<meta name=\"twitter:label1\" content=\"\u00c9crit par\" \/>\n\t<meta name=\"twitter:data1\" content=\"cfeditorfr\" \/>\n\t<meta name=\"twitter:label2\" content=\"Dur\u00e9e de lecture estim\u00e9e\" \/>\n\t<meta name=\"twitter:data2\" content=\"2 minutes\" \/>\n<script type=\"application\/ld+json\" class=\"yoast-schema-graph\">{\"@context\":\"https:\/\/schema.org\",\"@graph\":[{\"@type\":\"Article\",\"@id\":\"https:\/\/www.africa-press.net\/cameroun\/politique\/biya-sen-va-pour-ne-plus-revenir-aux-affaires-le-president-fait-ses-adieux-a-ses-amis-de-la-cemac#article\",\"isPartOf\":{\"@id\":\"https:\/\/www.africa-press.net\/cameroun\/politique\/biya-sen-va-pour-ne-plus-revenir-aux-affaires-le-president-fait-ses-adieux-a-ses-amis-de-la-cemac\"},\"author\":{\"name\":\"cfeditorfr\",\"@id\":\"https:\/\/www.africa-press.net\/cameroun\/#\/schema\/person\/2b1cf3cd81a31e3cd26889ca66d677f1\"},\"headline\":\"Biya s&rsquo;en va pour ne plus revenir aux affaires: le pr\u00e9sident fait ses adieux \u00e0 ses &lsquo;amis&rsquo; de la CEMAC\",\"datePublished\":\"2023-03-13T12:28:27+00:00\",\"dateModified\":\"2023-03-13T12:42:26+00:00\",\"mainEntityOfPage\":{\"@id\":\"https:\/\/www.africa-press.net\/cameroun\/politique\/biya-sen-va-pour-ne-plus-revenir-aux-affaires-le-president-fait-ses-adieux-a-ses-amis-de-la-cemac\"},\"wordCount\":440,\"commentCount\":0,\"image\":{\"@id\":\"https:\/\/www.africa-press.net\/cameroun\/politique\/biya-sen-va-pour-ne-plus-revenir-aux-affaires-le-president-fait-ses-adieux-a-ses-amis-de-la-cemac#primaryimage\"},\"thumbnailUrl\":\"https:\/\/static.africa-press.net\/cameroun\/sites\/57\/2023\/03\/postQueueImg_1678697910.34.jpg\",\"keywords\":[\"Africa Press\",\"Africa Press-Cameroun\",\"Cameroun\"],\"articleSection\":[\"Politique\",\"Toutes les actualit\u00e9s\"],\"inLanguage\":\"fr-FR\",\"potentialAction\":[{\"@type\":\"CommentAction\",\"name\":\"Comment\",\"target\":[\"https:\/\/www.africa-press.net\/cameroun\/politique\/biya-sen-va-pour-ne-plus-revenir-aux-affaires-le-president-fait-ses-adieux-a-ses-amis-de-la-cemac#respond\"]}]},{\"@type\":\"WebPage\",\"@id\":\"https:\/\/www.africa-press.net\/cameroun\/politique\/biya-sen-va-pour-ne-plus-revenir-aux-affaires-le-president-fait-ses-adieux-a-ses-amis-de-la-cemac\",\"url\":\"https:\/\/www.africa-press.net\/cameroun\/politique\/biya-sen-va-pour-ne-plus-revenir-aux-affaires-le-president-fait-ses-adieux-a-ses-amis-de-la-cemac\",\"name\":\"Biya s'en va pour ne plus revenir aux affaires: le pr\u00e9sident fait ses adieux \u00e0 ses 'amis' de la CEMAC - Cameroun\",\"isPartOf\":{\"@id\":\"https:\/\/www.africa-press.net\/cameroun\/#website\"},\"primaryImageOfPage\":{\"@id\":\"https:\/\/www.africa-press.net\/cameroun\/politique\/biya-sen-va-pour-ne-plus-revenir-aux-affaires-le-president-fait-ses-adieux-a-ses-amis-de-la-cemac#primaryimage\"},\"image\":{\"@id\":\"https:\/\/www.africa-press.net\/cameroun\/politique\/biya-sen-va-pour-ne-plus-revenir-aux-affaires-le-president-fait-ses-adieux-a-ses-amis-de-la-cemac#primaryimage\"},\"thumbnailUrl\":\"https:\/\/static.africa-press.net\/cameroun\/sites\/57\/2023\/03\/postQueueImg_1678697910.34.jpg\",\"datePublished\":\"2023-03-13T12:28:27+00:00\",\"dateModified\":\"2023-03-13T12:42:26+00:00\",\"author\":{\"@id\":\"https:\/\/www.africa-press.net\/cameroun\/#\/schema\/person\/2b1cf3cd81a31e3cd26889ca66d677f1\"},\"description\":\"Biya n'a plus vu plusieurs de ses pairs chefs d'Etats des Etats d'Afrique centrale depuis 2019, anne\u0301e ou\u0300 le chef de l' ...\",\"breadcrumb\":{\"@id\":\"https:\/\/www.africa-press.net\/cameroun\/politique\/biya-sen-va-pour-ne-plus-revenir-aux-affaires-le-president-fait-ses-adieux-a-ses-amis-de-la-cemac#breadcrumb\"},\"inLanguage\":\"fr-FR\",\"potentialAction\":[{\"@type\":\"ReadAction\",\"target\":[\"https:\/\/www.africa-press.net\/cameroun\/politique\/biya-sen-va-pour-ne-plus-revenir-aux-affaires-le-president-fait-ses-adieux-a-ses-amis-de-la-cemac\"]}]},{\"@type\":\"ImageObject\",\"inLanguage\":\"fr-FR\",\"@id\":\"https:\/\/www.africa-press.net\/cameroun\/politique\/biya-sen-va-pour-ne-plus-revenir-aux-affaires-le-president-fait-ses-adieux-a-ses-amis-de-la-cemac#primaryimage\",\"url\":\"https:\/\/static.africa-press.net\/cameroun\/sites\/57\/2023\/03\/postQueueImg_1678697910.34.jpg\",\"contentUrl\":\"https:\/\/static.africa-press.net\/cameroun\/sites\/57\/2023\/03\/postQueueImg_1678697910.34.jpg\",\"width\":720,\"height\":360,\"caption\":\"Biya s'en va pour ne plus revenir aux affaires: le pr\u00e9sident fait ses adieux \u00e0 ses 'amis' de la CEMAC\"},{\"@type\":\"BreadcrumbList\",\"@id\":\"https:\/\/www.africa-press.net\/cameroun\/politique\/biya-sen-va-pour-ne-plus-revenir-aux-affaires-le-president-fait-ses-adieux-a-ses-amis-de-la-cemac#breadcrumb\",\"itemListElement\":[{\"@type\":\"ListItem\",\"position\":1,\"name\":\"Accueil\",\"item\":\"https:\/\/www.africa-press.net\/cameroun\/\"},{\"@type\":\"ListItem\",\"position\":2,\"name\":\"Biya s&rsquo;en va pour ne plus revenir aux affaires: le pr\u00e9sident fait ses adieux \u00e0 ses &lsquo;amis&rsquo; de la CEMAC\"}]},{\"@type\":\"WebSite\",\"@id\":\"https:\/\/www.africa-press.net\/cameroun\/#website\",\"url\":\"https:\/\/www.africa-press.net\/cameroun\/\",\"name\":\"Cameroun\",\"description\":\"Just another Africa News Agency Sites site\",\"potentialAction\":[{\"@type\":\"SearchAction\",\"target\":{\"@type\":\"EntryPoint\",\"urlTemplate\":\"https:\/\/www.africa-press.net\/cameroun\/?s={search_term_string}\"},\"query-input\":{\"@type\":\"PropertyValueSpecification\",\"valueRequired\":true,\"valueName\":\"search_term_string\"}}],\"inLanguage\":\"fr-FR\"},{\"@type\":\"Person\",\"@id\":\"https:\/\/www.africa-press.net\/cameroun\/#\/schema\/person\/2b1cf3cd81a31e3cd26889ca66d677f1\",\"name\":\"cfeditorfr\"}]}<\/script>\n<!-- \/ Yoast SEO Premium plugin. -->","yoast_head_json":{"title":"Biya s'en va pour ne plus revenir aux affaires: le pr\u00e9sident fait ses adieux \u00e0 ses 'amis' de la CEMAC - Cameroun","description":"Biya n'a plus vu plusieurs de ses pairs chefs d'Etats des Etats d'Afrique centrale depuis 2019, anne\u0301e ou\u0300 le chef de l' ...","robots":{"index":"index","follow":"follow","max-snippet":"max-snippet:-1","max-image-preview":"max-image-preview:large","max-video-preview":"max-video-preview:-1"},"canonical":"https:\/\/www.africa-press.net\/cameroun\/politique\/biya-sen-va-pour-ne-plus-revenir-aux-affaires-le-president-fait-ses-adieux-a-ses-amis-de-la-cemac","og_locale":"fr_FR","og_type":"article","og_title":"Biya s'en va pour ne plus revenir aux affaires: le pr\u00e9sident fait ses adieux \u00e0 ses 'amis' de la CEMAC","og_description":"Biya n'a plus vu plusieurs de ses pairs chefs d'Etats des Etats d'Afrique centrale depuis 2019, anne\u0301e ou\u0300 le chef de l' ...","og_url":"https:\/\/www.africa-press.net\/cameroun\/politique\/biya-sen-va-pour-ne-plus-revenir-aux-affaires-le-president-fait-ses-adieux-a-ses-amis-de-la-cemac","og_site_name":"Cameroun","article_published_time":"2023-03-13T12:28:27+00:00","article_modified_time":"2023-03-13T12:42:26+00:00","og_image":[{"width":720,"height":360,"url":"https:\/\/static.africa-press.net\/cameroun\/sites\/57\/2023\/03\/postQueueImg_1678697910.34.jpg","type":"image\/jpeg"}],"author":"cfeditorfr","twitter_card":"summary_large_image","twitter_misc":{"\u00c9crit par":"cfeditorfr","Dur\u00e9e de lecture estim\u00e9e":"2 minutes"},"schema":{"@context":"https:\/\/schema.org","@graph":[{"@type":"Article","@id":"https:\/\/www.africa-press.net\/cameroun\/politique\/biya-sen-va-pour-ne-plus-revenir-aux-affaires-le-president-fait-ses-adieux-a-ses-amis-de-la-cemac#article","isPartOf":{"@id":"https:\/\/www.africa-press.net\/cameroun\/politique\/biya-sen-va-pour-ne-plus-revenir-aux-affaires-le-president-fait-ses-adieux-a-ses-amis-de-la-cemac"},"author":{"name":"cfeditorfr","@id":"https:\/\/www.africa-press.net\/cameroun\/#\/schema\/person\/2b1cf3cd81a31e3cd26889ca66d677f1"},"headline":"Biya s&rsquo;en va pour ne plus revenir aux affaires: le pr\u00e9sident fait ses adieux \u00e0 ses &lsquo;amis&rsquo; de la CEMAC","datePublished":"2023-03-13T12:28:27+00:00","dateModified":"2023-03-13T12:42:26+00:00","mainEntityOfPage":{"@id":"https:\/\/www.africa-press.net\/cameroun\/politique\/biya-sen-va-pour-ne-plus-revenir-aux-affaires-le-president-fait-ses-adieux-a-ses-amis-de-la-cemac"},"wordCount":440,"commentCount":0,"image":{"@id":"https:\/\/www.africa-press.net\/cameroun\/politique\/biya-sen-va-pour-ne-plus-revenir-aux-affaires-le-president-fait-ses-adieux-a-ses-amis-de-la-cemac#primaryimage"},"thumbnailUrl":"https:\/\/static.africa-press.net\/cameroun\/sites\/57\/2023\/03\/postQueueImg_1678697910.34.jpg","keywords":["Africa Press","Africa Press-Cameroun","Cameroun"],"articleSection":["Politique","Toutes les actualit\u00e9s"],"inLanguage":"fr-FR","potentialAction":[{"@type":"CommentAction","name":"Comment","target":["https:\/\/www.africa-press.net\/cameroun\/politique\/biya-sen-va-pour-ne-plus-revenir-aux-affaires-le-president-fait-ses-adieux-a-ses-amis-de-la-cemac#respond"]}]},{"@type":"WebPage","@id":"https:\/\/www.africa-press.net\/cameroun\/politique\/biya-sen-va-pour-ne-plus-revenir-aux-affaires-le-president-fait-ses-adieux-a-ses-amis-de-la-cemac","url":"https:\/\/www.africa-press.net\/cameroun\/politique\/biya-sen-va-pour-ne-plus-revenir-aux-affaires-le-president-fait-ses-adieux-a-ses-amis-de-la-cemac","name":"Biya s'en va pour ne plus revenir aux affaires: le pr\u00e9sident fait ses adieux \u00e0 ses 'amis' de la CEMAC - Cameroun","isPartOf":{"@id":"https:\/\/www.africa-press.net\/cameroun\/#website"},"primaryImageOfPage":{"@id":"https:\/\/www.africa-press.net\/cameroun\/politique\/biya-sen-va-pour-ne-plus-revenir-aux-affaires-le-president-fait-ses-adieux-a-ses-amis-de-la-cemac#primaryimage"},"image":{"@id":"https:\/\/www.africa-press.net\/cameroun\/politique\/biya-sen-va-pour-ne-plus-revenir-aux-affaires-le-president-fait-ses-adieux-a-ses-amis-de-la-cemac#primaryimage"},"thumbnailUrl":"https:\/\/static.africa-press.net\/cameroun\/sites\/57\/2023\/03\/postQueueImg_1678697910.34.jpg","datePublished":"2023-03-13T12:28:27+00:00","dateModified":"2023-03-13T12:42:26+00:00","author":{"@id":"https:\/\/www.africa-press.net\/cameroun\/#\/schema\/person\/2b1cf3cd81a31e3cd26889ca66d677f1"},"description":"Biya n'a plus vu plusieurs de ses pairs chefs d'Etats des Etats d'Afrique centrale depuis 2019, anne\u0301e ou\u0300 le chef de l' ...","breadcrumb":{"@id":"https:\/\/www.africa-press.net\/cameroun\/politique\/biya-sen-va-pour-ne-plus-revenir-aux-affaires-le-president-fait-ses-adieux-a-ses-amis-de-la-cemac#breadcrumb"},"inLanguage":"fr-FR","potentialAction":[{"@type":"ReadAction","target":["https:\/\/www.africa-press.net\/cameroun\/politique\/biya-sen-va-pour-ne-plus-revenir-aux-affaires-le-president-fait-ses-adieux-a-ses-amis-de-la-cemac"]}]},{"@type":"ImageObject","inLanguage":"fr-FR","@id":"https:\/\/www.africa-press.net\/cameroun\/politique\/biya-sen-va-pour-ne-plus-revenir-aux-affaires-le-president-fait-ses-adieux-a-ses-amis-de-la-cemac#primaryimage","url":"https:\/\/static.africa-press.net\/cameroun\/sites\/57\/2023\/03\/postQueueImg_1678697910.34.jpg","contentUrl":"https:\/\/static.africa-press.net\/cameroun\/sites\/57\/2023\/03\/postQueueImg_1678697910.34.jpg","width":720,"height":360,"caption":"Biya s'en va pour ne plus revenir aux affaires: le pr\u00e9sident fait ses adieux \u00e0 ses 'amis' de la CEMAC"},{"@type":"BreadcrumbList","@id":"https:\/\/www.africa-press.net\/cameroun\/politique\/biya-sen-va-pour-ne-plus-revenir-aux-affaires-le-president-fait-ses-adieux-a-ses-amis-de-la-cemac#breadcrumb","itemListElement":[{"@type":"ListItem","position":1,"name":"Accueil","item":"https:\/\/www.africa-press.net\/cameroun\/"},{"@type":"ListItem","position":2,"name":"Biya s&rsquo;en va pour ne plus revenir aux affaires: le pr\u00e9sident fait ses adieux \u00e0 ses &lsquo;amis&rsquo; de la CEMAC"}]},{"@type":"WebSite","@id":"https:\/\/www.africa-press.net\/cameroun\/#website","url":"https:\/\/www.africa-press.net\/cameroun\/","name":"Cameroun","description":"Just another Africa News Agency Sites site","potentialAction":[{"@type":"SearchAction","target":{"@type":"EntryPoint","urlTemplate":"https:\/\/www.africa-press.net\/cameroun\/?s={search_term_string}"},"query-input":{"@type":"PropertyValueSpecification","valueRequired":true,"valueName":"search_term_string"}}],"inLanguage":"fr-FR"},{"@type":"Person","@id":"https:\/\/www.africa-press.net\/cameroun\/#\/schema\/person\/2b1cf3cd81a31e3cd26889ca66d677f1","name":"cfeditorfr"}]}},"_links":{"self":[{"href":"https:\/\/www.africa-press.net\/cameroun\/wp-json\/wp\/v2\/posts\/39082","targetHints":{"allow":["GET"]}}],"collection":[{"href":"https:\/\/www.africa-press.net\/cameroun\/wp-json\/wp\/v2\/posts"}],"about":[{"href":"https:\/\/www.africa-press.net\/cameroun\/wp-json\/wp\/v2\/types\/post"}],"author":[{"embeddable":true,"href":"https:\/\/www.africa-press.net\/cameroun\/wp-json\/wp\/v2\/users\/82"}],"replies":[{"embeddable":true,"href":"https:\/\/www.africa-press.net\/cameroun\/wp-json\/wp\/v2\/comments?post=39082"}],"version-history":[{"count":0,"href":"https:\/\/www.africa-press.net\/cameroun\/wp-json\/wp\/v2\/posts\/39082\/revisions"}],"wp:featuredmedia":[{"embeddable":true,"href":"https:\/\/www.africa-press.net\/cameroun\/wp-json\/wp\/v2\/media\/39081"}],"wp:attachment":[{"href":"https:\/\/www.africa-press.net\/cameroun\/wp-json\/wp\/v2\/media?parent=39082"}],"wp:term":[{"taxonomy":"category","embeddable":true,"href":"https:\/\/www.africa-press.net\/cameroun\/wp-json\/wp\/v2\/categories?post=39082"},{"taxonomy":"post_tag","embeddable":true,"href":"https:\/\/www.africa-press.net\/cameroun\/wp-json\/wp\/v2\/tags?post=39082"}],"curies":[{"name":"wp","href":"https:\/\/api.w.org\/{rel}","templated":true}]}}