{"id":39090,"date":"2023-03-13T12:28:45","date_gmt":"2023-03-13T12:28:45","guid":{"rendered":"https:\/\/www.africa-press.net\/cameroun\/politique\/senatoriale-ces-militants-du-pcrn-qui-ont-vote-pour-le-rdpc"},"modified":"2023-03-13T12:45:29","modified_gmt":"2023-03-13T12:45:29","slug":"senatoriale-ces-militants-du-pcrn-qui-ont-vote-pour-le-rdpc","status":"publish","type":"post","link":"https:\/\/www.africa-press.net\/cameroun\/politique\/senatoriale-ces-militants-du-pcrn-qui-ont-vote-pour-le-rdpc","title":{"rendered":"S\u00e9natoriale : ces militants du PCRN qui ont vot\u00e9 pour le RDPC"},"content":{"rendered":"<p><span style=\"color: #ff6600\"><strong>Africa-Press &#8211; Cameroun. <\/strong><\/span>Les militants du PCRN ont-ils vote\u0301 pour les candidats du RDPC lors des e\u0301lections se\u0301natoriales ? C\u2019est ce que pre\u0301tend le site d\u2019information Camer.be. Le me\u0301dia indique que dans certaines circonscriptions, le parti de Cabral Libii a donne\u0301 ses voix aux candidats du parti au pouvoir relanc\u0327ant le de\u0301bat sur les liens suspects qui unissent ces deux formations politiques.<\/p>\n<p>\u00ab Il se pourrait que me\u0302me certains e\u0301lecteurs du PCRN de Cabral Libii, ont du\u0302 voter dans leur circonscription pour le RDPC, parti au pouvoir. Ce qui n&rsquo;a pas empe\u0302che\u0301 le leader de cette formation politique a\u0300 fe\u0301liciter les grands e\u0301lecteurs de son parti politique en se focalisant sur la caution qui devra re\u0301cupe\u0301rer son parti politique \u00bb, rapporte le site d\u2019information. Ce n\u2019est pas la premie\u0300re fois que le PCRN est accuse\u0301 de dealer avec le RDPC de Paul Biya. Le parti de la Cabral Libii est conside\u0301re\u0301 par certains de\u0301tracteurs comme une cre\u0301ation du parti au pouvoir.<\/p>\n<p>Sur les re\u0301seaux sociaux, Cabral libii fe\u0301licitent ses e\u0301lecteurs qui lui ont permis de sauver les cautions investies pour cette e\u0301lection.<\/p>\n<p>\u00ab Merci principalement aux e\u0301lus du Mouvement Patriote pour un Cameroun Nouveau (MPCN) de feu Paul E\u0301ric KINGUE<\/p>\n<p>\u00ab SENATORIALES. Le PCRN e\u0301tait en course dans le LITTORAL ou\u0300 il y a eu 1087 suffrages exprime\u0301s. Le PCRN avait au de\u0301part 72 conseillers acquis, ses e\u0301lus. Au final, notre liste remporte 116 voix, soit un pourcentage de 10,66%, suffisant pour re\u0301cupe\u0301rer les cau-tions\u00ab , e\u0301crit-il.<\/p>\n<p>\u00ab Ainsi, on a pu avoir 44 voix des autres partis politiques dont 40 dans le MUNGO ou\u0300 le PCRN n\u2019avait aucun e\u0301lu. Merci principalement aux e\u0301lus du Mouvement Patriote pour un Cameroun Nouveau (MPCN) de feu Paul E\u0301ric KINGUE. Il faut noter aussi les 4 voix sup-ple\u0301mentaires engrange\u0301es dans le NKAM en plus de nos 25 e\u0301lus de la commune de NKONDJOCK. Bravo a\u0300 nos camarades candidats pour cette remarquable participation. Cap sur 2025 \u00bb, a de\u0301clare\u0301 Cabral Libii.<\/p>\n<p><strong>Pour plus d&rsquo;informations et d&rsquo;analyses sur la <a href=\"https:\/\/www.africa-press.net\/cameroun\">Cameroun<\/a>, suivez <a href=\"https:\/\/www.africa-press.net\/\">Africa-Press<\/a><\/strong><\/p>\n","protected":false},"excerpt":{"rendered":"<p>Africa-Press &#8211; Cameroun. Les militants du PCRN ont-ils vote\u0301 pour les candidats du RDPC lors des e\u0301lections se\u0301natoriales ? C\u2019est ce que pre\u0301tend le site d\u2019information Camer.be. Le me\u0301dia indique que dans certaines circonscriptions, le parti de Cabral Libii a donne\u0301 ses voix aux candidats du parti au pouvoir relanc\u0327ant le de\u0301bat sur les liens [&hellip;]<\/p>\n","protected":false},"author":82,"featured_media":39089,"comment_status":"open","ping_status":"closed","sticky":false,"template":"","format":"standard","meta":{"footnotes":""},"categories":[2,10],"tags":[36,50,49],"class_list":["post-39090","post","type-post","status-publish","format-standard","has-post-thumbnail","hentry","category-politique","category-toutes-les-actualites","tag-africa-press","tag-africa-press-cameroun","tag-cameroun"],"yoast_head":"<!-- This site is optimized with the Yoast SEO Premium plugin v26.1 (Yoast SEO v27.0) - https:\/\/yoast.com\/product\/yoast-seo-premium-wordpress\/ -->\n<title>S\u00e9natoriale : ces militants du PCRN qui ont vot\u00e9 pour le RDPC - Cameroun<\/title>\n<meta name=\"description\" content=\"Les militants du PCRN ont-ils vote\u0301 pour les candidats du RDPC lors des e\u0301lections se\u0301natoriales ? C\u2019est ce que pre\u0301tend ...\" \/>\n<meta name=\"robots\" content=\"index, follow, max-snippet:-1, max-image-preview:large, max-video-preview:-1\" \/>\n<link rel=\"canonical\" href=\"https:\/\/www.africa-press.net\/cameroun\/politique\/senatoriale-ces-militants-du-pcrn-qui-ont-vote-pour-le-rdpc\" \/>\n<meta property=\"og:locale\" content=\"fr_FR\" \/>\n<meta property=\"og:type\" content=\"article\" \/>\n<meta property=\"og:title\" content=\"S\u00e9natoriale : ces militants du PCRN qui ont vot\u00e9 pour le RDPC\" \/>\n<meta property=\"og:description\" content=\"Les militants du PCRN ont-ils vote\u0301 pour les candidats du RDPC lors des e\u0301lections se\u0301natoriales ? C\u2019est ce que pre\u0301tend ...\" \/>\n<meta property=\"og:url\" content=\"https:\/\/www.africa-press.net\/cameroun\/politique\/senatoriale-ces-militants-du-pcrn-qui-ont-vote-pour-le-rdpc\" \/>\n<meta property=\"og:site_name\" content=\"Cameroun\" \/>\n<meta property=\"article:published_time\" content=\"2023-03-13T12:28:45+00:00\" \/>\n<meta property=\"article:modified_time\" content=\"2023-03-13T12:45:29+00:00\" \/>\n<meta property=\"og:image\" content=\"https:\/\/static.africa-press.net\/cameroun\/sites\/57\/2023\/03\/postQueueImg_1678697929.09.jpg\" \/>\n\t<meta property=\"og:image:width\" content=\"720\" \/>\n\t<meta property=\"og:image:height\" content=\"403\" \/>\n\t<meta property=\"og:image:type\" content=\"image\/jpeg\" \/>\n<meta name=\"author\" content=\"cfeditorfr\" \/>\n<meta name=\"twitter:card\" content=\"summary_large_image\" \/>\n<meta name=\"twitter:label1\" content=\"\u00c9crit par\" \/>\n\t<meta name=\"twitter:data1\" content=\"cfeditorfr\" \/>\n\t<meta name=\"twitter:label2\" content=\"Dur\u00e9e de lecture estim\u00e9e\" \/>\n\t<meta name=\"twitter:data2\" content=\"2 minutes\" \/>\n<script type=\"application\/ld+json\" class=\"yoast-schema-graph\">{\"@context\":\"https:\/\/schema.org\",\"@graph\":[{\"@type\":\"Article\",\"@id\":\"https:\/\/www.africa-press.net\/cameroun\/politique\/senatoriale-ces-militants-du-pcrn-qui-ont-vote-pour-le-rdpc#article\",\"isPartOf\":{\"@id\":\"https:\/\/www.africa-press.net\/cameroun\/politique\/senatoriale-ces-militants-du-pcrn-qui-ont-vote-pour-le-rdpc\"},\"author\":{\"name\":\"cfeditorfr\",\"@id\":\"https:\/\/www.africa-press.net\/cameroun\/#\/schema\/person\/2b1cf3cd81a31e3cd26889ca66d677f1\"},\"headline\":\"S\u00e9natoriale : ces militants du PCRN qui ont vot\u00e9 pour le RDPC\",\"datePublished\":\"2023-03-13T12:28:45+00:00\",\"dateModified\":\"2023-03-13T12:45:29+00:00\",\"mainEntityOfPage\":{\"@id\":\"https:\/\/www.africa-press.net\/cameroun\/politique\/senatoriale-ces-militants-du-pcrn-qui-ont-vote-pour-le-rdpc\"},\"wordCount\":378,\"commentCount\":0,\"image\":{\"@id\":\"https:\/\/www.africa-press.net\/cameroun\/politique\/senatoriale-ces-militants-du-pcrn-qui-ont-vote-pour-le-rdpc#primaryimage\"},\"thumbnailUrl\":\"https:\/\/static.africa-press.net\/cameroun\/sites\/57\/2023\/03\/postQueueImg_1678697929.09.jpg\",\"keywords\":[\"Africa Press\",\"Africa Press-Cameroun\",\"Cameroun\"],\"articleSection\":[\"Politique\",\"Toutes les actualit\u00e9s\"],\"inLanguage\":\"fr-FR\",\"potentialAction\":[{\"@type\":\"CommentAction\",\"name\":\"Comment\",\"target\":[\"https:\/\/www.africa-press.net\/cameroun\/politique\/senatoriale-ces-militants-du-pcrn-qui-ont-vote-pour-le-rdpc#respond\"]}]},{\"@type\":\"WebPage\",\"@id\":\"https:\/\/www.africa-press.net\/cameroun\/politique\/senatoriale-ces-militants-du-pcrn-qui-ont-vote-pour-le-rdpc\",\"url\":\"https:\/\/www.africa-press.net\/cameroun\/politique\/senatoriale-ces-militants-du-pcrn-qui-ont-vote-pour-le-rdpc\",\"name\":\"S\u00e9natoriale : ces militants du PCRN qui ont vot\u00e9 pour le RDPC - Cameroun\",\"isPartOf\":{\"@id\":\"https:\/\/www.africa-press.net\/cameroun\/#website\"},\"primaryImageOfPage\":{\"@id\":\"https:\/\/www.africa-press.net\/cameroun\/politique\/senatoriale-ces-militants-du-pcrn-qui-ont-vote-pour-le-rdpc#primaryimage\"},\"image\":{\"@id\":\"https:\/\/www.africa-press.net\/cameroun\/politique\/senatoriale-ces-militants-du-pcrn-qui-ont-vote-pour-le-rdpc#primaryimage\"},\"thumbnailUrl\":\"https:\/\/static.africa-press.net\/cameroun\/sites\/57\/2023\/03\/postQueueImg_1678697929.09.jpg\",\"datePublished\":\"2023-03-13T12:28:45+00:00\",\"dateModified\":\"2023-03-13T12:45:29+00:00\",\"author\":{\"@id\":\"https:\/\/www.africa-press.net\/cameroun\/#\/schema\/person\/2b1cf3cd81a31e3cd26889ca66d677f1\"},\"description\":\"Les militants du PCRN ont-ils vote\u0301 pour les candidats du RDPC lors des e\u0301lections se\u0301natoriales ? C\u2019est ce que pre\u0301tend ...\",\"breadcrumb\":{\"@id\":\"https:\/\/www.africa-press.net\/cameroun\/politique\/senatoriale-ces-militants-du-pcrn-qui-ont-vote-pour-le-rdpc#breadcrumb\"},\"inLanguage\":\"fr-FR\",\"potentialAction\":[{\"@type\":\"ReadAction\",\"target\":[\"https:\/\/www.africa-press.net\/cameroun\/politique\/senatoriale-ces-militants-du-pcrn-qui-ont-vote-pour-le-rdpc\"]}]},{\"@type\":\"ImageObject\",\"inLanguage\":\"fr-FR\",\"@id\":\"https:\/\/www.africa-press.net\/cameroun\/politique\/senatoriale-ces-militants-du-pcrn-qui-ont-vote-pour-le-rdpc#primaryimage\",\"url\":\"https:\/\/static.africa-press.net\/cameroun\/sites\/57\/2023\/03\/postQueueImg_1678697929.09.jpg\",\"contentUrl\":\"https:\/\/static.africa-press.net\/cameroun\/sites\/57\/2023\/03\/postQueueImg_1678697929.09.jpg\",\"width\":720,\"height\":403,\"caption\":\"S\u00e9natoriale : ces militants du PCRN qui ont vot\u00e9 pour le RDPC\"},{\"@type\":\"BreadcrumbList\",\"@id\":\"https:\/\/www.africa-press.net\/cameroun\/politique\/senatoriale-ces-militants-du-pcrn-qui-ont-vote-pour-le-rdpc#breadcrumb\",\"itemListElement\":[{\"@type\":\"ListItem\",\"position\":1,\"name\":\"Accueil\",\"item\":\"https:\/\/www.africa-press.net\/cameroun\/\"},{\"@type\":\"ListItem\",\"position\":2,\"name\":\"S\u00e9natoriale : ces militants du PCRN qui ont vot\u00e9 pour le RDPC\"}]},{\"@type\":\"WebSite\",\"@id\":\"https:\/\/www.africa-press.net\/cameroun\/#website\",\"url\":\"https:\/\/www.africa-press.net\/cameroun\/\",\"name\":\"Cameroun\",\"description\":\"Just another Africa News Agency Sites site\",\"potentialAction\":[{\"@type\":\"SearchAction\",\"target\":{\"@type\":\"EntryPoint\",\"urlTemplate\":\"https:\/\/www.africa-press.net\/cameroun\/?s={search_term_string}\"},\"query-input\":{\"@type\":\"PropertyValueSpecification\",\"valueRequired\":true,\"valueName\":\"search_term_string\"}}],\"inLanguage\":\"fr-FR\"},{\"@type\":\"Person\",\"@id\":\"https:\/\/www.africa-press.net\/cameroun\/#\/schema\/person\/2b1cf3cd81a31e3cd26889ca66d677f1\",\"name\":\"cfeditorfr\"}]}<\/script>\n<!-- \/ Yoast SEO Premium plugin. -->","yoast_head_json":{"title":"S\u00e9natoriale : ces militants du PCRN qui ont vot\u00e9 pour le RDPC - Cameroun","description":"Les militants du PCRN ont-ils vote\u0301 pour les candidats du RDPC lors des e\u0301lections se\u0301natoriales ? C\u2019est ce que pre\u0301tend ...","robots":{"index":"index","follow":"follow","max-snippet":"max-snippet:-1","max-image-preview":"max-image-preview:large","max-video-preview":"max-video-preview:-1"},"canonical":"https:\/\/www.africa-press.net\/cameroun\/politique\/senatoriale-ces-militants-du-pcrn-qui-ont-vote-pour-le-rdpc","og_locale":"fr_FR","og_type":"article","og_title":"S\u00e9natoriale : ces militants du PCRN qui ont vot\u00e9 pour le RDPC","og_description":"Les militants du PCRN ont-ils vote\u0301 pour les candidats du RDPC lors des e\u0301lections se\u0301natoriales ? C\u2019est ce que pre\u0301tend ...","og_url":"https:\/\/www.africa-press.net\/cameroun\/politique\/senatoriale-ces-militants-du-pcrn-qui-ont-vote-pour-le-rdpc","og_site_name":"Cameroun","article_published_time":"2023-03-13T12:28:45+00:00","article_modified_time":"2023-03-13T12:45:29+00:00","og_image":[{"width":720,"height":403,"url":"https:\/\/static.africa-press.net\/cameroun\/sites\/57\/2023\/03\/postQueueImg_1678697929.09.jpg","type":"image\/jpeg"}],"author":"cfeditorfr","twitter_card":"summary_large_image","twitter_misc":{"\u00c9crit par":"cfeditorfr","Dur\u00e9e de lecture estim\u00e9e":"2 minutes"},"schema":{"@context":"https:\/\/schema.org","@graph":[{"@type":"Article","@id":"https:\/\/www.africa-press.net\/cameroun\/politique\/senatoriale-ces-militants-du-pcrn-qui-ont-vote-pour-le-rdpc#article","isPartOf":{"@id":"https:\/\/www.africa-press.net\/cameroun\/politique\/senatoriale-ces-militants-du-pcrn-qui-ont-vote-pour-le-rdpc"},"author":{"name":"cfeditorfr","@id":"https:\/\/www.africa-press.net\/cameroun\/#\/schema\/person\/2b1cf3cd81a31e3cd26889ca66d677f1"},"headline":"S\u00e9natoriale : ces militants du PCRN qui ont vot\u00e9 pour le RDPC","datePublished":"2023-03-13T12:28:45+00:00","dateModified":"2023-03-13T12:45:29+00:00","mainEntityOfPage":{"@id":"https:\/\/www.africa-press.net\/cameroun\/politique\/senatoriale-ces-militants-du-pcrn-qui-ont-vote-pour-le-rdpc"},"wordCount":378,"commentCount":0,"image":{"@id":"https:\/\/www.africa-press.net\/cameroun\/politique\/senatoriale-ces-militants-du-pcrn-qui-ont-vote-pour-le-rdpc#primaryimage"},"thumbnailUrl":"https:\/\/static.africa-press.net\/cameroun\/sites\/57\/2023\/03\/postQueueImg_1678697929.09.jpg","keywords":["Africa Press","Africa Press-Cameroun","Cameroun"],"articleSection":["Politique","Toutes les actualit\u00e9s"],"inLanguage":"fr-FR","potentialAction":[{"@type":"CommentAction","name":"Comment","target":["https:\/\/www.africa-press.net\/cameroun\/politique\/senatoriale-ces-militants-du-pcrn-qui-ont-vote-pour-le-rdpc#respond"]}]},{"@type":"WebPage","@id":"https:\/\/www.africa-press.net\/cameroun\/politique\/senatoriale-ces-militants-du-pcrn-qui-ont-vote-pour-le-rdpc","url":"https:\/\/www.africa-press.net\/cameroun\/politique\/senatoriale-ces-militants-du-pcrn-qui-ont-vote-pour-le-rdpc","name":"S\u00e9natoriale : ces militants du PCRN qui ont vot\u00e9 pour le RDPC - Cameroun","isPartOf":{"@id":"https:\/\/www.africa-press.net\/cameroun\/#website"},"primaryImageOfPage":{"@id":"https:\/\/www.africa-press.net\/cameroun\/politique\/senatoriale-ces-militants-du-pcrn-qui-ont-vote-pour-le-rdpc#primaryimage"},"image":{"@id":"https:\/\/www.africa-press.net\/cameroun\/politique\/senatoriale-ces-militants-du-pcrn-qui-ont-vote-pour-le-rdpc#primaryimage"},"thumbnailUrl":"https:\/\/static.africa-press.net\/cameroun\/sites\/57\/2023\/03\/postQueueImg_1678697929.09.jpg","datePublished":"2023-03-13T12:28:45+00:00","dateModified":"2023-03-13T12:45:29+00:00","author":{"@id":"https:\/\/www.africa-press.net\/cameroun\/#\/schema\/person\/2b1cf3cd81a31e3cd26889ca66d677f1"},"description":"Les militants du PCRN ont-ils vote\u0301 pour les candidats du RDPC lors des e\u0301lections se\u0301natoriales ? C\u2019est ce que pre\u0301tend ...","breadcrumb":{"@id":"https:\/\/www.africa-press.net\/cameroun\/politique\/senatoriale-ces-militants-du-pcrn-qui-ont-vote-pour-le-rdpc#breadcrumb"},"inLanguage":"fr-FR","potentialAction":[{"@type":"ReadAction","target":["https:\/\/www.africa-press.net\/cameroun\/politique\/senatoriale-ces-militants-du-pcrn-qui-ont-vote-pour-le-rdpc"]}]},{"@type":"ImageObject","inLanguage":"fr-FR","@id":"https:\/\/www.africa-press.net\/cameroun\/politique\/senatoriale-ces-militants-du-pcrn-qui-ont-vote-pour-le-rdpc#primaryimage","url":"https:\/\/static.africa-press.net\/cameroun\/sites\/57\/2023\/03\/postQueueImg_1678697929.09.jpg","contentUrl":"https:\/\/static.africa-press.net\/cameroun\/sites\/57\/2023\/03\/postQueueImg_1678697929.09.jpg","width":720,"height":403,"caption":"S\u00e9natoriale : ces militants du PCRN qui ont vot\u00e9 pour le RDPC"},{"@type":"BreadcrumbList","@id":"https:\/\/www.africa-press.net\/cameroun\/politique\/senatoriale-ces-militants-du-pcrn-qui-ont-vote-pour-le-rdpc#breadcrumb","itemListElement":[{"@type":"ListItem","position":1,"name":"Accueil","item":"https:\/\/www.africa-press.net\/cameroun\/"},{"@type":"ListItem","position":2,"name":"S\u00e9natoriale : ces militants du PCRN qui ont vot\u00e9 pour le RDPC"}]},{"@type":"WebSite","@id":"https:\/\/www.africa-press.net\/cameroun\/#website","url":"https:\/\/www.africa-press.net\/cameroun\/","name":"Cameroun","description":"Just another Africa News Agency Sites site","potentialAction":[{"@type":"SearchAction","target":{"@type":"EntryPoint","urlTemplate":"https:\/\/www.africa-press.net\/cameroun\/?s={search_term_string}"},"query-input":{"@type":"PropertyValueSpecification","valueRequired":true,"valueName":"search_term_string"}}],"inLanguage":"fr-FR"},{"@type":"Person","@id":"https:\/\/www.africa-press.net\/cameroun\/#\/schema\/person\/2b1cf3cd81a31e3cd26889ca66d677f1","name":"cfeditorfr"}]}},"_links":{"self":[{"href":"https:\/\/www.africa-press.net\/cameroun\/wp-json\/wp\/v2\/posts\/39090","targetHints":{"allow":["GET"]}}],"collection":[{"href":"https:\/\/www.africa-press.net\/cameroun\/wp-json\/wp\/v2\/posts"}],"about":[{"href":"https:\/\/www.africa-press.net\/cameroun\/wp-json\/wp\/v2\/types\/post"}],"author":[{"embeddable":true,"href":"https:\/\/www.africa-press.net\/cameroun\/wp-json\/wp\/v2\/users\/82"}],"replies":[{"embeddable":true,"href":"https:\/\/www.africa-press.net\/cameroun\/wp-json\/wp\/v2\/comments?post=39090"}],"version-history":[{"count":0,"href":"https:\/\/www.africa-press.net\/cameroun\/wp-json\/wp\/v2\/posts\/39090\/revisions"}],"wp:featuredmedia":[{"embeddable":true,"href":"https:\/\/www.africa-press.net\/cameroun\/wp-json\/wp\/v2\/media\/39089"}],"wp:attachment":[{"href":"https:\/\/www.africa-press.net\/cameroun\/wp-json\/wp\/v2\/media?parent=39090"}],"wp:term":[{"taxonomy":"category","embeddable":true,"href":"https:\/\/www.africa-press.net\/cameroun\/wp-json\/wp\/v2\/categories?post=39090"},{"taxonomy":"post_tag","embeddable":true,"href":"https:\/\/www.africa-press.net\/cameroun\/wp-json\/wp\/v2\/tags?post=39090"}],"curies":[{"name":"wp","href":"https:\/\/api.w.org\/{rel}","templated":true}]}}