{"id":39099,"date":"2023-03-13T12:29:08","date_gmt":"2023-03-13T12:29:08","guid":{"rendered":"https:\/\/www.africa-press.net\/cameroun\/politique\/succession-lalignement-des-planetes-pour-le-depart-de-paul-biya"},"modified":"2023-03-13T12:48:16","modified_gmt":"2023-03-13T12:48:16","slug":"succession-lalignement-des-planetes-pour-le-depart-de-paul-biya","status":"publish","type":"post","link":"https:\/\/www.africa-press.net\/cameroun\/politique\/succession-lalignement-des-planetes-pour-le-depart-de-paul-biya","title":{"rendered":"Succession : l\u2019alignement des plan\u00e8tes pour le d\u00e9part de Paul Biya"},"content":{"rendered":"<p><span style=\"color: #ff6600\"><strong>Africa-Press &#8211; Cameroun. <\/strong><\/span>Valoriser le capital humain pour une Cemac e\u0301mergente \u00bb. C\u2019est le the\u0300me mobilisateur retenu par l\u2019exe\u0301cutif communautaire pour la ce\u0301le\u0301bration de la 14e\u0300me e\u0301dition de la Journe\u0301e de la Cemac. \u00ab Cette Journe\u0301e, par ses manifestations, offre aux diffe\u0301rentes structures communautaires, l\u2019occasion de dresser un bilan, mais aussi de mieux e\u0301valuer les attentes du public\u00bb. Et a\u0300 en croire la note conceptuelle de l\u2019e\u0301ve\u0301nement a\u0300 ce\u0301le\u0301brer ce 16 mars 2023, \u00abla Journe\u0301e permet surtout au pre\u0301sident en exercice d\u2019exposer aux citoyens communautaires les principaux enjeux de l\u2019heure et les perspectives qu\u2019il entend traverser \u00bb.<\/p>\n<p>Le de\u0301volu est jete\u0301 cette anne\u0301e sur la densification des offres de formation adapte\u0301es et de qualite\u0301. La perspective est de \u00ab promouvoir la visibilite\u0301 des efforts de la Communaute\u0301 dans ce domaine; accroi\u0302tre la visibilite\u0301 de ses activite\u0301s; partager les valeurs d\u2019inte\u0301gration; faciliter les e\u0301changes universitaires et la mobilite\u0301 des e\u0301tudiants. En veillant a\u0300 faire connai\u0302tre les e\u0301coles de formation de la Cemac \u00bb, apprend-on.<\/p>\n<p>Plusieurs activite\u0301s prises en charge par la Commission de la Cemac sont pre\u0301vues a\u0300 cet effet. Elles inte\u0300grent des manifestations culturelles, une table &#8211; ronde et des confe\u0301rences-de\u0301bats sur la formation et l\u2019acce\u0300s a\u0300 l\u2019emploi. Il est notamment arre\u0302te\u0301 au ministe\u0300re camerounais de l\u2019E\u0301conomie, de la Planification et de l\u2019Ame\u0301nagement du territoire (Minepat), \u00ab une marche sportive le 11 mars, suivie le 16 mars de la participation a\u0300 la confe\u0301rence de l\u2019Issea sur le the\u0300me : Re\u0301formes structurelles pour une croissance inclusive et diversifie\u0301e \u00bb. Mise a\u0300 part \u00ab la diffusion au soir du 15 mars, du message du pre\u0301sident en exercice de la Cemac \u00bb, est-il indique\u0301.<\/p>\n<p>Le pre\u0301sident camerounais, Paul Biya, est en effet appele\u0301 a\u0300 s\u2019exprimer a\u0300 la veille de la 15e\u0300me session ordinaire de la Confe\u0301rence des chefs d\u2019E\u0301tat et au lendemain d\u2019un Conseil des ministres de l\u2019UEAC. Une conjonction d\u2019e\u0301ve\u0301nements pouvant correspondre a\u0300 une acce\u0301le\u0301ration du calendrier des re\u0301formes au sein de la Cemac. Tant des de\u0301cisions sur plusieurs dossiers bru\u0302lants sont attendues. A\u0300 l\u2019instar de la consolidation du Pref-Cemac, de l\u2019e\u0301volution du franc CFA, du parache\u0300vement de la rationalisation des CERs ou encore du renouvellement du mandat des premiers responsables. Le bilan quinquennal du pre\u0301sident de la Commission, Daniel Ona Ondo, est de ce fait tre\u0300s attendu au cours des travaux de Yaounde\u0301.<\/p>\n<p><strong>Pour plus d&rsquo;informations et d&rsquo;analyses sur la <a href=\"https:\/\/www.africa-press.net\/cameroun\">Cameroun<\/a>, suivez <a href=\"https:\/\/www.africa-press.net\/\">Africa-Press<\/a><\/strong><\/p>\n","protected":false},"excerpt":{"rendered":"<p>Africa-Press &#8211; Cameroun. Valoriser le capital humain pour une Cemac e\u0301mergente \u00bb. C\u2019est le the\u0300me mobilisateur retenu par l\u2019exe\u0301cutif communautaire pour la ce\u0301le\u0301bration de la 14e\u0300me e\u0301dition de la Journe\u0301e de la Cemac. \u00ab Cette Journe\u0301e, par ses manifestations, offre aux diffe\u0301rentes structures communautaires, l\u2019occasion de dresser un bilan, mais aussi de mieux e\u0301valuer les [&hellip;]<\/p>\n","protected":false},"author":82,"featured_media":39097,"comment_status":"open","ping_status":"closed","sticky":false,"template":"","format":"standard","meta":{"footnotes":""},"categories":[2,10],"tags":[36,50,49],"class_list":["post-39099","post","type-post","status-publish","format-standard","has-post-thumbnail","hentry","category-politique","category-toutes-les-actualites","tag-africa-press","tag-africa-press-cameroun","tag-cameroun"],"yoast_head":"<!-- This site is optimized with the Yoast SEO Premium plugin v26.1 (Yoast SEO v27.0) - https:\/\/yoast.com\/product\/yoast-seo-premium-wordpress\/ -->\n<title>Succession : l\u2019alignement des plan\u00e8tes pour le d\u00e9part de Paul Biya - Cameroun<\/title>\n<meta name=\"description\" content=\"Valoriser le capital humain pour une Cemac e\u0301mergente \u00bb. C\u2019est le the\u0300me mobilisateur retenu par l\u2019exe\u0301cutif communautai ...\" \/>\n<meta name=\"robots\" content=\"index, follow, max-snippet:-1, max-image-preview:large, max-video-preview:-1\" \/>\n<link rel=\"canonical\" href=\"https:\/\/www.africa-press.net\/cameroun\/politique\/succession-lalignement-des-planetes-pour-le-depart-de-paul-biya\" \/>\n<meta property=\"og:locale\" content=\"fr_FR\" \/>\n<meta property=\"og:type\" content=\"article\" \/>\n<meta property=\"og:title\" content=\"Succession : l\u2019alignement des plan\u00e8tes pour le d\u00e9part de Paul Biya\" \/>\n<meta property=\"og:description\" content=\"Valoriser le capital humain pour une Cemac e\u0301mergente \u00bb. C\u2019est le the\u0300me mobilisateur retenu par l\u2019exe\u0301cutif communautai ...\" \/>\n<meta property=\"og:url\" content=\"https:\/\/www.africa-press.net\/cameroun\/politique\/succession-lalignement-des-planetes-pour-le-depart-de-paul-biya\" \/>\n<meta property=\"og:site_name\" content=\"Cameroun\" \/>\n<meta property=\"article:published_time\" content=\"2023-03-13T12:29:08+00:00\" \/>\n<meta property=\"article:modified_time\" content=\"2023-03-13T12:48:16+00:00\" \/>\n<meta property=\"og:image\" content=\"https:\/\/static.africa-press.net\/cameroun\/sites\/57\/2023\/03\/postQueueImg_1678697950.72.jpg\" \/>\n\t<meta property=\"og:image:width\" content=\"720\" \/>\n\t<meta property=\"og:image:height\" content=\"478\" \/>\n\t<meta property=\"og:image:type\" content=\"image\/jpeg\" \/>\n<meta name=\"author\" content=\"cfeditorfr\" \/>\n<meta name=\"twitter:card\" content=\"summary_large_image\" \/>\n<meta name=\"twitter:label1\" content=\"\u00c9crit par\" \/>\n\t<meta name=\"twitter:data1\" content=\"cfeditorfr\" \/>\n\t<meta name=\"twitter:label2\" content=\"Dur\u00e9e de lecture estim\u00e9e\" \/>\n\t<meta name=\"twitter:data2\" content=\"2 minutes\" \/>\n<script type=\"application\/ld+json\" class=\"yoast-schema-graph\">{\"@context\":\"https:\/\/schema.org\",\"@graph\":[{\"@type\":\"Article\",\"@id\":\"https:\/\/www.africa-press.net\/cameroun\/politique\/succession-lalignement-des-planetes-pour-le-depart-de-paul-biya#article\",\"isPartOf\":{\"@id\":\"https:\/\/www.africa-press.net\/cameroun\/politique\/succession-lalignement-des-planetes-pour-le-depart-de-paul-biya\"},\"author\":{\"name\":\"cfeditorfr\",\"@id\":\"https:\/\/www.africa-press.net\/cameroun\/#\/schema\/person\/2b1cf3cd81a31e3cd26889ca66d677f1\"},\"headline\":\"Succession : l\u2019alignement des plan\u00e8tes pour le d\u00e9part de Paul Biya\",\"datePublished\":\"2023-03-13T12:29:08+00:00\",\"dateModified\":\"2023-03-13T12:48:16+00:00\",\"mainEntityOfPage\":{\"@id\":\"https:\/\/www.africa-press.net\/cameroun\/politique\/succession-lalignement-des-planetes-pour-le-depart-de-paul-biya\"},\"wordCount\":469,\"commentCount\":0,\"image\":{\"@id\":\"https:\/\/www.africa-press.net\/cameroun\/politique\/succession-lalignement-des-planetes-pour-le-depart-de-paul-biya#primaryimage\"},\"thumbnailUrl\":\"https:\/\/static.africa-press.net\/cameroun\/sites\/57\/2023\/03\/postQueueImg_1678697950.72.jpg\",\"keywords\":[\"Africa Press\",\"Africa Press-Cameroun\",\"Cameroun\"],\"articleSection\":[\"Politique\",\"Toutes les actualit\u00e9s\"],\"inLanguage\":\"fr-FR\",\"potentialAction\":[{\"@type\":\"CommentAction\",\"name\":\"Comment\",\"target\":[\"https:\/\/www.africa-press.net\/cameroun\/politique\/succession-lalignement-des-planetes-pour-le-depart-de-paul-biya#respond\"]}]},{\"@type\":\"WebPage\",\"@id\":\"https:\/\/www.africa-press.net\/cameroun\/politique\/succession-lalignement-des-planetes-pour-le-depart-de-paul-biya\",\"url\":\"https:\/\/www.africa-press.net\/cameroun\/politique\/succession-lalignement-des-planetes-pour-le-depart-de-paul-biya\",\"name\":\"Succession : l\u2019alignement des plan\u00e8tes pour le d\u00e9part de Paul Biya - Cameroun\",\"isPartOf\":{\"@id\":\"https:\/\/www.africa-press.net\/cameroun\/#website\"},\"primaryImageOfPage\":{\"@id\":\"https:\/\/www.africa-press.net\/cameroun\/politique\/succession-lalignement-des-planetes-pour-le-depart-de-paul-biya#primaryimage\"},\"image\":{\"@id\":\"https:\/\/www.africa-press.net\/cameroun\/politique\/succession-lalignement-des-planetes-pour-le-depart-de-paul-biya#primaryimage\"},\"thumbnailUrl\":\"https:\/\/static.africa-press.net\/cameroun\/sites\/57\/2023\/03\/postQueueImg_1678697950.72.jpg\",\"datePublished\":\"2023-03-13T12:29:08+00:00\",\"dateModified\":\"2023-03-13T12:48:16+00:00\",\"author\":{\"@id\":\"https:\/\/www.africa-press.net\/cameroun\/#\/schema\/person\/2b1cf3cd81a31e3cd26889ca66d677f1\"},\"description\":\"Valoriser le capital humain pour une Cemac e\u0301mergente \u00bb. C\u2019est le the\u0300me mobilisateur retenu par l\u2019exe\u0301cutif communautai ...\",\"breadcrumb\":{\"@id\":\"https:\/\/www.africa-press.net\/cameroun\/politique\/succession-lalignement-des-planetes-pour-le-depart-de-paul-biya#breadcrumb\"},\"inLanguage\":\"fr-FR\",\"potentialAction\":[{\"@type\":\"ReadAction\",\"target\":[\"https:\/\/www.africa-press.net\/cameroun\/politique\/succession-lalignement-des-planetes-pour-le-depart-de-paul-biya\"]}]},{\"@type\":\"ImageObject\",\"inLanguage\":\"fr-FR\",\"@id\":\"https:\/\/www.africa-press.net\/cameroun\/politique\/succession-lalignement-des-planetes-pour-le-depart-de-paul-biya#primaryimage\",\"url\":\"https:\/\/static.africa-press.net\/cameroun\/sites\/57\/2023\/03\/postQueueImg_1678697950.72.jpg\",\"contentUrl\":\"https:\/\/static.africa-press.net\/cameroun\/sites\/57\/2023\/03\/postQueueImg_1678697950.72.jpg\",\"width\":720,\"height\":478,\"caption\":\"Succession : l\u2019alignement des plan\u00e8tes pour le d\u00e9part de Paul Biya\"},{\"@type\":\"BreadcrumbList\",\"@id\":\"https:\/\/www.africa-press.net\/cameroun\/politique\/succession-lalignement-des-planetes-pour-le-depart-de-paul-biya#breadcrumb\",\"itemListElement\":[{\"@type\":\"ListItem\",\"position\":1,\"name\":\"Accueil\",\"item\":\"https:\/\/www.africa-press.net\/cameroun\/\"},{\"@type\":\"ListItem\",\"position\":2,\"name\":\"Succession : l\u2019alignement des plan\u00e8tes pour le d\u00e9part de Paul Biya\"}]},{\"@type\":\"WebSite\",\"@id\":\"https:\/\/www.africa-press.net\/cameroun\/#website\",\"url\":\"https:\/\/www.africa-press.net\/cameroun\/\",\"name\":\"Cameroun\",\"description\":\"Just another Africa News Agency Sites site\",\"potentialAction\":[{\"@type\":\"SearchAction\",\"target\":{\"@type\":\"EntryPoint\",\"urlTemplate\":\"https:\/\/www.africa-press.net\/cameroun\/?s={search_term_string}\"},\"query-input\":{\"@type\":\"PropertyValueSpecification\",\"valueRequired\":true,\"valueName\":\"search_term_string\"}}],\"inLanguage\":\"fr-FR\"},{\"@type\":\"Person\",\"@id\":\"https:\/\/www.africa-press.net\/cameroun\/#\/schema\/person\/2b1cf3cd81a31e3cd26889ca66d677f1\",\"name\":\"cfeditorfr\"}]}<\/script>\n<!-- \/ Yoast SEO Premium plugin. -->","yoast_head_json":{"title":"Succession : l\u2019alignement des plan\u00e8tes pour le d\u00e9part de Paul Biya - Cameroun","description":"Valoriser le capital humain pour une Cemac e\u0301mergente \u00bb. C\u2019est le the\u0300me mobilisateur retenu par l\u2019exe\u0301cutif communautai ...","robots":{"index":"index","follow":"follow","max-snippet":"max-snippet:-1","max-image-preview":"max-image-preview:large","max-video-preview":"max-video-preview:-1"},"canonical":"https:\/\/www.africa-press.net\/cameroun\/politique\/succession-lalignement-des-planetes-pour-le-depart-de-paul-biya","og_locale":"fr_FR","og_type":"article","og_title":"Succession : l\u2019alignement des plan\u00e8tes pour le d\u00e9part de Paul Biya","og_description":"Valoriser le capital humain pour une Cemac e\u0301mergente \u00bb. C\u2019est le the\u0300me mobilisateur retenu par l\u2019exe\u0301cutif communautai ...","og_url":"https:\/\/www.africa-press.net\/cameroun\/politique\/succession-lalignement-des-planetes-pour-le-depart-de-paul-biya","og_site_name":"Cameroun","article_published_time":"2023-03-13T12:29:08+00:00","article_modified_time":"2023-03-13T12:48:16+00:00","og_image":[{"width":720,"height":478,"url":"https:\/\/static.africa-press.net\/cameroun\/sites\/57\/2023\/03\/postQueueImg_1678697950.72.jpg","type":"image\/jpeg"}],"author":"cfeditorfr","twitter_card":"summary_large_image","twitter_misc":{"\u00c9crit par":"cfeditorfr","Dur\u00e9e de lecture estim\u00e9e":"2 minutes"},"schema":{"@context":"https:\/\/schema.org","@graph":[{"@type":"Article","@id":"https:\/\/www.africa-press.net\/cameroun\/politique\/succession-lalignement-des-planetes-pour-le-depart-de-paul-biya#article","isPartOf":{"@id":"https:\/\/www.africa-press.net\/cameroun\/politique\/succession-lalignement-des-planetes-pour-le-depart-de-paul-biya"},"author":{"name":"cfeditorfr","@id":"https:\/\/www.africa-press.net\/cameroun\/#\/schema\/person\/2b1cf3cd81a31e3cd26889ca66d677f1"},"headline":"Succession : l\u2019alignement des plan\u00e8tes pour le d\u00e9part de Paul Biya","datePublished":"2023-03-13T12:29:08+00:00","dateModified":"2023-03-13T12:48:16+00:00","mainEntityOfPage":{"@id":"https:\/\/www.africa-press.net\/cameroun\/politique\/succession-lalignement-des-planetes-pour-le-depart-de-paul-biya"},"wordCount":469,"commentCount":0,"image":{"@id":"https:\/\/www.africa-press.net\/cameroun\/politique\/succession-lalignement-des-planetes-pour-le-depart-de-paul-biya#primaryimage"},"thumbnailUrl":"https:\/\/static.africa-press.net\/cameroun\/sites\/57\/2023\/03\/postQueueImg_1678697950.72.jpg","keywords":["Africa Press","Africa Press-Cameroun","Cameroun"],"articleSection":["Politique","Toutes les actualit\u00e9s"],"inLanguage":"fr-FR","potentialAction":[{"@type":"CommentAction","name":"Comment","target":["https:\/\/www.africa-press.net\/cameroun\/politique\/succession-lalignement-des-planetes-pour-le-depart-de-paul-biya#respond"]}]},{"@type":"WebPage","@id":"https:\/\/www.africa-press.net\/cameroun\/politique\/succession-lalignement-des-planetes-pour-le-depart-de-paul-biya","url":"https:\/\/www.africa-press.net\/cameroun\/politique\/succession-lalignement-des-planetes-pour-le-depart-de-paul-biya","name":"Succession : l\u2019alignement des plan\u00e8tes pour le d\u00e9part de Paul Biya - Cameroun","isPartOf":{"@id":"https:\/\/www.africa-press.net\/cameroun\/#website"},"primaryImageOfPage":{"@id":"https:\/\/www.africa-press.net\/cameroun\/politique\/succession-lalignement-des-planetes-pour-le-depart-de-paul-biya#primaryimage"},"image":{"@id":"https:\/\/www.africa-press.net\/cameroun\/politique\/succession-lalignement-des-planetes-pour-le-depart-de-paul-biya#primaryimage"},"thumbnailUrl":"https:\/\/static.africa-press.net\/cameroun\/sites\/57\/2023\/03\/postQueueImg_1678697950.72.jpg","datePublished":"2023-03-13T12:29:08+00:00","dateModified":"2023-03-13T12:48:16+00:00","author":{"@id":"https:\/\/www.africa-press.net\/cameroun\/#\/schema\/person\/2b1cf3cd81a31e3cd26889ca66d677f1"},"description":"Valoriser le capital humain pour une Cemac e\u0301mergente \u00bb. C\u2019est le the\u0300me mobilisateur retenu par l\u2019exe\u0301cutif communautai ...","breadcrumb":{"@id":"https:\/\/www.africa-press.net\/cameroun\/politique\/succession-lalignement-des-planetes-pour-le-depart-de-paul-biya#breadcrumb"},"inLanguage":"fr-FR","potentialAction":[{"@type":"ReadAction","target":["https:\/\/www.africa-press.net\/cameroun\/politique\/succession-lalignement-des-planetes-pour-le-depart-de-paul-biya"]}]},{"@type":"ImageObject","inLanguage":"fr-FR","@id":"https:\/\/www.africa-press.net\/cameroun\/politique\/succession-lalignement-des-planetes-pour-le-depart-de-paul-biya#primaryimage","url":"https:\/\/static.africa-press.net\/cameroun\/sites\/57\/2023\/03\/postQueueImg_1678697950.72.jpg","contentUrl":"https:\/\/static.africa-press.net\/cameroun\/sites\/57\/2023\/03\/postQueueImg_1678697950.72.jpg","width":720,"height":478,"caption":"Succession : l\u2019alignement des plan\u00e8tes pour le d\u00e9part de Paul Biya"},{"@type":"BreadcrumbList","@id":"https:\/\/www.africa-press.net\/cameroun\/politique\/succession-lalignement-des-planetes-pour-le-depart-de-paul-biya#breadcrumb","itemListElement":[{"@type":"ListItem","position":1,"name":"Accueil","item":"https:\/\/www.africa-press.net\/cameroun\/"},{"@type":"ListItem","position":2,"name":"Succession : l\u2019alignement des plan\u00e8tes pour le d\u00e9part de Paul Biya"}]},{"@type":"WebSite","@id":"https:\/\/www.africa-press.net\/cameroun\/#website","url":"https:\/\/www.africa-press.net\/cameroun\/","name":"Cameroun","description":"Just another Africa News Agency Sites site","potentialAction":[{"@type":"SearchAction","target":{"@type":"EntryPoint","urlTemplate":"https:\/\/www.africa-press.net\/cameroun\/?s={search_term_string}"},"query-input":{"@type":"PropertyValueSpecification","valueRequired":true,"valueName":"search_term_string"}}],"inLanguage":"fr-FR"},{"@type":"Person","@id":"https:\/\/www.africa-press.net\/cameroun\/#\/schema\/person\/2b1cf3cd81a31e3cd26889ca66d677f1","name":"cfeditorfr"}]}},"_links":{"self":[{"href":"https:\/\/www.africa-press.net\/cameroun\/wp-json\/wp\/v2\/posts\/39099","targetHints":{"allow":["GET"]}}],"collection":[{"href":"https:\/\/www.africa-press.net\/cameroun\/wp-json\/wp\/v2\/posts"}],"about":[{"href":"https:\/\/www.africa-press.net\/cameroun\/wp-json\/wp\/v2\/types\/post"}],"author":[{"embeddable":true,"href":"https:\/\/www.africa-press.net\/cameroun\/wp-json\/wp\/v2\/users\/82"}],"replies":[{"embeddable":true,"href":"https:\/\/www.africa-press.net\/cameroun\/wp-json\/wp\/v2\/comments?post=39099"}],"version-history":[{"count":0,"href":"https:\/\/www.africa-press.net\/cameroun\/wp-json\/wp\/v2\/posts\/39099\/revisions"}],"wp:featuredmedia":[{"embeddable":true,"href":"https:\/\/www.africa-press.net\/cameroun\/wp-json\/wp\/v2\/media\/39097"}],"wp:attachment":[{"href":"https:\/\/www.africa-press.net\/cameroun\/wp-json\/wp\/v2\/media?parent=39099"}],"wp:term":[{"taxonomy":"category","embeddable":true,"href":"https:\/\/www.africa-press.net\/cameroun\/wp-json\/wp\/v2\/categories?post=39099"},{"taxonomy":"post_tag","embeddable":true,"href":"https:\/\/www.africa-press.net\/cameroun\/wp-json\/wp\/v2\/tags?post=39099"}],"curies":[{"name":"wp","href":"https:\/\/api.w.org\/{rel}","templated":true}]}}