{"id":39107,"date":"2023-03-13T12:29:34","date_gmt":"2023-03-13T12:29:34","guid":{"rendered":"https:\/\/www.africa-press.net\/cameroun\/politique\/cameroun-senatoriales-2023-le-pcrn-se-rejouit-de-ses-116-voix-obtenues-dans-le-littoral"},"modified":"2023-03-13T12:51:06","modified_gmt":"2023-03-13T12:51:06","slug":"cameroun-senatoriales-2023-le-pcrn-se-rejouit-de-ses-116-voix-obtenues-dans-le-littoral","status":"publish","type":"post","link":"https:\/\/www.africa-press.net\/cameroun\/politique\/cameroun-senatoriales-2023-le-pcrn-se-rejouit-de-ses-116-voix-obtenues-dans-le-littoral","title":{"rendered":"Cameroun-s\u00e9natoriales 2023 : le PCRN se r\u00e9jouit de ses 116 voix obtenues dans le Littoral"},"content":{"rendered":"<p><span style=\"color: #ff6600\"><strong>Africa-Press &#8211; Cameroun. <\/strong><\/span>Le Parti camerounais pour la re\u0301conciliation nationale en compe\u0301tition avec le Rdpc dans le Littoral a pu engranger 116 voix sur 1 087 suffrages exprime\u0301s.<\/p>\n<p>Pour sa premie\u0300re participation aux e\u0301lections se\u0301natoriales au Cameroun, le parti politique que dirige le de\u0301pute\u0301 Cabral Libii ne sort de la course sans voix. Me\u0302me si les instances compe\u0301tentes publieront les re\u0301sultats dans les prochains jours, les tendances observe\u0301es a\u0300 l\u2019issue du scrutin montrent les performances sur le terrain. Selon son pre\u0301sident national, en plus de ses 72 conseillers qui lui sont acquis, le PCRN a obtenu des voix d\u2019autres partis politiques dans le Littoral.<\/p>\n<p>\u00ab Au final, notre liste remporte 116 voix, soit un pourcentage de 10, 66% suffisant pour re\u0301cupe\u0301rer les cautions. Ainsi, on a pu avoir 44 voix des autres partis politiques dont 40 dans le Moungo ou\u0300 le PCRN n\u2019avait aucun e\u0301lu (&#8230;) Il faut noter aussi les 4 voix supple\u0301mentaires engrange\u0301s dans le Nkam en plus de nos 25 e\u0301lus de la commune de Nkondjock \u00bb, de\u0301clare Cabral Libii qui remercie par la me\u0302me occasion les e\u0301lus du Mouvement patriote pour un Cameroun nouveau (Mpcn).<\/p>\n<p>Tandis que l\u2019heure est au de\u0301compte et a\u0300 la centralisation des votes, le Parti Camerounais pour la re\u0301conciliation nationale a de\u0301ja\u0300 le regard fixe\u0301 sur les e\u0301che\u0301ances e\u0301lectorales de 2025. Depuis les e\u0301lections municipales et le\u0301gislatives du 9 fe\u0301vrier 2020, le parti dirige sept communes dont cinq dans la re\u0301gion du Centre et deux dans la re\u0301gion du Littoral. Il compte 5 de\u0301pute\u0301s a\u0300 l\u2019Assemble\u0301e nationale.<\/p>\n<p><strong>Pour plus d&rsquo;informations et d&rsquo;analyses sur la <a href=\"https:\/\/www.africa-press.net\/cameroun\">Cameroun<\/a>, suivez <a href=\"https:\/\/www.africa-press.net\/\">Africa-Press<\/a><\/strong><\/p>\n","protected":false},"excerpt":{"rendered":"<p>Africa-Press &#8211; Cameroun. Le Parti camerounais pour la re\u0301conciliation nationale en compe\u0301tition avec le Rdpc dans le Littoral a pu engranger 116 voix sur 1 087 suffrages exprime\u0301s. Pour sa premie\u0300re participation aux e\u0301lections se\u0301natoriales au Cameroun, le parti politique que dirige le de\u0301pute\u0301 Cabral Libii ne sort de la course sans voix. Me\u0302me si [&hellip;]<\/p>\n","protected":false},"author":82,"featured_media":39106,"comment_status":"open","ping_status":"closed","sticky":false,"template":"","format":"standard","meta":{"footnotes":""},"categories":[2,10],"tags":[36,50,49],"class_list":["post-39107","post","type-post","status-publish","format-standard","has-post-thumbnail","hentry","category-politique","category-toutes-les-actualites","tag-africa-press","tag-africa-press-cameroun","tag-cameroun"],"yoast_head":"<!-- This site is optimized with the Yoast SEO Premium plugin v26.1 (Yoast SEO v27.0) - https:\/\/yoast.com\/product\/yoast-seo-premium-wordpress\/ -->\n<title>Cameroun-s\u00e9natoriales 2023 : le PCRN se r\u00e9jouit de ses 116 voix obtenues dans le Littoral - Cameroun<\/title>\n<meta name=\"description\" content=\"Le Parti camerounais pour la re\u0301conciliation nationale en compe\u0301tition avec le Rdpc dans le Littoral a pu engranger 116 ...\" \/>\n<meta name=\"robots\" content=\"index, follow, max-snippet:-1, max-image-preview:large, max-video-preview:-1\" \/>\n<link rel=\"canonical\" href=\"https:\/\/www.africa-press.net\/cameroun\/politique\/cameroun-senatoriales-2023-le-pcrn-se-rejouit-de-ses-116-voix-obtenues-dans-le-littoral\" \/>\n<meta property=\"og:locale\" content=\"fr_FR\" \/>\n<meta property=\"og:type\" content=\"article\" \/>\n<meta property=\"og:title\" content=\"Cameroun-s\u00e9natoriales 2023 : le PCRN se r\u00e9jouit de ses 116 voix obtenues dans le Littoral\" \/>\n<meta property=\"og:description\" content=\"Le Parti camerounais pour la re\u0301conciliation nationale en compe\u0301tition avec le Rdpc dans le Littoral a pu engranger 116 ...\" \/>\n<meta property=\"og:url\" content=\"https:\/\/www.africa-press.net\/cameroun\/politique\/cameroun-senatoriales-2023-le-pcrn-se-rejouit-de-ses-116-voix-obtenues-dans-le-littoral\" \/>\n<meta property=\"og:site_name\" content=\"Cameroun\" \/>\n<meta property=\"article:published_time\" content=\"2023-03-13T12:29:34+00:00\" \/>\n<meta property=\"article:modified_time\" content=\"2023-03-13T12:51:06+00:00\" \/>\n<meta property=\"og:image\" content=\"https:\/\/static.africa-press.net\/cameroun\/sites\/57\/2023\/03\/postQueueImg_1678697976.36.jpg\" \/>\n\t<meta property=\"og:image:width\" content=\"1280\" \/>\n\t<meta property=\"og:image:height\" content=\"720\" \/>\n\t<meta property=\"og:image:type\" content=\"image\/jpeg\" \/>\n<meta name=\"author\" content=\"cfeditorfr\" \/>\n<meta name=\"twitter:card\" content=\"summary_large_image\" \/>\n<meta name=\"twitter:label1\" content=\"\u00c9crit par\" \/>\n\t<meta name=\"twitter:data1\" content=\"cfeditorfr\" \/>\n\t<meta name=\"twitter:label2\" content=\"Dur\u00e9e de lecture estim\u00e9e\" \/>\n\t<meta name=\"twitter:data2\" content=\"1 minute\" \/>\n<script type=\"application\/ld+json\" class=\"yoast-schema-graph\">{\"@context\":\"https:\/\/schema.org\",\"@graph\":[{\"@type\":\"Article\",\"@id\":\"https:\/\/www.africa-press.net\/cameroun\/politique\/cameroun-senatoriales-2023-le-pcrn-se-rejouit-de-ses-116-voix-obtenues-dans-le-littoral#article\",\"isPartOf\":{\"@id\":\"https:\/\/www.africa-press.net\/cameroun\/politique\/cameroun-senatoriales-2023-le-pcrn-se-rejouit-de-ses-116-voix-obtenues-dans-le-littoral\"},\"author\":{\"name\":\"cfeditorfr\",\"@id\":\"https:\/\/www.africa-press.net\/cameroun\/#\/schema\/person\/2b1cf3cd81a31e3cd26889ca66d677f1\"},\"headline\":\"Cameroun-s\u00e9natoriales 2023 : le PCRN se r\u00e9jouit de ses 116 voix obtenues dans le Littoral\",\"datePublished\":\"2023-03-13T12:29:34+00:00\",\"dateModified\":\"2023-03-13T12:51:06+00:00\",\"mainEntityOfPage\":{\"@id\":\"https:\/\/www.africa-press.net\/cameroun\/politique\/cameroun-senatoriales-2023-le-pcrn-se-rejouit-de-ses-116-voix-obtenues-dans-le-littoral\"},\"wordCount\":303,\"commentCount\":0,\"image\":{\"@id\":\"https:\/\/www.africa-press.net\/cameroun\/politique\/cameroun-senatoriales-2023-le-pcrn-se-rejouit-de-ses-116-voix-obtenues-dans-le-littoral#primaryimage\"},\"thumbnailUrl\":\"https:\/\/static.africa-press.net\/cameroun\/sites\/57\/2023\/03\/postQueueImg_1678697976.36.jpg\",\"keywords\":[\"Africa Press\",\"Africa Press-Cameroun\",\"Cameroun\"],\"articleSection\":[\"Politique\",\"Toutes les actualit\u00e9s\"],\"inLanguage\":\"fr-FR\",\"potentialAction\":[{\"@type\":\"CommentAction\",\"name\":\"Comment\",\"target\":[\"https:\/\/www.africa-press.net\/cameroun\/politique\/cameroun-senatoriales-2023-le-pcrn-se-rejouit-de-ses-116-voix-obtenues-dans-le-littoral#respond\"]}]},{\"@type\":\"WebPage\",\"@id\":\"https:\/\/www.africa-press.net\/cameroun\/politique\/cameroun-senatoriales-2023-le-pcrn-se-rejouit-de-ses-116-voix-obtenues-dans-le-littoral\",\"url\":\"https:\/\/www.africa-press.net\/cameroun\/politique\/cameroun-senatoriales-2023-le-pcrn-se-rejouit-de-ses-116-voix-obtenues-dans-le-littoral\",\"name\":\"Cameroun-s\u00e9natoriales 2023 : le PCRN se r\u00e9jouit de ses 116 voix obtenues dans le Littoral - Cameroun\",\"isPartOf\":{\"@id\":\"https:\/\/www.africa-press.net\/cameroun\/#website\"},\"primaryImageOfPage\":{\"@id\":\"https:\/\/www.africa-press.net\/cameroun\/politique\/cameroun-senatoriales-2023-le-pcrn-se-rejouit-de-ses-116-voix-obtenues-dans-le-littoral#primaryimage\"},\"image\":{\"@id\":\"https:\/\/www.africa-press.net\/cameroun\/politique\/cameroun-senatoriales-2023-le-pcrn-se-rejouit-de-ses-116-voix-obtenues-dans-le-littoral#primaryimage\"},\"thumbnailUrl\":\"https:\/\/static.africa-press.net\/cameroun\/sites\/57\/2023\/03\/postQueueImg_1678697976.36.jpg\",\"datePublished\":\"2023-03-13T12:29:34+00:00\",\"dateModified\":\"2023-03-13T12:51:06+00:00\",\"author\":{\"@id\":\"https:\/\/www.africa-press.net\/cameroun\/#\/schema\/person\/2b1cf3cd81a31e3cd26889ca66d677f1\"},\"description\":\"Le Parti camerounais pour la re\u0301conciliation nationale en compe\u0301tition avec le Rdpc dans le Littoral a pu engranger 116 ...\",\"breadcrumb\":{\"@id\":\"https:\/\/www.africa-press.net\/cameroun\/politique\/cameroun-senatoriales-2023-le-pcrn-se-rejouit-de-ses-116-voix-obtenues-dans-le-littoral#breadcrumb\"},\"inLanguage\":\"fr-FR\",\"potentialAction\":[{\"@type\":\"ReadAction\",\"target\":[\"https:\/\/www.africa-press.net\/cameroun\/politique\/cameroun-senatoriales-2023-le-pcrn-se-rejouit-de-ses-116-voix-obtenues-dans-le-littoral\"]}]},{\"@type\":\"ImageObject\",\"inLanguage\":\"fr-FR\",\"@id\":\"https:\/\/www.africa-press.net\/cameroun\/politique\/cameroun-senatoriales-2023-le-pcrn-se-rejouit-de-ses-116-voix-obtenues-dans-le-littoral#primaryimage\",\"url\":\"https:\/\/static.africa-press.net\/cameroun\/sites\/57\/2023\/03\/postQueueImg_1678697976.36.jpg\",\"contentUrl\":\"https:\/\/static.africa-press.net\/cameroun\/sites\/57\/2023\/03\/postQueueImg_1678697976.36.jpg\",\"width\":1280,\"height\":720,\"caption\":\"Cameroun-s\u00e9natoriales 2023 : le PCRN se r\u00e9jouit de ses 116 voix obtenues dans le Littoral\"},{\"@type\":\"BreadcrumbList\",\"@id\":\"https:\/\/www.africa-press.net\/cameroun\/politique\/cameroun-senatoriales-2023-le-pcrn-se-rejouit-de-ses-116-voix-obtenues-dans-le-littoral#breadcrumb\",\"itemListElement\":[{\"@type\":\"ListItem\",\"position\":1,\"name\":\"Accueil\",\"item\":\"https:\/\/www.africa-press.net\/cameroun\/\"},{\"@type\":\"ListItem\",\"position\":2,\"name\":\"Cameroun-s\u00e9natoriales 2023 : le PCRN se r\u00e9jouit de ses 116 voix obtenues dans le Littoral\"}]},{\"@type\":\"WebSite\",\"@id\":\"https:\/\/www.africa-press.net\/cameroun\/#website\",\"url\":\"https:\/\/www.africa-press.net\/cameroun\/\",\"name\":\"Cameroun\",\"description\":\"Just another Africa News Agency Sites site\",\"potentialAction\":[{\"@type\":\"SearchAction\",\"target\":{\"@type\":\"EntryPoint\",\"urlTemplate\":\"https:\/\/www.africa-press.net\/cameroun\/?s={search_term_string}\"},\"query-input\":{\"@type\":\"PropertyValueSpecification\",\"valueRequired\":true,\"valueName\":\"search_term_string\"}}],\"inLanguage\":\"fr-FR\"},{\"@type\":\"Person\",\"@id\":\"https:\/\/www.africa-press.net\/cameroun\/#\/schema\/person\/2b1cf3cd81a31e3cd26889ca66d677f1\",\"name\":\"cfeditorfr\"}]}<\/script>\n<!-- \/ Yoast SEO Premium plugin. -->","yoast_head_json":{"title":"Cameroun-s\u00e9natoriales 2023 : le PCRN se r\u00e9jouit de ses 116 voix obtenues dans le Littoral - Cameroun","description":"Le Parti camerounais pour la re\u0301conciliation nationale en compe\u0301tition avec le Rdpc dans le Littoral a pu engranger 116 ...","robots":{"index":"index","follow":"follow","max-snippet":"max-snippet:-1","max-image-preview":"max-image-preview:large","max-video-preview":"max-video-preview:-1"},"canonical":"https:\/\/www.africa-press.net\/cameroun\/politique\/cameroun-senatoriales-2023-le-pcrn-se-rejouit-de-ses-116-voix-obtenues-dans-le-littoral","og_locale":"fr_FR","og_type":"article","og_title":"Cameroun-s\u00e9natoriales 2023 : le PCRN se r\u00e9jouit de ses 116 voix obtenues dans le Littoral","og_description":"Le Parti camerounais pour la re\u0301conciliation nationale en compe\u0301tition avec le Rdpc dans le Littoral a pu engranger 116 ...","og_url":"https:\/\/www.africa-press.net\/cameroun\/politique\/cameroun-senatoriales-2023-le-pcrn-se-rejouit-de-ses-116-voix-obtenues-dans-le-littoral","og_site_name":"Cameroun","article_published_time":"2023-03-13T12:29:34+00:00","article_modified_time":"2023-03-13T12:51:06+00:00","og_image":[{"width":1280,"height":720,"url":"https:\/\/static.africa-press.net\/cameroun\/sites\/57\/2023\/03\/postQueueImg_1678697976.36.jpg","type":"image\/jpeg"}],"author":"cfeditorfr","twitter_card":"summary_large_image","twitter_misc":{"\u00c9crit par":"cfeditorfr","Dur\u00e9e de lecture estim\u00e9e":"1 minute"},"schema":{"@context":"https:\/\/schema.org","@graph":[{"@type":"Article","@id":"https:\/\/www.africa-press.net\/cameroun\/politique\/cameroun-senatoriales-2023-le-pcrn-se-rejouit-de-ses-116-voix-obtenues-dans-le-littoral#article","isPartOf":{"@id":"https:\/\/www.africa-press.net\/cameroun\/politique\/cameroun-senatoriales-2023-le-pcrn-se-rejouit-de-ses-116-voix-obtenues-dans-le-littoral"},"author":{"name":"cfeditorfr","@id":"https:\/\/www.africa-press.net\/cameroun\/#\/schema\/person\/2b1cf3cd81a31e3cd26889ca66d677f1"},"headline":"Cameroun-s\u00e9natoriales 2023 : le PCRN se r\u00e9jouit de ses 116 voix obtenues dans le Littoral","datePublished":"2023-03-13T12:29:34+00:00","dateModified":"2023-03-13T12:51:06+00:00","mainEntityOfPage":{"@id":"https:\/\/www.africa-press.net\/cameroun\/politique\/cameroun-senatoriales-2023-le-pcrn-se-rejouit-de-ses-116-voix-obtenues-dans-le-littoral"},"wordCount":303,"commentCount":0,"image":{"@id":"https:\/\/www.africa-press.net\/cameroun\/politique\/cameroun-senatoriales-2023-le-pcrn-se-rejouit-de-ses-116-voix-obtenues-dans-le-littoral#primaryimage"},"thumbnailUrl":"https:\/\/static.africa-press.net\/cameroun\/sites\/57\/2023\/03\/postQueueImg_1678697976.36.jpg","keywords":["Africa Press","Africa Press-Cameroun","Cameroun"],"articleSection":["Politique","Toutes les actualit\u00e9s"],"inLanguage":"fr-FR","potentialAction":[{"@type":"CommentAction","name":"Comment","target":["https:\/\/www.africa-press.net\/cameroun\/politique\/cameroun-senatoriales-2023-le-pcrn-se-rejouit-de-ses-116-voix-obtenues-dans-le-littoral#respond"]}]},{"@type":"WebPage","@id":"https:\/\/www.africa-press.net\/cameroun\/politique\/cameroun-senatoriales-2023-le-pcrn-se-rejouit-de-ses-116-voix-obtenues-dans-le-littoral","url":"https:\/\/www.africa-press.net\/cameroun\/politique\/cameroun-senatoriales-2023-le-pcrn-se-rejouit-de-ses-116-voix-obtenues-dans-le-littoral","name":"Cameroun-s\u00e9natoriales 2023 : le PCRN se r\u00e9jouit de ses 116 voix obtenues dans le Littoral - Cameroun","isPartOf":{"@id":"https:\/\/www.africa-press.net\/cameroun\/#website"},"primaryImageOfPage":{"@id":"https:\/\/www.africa-press.net\/cameroun\/politique\/cameroun-senatoriales-2023-le-pcrn-se-rejouit-de-ses-116-voix-obtenues-dans-le-littoral#primaryimage"},"image":{"@id":"https:\/\/www.africa-press.net\/cameroun\/politique\/cameroun-senatoriales-2023-le-pcrn-se-rejouit-de-ses-116-voix-obtenues-dans-le-littoral#primaryimage"},"thumbnailUrl":"https:\/\/static.africa-press.net\/cameroun\/sites\/57\/2023\/03\/postQueueImg_1678697976.36.jpg","datePublished":"2023-03-13T12:29:34+00:00","dateModified":"2023-03-13T12:51:06+00:00","author":{"@id":"https:\/\/www.africa-press.net\/cameroun\/#\/schema\/person\/2b1cf3cd81a31e3cd26889ca66d677f1"},"description":"Le Parti camerounais pour la re\u0301conciliation nationale en compe\u0301tition avec le Rdpc dans le Littoral a pu engranger 116 ...","breadcrumb":{"@id":"https:\/\/www.africa-press.net\/cameroun\/politique\/cameroun-senatoriales-2023-le-pcrn-se-rejouit-de-ses-116-voix-obtenues-dans-le-littoral#breadcrumb"},"inLanguage":"fr-FR","potentialAction":[{"@type":"ReadAction","target":["https:\/\/www.africa-press.net\/cameroun\/politique\/cameroun-senatoriales-2023-le-pcrn-se-rejouit-de-ses-116-voix-obtenues-dans-le-littoral"]}]},{"@type":"ImageObject","inLanguage":"fr-FR","@id":"https:\/\/www.africa-press.net\/cameroun\/politique\/cameroun-senatoriales-2023-le-pcrn-se-rejouit-de-ses-116-voix-obtenues-dans-le-littoral#primaryimage","url":"https:\/\/static.africa-press.net\/cameroun\/sites\/57\/2023\/03\/postQueueImg_1678697976.36.jpg","contentUrl":"https:\/\/static.africa-press.net\/cameroun\/sites\/57\/2023\/03\/postQueueImg_1678697976.36.jpg","width":1280,"height":720,"caption":"Cameroun-s\u00e9natoriales 2023 : le PCRN se r\u00e9jouit de ses 116 voix obtenues dans le Littoral"},{"@type":"BreadcrumbList","@id":"https:\/\/www.africa-press.net\/cameroun\/politique\/cameroun-senatoriales-2023-le-pcrn-se-rejouit-de-ses-116-voix-obtenues-dans-le-littoral#breadcrumb","itemListElement":[{"@type":"ListItem","position":1,"name":"Accueil","item":"https:\/\/www.africa-press.net\/cameroun\/"},{"@type":"ListItem","position":2,"name":"Cameroun-s\u00e9natoriales 2023 : le PCRN se r\u00e9jouit de ses 116 voix obtenues dans le Littoral"}]},{"@type":"WebSite","@id":"https:\/\/www.africa-press.net\/cameroun\/#website","url":"https:\/\/www.africa-press.net\/cameroun\/","name":"Cameroun","description":"Just another Africa News Agency Sites site","potentialAction":[{"@type":"SearchAction","target":{"@type":"EntryPoint","urlTemplate":"https:\/\/www.africa-press.net\/cameroun\/?s={search_term_string}"},"query-input":{"@type":"PropertyValueSpecification","valueRequired":true,"valueName":"search_term_string"}}],"inLanguage":"fr-FR"},{"@type":"Person","@id":"https:\/\/www.africa-press.net\/cameroun\/#\/schema\/person\/2b1cf3cd81a31e3cd26889ca66d677f1","name":"cfeditorfr"}]}},"_links":{"self":[{"href":"https:\/\/www.africa-press.net\/cameroun\/wp-json\/wp\/v2\/posts\/39107","targetHints":{"allow":["GET"]}}],"collection":[{"href":"https:\/\/www.africa-press.net\/cameroun\/wp-json\/wp\/v2\/posts"}],"about":[{"href":"https:\/\/www.africa-press.net\/cameroun\/wp-json\/wp\/v2\/types\/post"}],"author":[{"embeddable":true,"href":"https:\/\/www.africa-press.net\/cameroun\/wp-json\/wp\/v2\/users\/82"}],"replies":[{"embeddable":true,"href":"https:\/\/www.africa-press.net\/cameroun\/wp-json\/wp\/v2\/comments?post=39107"}],"version-history":[{"count":0,"href":"https:\/\/www.africa-press.net\/cameroun\/wp-json\/wp\/v2\/posts\/39107\/revisions"}],"wp:featuredmedia":[{"embeddable":true,"href":"https:\/\/www.africa-press.net\/cameroun\/wp-json\/wp\/v2\/media\/39106"}],"wp:attachment":[{"href":"https:\/\/www.africa-press.net\/cameroun\/wp-json\/wp\/v2\/media?parent=39107"}],"wp:term":[{"taxonomy":"category","embeddable":true,"href":"https:\/\/www.africa-press.net\/cameroun\/wp-json\/wp\/v2\/categories?post=39107"},{"taxonomy":"post_tag","embeddable":true,"href":"https:\/\/www.africa-press.net\/cameroun\/wp-json\/wp\/v2\/tags?post=39107"}],"curies":[{"name":"wp","href":"https:\/\/api.w.org\/{rel}","templated":true}]}}