{"id":39116,"date":"2023-03-13T19:27:20","date_gmt":"2023-03-13T19:27:20","guid":{"rendered":"https:\/\/www.africa-press.net\/cameroun\/politique\/drame-de-nkongsamba-le-silence-troublant-du-ministre-de-la-sante"},"modified":"2023-03-13T19:46:32","modified_gmt":"2023-03-13T19:46:32","slug":"drame-de-nkongsamba-le-silence-troublant-du-ministre-de-la-sante","status":"publish","type":"post","link":"https:\/\/www.africa-press.net\/cameroun\/toutes-les-actualites\/drame-de-nkongsamba-le-silence-troublant-du-ministre-de-la-sante","title":{"rendered":"Drame de Nkongsamba: Le silence troublant du ministre de la Sant\u00e9"},"content":{"rendered":"<p><span style=\"color: #ff6600\"><strong>Africa-Press &#8211; Cameroun. <\/strong><\/span>Pas de communique\u0301, ni de publication sur ses re\u0301seaux sociaux ou ceux du de\u0301partement ministe\u0301riel dont il est le chef. Depuis vendredi 10 mars 2023, le ministre de la Sante\u0301 publique n\u2019a pas re\u0301agi publiquement sur la mort tragique d\u2019un be\u0301be\u0301 dans une couveuse de l\u2019ho\u0302pital de re\u0301gional de Nkongsamba.<\/p>\n<p>La socie\u0301te\u0301 de distribution de l\u2019e\u0301nergie e\u0301lectrique, ENEO, s\u2019est montre\u0301e plus prompte et a fait preuve d\u2019empathie dans un communique\u0301 ou\u0300 elle pre\u0301sente ses condole\u0301ances a\u0300 la famille e\u0301prouve\u0301e tout en annonc\u0327ant que des enque\u0302tes impliquant toutes les autorite\u0301s compe\u0301tentes sont en cours.<\/p>\n<p>Dans les chaumie\u0300res et sur la toile, ce mutisme assourdissant tout comme les circonstances du drame interrogent. Albert Ze, spe\u0301cialiste des questions de sante\u0301, estime que cette trage\u0301die est une nouvelle preuve du \u00abbricolage\u00bb dans le syste\u0300me de sante\u0301 du Cameroun. Pour un inge\u0301nieur biome\u0301dical, qui a requis l\u2019anonymat, \u00abaucune couveuse qui respecte les normes internationales ne peut prendre feu de la sorte. Les couveuses disposent d&rsquo;un syste\u0300me de se\u0301curite\u0301 segmente\u0301 par circuit d&rsquo;alimentation et chaque circuit est prote\u0301ge\u0301 par des fusibles. On compte au moins 6 fusibles\u00bb.<\/p>\n<p>Au-dela\u0300 des interrogations sur l\u2019absence de communication, des Camerounais ne comprennent pas qu\u2019apre\u0300s un e\u0301ve\u0300nement aussi triste, le directeur de l\u2019ho\u0302pital re\u0301gional de Nkongsamba, Fulbert Georges Mangala Nkwele, et son ministre de tutelle soient toujours en fonction.<\/p>\n<p><strong>Pour plus d&rsquo;informations et d&rsquo;analyses sur la <a href=\"https:\/\/www.africa-press.net\/cameroun\">Cameroun<\/a>, suivez <a href=\"https:\/\/www.africa-press.net\/\">Africa-Press<\/a><\/strong><\/p>\n","protected":false},"excerpt":{"rendered":"<p>Africa-Press &#8211; Cameroun. Pas de communique\u0301, ni de publication sur ses re\u0301seaux sociaux ou ceux du de\u0301partement ministe\u0301riel dont il est le chef. Depuis vendredi 10 mars 2023, le ministre de la Sante\u0301 publique n\u2019a pas re\u0301agi publiquement sur la mort tragique d\u2019un be\u0301be\u0301 dans une couveuse de l\u2019ho\u0302pital de re\u0301gional de Nkongsamba. La socie\u0301te\u0301 [&hellip;]<\/p>\n","protected":false},"author":82,"featured_media":39115,"comment_status":"open","ping_status":"closed","sticky":false,"template":"","format":"standard","meta":{"footnotes":""},"categories":[21,10],"tags":[36,50,49],"class_list":["post-39116","post","type-post","status-publish","format-standard","has-post-thumbnail","hentry","category-communaute","category-toutes-les-actualites","tag-africa-press","tag-africa-press-cameroun","tag-cameroun"],"yoast_head":"<!-- This site is optimized with the Yoast SEO Premium plugin v26.1 (Yoast SEO v27.0) - https:\/\/yoast.com\/product\/yoast-seo-premium-wordpress\/ -->\n<title>Drame de Nkongsamba: Le silence troublant du ministre de la Sant\u00e9 - Cameroun<\/title>\n<meta name=\"description\" content=\"Pas de communique\u0301, ni de publication sur ses re\u0301seaux sociaux ou ceux du de\u0301partement ministe\u0301riel dont il est le chef. ...\" \/>\n<meta name=\"robots\" content=\"index, follow, max-snippet:-1, max-image-preview:large, max-video-preview:-1\" \/>\n<link rel=\"canonical\" href=\"https:\/\/www.africa-press.net\/cameroun\/toutes-les-actualites\/drame-de-nkongsamba-le-silence-troublant-du-ministre-de-la-sante\" \/>\n<meta property=\"og:locale\" content=\"fr_FR\" \/>\n<meta property=\"og:type\" content=\"article\" \/>\n<meta property=\"og:title\" content=\"Drame de Nkongsamba: Le silence troublant du ministre de la Sant\u00e9\" \/>\n<meta property=\"og:description\" content=\"Pas de communique\u0301, ni de publication sur ses re\u0301seaux sociaux ou ceux du de\u0301partement ministe\u0301riel dont il est le chef. ...\" \/>\n<meta property=\"og:url\" content=\"https:\/\/www.africa-press.net\/cameroun\/toutes-les-actualites\/drame-de-nkongsamba-le-silence-troublant-du-ministre-de-la-sante\" \/>\n<meta property=\"og:site_name\" content=\"Cameroun\" \/>\n<meta property=\"article:published_time\" content=\"2023-03-13T19:27:20+00:00\" \/>\n<meta property=\"article:modified_time\" content=\"2023-03-13T19:46:32+00:00\" \/>\n<meta property=\"og:image\" content=\"https:\/\/static.africa-press.net\/cameroun\/sites\/57\/2023\/03\/postQueueImg_1678723055.54.jpg\" \/>\n\t<meta property=\"og:image:width\" content=\"800\" \/>\n\t<meta property=\"og:image:height\" content=\"405\" \/>\n\t<meta property=\"og:image:type\" content=\"image\/jpeg\" \/>\n<meta name=\"author\" content=\"cfeditorfr\" \/>\n<meta name=\"twitter:card\" content=\"summary_large_image\" \/>\n<meta name=\"twitter:label1\" content=\"\u00c9crit par\" \/>\n\t<meta name=\"twitter:data1\" content=\"cfeditorfr\" \/>\n\t<meta name=\"twitter:label2\" content=\"Dur\u00e9e de lecture estim\u00e9e\" \/>\n\t<meta name=\"twitter:data2\" content=\"2 minutes\" \/>\n<script type=\"application\/ld+json\" class=\"yoast-schema-graph\">{\"@context\":\"https:\/\/schema.org\",\"@graph\":[{\"@type\":\"Article\",\"@id\":\"https:\/\/www.africa-press.net\/cameroun\/toutes-les-actualites\/drame-de-nkongsamba-le-silence-troublant-du-ministre-de-la-sante#article\",\"isPartOf\":{\"@id\":\"https:\/\/www.africa-press.net\/cameroun\/toutes-les-actualites\/drame-de-nkongsamba-le-silence-troublant-du-ministre-de-la-sante\"},\"author\":{\"name\":\"cfeditorfr\",\"@id\":\"https:\/\/www.africa-press.net\/cameroun\/#\/schema\/person\/2b1cf3cd81a31e3cd26889ca66d677f1\"},\"headline\":\"Drame de Nkongsamba: Le silence troublant du ministre de la Sant\u00e9\",\"datePublished\":\"2023-03-13T19:27:20+00:00\",\"dateModified\":\"2023-03-13T19:46:32+00:00\",\"mainEntityOfPage\":{\"@id\":\"https:\/\/www.africa-press.net\/cameroun\/toutes-les-actualites\/drame-de-nkongsamba-le-silence-troublant-du-ministre-de-la-sante\"},\"wordCount\":286,\"commentCount\":0,\"image\":{\"@id\":\"https:\/\/www.africa-press.net\/cameroun\/toutes-les-actualites\/drame-de-nkongsamba-le-silence-troublant-du-ministre-de-la-sante#primaryimage\"},\"thumbnailUrl\":\"https:\/\/static.africa-press.net\/cameroun\/sites\/57\/2023\/03\/postQueueImg_1678723055.54.jpg\",\"keywords\":[\"Africa Press\",\"Africa Press-Cameroun\",\"Cameroun\"],\"articleSection\":[\"Communaut\u00e9\",\"Toutes les actualit\u00e9s\"],\"inLanguage\":\"fr-FR\",\"potentialAction\":[{\"@type\":\"CommentAction\",\"name\":\"Comment\",\"target\":[\"https:\/\/www.africa-press.net\/cameroun\/toutes-les-actualites\/drame-de-nkongsamba-le-silence-troublant-du-ministre-de-la-sante#respond\"]}]},{\"@type\":\"WebPage\",\"@id\":\"https:\/\/www.africa-press.net\/cameroun\/toutes-les-actualites\/drame-de-nkongsamba-le-silence-troublant-du-ministre-de-la-sante\",\"url\":\"https:\/\/www.africa-press.net\/cameroun\/toutes-les-actualites\/drame-de-nkongsamba-le-silence-troublant-du-ministre-de-la-sante\",\"name\":\"Drame de Nkongsamba: Le silence troublant du ministre de la Sant\u00e9 - Cameroun\",\"isPartOf\":{\"@id\":\"https:\/\/www.africa-press.net\/cameroun\/#website\"},\"primaryImageOfPage\":{\"@id\":\"https:\/\/www.africa-press.net\/cameroun\/toutes-les-actualites\/drame-de-nkongsamba-le-silence-troublant-du-ministre-de-la-sante#primaryimage\"},\"image\":{\"@id\":\"https:\/\/www.africa-press.net\/cameroun\/toutes-les-actualites\/drame-de-nkongsamba-le-silence-troublant-du-ministre-de-la-sante#primaryimage\"},\"thumbnailUrl\":\"https:\/\/static.africa-press.net\/cameroun\/sites\/57\/2023\/03\/postQueueImg_1678723055.54.jpg\",\"datePublished\":\"2023-03-13T19:27:20+00:00\",\"dateModified\":\"2023-03-13T19:46:32+00:00\",\"author\":{\"@id\":\"https:\/\/www.africa-press.net\/cameroun\/#\/schema\/person\/2b1cf3cd81a31e3cd26889ca66d677f1\"},\"description\":\"Pas de communique\u0301, ni de publication sur ses re\u0301seaux sociaux ou ceux du de\u0301partement ministe\u0301riel dont il est le chef. ...\",\"breadcrumb\":{\"@id\":\"https:\/\/www.africa-press.net\/cameroun\/toutes-les-actualites\/drame-de-nkongsamba-le-silence-troublant-du-ministre-de-la-sante#breadcrumb\"},\"inLanguage\":\"fr-FR\",\"potentialAction\":[{\"@type\":\"ReadAction\",\"target\":[\"https:\/\/www.africa-press.net\/cameroun\/toutes-les-actualites\/drame-de-nkongsamba-le-silence-troublant-du-ministre-de-la-sante\"]}]},{\"@type\":\"ImageObject\",\"inLanguage\":\"fr-FR\",\"@id\":\"https:\/\/www.africa-press.net\/cameroun\/toutes-les-actualites\/drame-de-nkongsamba-le-silence-troublant-du-ministre-de-la-sante#primaryimage\",\"url\":\"https:\/\/static.africa-press.net\/cameroun\/sites\/57\/2023\/03\/postQueueImg_1678723055.54.jpg\",\"contentUrl\":\"https:\/\/static.africa-press.net\/cameroun\/sites\/57\/2023\/03\/postQueueImg_1678723055.54.jpg\",\"width\":800,\"height\":405,\"caption\":\"Drame de Nkongsamba: Le silence troublant du ministre de la Sant\u00e9\"},{\"@type\":\"BreadcrumbList\",\"@id\":\"https:\/\/www.africa-press.net\/cameroun\/toutes-les-actualites\/drame-de-nkongsamba-le-silence-troublant-du-ministre-de-la-sante#breadcrumb\",\"itemListElement\":[{\"@type\":\"ListItem\",\"position\":1,\"name\":\"Accueil\",\"item\":\"https:\/\/www.africa-press.net\/cameroun\/\"},{\"@type\":\"ListItem\",\"position\":2,\"name\":\"Drame de Nkongsamba: Le silence troublant du ministre de la Sant\u00e9\"}]},{\"@type\":\"WebSite\",\"@id\":\"https:\/\/www.africa-press.net\/cameroun\/#website\",\"url\":\"https:\/\/www.africa-press.net\/cameroun\/\",\"name\":\"Cameroun\",\"description\":\"Just another Africa News Agency Sites site\",\"potentialAction\":[{\"@type\":\"SearchAction\",\"target\":{\"@type\":\"EntryPoint\",\"urlTemplate\":\"https:\/\/www.africa-press.net\/cameroun\/?s={search_term_string}\"},\"query-input\":{\"@type\":\"PropertyValueSpecification\",\"valueRequired\":true,\"valueName\":\"search_term_string\"}}],\"inLanguage\":\"fr-FR\"},{\"@type\":\"Person\",\"@id\":\"https:\/\/www.africa-press.net\/cameroun\/#\/schema\/person\/2b1cf3cd81a31e3cd26889ca66d677f1\",\"name\":\"cfeditorfr\"}]}<\/script>\n<!-- \/ Yoast SEO Premium plugin. -->","yoast_head_json":{"title":"Drame de Nkongsamba: Le silence troublant du ministre de la Sant\u00e9 - Cameroun","description":"Pas de communique\u0301, ni de publication sur ses re\u0301seaux sociaux ou ceux du de\u0301partement ministe\u0301riel dont il est le chef. ...","robots":{"index":"index","follow":"follow","max-snippet":"max-snippet:-1","max-image-preview":"max-image-preview:large","max-video-preview":"max-video-preview:-1"},"canonical":"https:\/\/www.africa-press.net\/cameroun\/toutes-les-actualites\/drame-de-nkongsamba-le-silence-troublant-du-ministre-de-la-sante","og_locale":"fr_FR","og_type":"article","og_title":"Drame de Nkongsamba: Le silence troublant du ministre de la Sant\u00e9","og_description":"Pas de communique\u0301, ni de publication sur ses re\u0301seaux sociaux ou ceux du de\u0301partement ministe\u0301riel dont il est le chef. ...","og_url":"https:\/\/www.africa-press.net\/cameroun\/toutes-les-actualites\/drame-de-nkongsamba-le-silence-troublant-du-ministre-de-la-sante","og_site_name":"Cameroun","article_published_time":"2023-03-13T19:27:20+00:00","article_modified_time":"2023-03-13T19:46:32+00:00","og_image":[{"width":800,"height":405,"url":"https:\/\/static.africa-press.net\/cameroun\/sites\/57\/2023\/03\/postQueueImg_1678723055.54.jpg","type":"image\/jpeg"}],"author":"cfeditorfr","twitter_card":"summary_large_image","twitter_misc":{"\u00c9crit par":"cfeditorfr","Dur\u00e9e de lecture estim\u00e9e":"2 minutes"},"schema":{"@context":"https:\/\/schema.org","@graph":[{"@type":"Article","@id":"https:\/\/www.africa-press.net\/cameroun\/toutes-les-actualites\/drame-de-nkongsamba-le-silence-troublant-du-ministre-de-la-sante#article","isPartOf":{"@id":"https:\/\/www.africa-press.net\/cameroun\/toutes-les-actualites\/drame-de-nkongsamba-le-silence-troublant-du-ministre-de-la-sante"},"author":{"name":"cfeditorfr","@id":"https:\/\/www.africa-press.net\/cameroun\/#\/schema\/person\/2b1cf3cd81a31e3cd26889ca66d677f1"},"headline":"Drame de Nkongsamba: Le silence troublant du ministre de la Sant\u00e9","datePublished":"2023-03-13T19:27:20+00:00","dateModified":"2023-03-13T19:46:32+00:00","mainEntityOfPage":{"@id":"https:\/\/www.africa-press.net\/cameroun\/toutes-les-actualites\/drame-de-nkongsamba-le-silence-troublant-du-ministre-de-la-sante"},"wordCount":286,"commentCount":0,"image":{"@id":"https:\/\/www.africa-press.net\/cameroun\/toutes-les-actualites\/drame-de-nkongsamba-le-silence-troublant-du-ministre-de-la-sante#primaryimage"},"thumbnailUrl":"https:\/\/static.africa-press.net\/cameroun\/sites\/57\/2023\/03\/postQueueImg_1678723055.54.jpg","keywords":["Africa Press","Africa Press-Cameroun","Cameroun"],"articleSection":["Communaut\u00e9","Toutes les actualit\u00e9s"],"inLanguage":"fr-FR","potentialAction":[{"@type":"CommentAction","name":"Comment","target":["https:\/\/www.africa-press.net\/cameroun\/toutes-les-actualites\/drame-de-nkongsamba-le-silence-troublant-du-ministre-de-la-sante#respond"]}]},{"@type":"WebPage","@id":"https:\/\/www.africa-press.net\/cameroun\/toutes-les-actualites\/drame-de-nkongsamba-le-silence-troublant-du-ministre-de-la-sante","url":"https:\/\/www.africa-press.net\/cameroun\/toutes-les-actualites\/drame-de-nkongsamba-le-silence-troublant-du-ministre-de-la-sante","name":"Drame de Nkongsamba: Le silence troublant du ministre de la Sant\u00e9 - Cameroun","isPartOf":{"@id":"https:\/\/www.africa-press.net\/cameroun\/#website"},"primaryImageOfPage":{"@id":"https:\/\/www.africa-press.net\/cameroun\/toutes-les-actualites\/drame-de-nkongsamba-le-silence-troublant-du-ministre-de-la-sante#primaryimage"},"image":{"@id":"https:\/\/www.africa-press.net\/cameroun\/toutes-les-actualites\/drame-de-nkongsamba-le-silence-troublant-du-ministre-de-la-sante#primaryimage"},"thumbnailUrl":"https:\/\/static.africa-press.net\/cameroun\/sites\/57\/2023\/03\/postQueueImg_1678723055.54.jpg","datePublished":"2023-03-13T19:27:20+00:00","dateModified":"2023-03-13T19:46:32+00:00","author":{"@id":"https:\/\/www.africa-press.net\/cameroun\/#\/schema\/person\/2b1cf3cd81a31e3cd26889ca66d677f1"},"description":"Pas de communique\u0301, ni de publication sur ses re\u0301seaux sociaux ou ceux du de\u0301partement ministe\u0301riel dont il est le chef. ...","breadcrumb":{"@id":"https:\/\/www.africa-press.net\/cameroun\/toutes-les-actualites\/drame-de-nkongsamba-le-silence-troublant-du-ministre-de-la-sante#breadcrumb"},"inLanguage":"fr-FR","potentialAction":[{"@type":"ReadAction","target":["https:\/\/www.africa-press.net\/cameroun\/toutes-les-actualites\/drame-de-nkongsamba-le-silence-troublant-du-ministre-de-la-sante"]}]},{"@type":"ImageObject","inLanguage":"fr-FR","@id":"https:\/\/www.africa-press.net\/cameroun\/toutes-les-actualites\/drame-de-nkongsamba-le-silence-troublant-du-ministre-de-la-sante#primaryimage","url":"https:\/\/static.africa-press.net\/cameroun\/sites\/57\/2023\/03\/postQueueImg_1678723055.54.jpg","contentUrl":"https:\/\/static.africa-press.net\/cameroun\/sites\/57\/2023\/03\/postQueueImg_1678723055.54.jpg","width":800,"height":405,"caption":"Drame de Nkongsamba: Le silence troublant du ministre de la Sant\u00e9"},{"@type":"BreadcrumbList","@id":"https:\/\/www.africa-press.net\/cameroun\/toutes-les-actualites\/drame-de-nkongsamba-le-silence-troublant-du-ministre-de-la-sante#breadcrumb","itemListElement":[{"@type":"ListItem","position":1,"name":"Accueil","item":"https:\/\/www.africa-press.net\/cameroun\/"},{"@type":"ListItem","position":2,"name":"Drame de Nkongsamba: Le silence troublant du ministre de la Sant\u00e9"}]},{"@type":"WebSite","@id":"https:\/\/www.africa-press.net\/cameroun\/#website","url":"https:\/\/www.africa-press.net\/cameroun\/","name":"Cameroun","description":"Just another Africa News Agency Sites site","potentialAction":[{"@type":"SearchAction","target":{"@type":"EntryPoint","urlTemplate":"https:\/\/www.africa-press.net\/cameroun\/?s={search_term_string}"},"query-input":{"@type":"PropertyValueSpecification","valueRequired":true,"valueName":"search_term_string"}}],"inLanguage":"fr-FR"},{"@type":"Person","@id":"https:\/\/www.africa-press.net\/cameroun\/#\/schema\/person\/2b1cf3cd81a31e3cd26889ca66d677f1","name":"cfeditorfr"}]}},"_links":{"self":[{"href":"https:\/\/www.africa-press.net\/cameroun\/wp-json\/wp\/v2\/posts\/39116","targetHints":{"allow":["GET"]}}],"collection":[{"href":"https:\/\/www.africa-press.net\/cameroun\/wp-json\/wp\/v2\/posts"}],"about":[{"href":"https:\/\/www.africa-press.net\/cameroun\/wp-json\/wp\/v2\/types\/post"}],"author":[{"embeddable":true,"href":"https:\/\/www.africa-press.net\/cameroun\/wp-json\/wp\/v2\/users\/82"}],"replies":[{"embeddable":true,"href":"https:\/\/www.africa-press.net\/cameroun\/wp-json\/wp\/v2\/comments?post=39116"}],"version-history":[{"count":0,"href":"https:\/\/www.africa-press.net\/cameroun\/wp-json\/wp\/v2\/posts\/39116\/revisions"}],"wp:featuredmedia":[{"embeddable":true,"href":"https:\/\/www.africa-press.net\/cameroun\/wp-json\/wp\/v2\/media\/39115"}],"wp:attachment":[{"href":"https:\/\/www.africa-press.net\/cameroun\/wp-json\/wp\/v2\/media?parent=39116"}],"wp:term":[{"taxonomy":"category","embeddable":true,"href":"https:\/\/www.africa-press.net\/cameroun\/wp-json\/wp\/v2\/categories?post=39116"},{"taxonomy":"post_tag","embeddable":true,"href":"https:\/\/www.africa-press.net\/cameroun\/wp-json\/wp\/v2\/tags?post=39116"}],"curies":[{"name":"wp","href":"https:\/\/api.w.org\/{rel}","templated":true}]}}