{"id":39119,"date":"2023-03-13T19:27:57","date_gmt":"2023-03-13T19:27:57","guid":{"rendered":"https:\/\/www.africa-press.net\/cameroun\/politique\/tunisie-xenophobie-le-cameroun-met-en-place-un-numero-vert"},"modified":"2023-03-13T19:47:00","modified_gmt":"2023-03-13T19:47:00","slug":"tunisie-xenophobie-le-cameroun-met-en-place-un-numero-vert","status":"publish","type":"post","link":"https:\/\/www.africa-press.net\/cameroun\/politique\/tunisie-xenophobie-le-cameroun-met-en-place-un-numero-vert","title":{"rendered":"Tunisie &#8211; X\u00e9nophobie: Le Cameroun met en place un num\u00e9ro vert"},"content":{"rendered":"<p><span style=\"color: #ff6600\"><strong>Africa-Press &#8211; Cameroun. <\/strong><\/span>Dans ce communique\u0301 rendu public le 06 mars 2023, le diplomate camerounais, Samuel Djobo, met a\u0300 disposition de ses compatriotes un nume\u0301ro de te\u0301le\u0301phone (<b>80 10 11 11<\/b>) qu\u2019ils peuvent appeler gratuitement pour signaler des \u00ab cas de violence, d\u2019agressions ou d\u2019abus dont ils pourraient e\u0302tre victimes \u00bb.<\/p>\n<p>Avant cela, dans un pre\u0301ce\u0301dent communique\u0301, date\u0301 celui-la\u0300 du 22 fe\u0301vrier dernier, l\u2019ambassadeur avait appele\u0301 les ressortissants camerounais en Tunisie \u00ab au calme et au respect des lois locales en vigueur \u00bb. Il pre\u0301cisait par ailleurs que \u00ab les compatriotes peuvent se rapprocher des chancelleries pour tout besoin d\u2019information et\/ou proce\u0301dure dans le cadre d\u2019un retour volontaire \u00bb.<\/p>\n<p>Le 21 fe\u0301vrier 2023, le Pre\u0301sident tunisien, Kai\u0308s Saed, a fait savoir lors d\u2019un Conseil de se\u0301curite\u0301 nationale, que la pre\u0301sence d&rsquo;immigre\u0301s clandestins provenant d&rsquo;Afrique subsaharienne e\u0301tait source de \u00ab violence, de crimes et d\u2019actes inacceptables \u00bb et relevait d&rsquo;une \u00ab entreprise criminelle \u00bb visant a\u0300 \u00ab changer la composition de\u0301mographique \u00bb de la Tunisie.<\/p>\n<p>Suite a\u0300 ces de\u0301clarations, qualifie\u0301es de \u00ab choquantes \u00bb par l\u2019Union Africaine notamment, des ressortissants subsahariens ont, selon plusieurs te\u0301moignages diffuse\u0301s sur les re\u0301seaux sociaux, e\u0301te\u0301 victimes d\u2019une de\u0301ferlante d\u2019actes de xe\u0301nophobie en Tunisie. En plus des agressions physiques et des menaces recense\u0301es par des associations, plusieurs d\u2019entre eux ont perdu des emplois et\/ou mis a\u0300 la porte sans pre\u0301avis de leurs diffe\u0301rents domiciles. Des pays africains (Co\u0302te d\u2019Ivoire, Mali, Guine\u0301e entre autres) ont de\u0300s lors pris des dispositions pour rapatrier leurs ressortissants.<\/p>\n<p>Pour se de\u0301douaner, Kai\u0308s Saed a, durant une rencontre le 8 mars avec le Chef de l\u2019E\u0301tat Bissau guine\u0301en et Pre\u0301sident en exercice de la Communaute\u0301 Economique des E\u0301tats d&rsquo;Afrique de l&rsquo;Ouest (CE\u0301DE\u0301AO), souligne\u0301 avoir des \u00ab amis africains \u00bb et de\u0301menti tout propos raciste. Umaro Sissoco Embalo a conside\u0301re\u0301 qu\u2019il s\u2019est agi \u00ab d&rsquo;incompre\u0301hensions \u00bb et \u00ab mauvaises interpre\u0301tations \u00bb des propos de son homologue.<\/p>\n<p><strong>Pour plus d&rsquo;informations et d&rsquo;analyses sur la <a href=\"https:\/\/www.africa-press.net\/cameroun\">Cameroun<\/a>, suivez <a href=\"https:\/\/www.africa-press.net\/\">Africa-Press<\/a><\/strong><\/p>\n","protected":false},"excerpt":{"rendered":"<p>Africa-Press &#8211; Cameroun. Dans ce communique\u0301 rendu public le 06 mars 2023, le diplomate camerounais, Samuel Djobo, met a\u0300 disposition de ses compatriotes un nume\u0301ro de te\u0301le\u0301phone (80 10 11 11) qu\u2019ils peuvent appeler gratuitement pour signaler des \u00ab cas de violence, d\u2019agressions ou d\u2019abus dont ils pourraient e\u0302tre victimes \u00bb. Avant cela, dans un [&hellip;]<\/p>\n","protected":false},"author":82,"featured_media":39117,"comment_status":"open","ping_status":"closed","sticky":false,"template":"","format":"standard","meta":{"footnotes":""},"categories":[2,10],"tags":[36,50,49],"class_list":["post-39119","post","type-post","status-publish","format-standard","has-post-thumbnail","hentry","category-politique","category-toutes-les-actualites","tag-africa-press","tag-africa-press-cameroun","tag-cameroun"],"yoast_head":"<!-- This site is optimized with the Yoast SEO Premium plugin v26.1 (Yoast SEO v27.0) - https:\/\/yoast.com\/product\/yoast-seo-premium-wordpress\/ -->\n<title>Tunisie - X\u00e9nophobie: Le Cameroun met en place un num\u00e9ro vert - Cameroun<\/title>\n<meta name=\"description\" content=\"Dans ce communique\u0301 rendu public le 06 mars 2023, le diplomate camerounais, Samuel Djobo, met a\u0300 disposition de ses comp ...\" \/>\n<meta name=\"robots\" content=\"index, follow, max-snippet:-1, max-image-preview:large, max-video-preview:-1\" \/>\n<link rel=\"canonical\" href=\"https:\/\/www.africa-press.net\/cameroun\/politique\/tunisie-xenophobie-le-cameroun-met-en-place-un-numero-vert\" \/>\n<meta property=\"og:locale\" content=\"fr_FR\" \/>\n<meta property=\"og:type\" content=\"article\" \/>\n<meta property=\"og:title\" content=\"Tunisie - X\u00e9nophobie: Le Cameroun met en place un num\u00e9ro vert\" \/>\n<meta property=\"og:description\" content=\"Dans ce communique\u0301 rendu public le 06 mars 2023, le diplomate camerounais, Samuel Djobo, met a\u0300 disposition de ses comp ...\" \/>\n<meta property=\"og:url\" content=\"https:\/\/www.africa-press.net\/cameroun\/politique\/tunisie-xenophobie-le-cameroun-met-en-place-un-numero-vert\" \/>\n<meta property=\"og:site_name\" content=\"Cameroun\" \/>\n<meta property=\"article:published_time\" content=\"2023-03-13T19:27:57+00:00\" \/>\n<meta property=\"article:modified_time\" content=\"2023-03-13T19:47:00+00:00\" \/>\n<meta property=\"og:image\" content=\"https:\/\/static.africa-press.net\/cameroun\/sites\/57\/2023\/03\/postQueueImg_1678723089.40.jpg\" \/>\n\t<meta property=\"og:image:width\" content=\"800\" \/>\n\t<meta property=\"og:image:height\" content=\"599\" \/>\n\t<meta property=\"og:image:type\" content=\"image\/jpeg\" \/>\n<meta name=\"author\" content=\"cfeditorfr\" \/>\n<meta name=\"twitter:card\" content=\"summary_large_image\" \/>\n<meta name=\"twitter:label1\" content=\"\u00c9crit par\" \/>\n\t<meta name=\"twitter:data1\" content=\"cfeditorfr\" \/>\n\t<meta name=\"twitter:label2\" content=\"Dur\u00e9e de lecture estim\u00e9e\" \/>\n\t<meta name=\"twitter:data2\" content=\"2 minutes\" \/>\n<script type=\"application\/ld+json\" class=\"yoast-schema-graph\">{\"@context\":\"https:\/\/schema.org\",\"@graph\":[{\"@type\":\"Article\",\"@id\":\"https:\/\/www.africa-press.net\/cameroun\/politique\/tunisie-xenophobie-le-cameroun-met-en-place-un-numero-vert#article\",\"isPartOf\":{\"@id\":\"https:\/\/www.africa-press.net\/cameroun\/politique\/tunisie-xenophobie-le-cameroun-met-en-place-un-numero-vert\"},\"author\":{\"name\":\"cfeditorfr\",\"@id\":\"https:\/\/www.africa-press.net\/cameroun\/#\/schema\/person\/2b1cf3cd81a31e3cd26889ca66d677f1\"},\"headline\":\"Tunisie &#8211; X\u00e9nophobie: Le Cameroun met en place un num\u00e9ro vert\",\"datePublished\":\"2023-03-13T19:27:57+00:00\",\"dateModified\":\"2023-03-13T19:47:00+00:00\",\"mainEntityOfPage\":{\"@id\":\"https:\/\/www.africa-press.net\/cameroun\/politique\/tunisie-xenophobie-le-cameroun-met-en-place-un-numero-vert\"},\"wordCount\":375,\"commentCount\":0,\"image\":{\"@id\":\"https:\/\/www.africa-press.net\/cameroun\/politique\/tunisie-xenophobie-le-cameroun-met-en-place-un-numero-vert#primaryimage\"},\"thumbnailUrl\":\"https:\/\/static.africa-press.net\/cameroun\/sites\/57\/2023\/03\/postQueueImg_1678723089.40.jpg\",\"keywords\":[\"Africa Press\",\"Africa Press-Cameroun\",\"Cameroun\"],\"articleSection\":[\"Politique\",\"Toutes les actualit\u00e9s\"],\"inLanguage\":\"fr-FR\",\"potentialAction\":[{\"@type\":\"CommentAction\",\"name\":\"Comment\",\"target\":[\"https:\/\/www.africa-press.net\/cameroun\/politique\/tunisie-xenophobie-le-cameroun-met-en-place-un-numero-vert#respond\"]}]},{\"@type\":\"WebPage\",\"@id\":\"https:\/\/www.africa-press.net\/cameroun\/politique\/tunisie-xenophobie-le-cameroun-met-en-place-un-numero-vert\",\"url\":\"https:\/\/www.africa-press.net\/cameroun\/politique\/tunisie-xenophobie-le-cameroun-met-en-place-un-numero-vert\",\"name\":\"Tunisie - X\u00e9nophobie: Le Cameroun met en place un num\u00e9ro vert - Cameroun\",\"isPartOf\":{\"@id\":\"https:\/\/www.africa-press.net\/cameroun\/#website\"},\"primaryImageOfPage\":{\"@id\":\"https:\/\/www.africa-press.net\/cameroun\/politique\/tunisie-xenophobie-le-cameroun-met-en-place-un-numero-vert#primaryimage\"},\"image\":{\"@id\":\"https:\/\/www.africa-press.net\/cameroun\/politique\/tunisie-xenophobie-le-cameroun-met-en-place-un-numero-vert#primaryimage\"},\"thumbnailUrl\":\"https:\/\/static.africa-press.net\/cameroun\/sites\/57\/2023\/03\/postQueueImg_1678723089.40.jpg\",\"datePublished\":\"2023-03-13T19:27:57+00:00\",\"dateModified\":\"2023-03-13T19:47:00+00:00\",\"author\":{\"@id\":\"https:\/\/www.africa-press.net\/cameroun\/#\/schema\/person\/2b1cf3cd81a31e3cd26889ca66d677f1\"},\"description\":\"Dans ce communique\u0301 rendu public le 06 mars 2023, le diplomate camerounais, Samuel Djobo, met a\u0300 disposition de ses comp ...\",\"breadcrumb\":{\"@id\":\"https:\/\/www.africa-press.net\/cameroun\/politique\/tunisie-xenophobie-le-cameroun-met-en-place-un-numero-vert#breadcrumb\"},\"inLanguage\":\"fr-FR\",\"potentialAction\":[{\"@type\":\"ReadAction\",\"target\":[\"https:\/\/www.africa-press.net\/cameroun\/politique\/tunisie-xenophobie-le-cameroun-met-en-place-un-numero-vert\"]}]},{\"@type\":\"ImageObject\",\"inLanguage\":\"fr-FR\",\"@id\":\"https:\/\/www.africa-press.net\/cameroun\/politique\/tunisie-xenophobie-le-cameroun-met-en-place-un-numero-vert#primaryimage\",\"url\":\"https:\/\/static.africa-press.net\/cameroun\/sites\/57\/2023\/03\/postQueueImg_1678723089.40.jpg\",\"contentUrl\":\"https:\/\/static.africa-press.net\/cameroun\/sites\/57\/2023\/03\/postQueueImg_1678723089.40.jpg\",\"width\":800,\"height\":599,\"caption\":\"Tunisie - X\u00e9nophobie: Le Cameroun met en place un num\u00e9ro vert\"},{\"@type\":\"BreadcrumbList\",\"@id\":\"https:\/\/www.africa-press.net\/cameroun\/politique\/tunisie-xenophobie-le-cameroun-met-en-place-un-numero-vert#breadcrumb\",\"itemListElement\":[{\"@type\":\"ListItem\",\"position\":1,\"name\":\"Accueil\",\"item\":\"https:\/\/www.africa-press.net\/cameroun\/\"},{\"@type\":\"ListItem\",\"position\":2,\"name\":\"Tunisie &#8211; X\u00e9nophobie: Le Cameroun met en place un num\u00e9ro vert\"}]},{\"@type\":\"WebSite\",\"@id\":\"https:\/\/www.africa-press.net\/cameroun\/#website\",\"url\":\"https:\/\/www.africa-press.net\/cameroun\/\",\"name\":\"Cameroun\",\"description\":\"Just another Africa News Agency Sites site\",\"potentialAction\":[{\"@type\":\"SearchAction\",\"target\":{\"@type\":\"EntryPoint\",\"urlTemplate\":\"https:\/\/www.africa-press.net\/cameroun\/?s={search_term_string}\"},\"query-input\":{\"@type\":\"PropertyValueSpecification\",\"valueRequired\":true,\"valueName\":\"search_term_string\"}}],\"inLanguage\":\"fr-FR\"},{\"@type\":\"Person\",\"@id\":\"https:\/\/www.africa-press.net\/cameroun\/#\/schema\/person\/2b1cf3cd81a31e3cd26889ca66d677f1\",\"name\":\"cfeditorfr\"}]}<\/script>\n<!-- \/ Yoast SEO Premium plugin. -->","yoast_head_json":{"title":"Tunisie - X\u00e9nophobie: Le Cameroun met en place un num\u00e9ro vert - Cameroun","description":"Dans ce communique\u0301 rendu public le 06 mars 2023, le diplomate camerounais, Samuel Djobo, met a\u0300 disposition de ses comp ...","robots":{"index":"index","follow":"follow","max-snippet":"max-snippet:-1","max-image-preview":"max-image-preview:large","max-video-preview":"max-video-preview:-1"},"canonical":"https:\/\/www.africa-press.net\/cameroun\/politique\/tunisie-xenophobie-le-cameroun-met-en-place-un-numero-vert","og_locale":"fr_FR","og_type":"article","og_title":"Tunisie - X\u00e9nophobie: Le Cameroun met en place un num\u00e9ro vert","og_description":"Dans ce communique\u0301 rendu public le 06 mars 2023, le diplomate camerounais, Samuel Djobo, met a\u0300 disposition de ses comp ...","og_url":"https:\/\/www.africa-press.net\/cameroun\/politique\/tunisie-xenophobie-le-cameroun-met-en-place-un-numero-vert","og_site_name":"Cameroun","article_published_time":"2023-03-13T19:27:57+00:00","article_modified_time":"2023-03-13T19:47:00+00:00","og_image":[{"width":800,"height":599,"url":"https:\/\/static.africa-press.net\/cameroun\/sites\/57\/2023\/03\/postQueueImg_1678723089.40.jpg","type":"image\/jpeg"}],"author":"cfeditorfr","twitter_card":"summary_large_image","twitter_misc":{"\u00c9crit par":"cfeditorfr","Dur\u00e9e de lecture estim\u00e9e":"2 minutes"},"schema":{"@context":"https:\/\/schema.org","@graph":[{"@type":"Article","@id":"https:\/\/www.africa-press.net\/cameroun\/politique\/tunisie-xenophobie-le-cameroun-met-en-place-un-numero-vert#article","isPartOf":{"@id":"https:\/\/www.africa-press.net\/cameroun\/politique\/tunisie-xenophobie-le-cameroun-met-en-place-un-numero-vert"},"author":{"name":"cfeditorfr","@id":"https:\/\/www.africa-press.net\/cameroun\/#\/schema\/person\/2b1cf3cd81a31e3cd26889ca66d677f1"},"headline":"Tunisie &#8211; X\u00e9nophobie: Le Cameroun met en place un num\u00e9ro vert","datePublished":"2023-03-13T19:27:57+00:00","dateModified":"2023-03-13T19:47:00+00:00","mainEntityOfPage":{"@id":"https:\/\/www.africa-press.net\/cameroun\/politique\/tunisie-xenophobie-le-cameroun-met-en-place-un-numero-vert"},"wordCount":375,"commentCount":0,"image":{"@id":"https:\/\/www.africa-press.net\/cameroun\/politique\/tunisie-xenophobie-le-cameroun-met-en-place-un-numero-vert#primaryimage"},"thumbnailUrl":"https:\/\/static.africa-press.net\/cameroun\/sites\/57\/2023\/03\/postQueueImg_1678723089.40.jpg","keywords":["Africa Press","Africa Press-Cameroun","Cameroun"],"articleSection":["Politique","Toutes les actualit\u00e9s"],"inLanguage":"fr-FR","potentialAction":[{"@type":"CommentAction","name":"Comment","target":["https:\/\/www.africa-press.net\/cameroun\/politique\/tunisie-xenophobie-le-cameroun-met-en-place-un-numero-vert#respond"]}]},{"@type":"WebPage","@id":"https:\/\/www.africa-press.net\/cameroun\/politique\/tunisie-xenophobie-le-cameroun-met-en-place-un-numero-vert","url":"https:\/\/www.africa-press.net\/cameroun\/politique\/tunisie-xenophobie-le-cameroun-met-en-place-un-numero-vert","name":"Tunisie - X\u00e9nophobie: Le Cameroun met en place un num\u00e9ro vert - Cameroun","isPartOf":{"@id":"https:\/\/www.africa-press.net\/cameroun\/#website"},"primaryImageOfPage":{"@id":"https:\/\/www.africa-press.net\/cameroun\/politique\/tunisie-xenophobie-le-cameroun-met-en-place-un-numero-vert#primaryimage"},"image":{"@id":"https:\/\/www.africa-press.net\/cameroun\/politique\/tunisie-xenophobie-le-cameroun-met-en-place-un-numero-vert#primaryimage"},"thumbnailUrl":"https:\/\/static.africa-press.net\/cameroun\/sites\/57\/2023\/03\/postQueueImg_1678723089.40.jpg","datePublished":"2023-03-13T19:27:57+00:00","dateModified":"2023-03-13T19:47:00+00:00","author":{"@id":"https:\/\/www.africa-press.net\/cameroun\/#\/schema\/person\/2b1cf3cd81a31e3cd26889ca66d677f1"},"description":"Dans ce communique\u0301 rendu public le 06 mars 2023, le diplomate camerounais, Samuel Djobo, met a\u0300 disposition de ses comp ...","breadcrumb":{"@id":"https:\/\/www.africa-press.net\/cameroun\/politique\/tunisie-xenophobie-le-cameroun-met-en-place-un-numero-vert#breadcrumb"},"inLanguage":"fr-FR","potentialAction":[{"@type":"ReadAction","target":["https:\/\/www.africa-press.net\/cameroun\/politique\/tunisie-xenophobie-le-cameroun-met-en-place-un-numero-vert"]}]},{"@type":"ImageObject","inLanguage":"fr-FR","@id":"https:\/\/www.africa-press.net\/cameroun\/politique\/tunisie-xenophobie-le-cameroun-met-en-place-un-numero-vert#primaryimage","url":"https:\/\/static.africa-press.net\/cameroun\/sites\/57\/2023\/03\/postQueueImg_1678723089.40.jpg","contentUrl":"https:\/\/static.africa-press.net\/cameroun\/sites\/57\/2023\/03\/postQueueImg_1678723089.40.jpg","width":800,"height":599,"caption":"Tunisie - X\u00e9nophobie: Le Cameroun met en place un num\u00e9ro vert"},{"@type":"BreadcrumbList","@id":"https:\/\/www.africa-press.net\/cameroun\/politique\/tunisie-xenophobie-le-cameroun-met-en-place-un-numero-vert#breadcrumb","itemListElement":[{"@type":"ListItem","position":1,"name":"Accueil","item":"https:\/\/www.africa-press.net\/cameroun\/"},{"@type":"ListItem","position":2,"name":"Tunisie &#8211; X\u00e9nophobie: Le Cameroun met en place un num\u00e9ro vert"}]},{"@type":"WebSite","@id":"https:\/\/www.africa-press.net\/cameroun\/#website","url":"https:\/\/www.africa-press.net\/cameroun\/","name":"Cameroun","description":"Just another Africa News Agency Sites site","potentialAction":[{"@type":"SearchAction","target":{"@type":"EntryPoint","urlTemplate":"https:\/\/www.africa-press.net\/cameroun\/?s={search_term_string}"},"query-input":{"@type":"PropertyValueSpecification","valueRequired":true,"valueName":"search_term_string"}}],"inLanguage":"fr-FR"},{"@type":"Person","@id":"https:\/\/www.africa-press.net\/cameroun\/#\/schema\/person\/2b1cf3cd81a31e3cd26889ca66d677f1","name":"cfeditorfr"}]}},"_links":{"self":[{"href":"https:\/\/www.africa-press.net\/cameroun\/wp-json\/wp\/v2\/posts\/39119","targetHints":{"allow":["GET"]}}],"collection":[{"href":"https:\/\/www.africa-press.net\/cameroun\/wp-json\/wp\/v2\/posts"}],"about":[{"href":"https:\/\/www.africa-press.net\/cameroun\/wp-json\/wp\/v2\/types\/post"}],"author":[{"embeddable":true,"href":"https:\/\/www.africa-press.net\/cameroun\/wp-json\/wp\/v2\/users\/82"}],"replies":[{"embeddable":true,"href":"https:\/\/www.africa-press.net\/cameroun\/wp-json\/wp\/v2\/comments?post=39119"}],"version-history":[{"count":0,"href":"https:\/\/www.africa-press.net\/cameroun\/wp-json\/wp\/v2\/posts\/39119\/revisions"}],"wp:featuredmedia":[{"embeddable":true,"href":"https:\/\/www.africa-press.net\/cameroun\/wp-json\/wp\/v2\/media\/39117"}],"wp:attachment":[{"href":"https:\/\/www.africa-press.net\/cameroun\/wp-json\/wp\/v2\/media?parent=39119"}],"wp:term":[{"taxonomy":"category","embeddable":true,"href":"https:\/\/www.africa-press.net\/cameroun\/wp-json\/wp\/v2\/categories?post=39119"},{"taxonomy":"post_tag","embeddable":true,"href":"https:\/\/www.africa-press.net\/cameroun\/wp-json\/wp\/v2\/tags?post=39119"}],"curies":[{"name":"wp","href":"https:\/\/api.w.org\/{rel}","templated":true}]}}