{"id":39121,"date":"2023-03-13T19:28:33","date_gmt":"2023-03-13T19:28:33","guid":{"rendered":"https:\/\/www.africa-press.net\/cameroun\/politique\/telecommunications-loperateur-mtn-cameroon-veut-introduire-la-5g-au-cameroun"},"modified":"2023-03-13T19:47:24","modified_gmt":"2023-03-13T19:47:24","slug":"telecommunications-loperateur-mtn-cameroon-veut-introduire-la-5g-au-cameroun","status":"publish","type":"post","link":"https:\/\/www.africa-press.net\/cameroun\/toutes-les-actualites\/telecommunications-loperateur-mtn-cameroon-veut-introduire-la-5g-au-cameroun","title":{"rendered":"T\u00e9l\u00e9communications\u00a0: L\u2019op\u00e9rateur MTN Cameroon veut introduire la 5G au Cameroun"},"content":{"rendered":"<p><span style=\"color: #ff6600\"><strong>Africa-Press &#8211; Cameroun. <\/strong><\/span>La technologie de la 5G est de\u0301ja\u0300 pre\u0301sente dans plusieurs pays d\u2019Afrique Centrale. Au Cameroun, son arrive\u0301e est annonce\u0301e par l\u2019ope\u0301rateur MTN Cameroon. L\u2019annonce est contenue dans une longue interview accorde\u0301e au quotidien EcoMatin, paru ce 13 mars 2023, par <b>Mitwa Ng\u2019ambi<\/b>, Chief Executive Officer de la filiale camerounaise de la compagnie sud-africaine.<\/p>\n<p>\u00ab&#8230; il y a le Nigeria, il y a d\u2019autres pays voisins comme le Congo ou le Gabon ou\u0300 des licences 5G expe\u0301rimentales ont e\u0301te\u0301 de\u0301livre\u0301es a\u0300 des ope\u0301rateurs. Le marche\u0301 camerounais n\u2019est pas en marge de cette e\u0301volution. L\u2019introduction de la 5G sur notre re\u0301seau fait e\u0301galement partie de nos ambitions. Nous sommes convaincus qu\u2019elle apportera plus de modernite\u0301, en me\u0302me temps qu\u2019elle permettra de faire respirer les re\u0301seaux. Nous en discutons avec les autorite\u0301s \u00bb, de\u0301clare la zambienne dans cette longue interview.<\/p>\n<p>Mitwa Ng\u2019ambi a e\u0301te\u0301 nomme\u0301e au Cameroun le 30 juin 2022 en provenance du Rwanda ou\u0300 elle officiait comme PDG de la branche rwandaise du groupe. Elle place son mandat en terre camerounaise \u00ab sous le signe de la transformation nume\u0301rique \u00bb.<\/p>\n<p>\u00ab Vous savez, nous pensons a\u0300 MTN que tout le monde a droit aux be\u0301ne\u0301fices de la vie moderne connecte\u0301e. Le marche\u0301 de la te\u0301le\u0301phonie mobile a suffisamment progresse\u0301 au Cameroun au cours des dernie\u0300res anne\u0301es ; on peut conside\u0301rer qu\u2019il est mu\u0302r. Des efforts conside\u0301rables doivent encore e\u0302tre fait en ce qui concerne le marche\u0301 de l\u2019Internet haut de\u0301bit mobile qui connai\u0302t une croissance limite\u0301e. Notre ambition est de progresser sur ce segment de marche\u0301, en connectant ceux qui ne sont pas encore connecte\u0301s. Nous sommes mobilise\u0301s dans l\u2019extension de nos re\u0301seaux 3G et 4G y compris dans les zones les plus recule\u0301es. E\u0301videmment, il faudra lever d\u2019autres obstacles ; la disponibilite\u0301 permanente de la fibre optique et l\u2019abordabilite\u0301 des smartphones n\u2019en sont pas des moindres \u00bb, e\u0301nume\u0300re la nouvelle patronne de MTN Cameroon.<\/p>\n<p><strong>Pour plus d&rsquo;informations et d&rsquo;analyses sur la <a href=\"https:\/\/www.africa-press.net\/cameroun\">Cameroun<\/a>, suivez <a href=\"https:\/\/www.africa-press.net\/\">Africa-Press<\/a><\/strong><\/p>\n","protected":false},"excerpt":{"rendered":"<p>Africa-Press &#8211; Cameroun. La technologie de la 5G est de\u0301ja\u0300 pre\u0301sente dans plusieurs pays d\u2019Afrique Centrale. Au Cameroun, son arrive\u0301e est annonce\u0301e par l\u2019ope\u0301rateur MTN Cameroon. L\u2019annonce est contenue dans une longue interview accorde\u0301e au quotidien EcoMatin, paru ce 13 mars 2023, par Mitwa Ng\u2019ambi, Chief Executive Officer de la filiale camerounaise de la compagnie [&hellip;]<\/p>\n","protected":false},"author":82,"featured_media":39120,"comment_status":"open","ping_status":"closed","sticky":false,"template":"","format":"standard","meta":{"footnotes":""},"categories":[21,10],"tags":[36,50,49],"class_list":["post-39121","post","type-post","status-publish","format-standard","has-post-thumbnail","hentry","category-communaute","category-toutes-les-actualites","tag-africa-press","tag-africa-press-cameroun","tag-cameroun"],"yoast_head":"<!-- This site is optimized with the Yoast SEO Premium plugin v26.1 (Yoast SEO v27.0) - https:\/\/yoast.com\/product\/yoast-seo-premium-wordpress\/ -->\n<title>T\u00e9l\u00e9communications\u00a0: L\u2019op\u00e9rateur MTN Cameroon veut introduire la 5G au Cameroun - Cameroun<\/title>\n<meta name=\"description\" content=\"La technologie de la 5G est de\u0301ja\u0300 pre\u0301sente dans plusieurs pays d\u2019Afrique Centrale. Au Cameroun, son arrive\u0301e est annon ...\" \/>\n<meta name=\"robots\" content=\"index, follow, max-snippet:-1, max-image-preview:large, max-video-preview:-1\" \/>\n<link rel=\"canonical\" href=\"https:\/\/www.africa-press.net\/cameroun\/toutes-les-actualites\/telecommunications-loperateur-mtn-cameroon-veut-introduire-la-5g-au-cameroun\" \/>\n<meta property=\"og:locale\" content=\"fr_FR\" \/>\n<meta property=\"og:type\" content=\"article\" \/>\n<meta property=\"og:title\" content=\"T\u00e9l\u00e9communications\u00a0: L\u2019op\u00e9rateur MTN Cameroon veut introduire la 5G au Cameroun\" \/>\n<meta property=\"og:description\" content=\"La technologie de la 5G est de\u0301ja\u0300 pre\u0301sente dans plusieurs pays d\u2019Afrique Centrale. Au Cameroun, son arrive\u0301e est annon ...\" \/>\n<meta property=\"og:url\" content=\"https:\/\/www.africa-press.net\/cameroun\/toutes-les-actualites\/telecommunications-loperateur-mtn-cameroon-veut-introduire-la-5g-au-cameroun\" \/>\n<meta property=\"og:site_name\" content=\"Cameroun\" \/>\n<meta property=\"article:published_time\" content=\"2023-03-13T19:28:33+00:00\" \/>\n<meta property=\"article:modified_time\" content=\"2023-03-13T19:47:24+00:00\" \/>\n<meta property=\"og:image\" content=\"https:\/\/static.africa-press.net\/cameroun\/sites\/57\/2023\/03\/postQueueImg_1678723126.58.jpg\" \/>\n\t<meta property=\"og:image:width\" content=\"800\" \/>\n\t<meta property=\"og:image:height\" content=\"452\" \/>\n\t<meta property=\"og:image:type\" content=\"image\/jpeg\" \/>\n<meta name=\"author\" content=\"cfeditorfr\" \/>\n<meta name=\"twitter:card\" content=\"summary_large_image\" \/>\n<meta name=\"twitter:label1\" content=\"\u00c9crit par\" \/>\n\t<meta name=\"twitter:data1\" content=\"cfeditorfr\" \/>\n\t<meta name=\"twitter:label2\" content=\"Dur\u00e9e de lecture estim\u00e9e\" \/>\n\t<meta name=\"twitter:data2\" content=\"2 minutes\" \/>\n<script type=\"application\/ld+json\" class=\"yoast-schema-graph\">{\"@context\":\"https:\/\/schema.org\",\"@graph\":[{\"@type\":\"Article\",\"@id\":\"https:\/\/www.africa-press.net\/cameroun\/toutes-les-actualites\/telecommunications-loperateur-mtn-cameroon-veut-introduire-la-5g-au-cameroun#article\",\"isPartOf\":{\"@id\":\"https:\/\/www.africa-press.net\/cameroun\/toutes-les-actualites\/telecommunications-loperateur-mtn-cameroon-veut-introduire-la-5g-au-cameroun\"},\"author\":{\"name\":\"cfeditorfr\",\"@id\":\"https:\/\/www.africa-press.net\/cameroun\/#\/schema\/person\/2b1cf3cd81a31e3cd26889ca66d677f1\"},\"headline\":\"T\u00e9l\u00e9communications\u00a0: L\u2019op\u00e9rateur MTN Cameroon veut introduire la 5G au Cameroun\",\"datePublished\":\"2023-03-13T19:28:33+00:00\",\"dateModified\":\"2023-03-13T19:47:24+00:00\",\"mainEntityOfPage\":{\"@id\":\"https:\/\/www.africa-press.net\/cameroun\/toutes-les-actualites\/telecommunications-loperateur-mtn-cameroon-veut-introduire-la-5g-au-cameroun\"},\"wordCount\":389,\"commentCount\":0,\"image\":{\"@id\":\"https:\/\/www.africa-press.net\/cameroun\/toutes-les-actualites\/telecommunications-loperateur-mtn-cameroon-veut-introduire-la-5g-au-cameroun#primaryimage\"},\"thumbnailUrl\":\"https:\/\/static.africa-press.net\/cameroun\/sites\/57\/2023\/03\/postQueueImg_1678723126.58.jpg\",\"keywords\":[\"Africa Press\",\"Africa Press-Cameroun\",\"Cameroun\"],\"articleSection\":[\"Communaut\u00e9\",\"Toutes les actualit\u00e9s\"],\"inLanguage\":\"fr-FR\",\"potentialAction\":[{\"@type\":\"CommentAction\",\"name\":\"Comment\",\"target\":[\"https:\/\/www.africa-press.net\/cameroun\/toutes-les-actualites\/telecommunications-loperateur-mtn-cameroon-veut-introduire-la-5g-au-cameroun#respond\"]}]},{\"@type\":\"WebPage\",\"@id\":\"https:\/\/www.africa-press.net\/cameroun\/toutes-les-actualites\/telecommunications-loperateur-mtn-cameroon-veut-introduire-la-5g-au-cameroun\",\"url\":\"https:\/\/www.africa-press.net\/cameroun\/toutes-les-actualites\/telecommunications-loperateur-mtn-cameroon-veut-introduire-la-5g-au-cameroun\",\"name\":\"T\u00e9l\u00e9communications\u00a0: L\u2019op\u00e9rateur MTN Cameroon veut introduire la 5G au Cameroun - Cameroun\",\"isPartOf\":{\"@id\":\"https:\/\/www.africa-press.net\/cameroun\/#website\"},\"primaryImageOfPage\":{\"@id\":\"https:\/\/www.africa-press.net\/cameroun\/toutes-les-actualites\/telecommunications-loperateur-mtn-cameroon-veut-introduire-la-5g-au-cameroun#primaryimage\"},\"image\":{\"@id\":\"https:\/\/www.africa-press.net\/cameroun\/toutes-les-actualites\/telecommunications-loperateur-mtn-cameroon-veut-introduire-la-5g-au-cameroun#primaryimage\"},\"thumbnailUrl\":\"https:\/\/static.africa-press.net\/cameroun\/sites\/57\/2023\/03\/postQueueImg_1678723126.58.jpg\",\"datePublished\":\"2023-03-13T19:28:33+00:00\",\"dateModified\":\"2023-03-13T19:47:24+00:00\",\"author\":{\"@id\":\"https:\/\/www.africa-press.net\/cameroun\/#\/schema\/person\/2b1cf3cd81a31e3cd26889ca66d677f1\"},\"description\":\"La technologie de la 5G est de\u0301ja\u0300 pre\u0301sente dans plusieurs pays d\u2019Afrique Centrale. Au Cameroun, son arrive\u0301e est annon ...\",\"breadcrumb\":{\"@id\":\"https:\/\/www.africa-press.net\/cameroun\/toutes-les-actualites\/telecommunications-loperateur-mtn-cameroon-veut-introduire-la-5g-au-cameroun#breadcrumb\"},\"inLanguage\":\"fr-FR\",\"potentialAction\":[{\"@type\":\"ReadAction\",\"target\":[\"https:\/\/www.africa-press.net\/cameroun\/toutes-les-actualites\/telecommunications-loperateur-mtn-cameroon-veut-introduire-la-5g-au-cameroun\"]}]},{\"@type\":\"ImageObject\",\"inLanguage\":\"fr-FR\",\"@id\":\"https:\/\/www.africa-press.net\/cameroun\/toutes-les-actualites\/telecommunications-loperateur-mtn-cameroon-veut-introduire-la-5g-au-cameroun#primaryimage\",\"url\":\"https:\/\/static.africa-press.net\/cameroun\/sites\/57\/2023\/03\/postQueueImg_1678723126.58.jpg\",\"contentUrl\":\"https:\/\/static.africa-press.net\/cameroun\/sites\/57\/2023\/03\/postQueueImg_1678723126.58.jpg\",\"width\":800,\"height\":452,\"caption\":\"T\u00e9l\u00e9communications\u00a0: L\u2019op\u00e9rateur MTN Cameroon veut introduire la 5G au Cameroun\"},{\"@type\":\"BreadcrumbList\",\"@id\":\"https:\/\/www.africa-press.net\/cameroun\/toutes-les-actualites\/telecommunications-loperateur-mtn-cameroon-veut-introduire-la-5g-au-cameroun#breadcrumb\",\"itemListElement\":[{\"@type\":\"ListItem\",\"position\":1,\"name\":\"Accueil\",\"item\":\"https:\/\/www.africa-press.net\/cameroun\/\"},{\"@type\":\"ListItem\",\"position\":2,\"name\":\"T\u00e9l\u00e9communications\u00a0: L\u2019op\u00e9rateur MTN Cameroon veut introduire la 5G au Cameroun\"}]},{\"@type\":\"WebSite\",\"@id\":\"https:\/\/www.africa-press.net\/cameroun\/#website\",\"url\":\"https:\/\/www.africa-press.net\/cameroun\/\",\"name\":\"Cameroun\",\"description\":\"Just another Africa News Agency Sites site\",\"potentialAction\":[{\"@type\":\"SearchAction\",\"target\":{\"@type\":\"EntryPoint\",\"urlTemplate\":\"https:\/\/www.africa-press.net\/cameroun\/?s={search_term_string}\"},\"query-input\":{\"@type\":\"PropertyValueSpecification\",\"valueRequired\":true,\"valueName\":\"search_term_string\"}}],\"inLanguage\":\"fr-FR\"},{\"@type\":\"Person\",\"@id\":\"https:\/\/www.africa-press.net\/cameroun\/#\/schema\/person\/2b1cf3cd81a31e3cd26889ca66d677f1\",\"name\":\"cfeditorfr\"}]}<\/script>\n<!-- \/ Yoast SEO Premium plugin. -->","yoast_head_json":{"title":"T\u00e9l\u00e9communications\u00a0: L\u2019op\u00e9rateur MTN Cameroon veut introduire la 5G au Cameroun - Cameroun","description":"La technologie de la 5G est de\u0301ja\u0300 pre\u0301sente dans plusieurs pays d\u2019Afrique Centrale. Au Cameroun, son arrive\u0301e est annon ...","robots":{"index":"index","follow":"follow","max-snippet":"max-snippet:-1","max-image-preview":"max-image-preview:large","max-video-preview":"max-video-preview:-1"},"canonical":"https:\/\/www.africa-press.net\/cameroun\/toutes-les-actualites\/telecommunications-loperateur-mtn-cameroon-veut-introduire-la-5g-au-cameroun","og_locale":"fr_FR","og_type":"article","og_title":"T\u00e9l\u00e9communications\u00a0: L\u2019op\u00e9rateur MTN Cameroon veut introduire la 5G au Cameroun","og_description":"La technologie de la 5G est de\u0301ja\u0300 pre\u0301sente dans plusieurs pays d\u2019Afrique Centrale. Au Cameroun, son arrive\u0301e est annon ...","og_url":"https:\/\/www.africa-press.net\/cameroun\/toutes-les-actualites\/telecommunications-loperateur-mtn-cameroon-veut-introduire-la-5g-au-cameroun","og_site_name":"Cameroun","article_published_time":"2023-03-13T19:28:33+00:00","article_modified_time":"2023-03-13T19:47:24+00:00","og_image":[{"width":800,"height":452,"url":"https:\/\/static.africa-press.net\/cameroun\/sites\/57\/2023\/03\/postQueueImg_1678723126.58.jpg","type":"image\/jpeg"}],"author":"cfeditorfr","twitter_card":"summary_large_image","twitter_misc":{"\u00c9crit par":"cfeditorfr","Dur\u00e9e de lecture estim\u00e9e":"2 minutes"},"schema":{"@context":"https:\/\/schema.org","@graph":[{"@type":"Article","@id":"https:\/\/www.africa-press.net\/cameroun\/toutes-les-actualites\/telecommunications-loperateur-mtn-cameroon-veut-introduire-la-5g-au-cameroun#article","isPartOf":{"@id":"https:\/\/www.africa-press.net\/cameroun\/toutes-les-actualites\/telecommunications-loperateur-mtn-cameroon-veut-introduire-la-5g-au-cameroun"},"author":{"name":"cfeditorfr","@id":"https:\/\/www.africa-press.net\/cameroun\/#\/schema\/person\/2b1cf3cd81a31e3cd26889ca66d677f1"},"headline":"T\u00e9l\u00e9communications\u00a0: L\u2019op\u00e9rateur MTN Cameroon veut introduire la 5G au Cameroun","datePublished":"2023-03-13T19:28:33+00:00","dateModified":"2023-03-13T19:47:24+00:00","mainEntityOfPage":{"@id":"https:\/\/www.africa-press.net\/cameroun\/toutes-les-actualites\/telecommunications-loperateur-mtn-cameroon-veut-introduire-la-5g-au-cameroun"},"wordCount":389,"commentCount":0,"image":{"@id":"https:\/\/www.africa-press.net\/cameroun\/toutes-les-actualites\/telecommunications-loperateur-mtn-cameroon-veut-introduire-la-5g-au-cameroun#primaryimage"},"thumbnailUrl":"https:\/\/static.africa-press.net\/cameroun\/sites\/57\/2023\/03\/postQueueImg_1678723126.58.jpg","keywords":["Africa Press","Africa Press-Cameroun","Cameroun"],"articleSection":["Communaut\u00e9","Toutes les actualit\u00e9s"],"inLanguage":"fr-FR","potentialAction":[{"@type":"CommentAction","name":"Comment","target":["https:\/\/www.africa-press.net\/cameroun\/toutes-les-actualites\/telecommunications-loperateur-mtn-cameroon-veut-introduire-la-5g-au-cameroun#respond"]}]},{"@type":"WebPage","@id":"https:\/\/www.africa-press.net\/cameroun\/toutes-les-actualites\/telecommunications-loperateur-mtn-cameroon-veut-introduire-la-5g-au-cameroun","url":"https:\/\/www.africa-press.net\/cameroun\/toutes-les-actualites\/telecommunications-loperateur-mtn-cameroon-veut-introduire-la-5g-au-cameroun","name":"T\u00e9l\u00e9communications\u00a0: L\u2019op\u00e9rateur MTN Cameroon veut introduire la 5G au Cameroun - Cameroun","isPartOf":{"@id":"https:\/\/www.africa-press.net\/cameroun\/#website"},"primaryImageOfPage":{"@id":"https:\/\/www.africa-press.net\/cameroun\/toutes-les-actualites\/telecommunications-loperateur-mtn-cameroon-veut-introduire-la-5g-au-cameroun#primaryimage"},"image":{"@id":"https:\/\/www.africa-press.net\/cameroun\/toutes-les-actualites\/telecommunications-loperateur-mtn-cameroon-veut-introduire-la-5g-au-cameroun#primaryimage"},"thumbnailUrl":"https:\/\/static.africa-press.net\/cameroun\/sites\/57\/2023\/03\/postQueueImg_1678723126.58.jpg","datePublished":"2023-03-13T19:28:33+00:00","dateModified":"2023-03-13T19:47:24+00:00","author":{"@id":"https:\/\/www.africa-press.net\/cameroun\/#\/schema\/person\/2b1cf3cd81a31e3cd26889ca66d677f1"},"description":"La technologie de la 5G est de\u0301ja\u0300 pre\u0301sente dans plusieurs pays d\u2019Afrique Centrale. Au Cameroun, son arrive\u0301e est annon ...","breadcrumb":{"@id":"https:\/\/www.africa-press.net\/cameroun\/toutes-les-actualites\/telecommunications-loperateur-mtn-cameroon-veut-introduire-la-5g-au-cameroun#breadcrumb"},"inLanguage":"fr-FR","potentialAction":[{"@type":"ReadAction","target":["https:\/\/www.africa-press.net\/cameroun\/toutes-les-actualites\/telecommunications-loperateur-mtn-cameroon-veut-introduire-la-5g-au-cameroun"]}]},{"@type":"ImageObject","inLanguage":"fr-FR","@id":"https:\/\/www.africa-press.net\/cameroun\/toutes-les-actualites\/telecommunications-loperateur-mtn-cameroon-veut-introduire-la-5g-au-cameroun#primaryimage","url":"https:\/\/static.africa-press.net\/cameroun\/sites\/57\/2023\/03\/postQueueImg_1678723126.58.jpg","contentUrl":"https:\/\/static.africa-press.net\/cameroun\/sites\/57\/2023\/03\/postQueueImg_1678723126.58.jpg","width":800,"height":452,"caption":"T\u00e9l\u00e9communications\u00a0: L\u2019op\u00e9rateur MTN Cameroon veut introduire la 5G au Cameroun"},{"@type":"BreadcrumbList","@id":"https:\/\/www.africa-press.net\/cameroun\/toutes-les-actualites\/telecommunications-loperateur-mtn-cameroon-veut-introduire-la-5g-au-cameroun#breadcrumb","itemListElement":[{"@type":"ListItem","position":1,"name":"Accueil","item":"https:\/\/www.africa-press.net\/cameroun\/"},{"@type":"ListItem","position":2,"name":"T\u00e9l\u00e9communications\u00a0: L\u2019op\u00e9rateur MTN Cameroon veut introduire la 5G au Cameroun"}]},{"@type":"WebSite","@id":"https:\/\/www.africa-press.net\/cameroun\/#website","url":"https:\/\/www.africa-press.net\/cameroun\/","name":"Cameroun","description":"Just another Africa News Agency Sites site","potentialAction":[{"@type":"SearchAction","target":{"@type":"EntryPoint","urlTemplate":"https:\/\/www.africa-press.net\/cameroun\/?s={search_term_string}"},"query-input":{"@type":"PropertyValueSpecification","valueRequired":true,"valueName":"search_term_string"}}],"inLanguage":"fr-FR"},{"@type":"Person","@id":"https:\/\/www.africa-press.net\/cameroun\/#\/schema\/person\/2b1cf3cd81a31e3cd26889ca66d677f1","name":"cfeditorfr"}]}},"_links":{"self":[{"href":"https:\/\/www.africa-press.net\/cameroun\/wp-json\/wp\/v2\/posts\/39121","targetHints":{"allow":["GET"]}}],"collection":[{"href":"https:\/\/www.africa-press.net\/cameroun\/wp-json\/wp\/v2\/posts"}],"about":[{"href":"https:\/\/www.africa-press.net\/cameroun\/wp-json\/wp\/v2\/types\/post"}],"author":[{"embeddable":true,"href":"https:\/\/www.africa-press.net\/cameroun\/wp-json\/wp\/v2\/users\/82"}],"replies":[{"embeddable":true,"href":"https:\/\/www.africa-press.net\/cameroun\/wp-json\/wp\/v2\/comments?post=39121"}],"version-history":[{"count":0,"href":"https:\/\/www.africa-press.net\/cameroun\/wp-json\/wp\/v2\/posts\/39121\/revisions"}],"wp:featuredmedia":[{"embeddable":true,"href":"https:\/\/www.africa-press.net\/cameroun\/wp-json\/wp\/v2\/media\/39120"}],"wp:attachment":[{"href":"https:\/\/www.africa-press.net\/cameroun\/wp-json\/wp\/v2\/media?parent=39121"}],"wp:term":[{"taxonomy":"category","embeddable":true,"href":"https:\/\/www.africa-press.net\/cameroun\/wp-json\/wp\/v2\/categories?post=39121"},{"taxonomy":"post_tag","embeddable":true,"href":"https:\/\/www.africa-press.net\/cameroun\/wp-json\/wp\/v2\/tags?post=39121"}],"curies":[{"name":"wp","href":"https:\/\/api.w.org\/{rel}","templated":true}]}}