{"id":39124,"date":"2023-03-13T19:28:48","date_gmt":"2023-03-13T19:28:48","guid":{"rendered":"https:\/\/www.africa-press.net\/cameroun\/politique\/enquete-sur-lassassinat-du-pretre-olivier-ntsa-ebode-deux-fideles-de-son-eglise-arretes"},"modified":"2023-03-13T19:47:42","modified_gmt":"2023-03-13T19:47:42","slug":"enquete-sur-lassassinat-du-pretre-olivier-ntsa-ebode-deux-fideles-de-son-eglise-arretes","status":"publish","type":"post","link":"https:\/\/www.africa-press.net\/cameroun\/toutes-les-actualites\/enquete-sur-lassassinat-du-pretre-olivier-ntsa-ebode-deux-fideles-de-son-eglise-arretes","title":{"rendered":"Enqu\u00eate sur l\u2019assassinat du pr\u00eatre Olivier Ntsa Ebod\u00e9 : deux fid\u00e8les de son \u00e9glise arr\u00eat\u00e9s"},"content":{"rendered":"<p><span style=\"color: #ff6600\"><strong>Africa-Press &#8211; Cameroun. <\/strong><\/span>L\u2019enque\u0302te relative a\u0300 l\u2019assassinat de l\u2019abbe\u0301 Olivier Ntsa Ebode\u0301 progresse de manie\u0300re positive. Ce pre\u0302tre avait e\u0301te\u0301 assassine\u0301 le 1er mars 2023 a\u0300 Obala, une commune du de\u0301partement de la Le\u0301kie\u0301. Et son corps, retrouve\u0301 le lendemain matin sur la route de Mekas a\u0300 Obala.<\/p>\n<p>La semaine dernie\u0300re, les forces de l\u2019ordre ont appre\u0301hende\u0301 un suspect dans cette affaire. Nous avons appris a\u0300 pre\u0301sent que durant cette me\u0302me semaine du 6 mars 2023, deux suspects ont e\u0301galement e\u0301te\u0301 arre\u0302te\u0301s par la gendarmerie.<\/p>\n<p>Il s\u2019agit des deux fide\u0300les qui sollicitaient son aide pour un malade. En effet, dans la nuit de ce 1er mars, deux fide\u0300les de son e\u0301glise e\u0301taient partis le chercher pour qu\u2019il aille prier pour un proche qui e\u0301tait entre la vie et la mort.<\/p>\n<p>Et c\u2019est en s\u2019y rendant que le pre\u0302tre de l\u2019e\u0301glise a subi de se\u0301vices atroces avant d\u2019e\u0302tre assassine\u0301 puis vide\u0301 son sang. Certaines sources ont avance\u0301 que le pre\u0302tre de l\u2019e\u0301glise catholique gallicane e\u0301tait le confident de Jean Jacques Ola Be\u0301be\u0301, un autre pre\u0302tre journaliste assassine\u0301 quelques semaines auparavant.<\/p>\n<p>Est-ce que ces deux meurtres sont alors lie\u0301s ? Pour l\u2019heure les enque\u0302teurs restent perplexes sur la question.<\/p>\n<p>Les jours s\u2019e\u0301coulent et les forces de l\u2019ordre au Cameroun sont en proie a\u0300 une accumulation d\u2019enque\u0302tes irre\u0301solues. En dehors des investigations relatives aux assassinats des deux pre\u0302tres, l\u2019affaire Martinez Zogo reste aussi embrouille\u0301e. A cela s\u2019ajoute la triste re\u0301alite\u0301 des innocents citoyens qui perdent la vie dans un chaos ge\u0301ne\u0301ralise\u0301.<\/p>\n<p><strong>Pour plus d&rsquo;informations et d&rsquo;analyses sur la <a href=\"https:\/\/www.africa-press.net\/cameroun\">Cameroun<\/a>, suivez <a href=\"https:\/\/www.africa-press.net\/\">Africa-Press<\/a><\/strong><\/p>\n","protected":false},"excerpt":{"rendered":"<p>Africa-Press &#8211; Cameroun. L\u2019enque\u0302te relative a\u0300 l\u2019assassinat de l\u2019abbe\u0301 Olivier Ntsa Ebode\u0301 progresse de manie\u0300re positive. Ce pre\u0302tre avait e\u0301te\u0301 assassine\u0301 le 1er mars 2023 a\u0300 Obala, une commune du de\u0301partement de la Le\u0301kie\u0301. Et son corps, retrouve\u0301 le lendemain matin sur la route de Mekas a\u0300 Obala. La semaine dernie\u0300re, les forces de l\u2019ordre [&hellip;]<\/p>\n","protected":false},"author":82,"featured_media":39122,"comment_status":"open","ping_status":"closed","sticky":false,"template":"","format":"standard","meta":{"footnotes":""},"categories":[21,10],"tags":[36,50,49],"class_list":["post-39124","post","type-post","status-publish","format-standard","has-post-thumbnail","hentry","category-communaute","category-toutes-les-actualites","tag-africa-press","tag-africa-press-cameroun","tag-cameroun"],"yoast_head":"<!-- This site is optimized with the Yoast SEO Premium plugin v26.1 (Yoast SEO v27.0) - https:\/\/yoast.com\/product\/yoast-seo-premium-wordpress\/ -->\n<title>Enqu\u00eate sur l\u2019assassinat du pr\u00eatre Olivier Ntsa Ebod\u00e9 : deux fid\u00e8les de son \u00e9glise arr\u00eat\u00e9s - Cameroun<\/title>\n<meta name=\"description\" content=\"L\u2019enque\u0302te relative a\u0300 l\u2019assassinat de l\u2019abbe\u0301 Olivier Ntsa Ebode\u0301 progresse de manie\u0300re positive. Ce pre\u0302tre avait e\u0301te ...\" \/>\n<meta name=\"robots\" content=\"index, follow, max-snippet:-1, max-image-preview:large, max-video-preview:-1\" \/>\n<link rel=\"canonical\" href=\"https:\/\/www.africa-press.net\/cameroun\/toutes-les-actualites\/enquete-sur-lassassinat-du-pretre-olivier-ntsa-ebode-deux-fideles-de-son-eglise-arretes\" \/>\n<meta property=\"og:locale\" content=\"fr_FR\" \/>\n<meta property=\"og:type\" content=\"article\" \/>\n<meta property=\"og:title\" content=\"Enqu\u00eate sur l\u2019assassinat du pr\u00eatre Olivier Ntsa Ebod\u00e9 : deux fid\u00e8les de son \u00e9glise arr\u00eat\u00e9s\" \/>\n<meta property=\"og:description\" content=\"L\u2019enque\u0302te relative a\u0300 l\u2019assassinat de l\u2019abbe\u0301 Olivier Ntsa Ebode\u0301 progresse de manie\u0300re positive. Ce pre\u0302tre avait e\u0301te ...\" \/>\n<meta property=\"og:url\" content=\"https:\/\/www.africa-press.net\/cameroun\/toutes-les-actualites\/enquete-sur-lassassinat-du-pretre-olivier-ntsa-ebode-deux-fideles-de-son-eglise-arretes\" \/>\n<meta property=\"og:site_name\" content=\"Cameroun\" \/>\n<meta property=\"article:published_time\" content=\"2023-03-13T19:28:48+00:00\" \/>\n<meta property=\"article:modified_time\" content=\"2023-03-13T19:47:42+00:00\" \/>\n<meta property=\"og:image\" content=\"https:\/\/static.africa-press.net\/cameroun\/sites\/57\/2023\/03\/postQueueImg_1678723132.26.jpg\" \/>\n\t<meta property=\"og:image:width\" content=\"720\" \/>\n\t<meta property=\"og:image:height\" content=\"396\" \/>\n\t<meta property=\"og:image:type\" content=\"image\/jpeg\" \/>\n<meta name=\"author\" content=\"cfeditorfr\" \/>\n<meta name=\"twitter:card\" content=\"summary_large_image\" \/>\n<meta name=\"twitter:label1\" content=\"\u00c9crit par\" \/>\n\t<meta name=\"twitter:data1\" content=\"cfeditorfr\" \/>\n\t<meta name=\"twitter:label2\" content=\"Dur\u00e9e de lecture estim\u00e9e\" \/>\n\t<meta name=\"twitter:data2\" content=\"2 minutes\" \/>\n<script type=\"application\/ld+json\" class=\"yoast-schema-graph\">{\"@context\":\"https:\/\/schema.org\",\"@graph\":[{\"@type\":\"Article\",\"@id\":\"https:\/\/www.africa-press.net\/cameroun\/toutes-les-actualites\/enquete-sur-lassassinat-du-pretre-olivier-ntsa-ebode-deux-fideles-de-son-eglise-arretes#article\",\"isPartOf\":{\"@id\":\"https:\/\/www.africa-press.net\/cameroun\/toutes-les-actualites\/enquete-sur-lassassinat-du-pretre-olivier-ntsa-ebode-deux-fideles-de-son-eglise-arretes\"},\"author\":{\"name\":\"cfeditorfr\",\"@id\":\"https:\/\/www.africa-press.net\/cameroun\/#\/schema\/person\/2b1cf3cd81a31e3cd26889ca66d677f1\"},\"headline\":\"Enqu\u00eate sur l\u2019assassinat du pr\u00eatre Olivier Ntsa Ebod\u00e9 : deux fid\u00e8les de son \u00e9glise arr\u00eat\u00e9s\",\"datePublished\":\"2023-03-13T19:28:48+00:00\",\"dateModified\":\"2023-03-13T19:47:42+00:00\",\"mainEntityOfPage\":{\"@id\":\"https:\/\/www.africa-press.net\/cameroun\/toutes-les-actualites\/enquete-sur-lassassinat-du-pretre-olivier-ntsa-ebode-deux-fideles-de-son-eglise-arretes\"},\"wordCount\":331,\"commentCount\":0,\"image\":{\"@id\":\"https:\/\/www.africa-press.net\/cameroun\/toutes-les-actualites\/enquete-sur-lassassinat-du-pretre-olivier-ntsa-ebode-deux-fideles-de-son-eglise-arretes#primaryimage\"},\"thumbnailUrl\":\"https:\/\/static.africa-press.net\/cameroun\/sites\/57\/2023\/03\/postQueueImg_1678723132.26.jpg\",\"keywords\":[\"Africa Press\",\"Africa Press-Cameroun\",\"Cameroun\"],\"articleSection\":[\"Communaut\u00e9\",\"Toutes les actualit\u00e9s\"],\"inLanguage\":\"fr-FR\",\"potentialAction\":[{\"@type\":\"CommentAction\",\"name\":\"Comment\",\"target\":[\"https:\/\/www.africa-press.net\/cameroun\/toutes-les-actualites\/enquete-sur-lassassinat-du-pretre-olivier-ntsa-ebode-deux-fideles-de-son-eglise-arretes#respond\"]}]},{\"@type\":\"WebPage\",\"@id\":\"https:\/\/www.africa-press.net\/cameroun\/toutes-les-actualites\/enquete-sur-lassassinat-du-pretre-olivier-ntsa-ebode-deux-fideles-de-son-eglise-arretes\",\"url\":\"https:\/\/www.africa-press.net\/cameroun\/toutes-les-actualites\/enquete-sur-lassassinat-du-pretre-olivier-ntsa-ebode-deux-fideles-de-son-eglise-arretes\",\"name\":\"Enqu\u00eate sur l\u2019assassinat du pr\u00eatre Olivier Ntsa Ebod\u00e9 : deux fid\u00e8les de son \u00e9glise arr\u00eat\u00e9s - Cameroun\",\"isPartOf\":{\"@id\":\"https:\/\/www.africa-press.net\/cameroun\/#website\"},\"primaryImageOfPage\":{\"@id\":\"https:\/\/www.africa-press.net\/cameroun\/toutes-les-actualites\/enquete-sur-lassassinat-du-pretre-olivier-ntsa-ebode-deux-fideles-de-son-eglise-arretes#primaryimage\"},\"image\":{\"@id\":\"https:\/\/www.africa-press.net\/cameroun\/toutes-les-actualites\/enquete-sur-lassassinat-du-pretre-olivier-ntsa-ebode-deux-fideles-de-son-eglise-arretes#primaryimage\"},\"thumbnailUrl\":\"https:\/\/static.africa-press.net\/cameroun\/sites\/57\/2023\/03\/postQueueImg_1678723132.26.jpg\",\"datePublished\":\"2023-03-13T19:28:48+00:00\",\"dateModified\":\"2023-03-13T19:47:42+00:00\",\"author\":{\"@id\":\"https:\/\/www.africa-press.net\/cameroun\/#\/schema\/person\/2b1cf3cd81a31e3cd26889ca66d677f1\"},\"description\":\"L\u2019enque\u0302te relative a\u0300 l\u2019assassinat de l\u2019abbe\u0301 Olivier Ntsa Ebode\u0301 progresse de manie\u0300re positive. Ce pre\u0302tre avait e\u0301te ...\",\"breadcrumb\":{\"@id\":\"https:\/\/www.africa-press.net\/cameroun\/toutes-les-actualites\/enquete-sur-lassassinat-du-pretre-olivier-ntsa-ebode-deux-fideles-de-son-eglise-arretes#breadcrumb\"},\"inLanguage\":\"fr-FR\",\"potentialAction\":[{\"@type\":\"ReadAction\",\"target\":[\"https:\/\/www.africa-press.net\/cameroun\/toutes-les-actualites\/enquete-sur-lassassinat-du-pretre-olivier-ntsa-ebode-deux-fideles-de-son-eglise-arretes\"]}]},{\"@type\":\"ImageObject\",\"inLanguage\":\"fr-FR\",\"@id\":\"https:\/\/www.africa-press.net\/cameroun\/toutes-les-actualites\/enquete-sur-lassassinat-du-pretre-olivier-ntsa-ebode-deux-fideles-de-son-eglise-arretes#primaryimage\",\"url\":\"https:\/\/static.africa-press.net\/cameroun\/sites\/57\/2023\/03\/postQueueImg_1678723132.26.jpg\",\"contentUrl\":\"https:\/\/static.africa-press.net\/cameroun\/sites\/57\/2023\/03\/postQueueImg_1678723132.26.jpg\",\"width\":720,\"height\":396,\"caption\":\"Enqu\u00eate sur l\u2019assassinat du pr\u00eatre Olivier Ntsa Ebod\u00e9 : deux fid\u00e8les de son \u00e9glise arr\u00eat\u00e9s\"},{\"@type\":\"BreadcrumbList\",\"@id\":\"https:\/\/www.africa-press.net\/cameroun\/toutes-les-actualites\/enquete-sur-lassassinat-du-pretre-olivier-ntsa-ebode-deux-fideles-de-son-eglise-arretes#breadcrumb\",\"itemListElement\":[{\"@type\":\"ListItem\",\"position\":1,\"name\":\"Accueil\",\"item\":\"https:\/\/www.africa-press.net\/cameroun\/\"},{\"@type\":\"ListItem\",\"position\":2,\"name\":\"Enqu\u00eate sur l\u2019assassinat du pr\u00eatre Olivier Ntsa Ebod\u00e9 : deux fid\u00e8les de son \u00e9glise arr\u00eat\u00e9s\"}]},{\"@type\":\"WebSite\",\"@id\":\"https:\/\/www.africa-press.net\/cameroun\/#website\",\"url\":\"https:\/\/www.africa-press.net\/cameroun\/\",\"name\":\"Cameroun\",\"description\":\"Just another Africa News Agency Sites site\",\"potentialAction\":[{\"@type\":\"SearchAction\",\"target\":{\"@type\":\"EntryPoint\",\"urlTemplate\":\"https:\/\/www.africa-press.net\/cameroun\/?s={search_term_string}\"},\"query-input\":{\"@type\":\"PropertyValueSpecification\",\"valueRequired\":true,\"valueName\":\"search_term_string\"}}],\"inLanguage\":\"fr-FR\"},{\"@type\":\"Person\",\"@id\":\"https:\/\/www.africa-press.net\/cameroun\/#\/schema\/person\/2b1cf3cd81a31e3cd26889ca66d677f1\",\"name\":\"cfeditorfr\"}]}<\/script>\n<!-- \/ Yoast SEO Premium plugin. -->","yoast_head_json":{"title":"Enqu\u00eate sur l\u2019assassinat du pr\u00eatre Olivier Ntsa Ebod\u00e9 : deux fid\u00e8les de son \u00e9glise arr\u00eat\u00e9s - Cameroun","description":"L\u2019enque\u0302te relative a\u0300 l\u2019assassinat de l\u2019abbe\u0301 Olivier Ntsa Ebode\u0301 progresse de manie\u0300re positive. Ce pre\u0302tre avait e\u0301te ...","robots":{"index":"index","follow":"follow","max-snippet":"max-snippet:-1","max-image-preview":"max-image-preview:large","max-video-preview":"max-video-preview:-1"},"canonical":"https:\/\/www.africa-press.net\/cameroun\/toutes-les-actualites\/enquete-sur-lassassinat-du-pretre-olivier-ntsa-ebode-deux-fideles-de-son-eglise-arretes","og_locale":"fr_FR","og_type":"article","og_title":"Enqu\u00eate sur l\u2019assassinat du pr\u00eatre Olivier Ntsa Ebod\u00e9 : deux fid\u00e8les de son \u00e9glise arr\u00eat\u00e9s","og_description":"L\u2019enque\u0302te relative a\u0300 l\u2019assassinat de l\u2019abbe\u0301 Olivier Ntsa Ebode\u0301 progresse de manie\u0300re positive. Ce pre\u0302tre avait e\u0301te ...","og_url":"https:\/\/www.africa-press.net\/cameroun\/toutes-les-actualites\/enquete-sur-lassassinat-du-pretre-olivier-ntsa-ebode-deux-fideles-de-son-eglise-arretes","og_site_name":"Cameroun","article_published_time":"2023-03-13T19:28:48+00:00","article_modified_time":"2023-03-13T19:47:42+00:00","og_image":[{"width":720,"height":396,"url":"https:\/\/static.africa-press.net\/cameroun\/sites\/57\/2023\/03\/postQueueImg_1678723132.26.jpg","type":"image\/jpeg"}],"author":"cfeditorfr","twitter_card":"summary_large_image","twitter_misc":{"\u00c9crit par":"cfeditorfr","Dur\u00e9e de lecture estim\u00e9e":"2 minutes"},"schema":{"@context":"https:\/\/schema.org","@graph":[{"@type":"Article","@id":"https:\/\/www.africa-press.net\/cameroun\/toutes-les-actualites\/enquete-sur-lassassinat-du-pretre-olivier-ntsa-ebode-deux-fideles-de-son-eglise-arretes#article","isPartOf":{"@id":"https:\/\/www.africa-press.net\/cameroun\/toutes-les-actualites\/enquete-sur-lassassinat-du-pretre-olivier-ntsa-ebode-deux-fideles-de-son-eglise-arretes"},"author":{"name":"cfeditorfr","@id":"https:\/\/www.africa-press.net\/cameroun\/#\/schema\/person\/2b1cf3cd81a31e3cd26889ca66d677f1"},"headline":"Enqu\u00eate sur l\u2019assassinat du pr\u00eatre Olivier Ntsa Ebod\u00e9 : deux fid\u00e8les de son \u00e9glise arr\u00eat\u00e9s","datePublished":"2023-03-13T19:28:48+00:00","dateModified":"2023-03-13T19:47:42+00:00","mainEntityOfPage":{"@id":"https:\/\/www.africa-press.net\/cameroun\/toutes-les-actualites\/enquete-sur-lassassinat-du-pretre-olivier-ntsa-ebode-deux-fideles-de-son-eglise-arretes"},"wordCount":331,"commentCount":0,"image":{"@id":"https:\/\/www.africa-press.net\/cameroun\/toutes-les-actualites\/enquete-sur-lassassinat-du-pretre-olivier-ntsa-ebode-deux-fideles-de-son-eglise-arretes#primaryimage"},"thumbnailUrl":"https:\/\/static.africa-press.net\/cameroun\/sites\/57\/2023\/03\/postQueueImg_1678723132.26.jpg","keywords":["Africa Press","Africa Press-Cameroun","Cameroun"],"articleSection":["Communaut\u00e9","Toutes les actualit\u00e9s"],"inLanguage":"fr-FR","potentialAction":[{"@type":"CommentAction","name":"Comment","target":["https:\/\/www.africa-press.net\/cameroun\/toutes-les-actualites\/enquete-sur-lassassinat-du-pretre-olivier-ntsa-ebode-deux-fideles-de-son-eglise-arretes#respond"]}]},{"@type":"WebPage","@id":"https:\/\/www.africa-press.net\/cameroun\/toutes-les-actualites\/enquete-sur-lassassinat-du-pretre-olivier-ntsa-ebode-deux-fideles-de-son-eglise-arretes","url":"https:\/\/www.africa-press.net\/cameroun\/toutes-les-actualites\/enquete-sur-lassassinat-du-pretre-olivier-ntsa-ebode-deux-fideles-de-son-eglise-arretes","name":"Enqu\u00eate sur l\u2019assassinat du pr\u00eatre Olivier Ntsa Ebod\u00e9 : deux fid\u00e8les de son \u00e9glise arr\u00eat\u00e9s - Cameroun","isPartOf":{"@id":"https:\/\/www.africa-press.net\/cameroun\/#website"},"primaryImageOfPage":{"@id":"https:\/\/www.africa-press.net\/cameroun\/toutes-les-actualites\/enquete-sur-lassassinat-du-pretre-olivier-ntsa-ebode-deux-fideles-de-son-eglise-arretes#primaryimage"},"image":{"@id":"https:\/\/www.africa-press.net\/cameroun\/toutes-les-actualites\/enquete-sur-lassassinat-du-pretre-olivier-ntsa-ebode-deux-fideles-de-son-eglise-arretes#primaryimage"},"thumbnailUrl":"https:\/\/static.africa-press.net\/cameroun\/sites\/57\/2023\/03\/postQueueImg_1678723132.26.jpg","datePublished":"2023-03-13T19:28:48+00:00","dateModified":"2023-03-13T19:47:42+00:00","author":{"@id":"https:\/\/www.africa-press.net\/cameroun\/#\/schema\/person\/2b1cf3cd81a31e3cd26889ca66d677f1"},"description":"L\u2019enque\u0302te relative a\u0300 l\u2019assassinat de l\u2019abbe\u0301 Olivier Ntsa Ebode\u0301 progresse de manie\u0300re positive. Ce pre\u0302tre avait e\u0301te ...","breadcrumb":{"@id":"https:\/\/www.africa-press.net\/cameroun\/toutes-les-actualites\/enquete-sur-lassassinat-du-pretre-olivier-ntsa-ebode-deux-fideles-de-son-eglise-arretes#breadcrumb"},"inLanguage":"fr-FR","potentialAction":[{"@type":"ReadAction","target":["https:\/\/www.africa-press.net\/cameroun\/toutes-les-actualites\/enquete-sur-lassassinat-du-pretre-olivier-ntsa-ebode-deux-fideles-de-son-eglise-arretes"]}]},{"@type":"ImageObject","inLanguage":"fr-FR","@id":"https:\/\/www.africa-press.net\/cameroun\/toutes-les-actualites\/enquete-sur-lassassinat-du-pretre-olivier-ntsa-ebode-deux-fideles-de-son-eglise-arretes#primaryimage","url":"https:\/\/static.africa-press.net\/cameroun\/sites\/57\/2023\/03\/postQueueImg_1678723132.26.jpg","contentUrl":"https:\/\/static.africa-press.net\/cameroun\/sites\/57\/2023\/03\/postQueueImg_1678723132.26.jpg","width":720,"height":396,"caption":"Enqu\u00eate sur l\u2019assassinat du pr\u00eatre Olivier Ntsa Ebod\u00e9 : deux fid\u00e8les de son \u00e9glise arr\u00eat\u00e9s"},{"@type":"BreadcrumbList","@id":"https:\/\/www.africa-press.net\/cameroun\/toutes-les-actualites\/enquete-sur-lassassinat-du-pretre-olivier-ntsa-ebode-deux-fideles-de-son-eglise-arretes#breadcrumb","itemListElement":[{"@type":"ListItem","position":1,"name":"Accueil","item":"https:\/\/www.africa-press.net\/cameroun\/"},{"@type":"ListItem","position":2,"name":"Enqu\u00eate sur l\u2019assassinat du pr\u00eatre Olivier Ntsa Ebod\u00e9 : deux fid\u00e8les de son \u00e9glise arr\u00eat\u00e9s"}]},{"@type":"WebSite","@id":"https:\/\/www.africa-press.net\/cameroun\/#website","url":"https:\/\/www.africa-press.net\/cameroun\/","name":"Cameroun","description":"Just another Africa News Agency Sites site","potentialAction":[{"@type":"SearchAction","target":{"@type":"EntryPoint","urlTemplate":"https:\/\/www.africa-press.net\/cameroun\/?s={search_term_string}"},"query-input":{"@type":"PropertyValueSpecification","valueRequired":true,"valueName":"search_term_string"}}],"inLanguage":"fr-FR"},{"@type":"Person","@id":"https:\/\/www.africa-press.net\/cameroun\/#\/schema\/person\/2b1cf3cd81a31e3cd26889ca66d677f1","name":"cfeditorfr"}]}},"_links":{"self":[{"href":"https:\/\/www.africa-press.net\/cameroun\/wp-json\/wp\/v2\/posts\/39124","targetHints":{"allow":["GET"]}}],"collection":[{"href":"https:\/\/www.africa-press.net\/cameroun\/wp-json\/wp\/v2\/posts"}],"about":[{"href":"https:\/\/www.africa-press.net\/cameroun\/wp-json\/wp\/v2\/types\/post"}],"author":[{"embeddable":true,"href":"https:\/\/www.africa-press.net\/cameroun\/wp-json\/wp\/v2\/users\/82"}],"replies":[{"embeddable":true,"href":"https:\/\/www.africa-press.net\/cameroun\/wp-json\/wp\/v2\/comments?post=39124"}],"version-history":[{"count":0,"href":"https:\/\/www.africa-press.net\/cameroun\/wp-json\/wp\/v2\/posts\/39124\/revisions"}],"wp:featuredmedia":[{"embeddable":true,"href":"https:\/\/www.africa-press.net\/cameroun\/wp-json\/wp\/v2\/media\/39122"}],"wp:attachment":[{"href":"https:\/\/www.africa-press.net\/cameroun\/wp-json\/wp\/v2\/media?parent=39124"}],"wp:term":[{"taxonomy":"category","embeddable":true,"href":"https:\/\/www.africa-press.net\/cameroun\/wp-json\/wp\/v2\/categories?post=39124"},{"taxonomy":"post_tag","embeddable":true,"href":"https:\/\/www.africa-press.net\/cameroun\/wp-json\/wp\/v2\/tags?post=39124"}],"curies":[{"name":"wp","href":"https:\/\/api.w.org\/{rel}","templated":true}]}}