{"id":39127,"date":"2023-03-13T19:28:53","date_gmt":"2023-03-13T19:28:53","guid":{"rendered":"https:\/\/www.africa-press.net\/cameroun\/politique\/le-cameroun-encore-en-deuil-qui-etait-le-grand-baobab-alphonse-beni-mort-ce-dimanche"},"modified":"2023-03-13T19:48:05","modified_gmt":"2023-03-13T19:48:05","slug":"le-cameroun-encore-en-deuil-qui-etait-le-grand-baobab-alphonse-beni-mort-ce-dimanche","status":"publish","type":"post","link":"https:\/\/www.africa-press.net\/cameroun\/toutes-les-actualites\/le-cameroun-encore-en-deuil-qui-etait-le-grand-baobab-alphonse-beni-mort-ce-dimanche","title":{"rendered":"Le Cameroun encore en deuil: qui \u00e9tait le &lsquo;grand baobab&rsquo; Alphonse Beni mort ce dimanche"},"content":{"rendered":"<p><span style=\"color: #ff6600\"><strong>Africa-Press &#8211; Cameroun. <\/strong><\/span>Mitoumba Ebenezer Kepombia a annonce\u0301 il y a quelques heures, le de\u0301ce\u0300s de Alphonse Beni, un re\u0301alisateur de film et se\u0301ries camerounais.<\/p>\n<p>\u00ab\u00a0Alphonse Beni, hier au te\u0301le\u0301phone tu m\u2019as pourtant dit que tu vas te remettre.<\/p>\n<p>Repose en paix grand Boabab du cine\u0301ma\u00a0\u00bb, a e\u0301crit Mitoumba Ebenezer Kepombia, dans une publication sur sa page Facebook.<\/p>\n<p>Alphonse Beni est ne\u0301 en 1946 a\u0300 Nkongsamba, au Cameroun. Selon Nanarland, Il posse\u0300de une carrie\u0300re des plus singulie\u0300res qui soit, car jouissant d\u2019une re\u0301putation d\u2019auteur \u00ab disco \u00bb quasiment culte en Afrique. On le voit aussi bien jouer sur les plateaux des come\u0301dies e\u0301rotiques d\u2019Eurocine\u0301 que faire le ninja approximatif chez cette vieille fripouille de Godfrey Ho.<\/p>\n<p>Pourtant, malgre\u0301 sa flamboyante carrie\u0300re d\u2019acteur, sa ve\u0301ritable passion est la re\u0301alisation ; c\u2019est pourquoi Beni est ici d\u2019abord conside\u0301re\u0301 comme un cine\u0301aste.<\/p>\n<p><strong>Pour plus d&rsquo;informations et d&rsquo;analyses sur la <a href=\"https:\/\/www.africa-press.net\/cameroun\">Cameroun<\/a>, suivez <a href=\"https:\/\/www.africa-press.net\/\">Africa-Press<\/a><\/strong><\/p>\n","protected":false},"excerpt":{"rendered":"<p>Africa-Press &#8211; Cameroun. Mitoumba Ebenezer Kepombia a annonce\u0301 il y a quelques heures, le de\u0301ce\u0300s de Alphonse Beni, un re\u0301alisateur de film et se\u0301ries camerounais. \u00ab\u00a0Alphonse Beni, hier au te\u0301le\u0301phone tu m\u2019as pourtant dit que tu vas te remettre. Repose en paix grand Boabab du cine\u0301ma\u00a0\u00bb, a e\u0301crit Mitoumba Ebenezer Kepombia, dans une publication sur [&hellip;]<\/p>\n","protected":false},"author":82,"featured_media":39125,"comment_status":"open","ping_status":"closed","sticky":false,"template":"","format":"standard","meta":{"footnotes":""},"categories":[21,10],"tags":[36,50,49],"class_list":["post-39127","post","type-post","status-publish","format-standard","has-post-thumbnail","hentry","category-communaute","category-toutes-les-actualites","tag-africa-press","tag-africa-press-cameroun","tag-cameroun"],"yoast_head":"<!-- This site is optimized with the Yoast SEO Premium plugin v26.1 (Yoast SEO v27.0) - https:\/\/yoast.com\/product\/yoast-seo-premium-wordpress\/ -->\n<title>Le Cameroun encore en deuil: qui \u00e9tait le &#039;grand baobab&#039; Alphonse Beni mort ce dimanche - Cameroun<\/title>\n<meta name=\"description\" content=\"Mitoumba Ebenezer Kepombia a annonce\u0301 il y a quelques heures, le de\u0301ce\u0300s de Alphonse Beni, un re\u0301alisateur de film et se ...\" \/>\n<meta name=\"robots\" content=\"index, follow, max-snippet:-1, max-image-preview:large, max-video-preview:-1\" \/>\n<link rel=\"canonical\" href=\"https:\/\/www.africa-press.net\/cameroun\/toutes-les-actualites\/le-cameroun-encore-en-deuil-qui-etait-le-grand-baobab-alphonse-beni-mort-ce-dimanche\" \/>\n<meta property=\"og:locale\" content=\"fr_FR\" \/>\n<meta property=\"og:type\" content=\"article\" \/>\n<meta property=\"og:title\" content=\"Le Cameroun encore en deuil: qui \u00e9tait le &#039;grand baobab&#039; Alphonse Beni mort ce dimanche\" \/>\n<meta property=\"og:description\" content=\"Mitoumba Ebenezer Kepombia a annonce\u0301 il y a quelques heures, le de\u0301ce\u0300s de Alphonse Beni, un re\u0301alisateur de film et se ...\" \/>\n<meta property=\"og:url\" content=\"https:\/\/www.africa-press.net\/cameroun\/toutes-les-actualites\/le-cameroun-encore-en-deuil-qui-etait-le-grand-baobab-alphonse-beni-mort-ce-dimanche\" \/>\n<meta property=\"og:site_name\" content=\"Cameroun\" \/>\n<meta property=\"article:published_time\" content=\"2023-03-13T19:28:53+00:00\" \/>\n<meta property=\"article:modified_time\" content=\"2023-03-13T19:48:05+00:00\" \/>\n<meta property=\"og:image\" content=\"https:\/\/static.africa-press.net\/cameroun\/sites\/57\/2023\/03\/postQueueImg_1678723136.47.jpg\" \/>\n\t<meta property=\"og:image:width\" content=\"720\" \/>\n\t<meta property=\"og:image:height\" content=\"360\" \/>\n\t<meta property=\"og:image:type\" content=\"image\/jpeg\" \/>\n<meta name=\"author\" content=\"cfeditorfr\" \/>\n<meta name=\"twitter:card\" content=\"summary_large_image\" \/>\n<meta name=\"twitter:label1\" content=\"\u00c9crit par\" \/>\n\t<meta name=\"twitter:data1\" content=\"cfeditorfr\" \/>\n\t<meta name=\"twitter:label2\" content=\"Dur\u00e9e de lecture estim\u00e9e\" \/>\n\t<meta name=\"twitter:data2\" content=\"1 minute\" \/>\n<script type=\"application\/ld+json\" class=\"yoast-schema-graph\">{\"@context\":\"https:\/\/schema.org\",\"@graph\":[{\"@type\":\"Article\",\"@id\":\"https:\/\/www.africa-press.net\/cameroun\/toutes-les-actualites\/le-cameroun-encore-en-deuil-qui-etait-le-grand-baobab-alphonse-beni-mort-ce-dimanche#article\",\"isPartOf\":{\"@id\":\"https:\/\/www.africa-press.net\/cameroun\/toutes-les-actualites\/le-cameroun-encore-en-deuil-qui-etait-le-grand-baobab-alphonse-beni-mort-ce-dimanche\"},\"author\":{\"name\":\"cfeditorfr\",\"@id\":\"https:\/\/www.africa-press.net\/cameroun\/#\/schema\/person\/2b1cf3cd81a31e3cd26889ca66d677f1\"},\"headline\":\"Le Cameroun encore en deuil: qui \u00e9tait le &lsquo;grand baobab&rsquo; Alphonse Beni mort ce dimanche\",\"datePublished\":\"2023-03-13T19:28:53+00:00\",\"dateModified\":\"2023-03-13T19:48:05+00:00\",\"mainEntityOfPage\":{\"@id\":\"https:\/\/www.africa-press.net\/cameroun\/toutes-les-actualites\/le-cameroun-encore-en-deuil-qui-etait-le-grand-baobab-alphonse-beni-mort-ce-dimanche\"},\"wordCount\":188,\"commentCount\":0,\"image\":{\"@id\":\"https:\/\/www.africa-press.net\/cameroun\/toutes-les-actualites\/le-cameroun-encore-en-deuil-qui-etait-le-grand-baobab-alphonse-beni-mort-ce-dimanche#primaryimage\"},\"thumbnailUrl\":\"https:\/\/static.africa-press.net\/cameroun\/sites\/57\/2023\/03\/postQueueImg_1678723136.47.jpg\",\"keywords\":[\"Africa Press\",\"Africa Press-Cameroun\",\"Cameroun\"],\"articleSection\":[\"Communaut\u00e9\",\"Toutes les actualit\u00e9s\"],\"inLanguage\":\"fr-FR\",\"potentialAction\":[{\"@type\":\"CommentAction\",\"name\":\"Comment\",\"target\":[\"https:\/\/www.africa-press.net\/cameroun\/toutes-les-actualites\/le-cameroun-encore-en-deuil-qui-etait-le-grand-baobab-alphonse-beni-mort-ce-dimanche#respond\"]}]},{\"@type\":\"WebPage\",\"@id\":\"https:\/\/www.africa-press.net\/cameroun\/toutes-les-actualites\/le-cameroun-encore-en-deuil-qui-etait-le-grand-baobab-alphonse-beni-mort-ce-dimanche\",\"url\":\"https:\/\/www.africa-press.net\/cameroun\/toutes-les-actualites\/le-cameroun-encore-en-deuil-qui-etait-le-grand-baobab-alphonse-beni-mort-ce-dimanche\",\"name\":\"Le Cameroun encore en deuil: qui \u00e9tait le 'grand baobab' Alphonse Beni mort ce dimanche - Cameroun\",\"isPartOf\":{\"@id\":\"https:\/\/www.africa-press.net\/cameroun\/#website\"},\"primaryImageOfPage\":{\"@id\":\"https:\/\/www.africa-press.net\/cameroun\/toutes-les-actualites\/le-cameroun-encore-en-deuil-qui-etait-le-grand-baobab-alphonse-beni-mort-ce-dimanche#primaryimage\"},\"image\":{\"@id\":\"https:\/\/www.africa-press.net\/cameroun\/toutes-les-actualites\/le-cameroun-encore-en-deuil-qui-etait-le-grand-baobab-alphonse-beni-mort-ce-dimanche#primaryimage\"},\"thumbnailUrl\":\"https:\/\/static.africa-press.net\/cameroun\/sites\/57\/2023\/03\/postQueueImg_1678723136.47.jpg\",\"datePublished\":\"2023-03-13T19:28:53+00:00\",\"dateModified\":\"2023-03-13T19:48:05+00:00\",\"author\":{\"@id\":\"https:\/\/www.africa-press.net\/cameroun\/#\/schema\/person\/2b1cf3cd81a31e3cd26889ca66d677f1\"},\"description\":\"Mitoumba Ebenezer Kepombia a annonce\u0301 il y a quelques heures, le de\u0301ce\u0300s de Alphonse Beni, un re\u0301alisateur de film et se ...\",\"breadcrumb\":{\"@id\":\"https:\/\/www.africa-press.net\/cameroun\/toutes-les-actualites\/le-cameroun-encore-en-deuil-qui-etait-le-grand-baobab-alphonse-beni-mort-ce-dimanche#breadcrumb\"},\"inLanguage\":\"fr-FR\",\"potentialAction\":[{\"@type\":\"ReadAction\",\"target\":[\"https:\/\/www.africa-press.net\/cameroun\/toutes-les-actualites\/le-cameroun-encore-en-deuil-qui-etait-le-grand-baobab-alphonse-beni-mort-ce-dimanche\"]}]},{\"@type\":\"ImageObject\",\"inLanguage\":\"fr-FR\",\"@id\":\"https:\/\/www.africa-press.net\/cameroun\/toutes-les-actualites\/le-cameroun-encore-en-deuil-qui-etait-le-grand-baobab-alphonse-beni-mort-ce-dimanche#primaryimage\",\"url\":\"https:\/\/static.africa-press.net\/cameroun\/sites\/57\/2023\/03\/postQueueImg_1678723136.47.jpg\",\"contentUrl\":\"https:\/\/static.africa-press.net\/cameroun\/sites\/57\/2023\/03\/postQueueImg_1678723136.47.jpg\",\"width\":720,\"height\":360,\"caption\":\"Le Cameroun encore en deuil: qui \u00e9tait le 'grand baobab' Alphonse Beni mort ce dimanche\"},{\"@type\":\"BreadcrumbList\",\"@id\":\"https:\/\/www.africa-press.net\/cameroun\/toutes-les-actualites\/le-cameroun-encore-en-deuil-qui-etait-le-grand-baobab-alphonse-beni-mort-ce-dimanche#breadcrumb\",\"itemListElement\":[{\"@type\":\"ListItem\",\"position\":1,\"name\":\"Accueil\",\"item\":\"https:\/\/www.africa-press.net\/cameroun\/\"},{\"@type\":\"ListItem\",\"position\":2,\"name\":\"Le Cameroun encore en deuil: qui \u00e9tait le &lsquo;grand baobab&rsquo; Alphonse Beni mort ce dimanche\"}]},{\"@type\":\"WebSite\",\"@id\":\"https:\/\/www.africa-press.net\/cameroun\/#website\",\"url\":\"https:\/\/www.africa-press.net\/cameroun\/\",\"name\":\"Cameroun\",\"description\":\"Just another Africa News Agency Sites site\",\"potentialAction\":[{\"@type\":\"SearchAction\",\"target\":{\"@type\":\"EntryPoint\",\"urlTemplate\":\"https:\/\/www.africa-press.net\/cameroun\/?s={search_term_string}\"},\"query-input\":{\"@type\":\"PropertyValueSpecification\",\"valueRequired\":true,\"valueName\":\"search_term_string\"}}],\"inLanguage\":\"fr-FR\"},{\"@type\":\"Person\",\"@id\":\"https:\/\/www.africa-press.net\/cameroun\/#\/schema\/person\/2b1cf3cd81a31e3cd26889ca66d677f1\",\"name\":\"cfeditorfr\"}]}<\/script>\n<!-- \/ Yoast SEO Premium plugin. -->","yoast_head_json":{"title":"Le Cameroun encore en deuil: qui \u00e9tait le 'grand baobab' Alphonse Beni mort ce dimanche - Cameroun","description":"Mitoumba Ebenezer Kepombia a annonce\u0301 il y a quelques heures, le de\u0301ce\u0300s de Alphonse Beni, un re\u0301alisateur de film et se ...","robots":{"index":"index","follow":"follow","max-snippet":"max-snippet:-1","max-image-preview":"max-image-preview:large","max-video-preview":"max-video-preview:-1"},"canonical":"https:\/\/www.africa-press.net\/cameroun\/toutes-les-actualites\/le-cameroun-encore-en-deuil-qui-etait-le-grand-baobab-alphonse-beni-mort-ce-dimanche","og_locale":"fr_FR","og_type":"article","og_title":"Le Cameroun encore en deuil: qui \u00e9tait le 'grand baobab' Alphonse Beni mort ce dimanche","og_description":"Mitoumba Ebenezer Kepombia a annonce\u0301 il y a quelques heures, le de\u0301ce\u0300s de Alphonse Beni, un re\u0301alisateur de film et se ...","og_url":"https:\/\/www.africa-press.net\/cameroun\/toutes-les-actualites\/le-cameroun-encore-en-deuil-qui-etait-le-grand-baobab-alphonse-beni-mort-ce-dimanche","og_site_name":"Cameroun","article_published_time":"2023-03-13T19:28:53+00:00","article_modified_time":"2023-03-13T19:48:05+00:00","og_image":[{"width":720,"height":360,"url":"https:\/\/static.africa-press.net\/cameroun\/sites\/57\/2023\/03\/postQueueImg_1678723136.47.jpg","type":"image\/jpeg"}],"author":"cfeditorfr","twitter_card":"summary_large_image","twitter_misc":{"\u00c9crit par":"cfeditorfr","Dur\u00e9e de lecture estim\u00e9e":"1 minute"},"schema":{"@context":"https:\/\/schema.org","@graph":[{"@type":"Article","@id":"https:\/\/www.africa-press.net\/cameroun\/toutes-les-actualites\/le-cameroun-encore-en-deuil-qui-etait-le-grand-baobab-alphonse-beni-mort-ce-dimanche#article","isPartOf":{"@id":"https:\/\/www.africa-press.net\/cameroun\/toutes-les-actualites\/le-cameroun-encore-en-deuil-qui-etait-le-grand-baobab-alphonse-beni-mort-ce-dimanche"},"author":{"name":"cfeditorfr","@id":"https:\/\/www.africa-press.net\/cameroun\/#\/schema\/person\/2b1cf3cd81a31e3cd26889ca66d677f1"},"headline":"Le Cameroun encore en deuil: qui \u00e9tait le &lsquo;grand baobab&rsquo; Alphonse Beni mort ce dimanche","datePublished":"2023-03-13T19:28:53+00:00","dateModified":"2023-03-13T19:48:05+00:00","mainEntityOfPage":{"@id":"https:\/\/www.africa-press.net\/cameroun\/toutes-les-actualites\/le-cameroun-encore-en-deuil-qui-etait-le-grand-baobab-alphonse-beni-mort-ce-dimanche"},"wordCount":188,"commentCount":0,"image":{"@id":"https:\/\/www.africa-press.net\/cameroun\/toutes-les-actualites\/le-cameroun-encore-en-deuil-qui-etait-le-grand-baobab-alphonse-beni-mort-ce-dimanche#primaryimage"},"thumbnailUrl":"https:\/\/static.africa-press.net\/cameroun\/sites\/57\/2023\/03\/postQueueImg_1678723136.47.jpg","keywords":["Africa Press","Africa Press-Cameroun","Cameroun"],"articleSection":["Communaut\u00e9","Toutes les actualit\u00e9s"],"inLanguage":"fr-FR","potentialAction":[{"@type":"CommentAction","name":"Comment","target":["https:\/\/www.africa-press.net\/cameroun\/toutes-les-actualites\/le-cameroun-encore-en-deuil-qui-etait-le-grand-baobab-alphonse-beni-mort-ce-dimanche#respond"]}]},{"@type":"WebPage","@id":"https:\/\/www.africa-press.net\/cameroun\/toutes-les-actualites\/le-cameroun-encore-en-deuil-qui-etait-le-grand-baobab-alphonse-beni-mort-ce-dimanche","url":"https:\/\/www.africa-press.net\/cameroun\/toutes-les-actualites\/le-cameroun-encore-en-deuil-qui-etait-le-grand-baobab-alphonse-beni-mort-ce-dimanche","name":"Le Cameroun encore en deuil: qui \u00e9tait le 'grand baobab' Alphonse Beni mort ce dimanche - Cameroun","isPartOf":{"@id":"https:\/\/www.africa-press.net\/cameroun\/#website"},"primaryImageOfPage":{"@id":"https:\/\/www.africa-press.net\/cameroun\/toutes-les-actualites\/le-cameroun-encore-en-deuil-qui-etait-le-grand-baobab-alphonse-beni-mort-ce-dimanche#primaryimage"},"image":{"@id":"https:\/\/www.africa-press.net\/cameroun\/toutes-les-actualites\/le-cameroun-encore-en-deuil-qui-etait-le-grand-baobab-alphonse-beni-mort-ce-dimanche#primaryimage"},"thumbnailUrl":"https:\/\/static.africa-press.net\/cameroun\/sites\/57\/2023\/03\/postQueueImg_1678723136.47.jpg","datePublished":"2023-03-13T19:28:53+00:00","dateModified":"2023-03-13T19:48:05+00:00","author":{"@id":"https:\/\/www.africa-press.net\/cameroun\/#\/schema\/person\/2b1cf3cd81a31e3cd26889ca66d677f1"},"description":"Mitoumba Ebenezer Kepombia a annonce\u0301 il y a quelques heures, le de\u0301ce\u0300s de Alphonse Beni, un re\u0301alisateur de film et se ...","breadcrumb":{"@id":"https:\/\/www.africa-press.net\/cameroun\/toutes-les-actualites\/le-cameroun-encore-en-deuil-qui-etait-le-grand-baobab-alphonse-beni-mort-ce-dimanche#breadcrumb"},"inLanguage":"fr-FR","potentialAction":[{"@type":"ReadAction","target":["https:\/\/www.africa-press.net\/cameroun\/toutes-les-actualites\/le-cameroun-encore-en-deuil-qui-etait-le-grand-baobab-alphonse-beni-mort-ce-dimanche"]}]},{"@type":"ImageObject","inLanguage":"fr-FR","@id":"https:\/\/www.africa-press.net\/cameroun\/toutes-les-actualites\/le-cameroun-encore-en-deuil-qui-etait-le-grand-baobab-alphonse-beni-mort-ce-dimanche#primaryimage","url":"https:\/\/static.africa-press.net\/cameroun\/sites\/57\/2023\/03\/postQueueImg_1678723136.47.jpg","contentUrl":"https:\/\/static.africa-press.net\/cameroun\/sites\/57\/2023\/03\/postQueueImg_1678723136.47.jpg","width":720,"height":360,"caption":"Le Cameroun encore en deuil: qui \u00e9tait le 'grand baobab' Alphonse Beni mort ce dimanche"},{"@type":"BreadcrumbList","@id":"https:\/\/www.africa-press.net\/cameroun\/toutes-les-actualites\/le-cameroun-encore-en-deuil-qui-etait-le-grand-baobab-alphonse-beni-mort-ce-dimanche#breadcrumb","itemListElement":[{"@type":"ListItem","position":1,"name":"Accueil","item":"https:\/\/www.africa-press.net\/cameroun\/"},{"@type":"ListItem","position":2,"name":"Le Cameroun encore en deuil: qui \u00e9tait le &lsquo;grand baobab&rsquo; Alphonse Beni mort ce dimanche"}]},{"@type":"WebSite","@id":"https:\/\/www.africa-press.net\/cameroun\/#website","url":"https:\/\/www.africa-press.net\/cameroun\/","name":"Cameroun","description":"Just another Africa News Agency Sites site","potentialAction":[{"@type":"SearchAction","target":{"@type":"EntryPoint","urlTemplate":"https:\/\/www.africa-press.net\/cameroun\/?s={search_term_string}"},"query-input":{"@type":"PropertyValueSpecification","valueRequired":true,"valueName":"search_term_string"}}],"inLanguage":"fr-FR"},{"@type":"Person","@id":"https:\/\/www.africa-press.net\/cameroun\/#\/schema\/person\/2b1cf3cd81a31e3cd26889ca66d677f1","name":"cfeditorfr"}]}},"_links":{"self":[{"href":"https:\/\/www.africa-press.net\/cameroun\/wp-json\/wp\/v2\/posts\/39127","targetHints":{"allow":["GET"]}}],"collection":[{"href":"https:\/\/www.africa-press.net\/cameroun\/wp-json\/wp\/v2\/posts"}],"about":[{"href":"https:\/\/www.africa-press.net\/cameroun\/wp-json\/wp\/v2\/types\/post"}],"author":[{"embeddable":true,"href":"https:\/\/www.africa-press.net\/cameroun\/wp-json\/wp\/v2\/users\/82"}],"replies":[{"embeddable":true,"href":"https:\/\/www.africa-press.net\/cameroun\/wp-json\/wp\/v2\/comments?post=39127"}],"version-history":[{"count":0,"href":"https:\/\/www.africa-press.net\/cameroun\/wp-json\/wp\/v2\/posts\/39127\/revisions"}],"wp:featuredmedia":[{"embeddable":true,"href":"https:\/\/www.africa-press.net\/cameroun\/wp-json\/wp\/v2\/media\/39125"}],"wp:attachment":[{"href":"https:\/\/www.africa-press.net\/cameroun\/wp-json\/wp\/v2\/media?parent=39127"}],"wp:term":[{"taxonomy":"category","embeddable":true,"href":"https:\/\/www.africa-press.net\/cameroun\/wp-json\/wp\/v2\/categories?post=39127"},{"taxonomy":"post_tag","embeddable":true,"href":"https:\/\/www.africa-press.net\/cameroun\/wp-json\/wp\/v2\/tags?post=39127"}],"curies":[{"name":"wp","href":"https:\/\/api.w.org\/{rel}","templated":true}]}}