{"id":39149,"date":"2023-03-13T19:29:35","date_gmt":"2023-03-13T19:29:35","guid":{"rendered":"https:\/\/www.africa-press.net\/cameroun\/politique\/urgent-vision-4-risque-la-fermeture-definitive-le-sed-prend-les-choses-en-main"},"modified":"2023-03-13T19:50:43","modified_gmt":"2023-03-13T19:50:43","slug":"urgent-vision-4-risque-la-fermeture-definitive-le-sed-prend-les-choses-en-main","status":"publish","type":"post","link":"https:\/\/www.africa-press.net\/cameroun\/politique\/urgent-vision-4-risque-la-fermeture-definitive-le-sed-prend-les-choses-en-main","title":{"rendered":"URGENT : Vision 4 risque la fermeture d\u00e9finitive, le SED prend les choses en main"},"content":{"rendered":"<p><span style=\"color: #ff6600\"><strong>Africa-Press &#8211; Cameroun. <\/strong><\/span>Quelques jours apre\u0300s l&rsquo;envoi en de\u0301tention provisoire de Jean-Pierre Amougou Belinga, Pdg du groupe l&rsquo;Anecdote dont fait partie Vision 4, les nouvelles ne sont pas bonnes du co\u0302te\u0301 de l&rsquo;immeuble Ekang a\u0300 Yaounde\u0301. Plusieurs nouveaux e\u0301le\u0301ments indiqueraient que le me\u0301dia risquerait une fermeture de\u0301finitive a\u0300 venir.<\/p>\n<p>Dans une courte se\u0301quence vide\u0301o de quelques secondes diffuse\u0301e sur la chaine YouTube de Michel Biem Tong, Bachirou qui est tre\u0300s connu pour avoir eu des de\u0301me\u0302le\u0301s avec le Pdg de l&rsquo;Anecdote, Jean-Pierre Amougou Belinga indique que l&rsquo;immeuble Ekang ainsi que l&rsquo;immeuble Ekang vont biento\u0302t devenir des proprie\u0301te\u0301s de l&rsquo;Etat camerounais. Pour l&rsquo;ancien homme d&rsquo;affaires, l&rsquo;Etat camerounais a finance\u0301 une grosse partie de ces e\u0301difices. De ce fait, l&rsquo;Etat peut jouir de son droit de disposer de ce patrimoine.<\/p>\n<p>Plus loin, le journal Kalara indique les enque\u0302teurs du Secre\u0301tariat d\u2019E\u0301tat a\u0300 la de\u0301fense en charge de la gendarmerie (SED) ont en ligne de mire ces deux immeubles mais surtout leur fiscalite\u0301 en particularite\u0301 Vision 4.<\/p>\n<p>\u00ab Certains paiements effectue\u0301s au profit de l\u2019homme d\u2019affaires a\u0300 travers les chapitres 65 et 94 de la loi de Finances font aussi l\u2019objet d\u2019une enque\u0302te, tout comme certaines transactions signe\u0301es entre l\u2019homme d\u2019affaires et le ministe\u0300re des Finances ayant induit des paiements mirobolants dont la le\u0301galite\u0301 est questionne\u0301e. (&#8230;) Suite aux contro\u0302les fiscaux de\u0301clenche\u0301s sur la base des de\u0301nonciations de l\u2019Anif, l\u2019homme d\u2019affaires est sous le coup d\u2019une dette fiscale de presque 28 milliards de francs, dont un reliquat de 17,8 milliards de francs concernant ses entreprises localise\u0301es dans la zone de responsabilite\u0301 du Re\u0301gional des impo\u0302ts du Centre 2, dont le paiement est gele\u0301 par une intervention du ministre des Finances. Et le fisc n\u2019a pas encore acheve\u0301 de chercher, aupre\u0300s de nombreuses autres entreprises de M. Amougou Belinga si des droits fiscaux n\u2019ont pas e\u0301te\u0301 dissimule\u0301s \u00bb e\u0301crit le confre\u0300re.<\/p>\n<p><iframe loading=\"lazy\" title=\"L\u2019immeuble Ekang et l\u2019ISSAM seront une propri\u00e9t\u00e9 de l\u2019Etat\" width=\"696\" height=\"392\" src=\"https:\/\/www.youtube.com\/embed\/aCw7MZ01fU4?feature=oembed\" frameborder=\"0\" allow=\"accelerometer; autoplay; clipboard-write; encrypted-media; gyroscope; picture-in-picture; web-share\" allowfullscreen><\/iframe><\/p>\n<p><strong>Pour plus d&rsquo;informations et d&rsquo;analyses sur la <a href=\"https:\/\/www.africa-press.net\/cameroun\">Cameroun<\/a>, suivez <a href=\"https:\/\/www.africa-press.net\/\">Africa-Press<\/a><\/strong><\/p>\n","protected":false},"excerpt":{"rendered":"<p>Africa-Press &#8211; Cameroun. Quelques jours apre\u0300s l&rsquo;envoi en de\u0301tention provisoire de Jean-Pierre Amougou Belinga, Pdg du groupe l&rsquo;Anecdote dont fait partie Vision 4, les nouvelles ne sont pas bonnes du co\u0302te\u0301 de l&rsquo;immeuble Ekang a\u0300 Yaounde\u0301. Plusieurs nouveaux e\u0301le\u0301ments indiqueraient que le me\u0301dia risquerait une fermeture de\u0301finitive a\u0300 venir. Dans une courte se\u0301quence vide\u0301o de [&hellip;]<\/p>\n","protected":false},"author":82,"featured_media":39147,"comment_status":"open","ping_status":"closed","sticky":false,"template":"","format":"standard","meta":{"footnotes":""},"categories":[2,10,9],"tags":[36,50,49],"class_list":["post-39149","post","type-post","status-publish","format-standard","has-post-thumbnail","hentry","category-politique","category-toutes-les-actualites","category-video","tag-africa-press","tag-africa-press-cameroun","tag-cameroun"],"yoast_head":"<!-- This site is optimized with the Yoast SEO Premium plugin v26.1 (Yoast SEO v27.0) - https:\/\/yoast.com\/product\/yoast-seo-premium-wordpress\/ -->\n<title>URGENT : Vision 4 risque la fermeture d\u00e9finitive, le SED prend les choses en main - Cameroun<\/title>\n<meta name=\"description\" content=\"Quelques jours apre\u0300s l&#039;envoi en de\u0301tention provisoire de Jean-Pierre Amougou Belinga, Pdg du groupe l&#039;Anecdote dont fai ...\" \/>\n<meta name=\"robots\" content=\"index, follow, max-snippet:-1, max-image-preview:large, max-video-preview:-1\" \/>\n<link rel=\"canonical\" href=\"https:\/\/www.africa-press.net\/cameroun\/politique\/urgent-vision-4-risque-la-fermeture-definitive-le-sed-prend-les-choses-en-main\" \/>\n<meta property=\"og:locale\" content=\"fr_FR\" \/>\n<meta property=\"og:type\" content=\"article\" \/>\n<meta property=\"og:title\" content=\"URGENT : Vision 4 risque la fermeture d\u00e9finitive, le SED prend les choses en main\" \/>\n<meta property=\"og:description\" content=\"Quelques jours apre\u0300s l&#039;envoi en de\u0301tention provisoire de Jean-Pierre Amougou Belinga, Pdg du groupe l&#039;Anecdote dont fai ...\" \/>\n<meta property=\"og:url\" content=\"https:\/\/www.africa-press.net\/cameroun\/politique\/urgent-vision-4-risque-la-fermeture-definitive-le-sed-prend-les-choses-en-main\" \/>\n<meta property=\"og:site_name\" content=\"Cameroun\" \/>\n<meta property=\"article:published_time\" content=\"2023-03-13T19:29:35+00:00\" \/>\n<meta property=\"article:modified_time\" content=\"2023-03-13T19:50:43+00:00\" \/>\n<meta property=\"og:image\" content=\"https:\/\/static.africa-press.net\/cameroun\/sites\/57\/2023\/03\/postQueueImg_1678723179.94.jpg\" \/>\n\t<meta property=\"og:image:width\" content=\"720\" \/>\n\t<meta property=\"og:image:height\" content=\"354\" \/>\n\t<meta property=\"og:image:type\" content=\"image\/jpeg\" \/>\n<meta name=\"author\" content=\"cfeditorfr\" \/>\n<meta name=\"twitter:card\" content=\"summary_large_image\" \/>\n<meta name=\"twitter:label1\" content=\"\u00c9crit par\" \/>\n\t<meta name=\"twitter:data1\" content=\"cfeditorfr\" \/>\n\t<meta name=\"twitter:label2\" content=\"Dur\u00e9e de lecture estim\u00e9e\" \/>\n\t<meta name=\"twitter:data2\" content=\"2 minutes\" \/>\n<script type=\"application\/ld+json\" class=\"yoast-schema-graph\">{\"@context\":\"https:\/\/schema.org\",\"@graph\":[{\"@type\":\"Article\",\"@id\":\"https:\/\/www.africa-press.net\/cameroun\/politique\/urgent-vision-4-risque-la-fermeture-definitive-le-sed-prend-les-choses-en-main#article\",\"isPartOf\":{\"@id\":\"https:\/\/www.africa-press.net\/cameroun\/politique\/urgent-vision-4-risque-la-fermeture-definitive-le-sed-prend-les-choses-en-main\"},\"author\":{\"name\":\"cfeditorfr\",\"@id\":\"https:\/\/www.africa-press.net\/cameroun\/#\/schema\/person\/2b1cf3cd81a31e3cd26889ca66d677f1\"},\"headline\":\"URGENT : Vision 4 risque la fermeture d\u00e9finitive, le SED prend les choses en main\",\"datePublished\":\"2023-03-13T19:29:35+00:00\",\"dateModified\":\"2023-03-13T19:50:43+00:00\",\"mainEntityOfPage\":{\"@id\":\"https:\/\/www.africa-press.net\/cameroun\/politique\/urgent-vision-4-risque-la-fermeture-definitive-le-sed-prend-les-choses-en-main\"},\"wordCount\":396,\"commentCount\":0,\"image\":{\"@id\":\"https:\/\/www.africa-press.net\/cameroun\/politique\/urgent-vision-4-risque-la-fermeture-definitive-le-sed-prend-les-choses-en-main#primaryimage\"},\"thumbnailUrl\":\"https:\/\/static.africa-press.net\/cameroun\/sites\/57\/2023\/03\/postQueueImg_1678723179.94.jpg\",\"keywords\":[\"Africa Press\",\"Africa Press-Cameroun\",\"Cameroun\"],\"articleSection\":[\"Politique\",\"Toutes les actualit\u00e9s\",\"vid\u00e9o\"],\"inLanguage\":\"fr-FR\",\"potentialAction\":[{\"@type\":\"CommentAction\",\"name\":\"Comment\",\"target\":[\"https:\/\/www.africa-press.net\/cameroun\/politique\/urgent-vision-4-risque-la-fermeture-definitive-le-sed-prend-les-choses-en-main#respond\"]}]},{\"@type\":\"WebPage\",\"@id\":\"https:\/\/www.africa-press.net\/cameroun\/politique\/urgent-vision-4-risque-la-fermeture-definitive-le-sed-prend-les-choses-en-main\",\"url\":\"https:\/\/www.africa-press.net\/cameroun\/politique\/urgent-vision-4-risque-la-fermeture-definitive-le-sed-prend-les-choses-en-main\",\"name\":\"URGENT : Vision 4 risque la fermeture d\u00e9finitive, le SED prend les choses en main - Cameroun\",\"isPartOf\":{\"@id\":\"https:\/\/www.africa-press.net\/cameroun\/#website\"},\"primaryImageOfPage\":{\"@id\":\"https:\/\/www.africa-press.net\/cameroun\/politique\/urgent-vision-4-risque-la-fermeture-definitive-le-sed-prend-les-choses-en-main#primaryimage\"},\"image\":{\"@id\":\"https:\/\/www.africa-press.net\/cameroun\/politique\/urgent-vision-4-risque-la-fermeture-definitive-le-sed-prend-les-choses-en-main#primaryimage\"},\"thumbnailUrl\":\"https:\/\/static.africa-press.net\/cameroun\/sites\/57\/2023\/03\/postQueueImg_1678723179.94.jpg\",\"datePublished\":\"2023-03-13T19:29:35+00:00\",\"dateModified\":\"2023-03-13T19:50:43+00:00\",\"author\":{\"@id\":\"https:\/\/www.africa-press.net\/cameroun\/#\/schema\/person\/2b1cf3cd81a31e3cd26889ca66d677f1\"},\"description\":\"Quelques jours apre\u0300s l'envoi en de\u0301tention provisoire de Jean-Pierre Amougou Belinga, Pdg du groupe l'Anecdote dont fai ...\",\"breadcrumb\":{\"@id\":\"https:\/\/www.africa-press.net\/cameroun\/politique\/urgent-vision-4-risque-la-fermeture-definitive-le-sed-prend-les-choses-en-main#breadcrumb\"},\"inLanguage\":\"fr-FR\",\"potentialAction\":[{\"@type\":\"ReadAction\",\"target\":[\"https:\/\/www.africa-press.net\/cameroun\/politique\/urgent-vision-4-risque-la-fermeture-definitive-le-sed-prend-les-choses-en-main\"]}]},{\"@type\":\"ImageObject\",\"inLanguage\":\"fr-FR\",\"@id\":\"https:\/\/www.africa-press.net\/cameroun\/politique\/urgent-vision-4-risque-la-fermeture-definitive-le-sed-prend-les-choses-en-main#primaryimage\",\"url\":\"https:\/\/static.africa-press.net\/cameroun\/sites\/57\/2023\/03\/postQueueImg_1678723179.94.jpg\",\"contentUrl\":\"https:\/\/static.africa-press.net\/cameroun\/sites\/57\/2023\/03\/postQueueImg_1678723179.94.jpg\",\"width\":720,\"height\":354,\"caption\":\"URGENT : Vision 4 risque la fermeture d\u00e9finitive, le SED prend les choses en main\"},{\"@type\":\"BreadcrumbList\",\"@id\":\"https:\/\/www.africa-press.net\/cameroun\/politique\/urgent-vision-4-risque-la-fermeture-definitive-le-sed-prend-les-choses-en-main#breadcrumb\",\"itemListElement\":[{\"@type\":\"ListItem\",\"position\":1,\"name\":\"Accueil\",\"item\":\"https:\/\/www.africa-press.net\/cameroun\/\"},{\"@type\":\"ListItem\",\"position\":2,\"name\":\"URGENT : Vision 4 risque la fermeture d\u00e9finitive, le SED prend les choses en main\"}]},{\"@type\":\"WebSite\",\"@id\":\"https:\/\/www.africa-press.net\/cameroun\/#website\",\"url\":\"https:\/\/www.africa-press.net\/cameroun\/\",\"name\":\"Cameroun\",\"description\":\"Just another Africa News Agency Sites site\",\"potentialAction\":[{\"@type\":\"SearchAction\",\"target\":{\"@type\":\"EntryPoint\",\"urlTemplate\":\"https:\/\/www.africa-press.net\/cameroun\/?s={search_term_string}\"},\"query-input\":{\"@type\":\"PropertyValueSpecification\",\"valueRequired\":true,\"valueName\":\"search_term_string\"}}],\"inLanguage\":\"fr-FR\"},{\"@type\":\"Person\",\"@id\":\"https:\/\/www.africa-press.net\/cameroun\/#\/schema\/person\/2b1cf3cd81a31e3cd26889ca66d677f1\",\"name\":\"cfeditorfr\"}]}<\/script>\n<!-- \/ Yoast SEO Premium plugin. -->","yoast_head_json":{"title":"URGENT : Vision 4 risque la fermeture d\u00e9finitive, le SED prend les choses en main - Cameroun","description":"Quelques jours apre\u0300s l'envoi en de\u0301tention provisoire de Jean-Pierre Amougou Belinga, Pdg du groupe l'Anecdote dont fai ...","robots":{"index":"index","follow":"follow","max-snippet":"max-snippet:-1","max-image-preview":"max-image-preview:large","max-video-preview":"max-video-preview:-1"},"canonical":"https:\/\/www.africa-press.net\/cameroun\/politique\/urgent-vision-4-risque-la-fermeture-definitive-le-sed-prend-les-choses-en-main","og_locale":"fr_FR","og_type":"article","og_title":"URGENT : Vision 4 risque la fermeture d\u00e9finitive, le SED prend les choses en main","og_description":"Quelques jours apre\u0300s l'envoi en de\u0301tention provisoire de Jean-Pierre Amougou Belinga, Pdg du groupe l'Anecdote dont fai ...","og_url":"https:\/\/www.africa-press.net\/cameroun\/politique\/urgent-vision-4-risque-la-fermeture-definitive-le-sed-prend-les-choses-en-main","og_site_name":"Cameroun","article_published_time":"2023-03-13T19:29:35+00:00","article_modified_time":"2023-03-13T19:50:43+00:00","og_image":[{"width":720,"height":354,"url":"https:\/\/static.africa-press.net\/cameroun\/sites\/57\/2023\/03\/postQueueImg_1678723179.94.jpg","type":"image\/jpeg"}],"author":"cfeditorfr","twitter_card":"summary_large_image","twitter_misc":{"\u00c9crit par":"cfeditorfr","Dur\u00e9e de lecture estim\u00e9e":"2 minutes"},"schema":{"@context":"https:\/\/schema.org","@graph":[{"@type":"Article","@id":"https:\/\/www.africa-press.net\/cameroun\/politique\/urgent-vision-4-risque-la-fermeture-definitive-le-sed-prend-les-choses-en-main#article","isPartOf":{"@id":"https:\/\/www.africa-press.net\/cameroun\/politique\/urgent-vision-4-risque-la-fermeture-definitive-le-sed-prend-les-choses-en-main"},"author":{"name":"cfeditorfr","@id":"https:\/\/www.africa-press.net\/cameroun\/#\/schema\/person\/2b1cf3cd81a31e3cd26889ca66d677f1"},"headline":"URGENT : Vision 4 risque la fermeture d\u00e9finitive, le SED prend les choses en main","datePublished":"2023-03-13T19:29:35+00:00","dateModified":"2023-03-13T19:50:43+00:00","mainEntityOfPage":{"@id":"https:\/\/www.africa-press.net\/cameroun\/politique\/urgent-vision-4-risque-la-fermeture-definitive-le-sed-prend-les-choses-en-main"},"wordCount":396,"commentCount":0,"image":{"@id":"https:\/\/www.africa-press.net\/cameroun\/politique\/urgent-vision-4-risque-la-fermeture-definitive-le-sed-prend-les-choses-en-main#primaryimage"},"thumbnailUrl":"https:\/\/static.africa-press.net\/cameroun\/sites\/57\/2023\/03\/postQueueImg_1678723179.94.jpg","keywords":["Africa Press","Africa Press-Cameroun","Cameroun"],"articleSection":["Politique","Toutes les actualit\u00e9s","vid\u00e9o"],"inLanguage":"fr-FR","potentialAction":[{"@type":"CommentAction","name":"Comment","target":["https:\/\/www.africa-press.net\/cameroun\/politique\/urgent-vision-4-risque-la-fermeture-definitive-le-sed-prend-les-choses-en-main#respond"]}]},{"@type":"WebPage","@id":"https:\/\/www.africa-press.net\/cameroun\/politique\/urgent-vision-4-risque-la-fermeture-definitive-le-sed-prend-les-choses-en-main","url":"https:\/\/www.africa-press.net\/cameroun\/politique\/urgent-vision-4-risque-la-fermeture-definitive-le-sed-prend-les-choses-en-main","name":"URGENT : Vision 4 risque la fermeture d\u00e9finitive, le SED prend les choses en main - Cameroun","isPartOf":{"@id":"https:\/\/www.africa-press.net\/cameroun\/#website"},"primaryImageOfPage":{"@id":"https:\/\/www.africa-press.net\/cameroun\/politique\/urgent-vision-4-risque-la-fermeture-definitive-le-sed-prend-les-choses-en-main#primaryimage"},"image":{"@id":"https:\/\/www.africa-press.net\/cameroun\/politique\/urgent-vision-4-risque-la-fermeture-definitive-le-sed-prend-les-choses-en-main#primaryimage"},"thumbnailUrl":"https:\/\/static.africa-press.net\/cameroun\/sites\/57\/2023\/03\/postQueueImg_1678723179.94.jpg","datePublished":"2023-03-13T19:29:35+00:00","dateModified":"2023-03-13T19:50:43+00:00","author":{"@id":"https:\/\/www.africa-press.net\/cameroun\/#\/schema\/person\/2b1cf3cd81a31e3cd26889ca66d677f1"},"description":"Quelques jours apre\u0300s l'envoi en de\u0301tention provisoire de Jean-Pierre Amougou Belinga, Pdg du groupe l'Anecdote dont fai ...","breadcrumb":{"@id":"https:\/\/www.africa-press.net\/cameroun\/politique\/urgent-vision-4-risque-la-fermeture-definitive-le-sed-prend-les-choses-en-main#breadcrumb"},"inLanguage":"fr-FR","potentialAction":[{"@type":"ReadAction","target":["https:\/\/www.africa-press.net\/cameroun\/politique\/urgent-vision-4-risque-la-fermeture-definitive-le-sed-prend-les-choses-en-main"]}]},{"@type":"ImageObject","inLanguage":"fr-FR","@id":"https:\/\/www.africa-press.net\/cameroun\/politique\/urgent-vision-4-risque-la-fermeture-definitive-le-sed-prend-les-choses-en-main#primaryimage","url":"https:\/\/static.africa-press.net\/cameroun\/sites\/57\/2023\/03\/postQueueImg_1678723179.94.jpg","contentUrl":"https:\/\/static.africa-press.net\/cameroun\/sites\/57\/2023\/03\/postQueueImg_1678723179.94.jpg","width":720,"height":354,"caption":"URGENT : Vision 4 risque la fermeture d\u00e9finitive, le SED prend les choses en main"},{"@type":"BreadcrumbList","@id":"https:\/\/www.africa-press.net\/cameroun\/politique\/urgent-vision-4-risque-la-fermeture-definitive-le-sed-prend-les-choses-en-main#breadcrumb","itemListElement":[{"@type":"ListItem","position":1,"name":"Accueil","item":"https:\/\/www.africa-press.net\/cameroun\/"},{"@type":"ListItem","position":2,"name":"URGENT : Vision 4 risque la fermeture d\u00e9finitive, le SED prend les choses en main"}]},{"@type":"WebSite","@id":"https:\/\/www.africa-press.net\/cameroun\/#website","url":"https:\/\/www.africa-press.net\/cameroun\/","name":"Cameroun","description":"Just another Africa News Agency Sites site","potentialAction":[{"@type":"SearchAction","target":{"@type":"EntryPoint","urlTemplate":"https:\/\/www.africa-press.net\/cameroun\/?s={search_term_string}"},"query-input":{"@type":"PropertyValueSpecification","valueRequired":true,"valueName":"search_term_string"}}],"inLanguage":"fr-FR"},{"@type":"Person","@id":"https:\/\/www.africa-press.net\/cameroun\/#\/schema\/person\/2b1cf3cd81a31e3cd26889ca66d677f1","name":"cfeditorfr"}]}},"_links":{"self":[{"href":"https:\/\/www.africa-press.net\/cameroun\/wp-json\/wp\/v2\/posts\/39149","targetHints":{"allow":["GET"]}}],"collection":[{"href":"https:\/\/www.africa-press.net\/cameroun\/wp-json\/wp\/v2\/posts"}],"about":[{"href":"https:\/\/www.africa-press.net\/cameroun\/wp-json\/wp\/v2\/types\/post"}],"author":[{"embeddable":true,"href":"https:\/\/www.africa-press.net\/cameroun\/wp-json\/wp\/v2\/users\/82"}],"replies":[{"embeddable":true,"href":"https:\/\/www.africa-press.net\/cameroun\/wp-json\/wp\/v2\/comments?post=39149"}],"version-history":[{"count":0,"href":"https:\/\/www.africa-press.net\/cameroun\/wp-json\/wp\/v2\/posts\/39149\/revisions"}],"wp:featuredmedia":[{"embeddable":true,"href":"https:\/\/www.africa-press.net\/cameroun\/wp-json\/wp\/v2\/media\/39147"}],"wp:attachment":[{"href":"https:\/\/www.africa-press.net\/cameroun\/wp-json\/wp\/v2\/media?parent=39149"}],"wp:term":[{"taxonomy":"category","embeddable":true,"href":"https:\/\/www.africa-press.net\/cameroun\/wp-json\/wp\/v2\/categories?post=39149"},{"taxonomy":"post_tag","embeddable":true,"href":"https:\/\/www.africa-press.net\/cameroun\/wp-json\/wp\/v2\/tags?post=39149"}],"curies":[{"name":"wp","href":"https:\/\/api.w.org\/{rel}","templated":true}]}}