{"id":39154,"date":"2023-03-13T19:29:53","date_gmt":"2023-03-13T19:29:53","guid":{"rendered":"https:\/\/www.africa-press.net\/cameroun\/politique\/violent-feu-a-linterieur-dun-camion-pas-de-nouvelles-du-conducteur"},"modified":"2023-03-13T19:51:24","modified_gmt":"2023-03-13T19:51:24","slug":"violent-feu-a-linterieur-dun-camion-pas-de-nouvelles-du-conducteur","status":"publish","type":"post","link":"https:\/\/www.africa-press.net\/cameroun\/toutes-les-actualites\/violent-feu-a-linterieur-dun-camion-pas-de-nouvelles-du-conducteur","title":{"rendered":"Violent feu \u00e0 l&rsquo;int\u00e9rieur d&rsquo;un camion, pas de nouvelles du conducteur"},"content":{"rendered":"<p><span style=\"color: #ff6600\"><strong>Africa-Press &#8211; Cameroun. <\/strong><\/span>Les responsables du corps des sapeurs pompiers au Cameroun, informe dans un communique\u0301, qu&rsquo;un camion semi-remorque a pris feu ce lundi 13 mars matin a\u0300 Nassarao.<\/p>\n<p>Dans le communique\u0301 des Sapeurs pompier qu&rsquo;a consulte\u0301 la re\u0301daction de CamerounWeb, l&rsquo;on apprend que la cabine du camion a e\u0301te\u0301 totalement consume\u0301e par les flammes.<\/p>\n<p>L&rsquo;incendie n&rsquo;a pu se propager a\u0300 la remorque, gra\u0302ce a\u0300 l&rsquo;intervention en temps des soldats du feu.<\/p>\n<p>\u00ab\u00a0Lundi 13 Mars 2023 a\u0300 05H10 minutes, les personnels de la 301e compagnie d&rsquo;incendie de Garoua ont e\u0301te\u0301 alerte\u0301s pour feu de ve\u0301hicule au quartier NASSARAO. Il s&rsquo;agit d&rsquo;un camion semi-remorque dont la cabine a pris feu avec risque de propagation sur la remorque. L&rsquo;incendie a aussito\u0302t e\u0301te\u0301 mai\u0302trise\u0301 gra\u0302ce au professionnalisme des secours\u00a0\u00bb, e\u0301crit la direction des sapeurs pompiers dans le communique\u0301.<\/p>\n<p>Nous apprenons que quelques 24 heures plus to\u0302t, les secours de la 402e Compagnie d&rsquo;Incendie de Kousse\u0301ri ont e\u0301te\u0301 alerte\u0301s pour un feu d&rsquo;appartement au quartier re\u0301sidentiel. Les secours ont promptement re\u0301agi, le bilan fait e\u0301tat de deux chambres consume\u0301es par les flammes.<\/p>\n<p>\u00ab\u00a0Les soldats du feu sont venus a\u0300 bout des flammes au moyen deux lances. Leur action a consiste\u0301 a\u0300 lutter contre les propagations et isoler le feu dans son volume initial, ce qui a permis d&rsquo;e\u0301pargner les autres chambres de l&rsquo;appartement.<\/p>\n<p>Il est recommande\u0301 aux populations de contacter les Sapeurs-Pompiers dans les plus brefs de\u0301lais pour garantir une action efficace\u00a0\u00bb, a e\u0301galement publie\u0301 le corps des sapeurs pompiers.<\/p>\n<p><strong>Pour plus d&rsquo;informations et d&rsquo;analyses sur la <a href=\"https:\/\/www.africa-press.net\/cameroun\">Cameroun<\/a>, suivez <a href=\"https:\/\/www.africa-press.net\/\">Africa-Press<\/a><\/strong><\/p>\n","protected":false},"excerpt":{"rendered":"<p>Africa-Press &#8211; Cameroun. Les responsables du corps des sapeurs pompiers au Cameroun, informe dans un communique\u0301, qu&rsquo;un camion semi-remorque a pris feu ce lundi 13 mars matin a\u0300 Nassarao. Dans le communique\u0301 des Sapeurs pompier qu&rsquo;a consulte\u0301 la re\u0301daction de CamerounWeb, l&rsquo;on apprend que la cabine du camion a e\u0301te\u0301 totalement consume\u0301e par les flammes. [&hellip;]<\/p>\n","protected":false},"author":82,"featured_media":39153,"comment_status":"open","ping_status":"closed","sticky":false,"template":"","format":"standard","meta":{"footnotes":""},"categories":[21,10],"tags":[36,50,49],"class_list":["post-39154","post","type-post","status-publish","format-standard","has-post-thumbnail","hentry","category-communaute","category-toutes-les-actualites","tag-africa-press","tag-africa-press-cameroun","tag-cameroun"],"yoast_head":"<!-- This site is optimized with the Yoast SEO Premium plugin v26.1 (Yoast SEO v27.0) - https:\/\/yoast.com\/product\/yoast-seo-premium-wordpress\/ -->\n<title>Violent feu \u00e0 l&#039;int\u00e9rieur d&#039;un camion, pas de nouvelles du conducteur - Cameroun<\/title>\n<meta name=\"description\" content=\"Les responsables du corps des sapeurs pompiers au Cameroun, informe dans un communique\u0301, qu&#039;un camion semi-remorque a pr ...\" \/>\n<meta name=\"robots\" content=\"index, follow, max-snippet:-1, max-image-preview:large, max-video-preview:-1\" \/>\n<link rel=\"canonical\" href=\"https:\/\/www.africa-press.net\/cameroun\/toutes-les-actualites\/violent-feu-a-linterieur-dun-camion-pas-de-nouvelles-du-conducteur\" \/>\n<meta property=\"og:locale\" content=\"fr_FR\" \/>\n<meta property=\"og:type\" content=\"article\" \/>\n<meta property=\"og:title\" content=\"Violent feu \u00e0 l&#039;int\u00e9rieur d&#039;un camion, pas de nouvelles du conducteur\" \/>\n<meta property=\"og:description\" content=\"Les responsables du corps des sapeurs pompiers au Cameroun, informe dans un communique\u0301, qu&#039;un camion semi-remorque a pr ...\" \/>\n<meta property=\"og:url\" content=\"https:\/\/www.africa-press.net\/cameroun\/toutes-les-actualites\/violent-feu-a-linterieur-dun-camion-pas-de-nouvelles-du-conducteur\" \/>\n<meta property=\"og:site_name\" content=\"Cameroun\" \/>\n<meta property=\"article:published_time\" content=\"2023-03-13T19:29:53+00:00\" \/>\n<meta property=\"article:modified_time\" content=\"2023-03-13T19:51:24+00:00\" \/>\n<meta property=\"og:image\" content=\"https:\/\/static.africa-press.net\/cameroun\/sites\/57\/2023\/03\/postQueueImg_1678723196.63.jpg\" \/>\n\t<meta property=\"og:image:width\" content=\"720\" \/>\n\t<meta property=\"og:image:height\" content=\"420\" \/>\n\t<meta property=\"og:image:type\" content=\"image\/jpeg\" \/>\n<meta name=\"author\" content=\"cfeditorfr\" \/>\n<meta name=\"twitter:card\" content=\"summary_large_image\" \/>\n<meta name=\"twitter:label1\" content=\"\u00c9crit par\" \/>\n\t<meta name=\"twitter:data1\" content=\"cfeditorfr\" \/>\n\t<meta name=\"twitter:label2\" content=\"Dur\u00e9e de lecture estim\u00e9e\" \/>\n\t<meta name=\"twitter:data2\" content=\"1 minute\" \/>\n<script type=\"application\/ld+json\" class=\"yoast-schema-graph\">{\"@context\":\"https:\/\/schema.org\",\"@graph\":[{\"@type\":\"Article\",\"@id\":\"https:\/\/www.africa-press.net\/cameroun\/toutes-les-actualites\/violent-feu-a-linterieur-dun-camion-pas-de-nouvelles-du-conducteur#article\",\"isPartOf\":{\"@id\":\"https:\/\/www.africa-press.net\/cameroun\/toutes-les-actualites\/violent-feu-a-linterieur-dun-camion-pas-de-nouvelles-du-conducteur\"},\"author\":{\"name\":\"cfeditorfr\",\"@id\":\"https:\/\/www.africa-press.net\/cameroun\/#\/schema\/person\/2b1cf3cd81a31e3cd26889ca66d677f1\"},\"headline\":\"Violent feu \u00e0 l&rsquo;int\u00e9rieur d&rsquo;un camion, pas de nouvelles du conducteur\",\"datePublished\":\"2023-03-13T19:29:53+00:00\",\"dateModified\":\"2023-03-13T19:51:24+00:00\",\"mainEntityOfPage\":{\"@id\":\"https:\/\/www.africa-press.net\/cameroun\/toutes-les-actualites\/violent-feu-a-linterieur-dun-camion-pas-de-nouvelles-du-conducteur\"},\"wordCount\":304,\"commentCount\":0,\"image\":{\"@id\":\"https:\/\/www.africa-press.net\/cameroun\/toutes-les-actualites\/violent-feu-a-linterieur-dun-camion-pas-de-nouvelles-du-conducteur#primaryimage\"},\"thumbnailUrl\":\"https:\/\/static.africa-press.net\/cameroun\/sites\/57\/2023\/03\/postQueueImg_1678723196.63.jpg\",\"keywords\":[\"Africa Press\",\"Africa Press-Cameroun\",\"Cameroun\"],\"articleSection\":[\"Communaut\u00e9\",\"Toutes les actualit\u00e9s\"],\"inLanguage\":\"fr-FR\",\"potentialAction\":[{\"@type\":\"CommentAction\",\"name\":\"Comment\",\"target\":[\"https:\/\/www.africa-press.net\/cameroun\/toutes-les-actualites\/violent-feu-a-linterieur-dun-camion-pas-de-nouvelles-du-conducteur#respond\"]}]},{\"@type\":\"WebPage\",\"@id\":\"https:\/\/www.africa-press.net\/cameroun\/toutes-les-actualites\/violent-feu-a-linterieur-dun-camion-pas-de-nouvelles-du-conducteur\",\"url\":\"https:\/\/www.africa-press.net\/cameroun\/toutes-les-actualites\/violent-feu-a-linterieur-dun-camion-pas-de-nouvelles-du-conducteur\",\"name\":\"Violent feu \u00e0 l'int\u00e9rieur d'un camion, pas de nouvelles du conducteur - Cameroun\",\"isPartOf\":{\"@id\":\"https:\/\/www.africa-press.net\/cameroun\/#website\"},\"primaryImageOfPage\":{\"@id\":\"https:\/\/www.africa-press.net\/cameroun\/toutes-les-actualites\/violent-feu-a-linterieur-dun-camion-pas-de-nouvelles-du-conducteur#primaryimage\"},\"image\":{\"@id\":\"https:\/\/www.africa-press.net\/cameroun\/toutes-les-actualites\/violent-feu-a-linterieur-dun-camion-pas-de-nouvelles-du-conducteur#primaryimage\"},\"thumbnailUrl\":\"https:\/\/static.africa-press.net\/cameroun\/sites\/57\/2023\/03\/postQueueImg_1678723196.63.jpg\",\"datePublished\":\"2023-03-13T19:29:53+00:00\",\"dateModified\":\"2023-03-13T19:51:24+00:00\",\"author\":{\"@id\":\"https:\/\/www.africa-press.net\/cameroun\/#\/schema\/person\/2b1cf3cd81a31e3cd26889ca66d677f1\"},\"description\":\"Les responsables du corps des sapeurs pompiers au Cameroun, informe dans un communique\u0301, qu'un camion semi-remorque a pr ...\",\"breadcrumb\":{\"@id\":\"https:\/\/www.africa-press.net\/cameroun\/toutes-les-actualites\/violent-feu-a-linterieur-dun-camion-pas-de-nouvelles-du-conducteur#breadcrumb\"},\"inLanguage\":\"fr-FR\",\"potentialAction\":[{\"@type\":\"ReadAction\",\"target\":[\"https:\/\/www.africa-press.net\/cameroun\/toutes-les-actualites\/violent-feu-a-linterieur-dun-camion-pas-de-nouvelles-du-conducteur\"]}]},{\"@type\":\"ImageObject\",\"inLanguage\":\"fr-FR\",\"@id\":\"https:\/\/www.africa-press.net\/cameroun\/toutes-les-actualites\/violent-feu-a-linterieur-dun-camion-pas-de-nouvelles-du-conducteur#primaryimage\",\"url\":\"https:\/\/static.africa-press.net\/cameroun\/sites\/57\/2023\/03\/postQueueImg_1678723196.63.jpg\",\"contentUrl\":\"https:\/\/static.africa-press.net\/cameroun\/sites\/57\/2023\/03\/postQueueImg_1678723196.63.jpg\",\"width\":720,\"height\":420,\"caption\":\"Violent feu \u00e0 l'int\u00e9rieur d'un camion, pas de nouvelles du conducteur\"},{\"@type\":\"BreadcrumbList\",\"@id\":\"https:\/\/www.africa-press.net\/cameroun\/toutes-les-actualites\/violent-feu-a-linterieur-dun-camion-pas-de-nouvelles-du-conducteur#breadcrumb\",\"itemListElement\":[{\"@type\":\"ListItem\",\"position\":1,\"name\":\"Accueil\",\"item\":\"https:\/\/www.africa-press.net\/cameroun\/\"},{\"@type\":\"ListItem\",\"position\":2,\"name\":\"Violent feu \u00e0 l&rsquo;int\u00e9rieur d&rsquo;un camion, pas de nouvelles du conducteur\"}]},{\"@type\":\"WebSite\",\"@id\":\"https:\/\/www.africa-press.net\/cameroun\/#website\",\"url\":\"https:\/\/www.africa-press.net\/cameroun\/\",\"name\":\"Cameroun\",\"description\":\"Just another Africa News Agency Sites site\",\"potentialAction\":[{\"@type\":\"SearchAction\",\"target\":{\"@type\":\"EntryPoint\",\"urlTemplate\":\"https:\/\/www.africa-press.net\/cameroun\/?s={search_term_string}\"},\"query-input\":{\"@type\":\"PropertyValueSpecification\",\"valueRequired\":true,\"valueName\":\"search_term_string\"}}],\"inLanguage\":\"fr-FR\"},{\"@type\":\"Person\",\"@id\":\"https:\/\/www.africa-press.net\/cameroun\/#\/schema\/person\/2b1cf3cd81a31e3cd26889ca66d677f1\",\"name\":\"cfeditorfr\"}]}<\/script>\n<!-- \/ Yoast SEO Premium plugin. -->","yoast_head_json":{"title":"Violent feu \u00e0 l'int\u00e9rieur d'un camion, pas de nouvelles du conducteur - Cameroun","description":"Les responsables du corps des sapeurs pompiers au Cameroun, informe dans un communique\u0301, qu'un camion semi-remorque a pr ...","robots":{"index":"index","follow":"follow","max-snippet":"max-snippet:-1","max-image-preview":"max-image-preview:large","max-video-preview":"max-video-preview:-1"},"canonical":"https:\/\/www.africa-press.net\/cameroun\/toutes-les-actualites\/violent-feu-a-linterieur-dun-camion-pas-de-nouvelles-du-conducteur","og_locale":"fr_FR","og_type":"article","og_title":"Violent feu \u00e0 l'int\u00e9rieur d'un camion, pas de nouvelles du conducteur","og_description":"Les responsables du corps des sapeurs pompiers au Cameroun, informe dans un communique\u0301, qu'un camion semi-remorque a pr ...","og_url":"https:\/\/www.africa-press.net\/cameroun\/toutes-les-actualites\/violent-feu-a-linterieur-dun-camion-pas-de-nouvelles-du-conducteur","og_site_name":"Cameroun","article_published_time":"2023-03-13T19:29:53+00:00","article_modified_time":"2023-03-13T19:51:24+00:00","og_image":[{"width":720,"height":420,"url":"https:\/\/static.africa-press.net\/cameroun\/sites\/57\/2023\/03\/postQueueImg_1678723196.63.jpg","type":"image\/jpeg"}],"author":"cfeditorfr","twitter_card":"summary_large_image","twitter_misc":{"\u00c9crit par":"cfeditorfr","Dur\u00e9e de lecture estim\u00e9e":"1 minute"},"schema":{"@context":"https:\/\/schema.org","@graph":[{"@type":"Article","@id":"https:\/\/www.africa-press.net\/cameroun\/toutes-les-actualites\/violent-feu-a-linterieur-dun-camion-pas-de-nouvelles-du-conducteur#article","isPartOf":{"@id":"https:\/\/www.africa-press.net\/cameroun\/toutes-les-actualites\/violent-feu-a-linterieur-dun-camion-pas-de-nouvelles-du-conducteur"},"author":{"name":"cfeditorfr","@id":"https:\/\/www.africa-press.net\/cameroun\/#\/schema\/person\/2b1cf3cd81a31e3cd26889ca66d677f1"},"headline":"Violent feu \u00e0 l&rsquo;int\u00e9rieur d&rsquo;un camion, pas de nouvelles du conducteur","datePublished":"2023-03-13T19:29:53+00:00","dateModified":"2023-03-13T19:51:24+00:00","mainEntityOfPage":{"@id":"https:\/\/www.africa-press.net\/cameroun\/toutes-les-actualites\/violent-feu-a-linterieur-dun-camion-pas-de-nouvelles-du-conducteur"},"wordCount":304,"commentCount":0,"image":{"@id":"https:\/\/www.africa-press.net\/cameroun\/toutes-les-actualites\/violent-feu-a-linterieur-dun-camion-pas-de-nouvelles-du-conducteur#primaryimage"},"thumbnailUrl":"https:\/\/static.africa-press.net\/cameroun\/sites\/57\/2023\/03\/postQueueImg_1678723196.63.jpg","keywords":["Africa Press","Africa Press-Cameroun","Cameroun"],"articleSection":["Communaut\u00e9","Toutes les actualit\u00e9s"],"inLanguage":"fr-FR","potentialAction":[{"@type":"CommentAction","name":"Comment","target":["https:\/\/www.africa-press.net\/cameroun\/toutes-les-actualites\/violent-feu-a-linterieur-dun-camion-pas-de-nouvelles-du-conducteur#respond"]}]},{"@type":"WebPage","@id":"https:\/\/www.africa-press.net\/cameroun\/toutes-les-actualites\/violent-feu-a-linterieur-dun-camion-pas-de-nouvelles-du-conducteur","url":"https:\/\/www.africa-press.net\/cameroun\/toutes-les-actualites\/violent-feu-a-linterieur-dun-camion-pas-de-nouvelles-du-conducteur","name":"Violent feu \u00e0 l'int\u00e9rieur d'un camion, pas de nouvelles du conducteur - Cameroun","isPartOf":{"@id":"https:\/\/www.africa-press.net\/cameroun\/#website"},"primaryImageOfPage":{"@id":"https:\/\/www.africa-press.net\/cameroun\/toutes-les-actualites\/violent-feu-a-linterieur-dun-camion-pas-de-nouvelles-du-conducteur#primaryimage"},"image":{"@id":"https:\/\/www.africa-press.net\/cameroun\/toutes-les-actualites\/violent-feu-a-linterieur-dun-camion-pas-de-nouvelles-du-conducteur#primaryimage"},"thumbnailUrl":"https:\/\/static.africa-press.net\/cameroun\/sites\/57\/2023\/03\/postQueueImg_1678723196.63.jpg","datePublished":"2023-03-13T19:29:53+00:00","dateModified":"2023-03-13T19:51:24+00:00","author":{"@id":"https:\/\/www.africa-press.net\/cameroun\/#\/schema\/person\/2b1cf3cd81a31e3cd26889ca66d677f1"},"description":"Les responsables du corps des sapeurs pompiers au Cameroun, informe dans un communique\u0301, qu'un camion semi-remorque a pr ...","breadcrumb":{"@id":"https:\/\/www.africa-press.net\/cameroun\/toutes-les-actualites\/violent-feu-a-linterieur-dun-camion-pas-de-nouvelles-du-conducteur#breadcrumb"},"inLanguage":"fr-FR","potentialAction":[{"@type":"ReadAction","target":["https:\/\/www.africa-press.net\/cameroun\/toutes-les-actualites\/violent-feu-a-linterieur-dun-camion-pas-de-nouvelles-du-conducteur"]}]},{"@type":"ImageObject","inLanguage":"fr-FR","@id":"https:\/\/www.africa-press.net\/cameroun\/toutes-les-actualites\/violent-feu-a-linterieur-dun-camion-pas-de-nouvelles-du-conducteur#primaryimage","url":"https:\/\/static.africa-press.net\/cameroun\/sites\/57\/2023\/03\/postQueueImg_1678723196.63.jpg","contentUrl":"https:\/\/static.africa-press.net\/cameroun\/sites\/57\/2023\/03\/postQueueImg_1678723196.63.jpg","width":720,"height":420,"caption":"Violent feu \u00e0 l'int\u00e9rieur d'un camion, pas de nouvelles du conducteur"},{"@type":"BreadcrumbList","@id":"https:\/\/www.africa-press.net\/cameroun\/toutes-les-actualites\/violent-feu-a-linterieur-dun-camion-pas-de-nouvelles-du-conducteur#breadcrumb","itemListElement":[{"@type":"ListItem","position":1,"name":"Accueil","item":"https:\/\/www.africa-press.net\/cameroun\/"},{"@type":"ListItem","position":2,"name":"Violent feu \u00e0 l&rsquo;int\u00e9rieur d&rsquo;un camion, pas de nouvelles du conducteur"}]},{"@type":"WebSite","@id":"https:\/\/www.africa-press.net\/cameroun\/#website","url":"https:\/\/www.africa-press.net\/cameroun\/","name":"Cameroun","description":"Just another Africa News Agency Sites site","potentialAction":[{"@type":"SearchAction","target":{"@type":"EntryPoint","urlTemplate":"https:\/\/www.africa-press.net\/cameroun\/?s={search_term_string}"},"query-input":{"@type":"PropertyValueSpecification","valueRequired":true,"valueName":"search_term_string"}}],"inLanguage":"fr-FR"},{"@type":"Person","@id":"https:\/\/www.africa-press.net\/cameroun\/#\/schema\/person\/2b1cf3cd81a31e3cd26889ca66d677f1","name":"cfeditorfr"}]}},"_links":{"self":[{"href":"https:\/\/www.africa-press.net\/cameroun\/wp-json\/wp\/v2\/posts\/39154","targetHints":{"allow":["GET"]}}],"collection":[{"href":"https:\/\/www.africa-press.net\/cameroun\/wp-json\/wp\/v2\/posts"}],"about":[{"href":"https:\/\/www.africa-press.net\/cameroun\/wp-json\/wp\/v2\/types\/post"}],"author":[{"embeddable":true,"href":"https:\/\/www.africa-press.net\/cameroun\/wp-json\/wp\/v2\/users\/82"}],"replies":[{"embeddable":true,"href":"https:\/\/www.africa-press.net\/cameroun\/wp-json\/wp\/v2\/comments?post=39154"}],"version-history":[{"count":0,"href":"https:\/\/www.africa-press.net\/cameroun\/wp-json\/wp\/v2\/posts\/39154\/revisions"}],"wp:featuredmedia":[{"embeddable":true,"href":"https:\/\/www.africa-press.net\/cameroun\/wp-json\/wp\/v2\/media\/39153"}],"wp:attachment":[{"href":"https:\/\/www.africa-press.net\/cameroun\/wp-json\/wp\/v2\/media?parent=39154"}],"wp:term":[{"taxonomy":"category","embeddable":true,"href":"https:\/\/www.africa-press.net\/cameroun\/wp-json\/wp\/v2\/categories?post=39154"},{"taxonomy":"post_tag","embeddable":true,"href":"https:\/\/www.africa-press.net\/cameroun\/wp-json\/wp\/v2\/tags?post=39154"}],"curies":[{"name":"wp","href":"https:\/\/api.w.org\/{rel}","templated":true}]}}