{"id":39176,"date":"2023-03-13T19:30:48","date_gmt":"2023-03-13T19:30:48","guid":{"rendered":"https:\/\/www.africa-press.net\/cameroun\/politique\/rebondissement-dans-le-scandale-dolembe-mouelle-kombi-prend-une-curieuse-decision-contre-magil"},"modified":"2023-03-13T19:56:30","modified_gmt":"2023-03-13T19:56:30","slug":"rebondissement-dans-le-scandale-dolembe-mouelle-kombi-prend-une-curieuse-decision-contre-magil","status":"publish","type":"post","link":"https:\/\/www.africa-press.net\/cameroun\/politique\/rebondissement-dans-le-scandale-dolembe-mouelle-kombi-prend-une-curieuse-decision-contre-magil","title":{"rendered":"Rebondissement dans le scandale d\u2019Olemb\u00e9 : Mouelle Kombi prend une curieuse d\u00e9cision contre  Magil"},"content":{"rendered":"<p><span style=\"color: #ff6600\"><strong>Africa-Press &#8211; Cameroun. <\/strong><\/span>Le ministre des sports et de l\u2019e\u0301ducation physique donne trente jours a\u0300 l\u2019entreprise franco-canadienne pour reprendre \u00ab sans condition \u00bb les travaux d\u2019ache\u0300vement. Sous peine de constat de non- exe\u0301cution et d\u2019abandon.<\/p>\n<p>Le ministre des sports et de l\u2019e\u0301ducation physique (Minsep), Narcisse Mouelle Kombi a servi un ordre de service valant mise en demeure a\u0300 l\u2019entreprise mai\u0302tre d\u2019\u0153uvre du chantier d\u2019ache\u0300vement du Complexe sportif d\u2019Olembe, Magil construction corporation.<\/p>\n<p>La correspondance signe\u0301e du mai\u0302tre d\u2019ouvrage de cette infrastructure a e\u0301te\u0301 remis au vice-pre\u0301sident des ope\u0301rations internationales de l\u2019entreprise Magil construction corporation, Franck Mathiere, en date du 23 fe\u0301vrier 2023.<\/p>\n<p>Des copies de la correspondance ont e\u0301te\u0301 transmises au Ministre d\u2019Etat, secre\u0301taire ge\u0301ne\u0301ral de la pre\u0301sidence de la Re\u0301publique et coordonnateur de la Task Force, Ferdinand NgohNgoh et au Premier ministre, chef du gouvernement, Joseph Dion Ngute ainsi qu\u2019au ministre des marche\u0301s publics, Ibrahim Talba Malla.<\/p>\n<p>La correspondance signe\u0301e du ministre des sports et de l\u2019e\u0301ducation physique, le 23 fe\u0301vrier 2023, somme l\u2019entreprise francocanadienne de reprendre les travaux d\u2019ache\u0300vement du Complexe sportif d\u2019Olembe dans un de\u0301lai de 30 jours.<\/p>\n<p>Le Minsep souligne a cet effet que \u00abUne e\u0301valuation du pre\u0301sent ordre de service sera faite au bout de trente (30) jours apre\u0300s notification du pre\u0301sent ordre de service, passe\u0301 ce de\u0301lai, conforme\u0301ment aux dispositions de l\u2019article 18.3.1 de votre contrat, un contrat de non-exe\u0301cution et d\u2019abandon sera e\u0301tabli pour servir et valoir de droit.<\/p>\n<p>\u00bb La reprise \u00abimme\u0301diate et sans condition\u00bb instruite par le ministre des sports et de l\u2019e\u0301ducation physique, Narcisse Mouelle Kombi, intervient deux apre\u0300s l\u2019annonce faite par le vice-pre\u0301sident exe\u0301cutif de l\u2019entreprise Magil construction corporation, Franck Mathiere.<\/p>\n<p>Au terme d\u2019une re\u0301union regroupant le ministre des sports et de l\u2019e\u0301ducation physique, le secre\u0301taire ge\u0301ne\u0301ral de la pre\u0301sidence de la Re\u0301publique et coordonnateur de la Task Force, Ferdinand NgohNgoh et le vice-pre\u0301sident exe\u0301cutif de Magil construction corporation, Franck Mathiere, l\u2019entreprise annonc\u0327ait la reprise des travaux d\u2019ache\u0300vement de la composante I du Complexe sportif d\u2019Olembe, le 13 janvier 2023.<\/p>\n<p><b>Paiement des sous-traitants<\/b><\/p>\n<p>La reprise des travaux d\u2019ache\u0300vement de la composante I du Complexe sportif d\u2019Olembe est conditionne\u0301e aux paiements des factures dues aux sous-traitants de l\u2019entreprise Magil construction corporation dans le chantier d\u2019ache\u0300vement du Complexe sportif d\u2019Olembe.<\/p>\n<p>A cet effet, le ministre des sports et de l\u2019e\u0301ducation physique exige de l\u2019entreprise franco-canadienne \u00abLe paiement de tous les sous-traitants pour les travaux effectue\u0301s et entie\u0300rement re\u0301gle\u0301s par l\u2019administration a\u0300 Magil.<\/p>\n<p>\u00bb Dans la me\u0302me veine, le Minsep, mai\u0302tre d\u2019ouvrage du chantier de construction du Complexe sportif d\u2019Olembe instruit a\u0300 l\u2019entreprise Magil \u00abLa leve\u0301e de toutes les re\u0301serves relatives aux manquements du\u0302ment observe\u0301s au stade principal du Complexe sportif d\u2019Olembe.<\/p>\n<p>\u00bb Le chantier de construction du Complexe sportif d\u2019Olembe a e\u0301te\u0301 e\u0301value\u0301 a\u0300 163 milliards de Francs Cfa. En date, 218 milliards de Francs Cfa y ont de\u0301ja\u0300 e\u0301te\u0301 injecte\u0301s alors que l\u2019infrastructure est a\u0300 peine re\u0301alise\u0301e de moitie\u0301.<\/p>\n<p>L\u2019entreprise Magil qui a he\u0301rite\u0301 le chantier de l\u2019entreprise italienne GruppoPiccini a signe\u0301 un contrat de 54, 8 milliards de Francs Cfa pour l\u2019ache\u0300vement de ce complexe sportif.<\/p>\n<p>Au 10 de\u0301cembre 2021, l\u2019entreprise indiquait avoir de\u0301ja\u0300 consomme\u0301 42 milliards de Francs Cfa. Apre\u0300s un an d\u2019arre\u0302t des travaux, l\u2019entreprise franco-canadienne exige de l\u2019Etat du Cameroun le versement des 12 milliards restant en condition pour la reprise des travaux. Dans le me\u0302me temps, les soustraitants de l\u2019entreprise Magil lui re\u0301clame les paiements des factures e\u0301value\u0301es a\u0300 plus de 12 milliards de Francs Cfa<\/p>\n<p><strong>Pour plus d&rsquo;informations et d&rsquo;analyses sur la <a href=\"https:\/\/www.africa-press.net\/cameroun\">Cameroun<\/a>, suivez <a href=\"https:\/\/www.africa-press.net\/\">Africa-Press<\/a><\/strong><\/p>\n","protected":false},"excerpt":{"rendered":"<p>Africa-Press &#8211; Cameroun. Le ministre des sports et de l\u2019e\u0301ducation physique donne trente jours a\u0300 l\u2019entreprise franco-canadienne pour reprendre \u00ab sans condition \u00bb les travaux d\u2019ache\u0300vement. Sous peine de constat de non- exe\u0301cution et d\u2019abandon. Le ministre des sports et de l\u2019e\u0301ducation physique (Minsep), Narcisse Mouelle Kombi a servi un ordre de service valant mise [&hellip;]<\/p>\n","protected":false},"author":82,"featured_media":39175,"comment_status":"open","ping_status":"closed","sticky":false,"template":"","format":"standard","meta":{"footnotes":""},"categories":[2,10],"tags":[36,50,49],"class_list":["post-39176","post","type-post","status-publish","format-standard","has-post-thumbnail","hentry","category-politique","category-toutes-les-actualites","tag-africa-press","tag-africa-press-cameroun","tag-cameroun"],"yoast_head":"<!-- This site is optimized with the Yoast SEO Premium plugin v26.1 (Yoast SEO v27.0) - https:\/\/yoast.com\/product\/yoast-seo-premium-wordpress\/ -->\n<title>Rebondissement dans le scandale d\u2019Olemb\u00e9 : Mouelle Kombi prend une curieuse d\u00e9cision contre Magil - Cameroun<\/title>\n<meta name=\"description\" content=\"Le ministre des sports et de l\u2019e\u0301ducation physique donne trente jours a\u0300 l\u2019entreprise franco-canadienne pour reprendre \u00ab ...\" \/>\n<meta name=\"robots\" content=\"index, follow, max-snippet:-1, max-image-preview:large, max-video-preview:-1\" \/>\n<link rel=\"canonical\" href=\"https:\/\/www.africa-press.net\/cameroun\/politique\/rebondissement-dans-le-scandale-dolembe-mouelle-kombi-prend-une-curieuse-decision-contre-magil\" \/>\n<meta property=\"og:locale\" content=\"fr_FR\" \/>\n<meta property=\"og:type\" content=\"article\" \/>\n<meta property=\"og:title\" content=\"Rebondissement dans le scandale d\u2019Olemb\u00e9 : Mouelle Kombi prend une curieuse d\u00e9cision contre Magil\" \/>\n<meta property=\"og:description\" content=\"Le ministre des sports et de l\u2019e\u0301ducation physique donne trente jours a\u0300 l\u2019entreprise franco-canadienne pour reprendre \u00ab ...\" \/>\n<meta property=\"og:url\" content=\"https:\/\/www.africa-press.net\/cameroun\/politique\/rebondissement-dans-le-scandale-dolembe-mouelle-kombi-prend-une-curieuse-decision-contre-magil\" \/>\n<meta property=\"og:site_name\" content=\"Cameroun\" \/>\n<meta property=\"article:published_time\" content=\"2023-03-13T19:30:48+00:00\" \/>\n<meta property=\"article:modified_time\" content=\"2023-03-13T19:56:30+00:00\" \/>\n<meta property=\"og:image\" content=\"https:\/\/static.africa-press.net\/cameroun\/sites\/57\/2023\/03\/postQueueImg_1678723264.53.jpg\" \/>\n\t<meta property=\"og:image:width\" content=\"720\" \/>\n\t<meta property=\"og:image:height\" content=\"404\" \/>\n\t<meta property=\"og:image:type\" content=\"image\/jpeg\" \/>\n<meta name=\"author\" content=\"cfeditorfr\" \/>\n<meta name=\"twitter:card\" content=\"summary_large_image\" \/>\n<meta name=\"twitter:label1\" content=\"\u00c9crit par\" \/>\n\t<meta name=\"twitter:data1\" content=\"cfeditorfr\" \/>\n\t<meta name=\"twitter:label2\" content=\"Dur\u00e9e de lecture estim\u00e9e\" \/>\n\t<meta name=\"twitter:data2\" content=\"3 minutes\" \/>\n<script type=\"application\/ld+json\" class=\"yoast-schema-graph\">{\"@context\":\"https:\/\/schema.org\",\"@graph\":[{\"@type\":\"Article\",\"@id\":\"https:\/\/www.africa-press.net\/cameroun\/politique\/rebondissement-dans-le-scandale-dolembe-mouelle-kombi-prend-une-curieuse-decision-contre-magil#article\",\"isPartOf\":{\"@id\":\"https:\/\/www.africa-press.net\/cameroun\/politique\/rebondissement-dans-le-scandale-dolembe-mouelle-kombi-prend-une-curieuse-decision-contre-magil\"},\"author\":{\"name\":\"cfeditorfr\",\"@id\":\"https:\/\/www.africa-press.net\/cameroun\/#\/schema\/person\/2b1cf3cd81a31e3cd26889ca66d677f1\"},\"headline\":\"Rebondissement dans le scandale d\u2019Olemb\u00e9 : Mouelle Kombi prend une curieuse d\u00e9cision contre Magil\",\"datePublished\":\"2023-03-13T19:30:48+00:00\",\"dateModified\":\"2023-03-13T19:56:30+00:00\",\"mainEntityOfPage\":{\"@id\":\"https:\/\/www.africa-press.net\/cameroun\/politique\/rebondissement-dans-le-scandale-dolembe-mouelle-kombi-prend-une-curieuse-decision-contre-magil\"},\"wordCount\":702,\"commentCount\":0,\"image\":{\"@id\":\"https:\/\/www.africa-press.net\/cameroun\/politique\/rebondissement-dans-le-scandale-dolembe-mouelle-kombi-prend-une-curieuse-decision-contre-magil#primaryimage\"},\"thumbnailUrl\":\"https:\/\/static.africa-press.net\/cameroun\/sites\/57\/2023\/03\/postQueueImg_1678723264.53.jpg\",\"keywords\":[\"Africa Press\",\"Africa Press-Cameroun\",\"Cameroun\"],\"articleSection\":[\"Politique\",\"Toutes les actualit\u00e9s\"],\"inLanguage\":\"fr-FR\",\"potentialAction\":[{\"@type\":\"CommentAction\",\"name\":\"Comment\",\"target\":[\"https:\/\/www.africa-press.net\/cameroun\/politique\/rebondissement-dans-le-scandale-dolembe-mouelle-kombi-prend-une-curieuse-decision-contre-magil#respond\"]}]},{\"@type\":\"WebPage\",\"@id\":\"https:\/\/www.africa-press.net\/cameroun\/politique\/rebondissement-dans-le-scandale-dolembe-mouelle-kombi-prend-une-curieuse-decision-contre-magil\",\"url\":\"https:\/\/www.africa-press.net\/cameroun\/politique\/rebondissement-dans-le-scandale-dolembe-mouelle-kombi-prend-une-curieuse-decision-contre-magil\",\"name\":\"Rebondissement dans le scandale d\u2019Olemb\u00e9 : Mouelle Kombi prend une curieuse d\u00e9cision contre Magil - Cameroun\",\"isPartOf\":{\"@id\":\"https:\/\/www.africa-press.net\/cameroun\/#website\"},\"primaryImageOfPage\":{\"@id\":\"https:\/\/www.africa-press.net\/cameroun\/politique\/rebondissement-dans-le-scandale-dolembe-mouelle-kombi-prend-une-curieuse-decision-contre-magil#primaryimage\"},\"image\":{\"@id\":\"https:\/\/www.africa-press.net\/cameroun\/politique\/rebondissement-dans-le-scandale-dolembe-mouelle-kombi-prend-une-curieuse-decision-contre-magil#primaryimage\"},\"thumbnailUrl\":\"https:\/\/static.africa-press.net\/cameroun\/sites\/57\/2023\/03\/postQueueImg_1678723264.53.jpg\",\"datePublished\":\"2023-03-13T19:30:48+00:00\",\"dateModified\":\"2023-03-13T19:56:30+00:00\",\"author\":{\"@id\":\"https:\/\/www.africa-press.net\/cameroun\/#\/schema\/person\/2b1cf3cd81a31e3cd26889ca66d677f1\"},\"description\":\"Le ministre des sports et de l\u2019e\u0301ducation physique donne trente jours a\u0300 l\u2019entreprise franco-canadienne pour reprendre \u00ab ...\",\"breadcrumb\":{\"@id\":\"https:\/\/www.africa-press.net\/cameroun\/politique\/rebondissement-dans-le-scandale-dolembe-mouelle-kombi-prend-une-curieuse-decision-contre-magil#breadcrumb\"},\"inLanguage\":\"fr-FR\",\"potentialAction\":[{\"@type\":\"ReadAction\",\"target\":[\"https:\/\/www.africa-press.net\/cameroun\/politique\/rebondissement-dans-le-scandale-dolembe-mouelle-kombi-prend-une-curieuse-decision-contre-magil\"]}]},{\"@type\":\"ImageObject\",\"inLanguage\":\"fr-FR\",\"@id\":\"https:\/\/www.africa-press.net\/cameroun\/politique\/rebondissement-dans-le-scandale-dolembe-mouelle-kombi-prend-une-curieuse-decision-contre-magil#primaryimage\",\"url\":\"https:\/\/static.africa-press.net\/cameroun\/sites\/57\/2023\/03\/postQueueImg_1678723264.53.jpg\",\"contentUrl\":\"https:\/\/static.africa-press.net\/cameroun\/sites\/57\/2023\/03\/postQueueImg_1678723264.53.jpg\",\"width\":720,\"height\":404,\"caption\":\"Rebondissement dans le scandale d\u2019Olemb\u00e9 : Mouelle Kombi prend une curieuse d\u00e9cision contre Magil\"},{\"@type\":\"BreadcrumbList\",\"@id\":\"https:\/\/www.africa-press.net\/cameroun\/politique\/rebondissement-dans-le-scandale-dolembe-mouelle-kombi-prend-une-curieuse-decision-contre-magil#breadcrumb\",\"itemListElement\":[{\"@type\":\"ListItem\",\"position\":1,\"name\":\"Accueil\",\"item\":\"https:\/\/www.africa-press.net\/cameroun\/\"},{\"@type\":\"ListItem\",\"position\":2,\"name\":\"Rebondissement dans le scandale d\u2019Olemb\u00e9 : Mouelle Kombi prend une curieuse d\u00e9cision contre Magil\"}]},{\"@type\":\"WebSite\",\"@id\":\"https:\/\/www.africa-press.net\/cameroun\/#website\",\"url\":\"https:\/\/www.africa-press.net\/cameroun\/\",\"name\":\"Cameroun\",\"description\":\"Just another Africa News Agency Sites site\",\"potentialAction\":[{\"@type\":\"SearchAction\",\"target\":{\"@type\":\"EntryPoint\",\"urlTemplate\":\"https:\/\/www.africa-press.net\/cameroun\/?s={search_term_string}\"},\"query-input\":{\"@type\":\"PropertyValueSpecification\",\"valueRequired\":true,\"valueName\":\"search_term_string\"}}],\"inLanguage\":\"fr-FR\"},{\"@type\":\"Person\",\"@id\":\"https:\/\/www.africa-press.net\/cameroun\/#\/schema\/person\/2b1cf3cd81a31e3cd26889ca66d677f1\",\"name\":\"cfeditorfr\"}]}<\/script>\n<!-- \/ Yoast SEO Premium plugin. -->","yoast_head_json":{"title":"Rebondissement dans le scandale d\u2019Olemb\u00e9 : Mouelle Kombi prend une curieuse d\u00e9cision contre Magil - Cameroun","description":"Le ministre des sports et de l\u2019e\u0301ducation physique donne trente jours a\u0300 l\u2019entreprise franco-canadienne pour reprendre \u00ab ...","robots":{"index":"index","follow":"follow","max-snippet":"max-snippet:-1","max-image-preview":"max-image-preview:large","max-video-preview":"max-video-preview:-1"},"canonical":"https:\/\/www.africa-press.net\/cameroun\/politique\/rebondissement-dans-le-scandale-dolembe-mouelle-kombi-prend-une-curieuse-decision-contre-magil","og_locale":"fr_FR","og_type":"article","og_title":"Rebondissement dans le scandale d\u2019Olemb\u00e9 : Mouelle Kombi prend une curieuse d\u00e9cision contre Magil","og_description":"Le ministre des sports et de l\u2019e\u0301ducation physique donne trente jours a\u0300 l\u2019entreprise franco-canadienne pour reprendre \u00ab ...","og_url":"https:\/\/www.africa-press.net\/cameroun\/politique\/rebondissement-dans-le-scandale-dolembe-mouelle-kombi-prend-une-curieuse-decision-contre-magil","og_site_name":"Cameroun","article_published_time":"2023-03-13T19:30:48+00:00","article_modified_time":"2023-03-13T19:56:30+00:00","og_image":[{"width":720,"height":404,"url":"https:\/\/static.africa-press.net\/cameroun\/sites\/57\/2023\/03\/postQueueImg_1678723264.53.jpg","type":"image\/jpeg"}],"author":"cfeditorfr","twitter_card":"summary_large_image","twitter_misc":{"\u00c9crit par":"cfeditorfr","Dur\u00e9e de lecture estim\u00e9e":"3 minutes"},"schema":{"@context":"https:\/\/schema.org","@graph":[{"@type":"Article","@id":"https:\/\/www.africa-press.net\/cameroun\/politique\/rebondissement-dans-le-scandale-dolembe-mouelle-kombi-prend-une-curieuse-decision-contre-magil#article","isPartOf":{"@id":"https:\/\/www.africa-press.net\/cameroun\/politique\/rebondissement-dans-le-scandale-dolembe-mouelle-kombi-prend-une-curieuse-decision-contre-magil"},"author":{"name":"cfeditorfr","@id":"https:\/\/www.africa-press.net\/cameroun\/#\/schema\/person\/2b1cf3cd81a31e3cd26889ca66d677f1"},"headline":"Rebondissement dans le scandale d\u2019Olemb\u00e9 : Mouelle Kombi prend une curieuse d\u00e9cision contre Magil","datePublished":"2023-03-13T19:30:48+00:00","dateModified":"2023-03-13T19:56:30+00:00","mainEntityOfPage":{"@id":"https:\/\/www.africa-press.net\/cameroun\/politique\/rebondissement-dans-le-scandale-dolembe-mouelle-kombi-prend-une-curieuse-decision-contre-magil"},"wordCount":702,"commentCount":0,"image":{"@id":"https:\/\/www.africa-press.net\/cameroun\/politique\/rebondissement-dans-le-scandale-dolembe-mouelle-kombi-prend-une-curieuse-decision-contre-magil#primaryimage"},"thumbnailUrl":"https:\/\/static.africa-press.net\/cameroun\/sites\/57\/2023\/03\/postQueueImg_1678723264.53.jpg","keywords":["Africa Press","Africa Press-Cameroun","Cameroun"],"articleSection":["Politique","Toutes les actualit\u00e9s"],"inLanguage":"fr-FR","potentialAction":[{"@type":"CommentAction","name":"Comment","target":["https:\/\/www.africa-press.net\/cameroun\/politique\/rebondissement-dans-le-scandale-dolembe-mouelle-kombi-prend-une-curieuse-decision-contre-magil#respond"]}]},{"@type":"WebPage","@id":"https:\/\/www.africa-press.net\/cameroun\/politique\/rebondissement-dans-le-scandale-dolembe-mouelle-kombi-prend-une-curieuse-decision-contre-magil","url":"https:\/\/www.africa-press.net\/cameroun\/politique\/rebondissement-dans-le-scandale-dolembe-mouelle-kombi-prend-une-curieuse-decision-contre-magil","name":"Rebondissement dans le scandale d\u2019Olemb\u00e9 : Mouelle Kombi prend une curieuse d\u00e9cision contre Magil - Cameroun","isPartOf":{"@id":"https:\/\/www.africa-press.net\/cameroun\/#website"},"primaryImageOfPage":{"@id":"https:\/\/www.africa-press.net\/cameroun\/politique\/rebondissement-dans-le-scandale-dolembe-mouelle-kombi-prend-une-curieuse-decision-contre-magil#primaryimage"},"image":{"@id":"https:\/\/www.africa-press.net\/cameroun\/politique\/rebondissement-dans-le-scandale-dolembe-mouelle-kombi-prend-une-curieuse-decision-contre-magil#primaryimage"},"thumbnailUrl":"https:\/\/static.africa-press.net\/cameroun\/sites\/57\/2023\/03\/postQueueImg_1678723264.53.jpg","datePublished":"2023-03-13T19:30:48+00:00","dateModified":"2023-03-13T19:56:30+00:00","author":{"@id":"https:\/\/www.africa-press.net\/cameroun\/#\/schema\/person\/2b1cf3cd81a31e3cd26889ca66d677f1"},"description":"Le ministre des sports et de l\u2019e\u0301ducation physique donne trente jours a\u0300 l\u2019entreprise franco-canadienne pour reprendre \u00ab ...","breadcrumb":{"@id":"https:\/\/www.africa-press.net\/cameroun\/politique\/rebondissement-dans-le-scandale-dolembe-mouelle-kombi-prend-une-curieuse-decision-contre-magil#breadcrumb"},"inLanguage":"fr-FR","potentialAction":[{"@type":"ReadAction","target":["https:\/\/www.africa-press.net\/cameroun\/politique\/rebondissement-dans-le-scandale-dolembe-mouelle-kombi-prend-une-curieuse-decision-contre-magil"]}]},{"@type":"ImageObject","inLanguage":"fr-FR","@id":"https:\/\/www.africa-press.net\/cameroun\/politique\/rebondissement-dans-le-scandale-dolembe-mouelle-kombi-prend-une-curieuse-decision-contre-magil#primaryimage","url":"https:\/\/static.africa-press.net\/cameroun\/sites\/57\/2023\/03\/postQueueImg_1678723264.53.jpg","contentUrl":"https:\/\/static.africa-press.net\/cameroun\/sites\/57\/2023\/03\/postQueueImg_1678723264.53.jpg","width":720,"height":404,"caption":"Rebondissement dans le scandale d\u2019Olemb\u00e9 : Mouelle Kombi prend une curieuse d\u00e9cision contre Magil"},{"@type":"BreadcrumbList","@id":"https:\/\/www.africa-press.net\/cameroun\/politique\/rebondissement-dans-le-scandale-dolembe-mouelle-kombi-prend-une-curieuse-decision-contre-magil#breadcrumb","itemListElement":[{"@type":"ListItem","position":1,"name":"Accueil","item":"https:\/\/www.africa-press.net\/cameroun\/"},{"@type":"ListItem","position":2,"name":"Rebondissement dans le scandale d\u2019Olemb\u00e9 : Mouelle Kombi prend une curieuse d\u00e9cision contre Magil"}]},{"@type":"WebSite","@id":"https:\/\/www.africa-press.net\/cameroun\/#website","url":"https:\/\/www.africa-press.net\/cameroun\/","name":"Cameroun","description":"Just another Africa News Agency Sites site","potentialAction":[{"@type":"SearchAction","target":{"@type":"EntryPoint","urlTemplate":"https:\/\/www.africa-press.net\/cameroun\/?s={search_term_string}"},"query-input":{"@type":"PropertyValueSpecification","valueRequired":true,"valueName":"search_term_string"}}],"inLanguage":"fr-FR"},{"@type":"Person","@id":"https:\/\/www.africa-press.net\/cameroun\/#\/schema\/person\/2b1cf3cd81a31e3cd26889ca66d677f1","name":"cfeditorfr"}]}},"_links":{"self":[{"href":"https:\/\/www.africa-press.net\/cameroun\/wp-json\/wp\/v2\/posts\/39176","targetHints":{"allow":["GET"]}}],"collection":[{"href":"https:\/\/www.africa-press.net\/cameroun\/wp-json\/wp\/v2\/posts"}],"about":[{"href":"https:\/\/www.africa-press.net\/cameroun\/wp-json\/wp\/v2\/types\/post"}],"author":[{"embeddable":true,"href":"https:\/\/www.africa-press.net\/cameroun\/wp-json\/wp\/v2\/users\/82"}],"replies":[{"embeddable":true,"href":"https:\/\/www.africa-press.net\/cameroun\/wp-json\/wp\/v2\/comments?post=39176"}],"version-history":[{"count":0,"href":"https:\/\/www.africa-press.net\/cameroun\/wp-json\/wp\/v2\/posts\/39176\/revisions"}],"wp:featuredmedia":[{"embeddable":true,"href":"https:\/\/www.africa-press.net\/cameroun\/wp-json\/wp\/v2\/media\/39175"}],"wp:attachment":[{"href":"https:\/\/www.africa-press.net\/cameroun\/wp-json\/wp\/v2\/media?parent=39176"}],"wp:term":[{"taxonomy":"category","embeddable":true,"href":"https:\/\/www.africa-press.net\/cameroun\/wp-json\/wp\/v2\/categories?post=39176"},{"taxonomy":"post_tag","embeddable":true,"href":"https:\/\/www.africa-press.net\/cameroun\/wp-json\/wp\/v2\/tags?post=39176"}],"curies":[{"name":"wp","href":"https:\/\/api.w.org\/{rel}","templated":true}]}}