{"id":39184,"date":"2023-03-13T19:31:18","date_gmt":"2023-03-13T19:31:18","guid":{"rendered":"https:\/\/www.africa-press.net\/cameroun\/politique\/presidence-du-senat-et-si-niat-nifenii-se-mettait-en-retrait"},"modified":"2023-03-13T19:57:31","modified_gmt":"2023-03-13T19:57:31","slug":"presidence-du-senat-et-si-niat-nifenii-se-mettait-en-retrait","status":"publish","type":"post","link":"https:\/\/www.africa-press.net\/cameroun\/dossiers\/presidence-du-senat-et-si-niat-nifenii-se-mettait-en-retrait","title":{"rendered":"Pr\u00e9sidence du S\u00e9nat : Et si Niat Nifenii se mettait en retrait"},"content":{"rendered":"<p><span style=\"color: #ff6600\"><strong>Africa-Press &#8211; Cameroun. <\/strong><\/span>Physiquement diminue\u0301 par le poids de l&rsquo;a\u0302ge et tenaille\u0301 par une sante\u0301 de plus en plus chancelante, le pre\u0301sident du Se\u0301nat pourrait-il se mettre de\u0301finitivement a\u0300 l&rsquo;e\u0301cart de la chose politique, au moment ou\u0300 selon des sources dignes de foi il aurait demande\u0301 au chef de l&rsquo;Etat de le de\u0301charger de ses fonctions ?<\/p>\n<p>Niat Njifendi va-t-il rempiler ou va-t-il tout simplement se retirer de la chambre haute ? La question pour e\u0301tonnante qu&rsquo;elle soit pre\u0301occupe plus d&rsquo;un, tant au sein de sa propre chapelle politique le rassemblement de\u0301mocratique du peuple camerounais, le parti au pouvoir, qu&rsquo;en haut lieu. Affaibli par la maladie et diminue\u0301 par le poids de nombreuses anne\u0301es passe\u0301es aux affaires, ce haut commis de l&rsquo;Etat et fervent de\u0301fenseur du renouveau aurait confie\u0301 a\u0300 des proches et me\u0302me a\u0300 certains pontes du re\u0301gime son envie de ne plus vouloir e\u0302tre aux affaires. Mieux se voir de\u0301charger de ses fonctions o\u0302 combien difficiles de pre\u0301sident de la deuxie\u0300me institution de la Re\u0301publique. \u00ab Nous pensons qu&rsquo;il a beaucoup donne\u0301 a\u0300 ce pays et qu&rsquo;il me\u0301rite de prendre sa retraite. Il est clair qu&rsquo;il n&rsquo;est plus au top de sa forme et qu&rsquo;il faille qu&rsquo;il aille se reposer \u00bb , de\u0301clare un cadre du Rdpc a\u0300 l&rsquo;Ouest.<\/p>\n<p>N&#8217;empe\u0302che qu&rsquo;il va continuer a\u0300 travailler dans le sens de la mobilisation a\u0300 Bagangte\u0301 pour la liste du Rdpc conduite par Ngouchinghie Sylvestre \u00bb, poursuit cethie\u0301rarque du parti du flambeau ardent lui aussi invite\u0301 a\u0300 \u00ab la rencontre fraternelle \u00bb organise\u0301e par les soins de Niat Njifenji a\u0300 sa re\u0301sidence dans le chef-lieu du de\u0301partement du Nde\u0301. Y e\u0301taient pre\u0301sents: diffe\u0301rentes de\u0301le\u0301gations venues des huit de\u0301partements de la re\u0301gion. Des sources affirment qu&rsquo;au cours de ladite rencontre, les acteurs pre\u0301sentsavaient e\u0301te\u0301 invite\u0301s a\u0300 donner au Rdpc une victoire optimale et une majorite\u0301 absolue au soir du 12 mars prochain.<\/p>\n<p>\u00ab Les forces des uns et des autres doivent mutualiser leurs forces sur le terrain afin qu&rsquo;aucune voix ne se perde. Les grandes batailles de 2025 sont de\u0301ja\u0300 engage\u0301es \u00bb , soulignait le pre\u0301sident de la chambre haute qui estime que le plus grand capital sera celui de la communication inte\u0301grant les nouveaux outils. Lui qui croit dur comme fer que la victoire d&rsquo;aujourd&rsquo;hui pre\u0301conise celle de demain.<\/p>\n<p>Pour le Rdpc a\u0300 l&rsquo;Ouest, \u00ab les e\u0301lections se\u0301natoriales de ce 12 mars prochain repre\u0301sentent la croise\u0301e des chemins. Il est judicieux de choisir la bonne voie et d&rsquo;e\u0302tre fide\u0300le au Pre\u0301sident Paul Biya, pre\u0301sident national du Rdpc. Les responsabilite\u0301s doivent e\u0302tre assume\u0301es avec beaucoup de tacts. L&rsquo;enjeu majeur pour le Cameroun tout entier est de rechercher une solution durable. Cela doit inte\u0301grer les principes d&rsquo;e\u0301galite\u0301, d&rsquo;e\u0301quite\u0301 et de fraternite\u0301 \u00bb , nous confie un conseiller.<\/p>\n<p><strong>Pour plus d&rsquo;informations et d&rsquo;analyses sur la <a href=\"https:\/\/www.africa-press.net\/cameroun\">Cameroun<\/a>, suivez <a href=\"https:\/\/www.africa-press.net\/\">Africa-Press<\/a><\/strong><\/p>\n","protected":false},"excerpt":{"rendered":"<p>Africa-Press &#8211; Cameroun. Physiquement diminue\u0301 par le poids de l&rsquo;a\u0302ge et tenaille\u0301 par une sante\u0301 de plus en plus chancelante, le pre\u0301sident du Se\u0301nat pourrait-il se mettre de\u0301finitivement a\u0300 l&rsquo;e\u0301cart de la chose politique, au moment ou\u0300 selon des sources dignes de foi il aurait demande\u0301 au chef de l&rsquo;Etat de le de\u0301charger de ses [&hellip;]<\/p>\n","protected":false},"author":82,"featured_media":39183,"comment_status":"open","ping_status":"closed","sticky":false,"template":"","format":"standard","meta":{"footnotes":""},"categories":[7,10],"tags":[36,50,49],"class_list":["post-39184","post","type-post","status-publish","format-standard","has-post-thumbnail","hentry","category-dossiers","category-toutes-les-actualites","tag-africa-press","tag-africa-press-cameroun","tag-cameroun"],"yoast_head":"<!-- This site is optimized with the Yoast SEO Premium plugin v26.1 (Yoast SEO v27.0) - https:\/\/yoast.com\/product\/yoast-seo-premium-wordpress\/ -->\n<title>Pr\u00e9sidence du S\u00e9nat : Et si Niat Nifenii se mettait en retrait - Cameroun<\/title>\n<meta name=\"description\" content=\"Physiquement diminue\u0301 par le poids de l&#039;a\u0302ge et tenaille\u0301 par une sante\u0301 de plus en plus chancelante, le pre\u0301sident du S ...\" \/>\n<meta name=\"robots\" content=\"index, follow, max-snippet:-1, max-image-preview:large, max-video-preview:-1\" \/>\n<link rel=\"canonical\" href=\"https:\/\/www.africa-press.net\/cameroun\/dossiers\/presidence-du-senat-et-si-niat-nifenii-se-mettait-en-retrait\" \/>\n<meta property=\"og:locale\" content=\"fr_FR\" \/>\n<meta property=\"og:type\" content=\"article\" \/>\n<meta property=\"og:title\" content=\"Pr\u00e9sidence du S\u00e9nat : Et si Niat Nifenii se mettait en retrait\" \/>\n<meta property=\"og:description\" content=\"Physiquement diminue\u0301 par le poids de l&#039;a\u0302ge et tenaille\u0301 par une sante\u0301 de plus en plus chancelante, le pre\u0301sident du S ...\" \/>\n<meta property=\"og:url\" content=\"https:\/\/www.africa-press.net\/cameroun\/dossiers\/presidence-du-senat-et-si-niat-nifenii-se-mettait-en-retrait\" \/>\n<meta property=\"og:site_name\" content=\"Cameroun\" \/>\n<meta property=\"article:published_time\" content=\"2023-03-13T19:31:18+00:00\" \/>\n<meta property=\"article:modified_time\" content=\"2023-03-13T19:57:31+00:00\" \/>\n<meta property=\"og:image\" content=\"https:\/\/static.africa-press.net\/cameroun\/sites\/57\/2023\/03\/postQueueImg_1678723284.42.jpg\" \/>\n\t<meta property=\"og:image:width\" content=\"720\" \/>\n\t<meta property=\"og:image:height\" content=\"439\" \/>\n\t<meta property=\"og:image:type\" content=\"image\/jpeg\" \/>\n<meta name=\"author\" content=\"cfeditorfr\" \/>\n<meta name=\"twitter:card\" content=\"summary_large_image\" \/>\n<meta name=\"twitter:label1\" content=\"\u00c9crit par\" \/>\n\t<meta name=\"twitter:data1\" content=\"cfeditorfr\" \/>\n\t<meta name=\"twitter:label2\" content=\"Dur\u00e9e de lecture estim\u00e9e\" \/>\n\t<meta name=\"twitter:data2\" content=\"3 minutes\" \/>\n<script type=\"application\/ld+json\" class=\"yoast-schema-graph\">{\"@context\":\"https:\/\/schema.org\",\"@graph\":[{\"@type\":\"Article\",\"@id\":\"https:\/\/www.africa-press.net\/cameroun\/dossiers\/presidence-du-senat-et-si-niat-nifenii-se-mettait-en-retrait#article\",\"isPartOf\":{\"@id\":\"https:\/\/www.africa-press.net\/cameroun\/dossiers\/presidence-du-senat-et-si-niat-nifenii-se-mettait-en-retrait\"},\"author\":{\"name\":\"cfeditorfr\",\"@id\":\"https:\/\/www.africa-press.net\/cameroun\/#\/schema\/person\/2b1cf3cd81a31e3cd26889ca66d677f1\"},\"headline\":\"Pr\u00e9sidence du S\u00e9nat : Et si Niat Nifenii se mettait en retrait\",\"datePublished\":\"2023-03-13T19:31:18+00:00\",\"dateModified\":\"2023-03-13T19:57:31+00:00\",\"mainEntityOfPage\":{\"@id\":\"https:\/\/www.africa-press.net\/cameroun\/dossiers\/presidence-du-senat-et-si-niat-nifenii-se-mettait-en-retrait\"},\"wordCount\":542,\"commentCount\":0,\"image\":{\"@id\":\"https:\/\/www.africa-press.net\/cameroun\/dossiers\/presidence-du-senat-et-si-niat-nifenii-se-mettait-en-retrait#primaryimage\"},\"thumbnailUrl\":\"https:\/\/static.africa-press.net\/cameroun\/sites\/57\/2023\/03\/postQueueImg_1678723284.42.jpg\",\"keywords\":[\"Africa Press\",\"Africa Press-Cameroun\",\"Cameroun\"],\"articleSection\":[\"Dossiers\",\"Toutes les actualit\u00e9s\"],\"inLanguage\":\"fr-FR\",\"potentialAction\":[{\"@type\":\"CommentAction\",\"name\":\"Comment\",\"target\":[\"https:\/\/www.africa-press.net\/cameroun\/dossiers\/presidence-du-senat-et-si-niat-nifenii-se-mettait-en-retrait#respond\"]}]},{\"@type\":\"WebPage\",\"@id\":\"https:\/\/www.africa-press.net\/cameroun\/dossiers\/presidence-du-senat-et-si-niat-nifenii-se-mettait-en-retrait\",\"url\":\"https:\/\/www.africa-press.net\/cameroun\/dossiers\/presidence-du-senat-et-si-niat-nifenii-se-mettait-en-retrait\",\"name\":\"Pr\u00e9sidence du S\u00e9nat : Et si Niat Nifenii se mettait en retrait - Cameroun\",\"isPartOf\":{\"@id\":\"https:\/\/www.africa-press.net\/cameroun\/#website\"},\"primaryImageOfPage\":{\"@id\":\"https:\/\/www.africa-press.net\/cameroun\/dossiers\/presidence-du-senat-et-si-niat-nifenii-se-mettait-en-retrait#primaryimage\"},\"image\":{\"@id\":\"https:\/\/www.africa-press.net\/cameroun\/dossiers\/presidence-du-senat-et-si-niat-nifenii-se-mettait-en-retrait#primaryimage\"},\"thumbnailUrl\":\"https:\/\/static.africa-press.net\/cameroun\/sites\/57\/2023\/03\/postQueueImg_1678723284.42.jpg\",\"datePublished\":\"2023-03-13T19:31:18+00:00\",\"dateModified\":\"2023-03-13T19:57:31+00:00\",\"author\":{\"@id\":\"https:\/\/www.africa-press.net\/cameroun\/#\/schema\/person\/2b1cf3cd81a31e3cd26889ca66d677f1\"},\"description\":\"Physiquement diminue\u0301 par le poids de l'a\u0302ge et tenaille\u0301 par une sante\u0301 de plus en plus chancelante, le pre\u0301sident du S ...\",\"breadcrumb\":{\"@id\":\"https:\/\/www.africa-press.net\/cameroun\/dossiers\/presidence-du-senat-et-si-niat-nifenii-se-mettait-en-retrait#breadcrumb\"},\"inLanguage\":\"fr-FR\",\"potentialAction\":[{\"@type\":\"ReadAction\",\"target\":[\"https:\/\/www.africa-press.net\/cameroun\/dossiers\/presidence-du-senat-et-si-niat-nifenii-se-mettait-en-retrait\"]}]},{\"@type\":\"ImageObject\",\"inLanguage\":\"fr-FR\",\"@id\":\"https:\/\/www.africa-press.net\/cameroun\/dossiers\/presidence-du-senat-et-si-niat-nifenii-se-mettait-en-retrait#primaryimage\",\"url\":\"https:\/\/static.africa-press.net\/cameroun\/sites\/57\/2023\/03\/postQueueImg_1678723284.42.jpg\",\"contentUrl\":\"https:\/\/static.africa-press.net\/cameroun\/sites\/57\/2023\/03\/postQueueImg_1678723284.42.jpg\",\"width\":720,\"height\":439,\"caption\":\"Pr\u00e9sidence du S\u00e9nat : Et si Niat Nifenii se mettait en retrait\"},{\"@type\":\"BreadcrumbList\",\"@id\":\"https:\/\/www.africa-press.net\/cameroun\/dossiers\/presidence-du-senat-et-si-niat-nifenii-se-mettait-en-retrait#breadcrumb\",\"itemListElement\":[{\"@type\":\"ListItem\",\"position\":1,\"name\":\"Accueil\",\"item\":\"https:\/\/www.africa-press.net\/cameroun\/\"},{\"@type\":\"ListItem\",\"position\":2,\"name\":\"Pr\u00e9sidence du S\u00e9nat : Et si Niat Nifenii se mettait en retrait\"}]},{\"@type\":\"WebSite\",\"@id\":\"https:\/\/www.africa-press.net\/cameroun\/#website\",\"url\":\"https:\/\/www.africa-press.net\/cameroun\/\",\"name\":\"Cameroun\",\"description\":\"Just another Africa News Agency Sites site\",\"potentialAction\":[{\"@type\":\"SearchAction\",\"target\":{\"@type\":\"EntryPoint\",\"urlTemplate\":\"https:\/\/www.africa-press.net\/cameroun\/?s={search_term_string}\"},\"query-input\":{\"@type\":\"PropertyValueSpecification\",\"valueRequired\":true,\"valueName\":\"search_term_string\"}}],\"inLanguage\":\"fr-FR\"},{\"@type\":\"Person\",\"@id\":\"https:\/\/www.africa-press.net\/cameroun\/#\/schema\/person\/2b1cf3cd81a31e3cd26889ca66d677f1\",\"name\":\"cfeditorfr\"}]}<\/script>\n<!-- \/ Yoast SEO Premium plugin. -->","yoast_head_json":{"title":"Pr\u00e9sidence du S\u00e9nat : Et si Niat Nifenii se mettait en retrait - Cameroun","description":"Physiquement diminue\u0301 par le poids de l'a\u0302ge et tenaille\u0301 par une sante\u0301 de plus en plus chancelante, le pre\u0301sident du S ...","robots":{"index":"index","follow":"follow","max-snippet":"max-snippet:-1","max-image-preview":"max-image-preview:large","max-video-preview":"max-video-preview:-1"},"canonical":"https:\/\/www.africa-press.net\/cameroun\/dossiers\/presidence-du-senat-et-si-niat-nifenii-se-mettait-en-retrait","og_locale":"fr_FR","og_type":"article","og_title":"Pr\u00e9sidence du S\u00e9nat : Et si Niat Nifenii se mettait en retrait","og_description":"Physiquement diminue\u0301 par le poids de l'a\u0302ge et tenaille\u0301 par une sante\u0301 de plus en plus chancelante, le pre\u0301sident du S ...","og_url":"https:\/\/www.africa-press.net\/cameroun\/dossiers\/presidence-du-senat-et-si-niat-nifenii-se-mettait-en-retrait","og_site_name":"Cameroun","article_published_time":"2023-03-13T19:31:18+00:00","article_modified_time":"2023-03-13T19:57:31+00:00","og_image":[{"width":720,"height":439,"url":"https:\/\/static.africa-press.net\/cameroun\/sites\/57\/2023\/03\/postQueueImg_1678723284.42.jpg","type":"image\/jpeg"}],"author":"cfeditorfr","twitter_card":"summary_large_image","twitter_misc":{"\u00c9crit par":"cfeditorfr","Dur\u00e9e de lecture estim\u00e9e":"3 minutes"},"schema":{"@context":"https:\/\/schema.org","@graph":[{"@type":"Article","@id":"https:\/\/www.africa-press.net\/cameroun\/dossiers\/presidence-du-senat-et-si-niat-nifenii-se-mettait-en-retrait#article","isPartOf":{"@id":"https:\/\/www.africa-press.net\/cameroun\/dossiers\/presidence-du-senat-et-si-niat-nifenii-se-mettait-en-retrait"},"author":{"name":"cfeditorfr","@id":"https:\/\/www.africa-press.net\/cameroun\/#\/schema\/person\/2b1cf3cd81a31e3cd26889ca66d677f1"},"headline":"Pr\u00e9sidence du S\u00e9nat : Et si Niat Nifenii se mettait en retrait","datePublished":"2023-03-13T19:31:18+00:00","dateModified":"2023-03-13T19:57:31+00:00","mainEntityOfPage":{"@id":"https:\/\/www.africa-press.net\/cameroun\/dossiers\/presidence-du-senat-et-si-niat-nifenii-se-mettait-en-retrait"},"wordCount":542,"commentCount":0,"image":{"@id":"https:\/\/www.africa-press.net\/cameroun\/dossiers\/presidence-du-senat-et-si-niat-nifenii-se-mettait-en-retrait#primaryimage"},"thumbnailUrl":"https:\/\/static.africa-press.net\/cameroun\/sites\/57\/2023\/03\/postQueueImg_1678723284.42.jpg","keywords":["Africa Press","Africa Press-Cameroun","Cameroun"],"articleSection":["Dossiers","Toutes les actualit\u00e9s"],"inLanguage":"fr-FR","potentialAction":[{"@type":"CommentAction","name":"Comment","target":["https:\/\/www.africa-press.net\/cameroun\/dossiers\/presidence-du-senat-et-si-niat-nifenii-se-mettait-en-retrait#respond"]}]},{"@type":"WebPage","@id":"https:\/\/www.africa-press.net\/cameroun\/dossiers\/presidence-du-senat-et-si-niat-nifenii-se-mettait-en-retrait","url":"https:\/\/www.africa-press.net\/cameroun\/dossiers\/presidence-du-senat-et-si-niat-nifenii-se-mettait-en-retrait","name":"Pr\u00e9sidence du S\u00e9nat : Et si Niat Nifenii se mettait en retrait - Cameroun","isPartOf":{"@id":"https:\/\/www.africa-press.net\/cameroun\/#website"},"primaryImageOfPage":{"@id":"https:\/\/www.africa-press.net\/cameroun\/dossiers\/presidence-du-senat-et-si-niat-nifenii-se-mettait-en-retrait#primaryimage"},"image":{"@id":"https:\/\/www.africa-press.net\/cameroun\/dossiers\/presidence-du-senat-et-si-niat-nifenii-se-mettait-en-retrait#primaryimage"},"thumbnailUrl":"https:\/\/static.africa-press.net\/cameroun\/sites\/57\/2023\/03\/postQueueImg_1678723284.42.jpg","datePublished":"2023-03-13T19:31:18+00:00","dateModified":"2023-03-13T19:57:31+00:00","author":{"@id":"https:\/\/www.africa-press.net\/cameroun\/#\/schema\/person\/2b1cf3cd81a31e3cd26889ca66d677f1"},"description":"Physiquement diminue\u0301 par le poids de l'a\u0302ge et tenaille\u0301 par une sante\u0301 de plus en plus chancelante, le pre\u0301sident du S ...","breadcrumb":{"@id":"https:\/\/www.africa-press.net\/cameroun\/dossiers\/presidence-du-senat-et-si-niat-nifenii-se-mettait-en-retrait#breadcrumb"},"inLanguage":"fr-FR","potentialAction":[{"@type":"ReadAction","target":["https:\/\/www.africa-press.net\/cameroun\/dossiers\/presidence-du-senat-et-si-niat-nifenii-se-mettait-en-retrait"]}]},{"@type":"ImageObject","inLanguage":"fr-FR","@id":"https:\/\/www.africa-press.net\/cameroun\/dossiers\/presidence-du-senat-et-si-niat-nifenii-se-mettait-en-retrait#primaryimage","url":"https:\/\/static.africa-press.net\/cameroun\/sites\/57\/2023\/03\/postQueueImg_1678723284.42.jpg","contentUrl":"https:\/\/static.africa-press.net\/cameroun\/sites\/57\/2023\/03\/postQueueImg_1678723284.42.jpg","width":720,"height":439,"caption":"Pr\u00e9sidence du S\u00e9nat : Et si Niat Nifenii se mettait en retrait"},{"@type":"BreadcrumbList","@id":"https:\/\/www.africa-press.net\/cameroun\/dossiers\/presidence-du-senat-et-si-niat-nifenii-se-mettait-en-retrait#breadcrumb","itemListElement":[{"@type":"ListItem","position":1,"name":"Accueil","item":"https:\/\/www.africa-press.net\/cameroun\/"},{"@type":"ListItem","position":2,"name":"Pr\u00e9sidence du S\u00e9nat : Et si Niat Nifenii se mettait en retrait"}]},{"@type":"WebSite","@id":"https:\/\/www.africa-press.net\/cameroun\/#website","url":"https:\/\/www.africa-press.net\/cameroun\/","name":"Cameroun","description":"Just another Africa News Agency Sites site","potentialAction":[{"@type":"SearchAction","target":{"@type":"EntryPoint","urlTemplate":"https:\/\/www.africa-press.net\/cameroun\/?s={search_term_string}"},"query-input":{"@type":"PropertyValueSpecification","valueRequired":true,"valueName":"search_term_string"}}],"inLanguage":"fr-FR"},{"@type":"Person","@id":"https:\/\/www.africa-press.net\/cameroun\/#\/schema\/person\/2b1cf3cd81a31e3cd26889ca66d677f1","name":"cfeditorfr"}]}},"_links":{"self":[{"href":"https:\/\/www.africa-press.net\/cameroun\/wp-json\/wp\/v2\/posts\/39184","targetHints":{"allow":["GET"]}}],"collection":[{"href":"https:\/\/www.africa-press.net\/cameroun\/wp-json\/wp\/v2\/posts"}],"about":[{"href":"https:\/\/www.africa-press.net\/cameroun\/wp-json\/wp\/v2\/types\/post"}],"author":[{"embeddable":true,"href":"https:\/\/www.africa-press.net\/cameroun\/wp-json\/wp\/v2\/users\/82"}],"replies":[{"embeddable":true,"href":"https:\/\/www.africa-press.net\/cameroun\/wp-json\/wp\/v2\/comments?post=39184"}],"version-history":[{"count":0,"href":"https:\/\/www.africa-press.net\/cameroun\/wp-json\/wp\/v2\/posts\/39184\/revisions"}],"wp:featuredmedia":[{"embeddable":true,"href":"https:\/\/www.africa-press.net\/cameroun\/wp-json\/wp\/v2\/media\/39183"}],"wp:attachment":[{"href":"https:\/\/www.africa-press.net\/cameroun\/wp-json\/wp\/v2\/media?parent=39184"}],"wp:term":[{"taxonomy":"category","embeddable":true,"href":"https:\/\/www.africa-press.net\/cameroun\/wp-json\/wp\/v2\/categories?post=39184"},{"taxonomy":"post_tag","embeddable":true,"href":"https:\/\/www.africa-press.net\/cameroun\/wp-json\/wp\/v2\/tags?post=39184"}],"curies":[{"name":"wp","href":"https:\/\/api.w.org\/{rel}","templated":true}]}}